{"id":652689,"date":"2022-06-08T10:03:00","date_gmt":"2022-06-08T13:03:00","guid":{"rendered":"https:\/\/www.diario5.com.ar\/sigue-abierta-la-convocatoria-para-la-semana-del-arte-2022\/"},"modified":"2022-06-08T10:03:00","modified_gmt":"2022-06-08T13:03:00","slug":"sigue-abierta-la-convocatoria-para-la-semana-del-arte-2022","status":"publish","type":"post","link":"https:\/\/www.diario5.com.ar\/es\/sigue-abierta-la-convocatoria-para-la-semana-del-arte-2022\/","title":{"rendered":"Sigue abierta la convocatoria para la Semana del Arte 2022"},"content":{"rendered":"<h2 class=\"sub-title-primary\"><\/h2> <p><!--googleoff: index--><\/p>\n<div>\n<p>El <strong>Ministerio de Cultura de la Ciudad<\/strong> en colaboraci\u00f3n con la <strong>Fundaci\u00f3n Medif\u00e9<\/strong> prepara una nueva edici\u00f3n de Semana del Arte, que este a\u00f1o se llevar\u00e1 a cabo del <strong>27 de septiembre al 4 de octubre<\/strong> de 2022. Este gran evento de arte p\u00fablico que ha ido consolid\u00e1ndose a\u00f1o tras a\u00f1o, celebra y potencia la agenda de artes visuales contempor\u00e1neas durante siete d\u00edas, poniendo en foco la escena art\u00edstica local y coincidiendo con las ferias de arte BA PHOTO y ARTEBA.<\/p>\n<p>Para esta segunda edici\u00f3n, contin\u00faa abierta la convocatoria hasta el 22 de junio. \u00c9sta se dirige a artistas y\/o colectivos de artistas, para que presenten obras de arte ya producidas (sean in\u00e9ditas o no) que no requieran costos de producci\u00f3n a trav\u00e9s de <a href=\"https:\/\/tad.buenosaires.gob.ar\/tramitesadistancia\/\">Tramitaci\u00f3n a Distancia (TAD)<\/a>. Las piezas ganadoras recibir\u00e1n un reconocimiento econ\u00f3mico de trescientos cincuenta mil pesos ( $ 350.000). Las obras ser\u00e1n emplazadas en diferentes barrios de la Ciudad, formando as\u00ed una exhibici\u00f3n p\u00fablica de arte contempor\u00e1neo que acompa\u00f1ar\u00e1 a una agenda de actividades de distintas instituciones culturales participantes.<\/p>\n<p>Bajo la premisa de crear una convivencia de espacios, expresiones art\u00edsticas y p\u00fablicos, se propone una programaci\u00f3n interdisciplinar y gratuita como un gran museo a cielo abierto.<\/p>\n<h3>Sobre la Semana del Arte<\/h3>\n<p>Semana del Arte es una plataforma del Ministerio de Cultura que busca difundir a los artistas contempor\u00e1neos locales y fomentar el arte p\u00fablico como una manera de redescubrir la Ciudad con el objetivo tambi\u00e9n de amplificar la programaci\u00f3n de las instituciones contempor\u00e1neas del sector de las artes visuales.<\/p>\n<blockquote>\n<p>Para m\u00e1s informaci\u00f3n ingresar <a href=\"http:\/\/www.buenosaires.gob.ar\/cultura\/semana-del-arte\">aqu\u00ed<\/a><\/p>\n<\/blockquote>\n<p><\/p>\n<h3>Acerca de la convocatoria<\/h3>\n<p>En esta nueva edici\u00f3n de Semana del Arte se invita a artistas y\/o colectivos de artistas a postular obras de arte ya realizadas que no requieran costos adicionales de producci\u00f3n. Puede ser una obra producida hace varios a\u00f1os, o una obra reciente, haber estado exhibida  o no, pero se debe encontrar terminada y en la Ciudad Aut\u00f3noma de Buenos Aires. Aquellas personas interesadas deber\u00e1n postularse a trav\u00e9s de TAD. Solamente podr\u00e1n participar argentinos y extranjeros mayores de 18 a\u00f1os que desarrollen su actividad cultural en la Ciudad.<\/p>\n<p>Se espera la postulaci\u00f3n de obras de arte y proyectos art\u00edsticos de todo tipo: escult\u00f3ricos, instalativos, perform\u00e1ticos, pict\u00f3ricos, sonoros, etc. Los seleccionados recibir\u00e1n un reconocimiento econ\u00f3mico de trescientos cincuenta mil pesos ($350.000)  por cada obra. De las postulaciones recibidas, el Comit\u00e9 Evaluador seleccionar\u00e1 hasta un m\u00e1ximo de 10 (diez) obras de arte.<\/p>\n<blockquote>\n<p><a href=\"https:\/\/www.buenosaires.gob.ar\/sites\/gcaba\/files\/bases_y_condiciones_.pdf\">Bases y condiciones<\/a><\/p>\n<\/blockquote>\n<p><img decoding=\"async\" loading=\"lazy\" src=\"https:\/\/www.diario5.com.ar\/wp-content\/uploads\/2022\/06\/casa_de_la_cultura_escaleras_hablantes_de_ely_dd_credito__leandro_vazquez-1.jpg\" width=\"960\" height=\"640\" alt=\"La Ciudad abri\u00f3 su convocatoria para la Semana del Arte 2022\"><\/p>\n<p>Este a\u00f1o, el Comit\u00e9 estar\u00e1 conformado por los siguientes especialistas: <strong>Carla Barbero<\/strong>, curadora y actualmente Jefa del Departamento de Curadur\u00eda del Museo de Arte Moderno de Buenos Aires; <strong>Luis Ter\u00e1n<\/strong>, artista visual ganador de Semana del Arte 2021; <strong>Juan Pablo Vacas<\/strong>, arquitecto y Subsecretario de Paisaje Urbano.<\/p>\n<p>Los proyectos ganadores tendr\u00e1n una articulaci\u00f3n crucial con los entornos comunitarios de cada locaci\u00f3n con el fin de profundizar su rol en el espacio p\u00fablico y, junto con las instituciones asociadas a Semana del Arte, crear\u00e1n una gran programaci\u00f3n de arte contempor\u00e1neo en m\u00e1s de diez barrios de la Ciudad.<\/p>\n<p>Se podr\u00e1 presentar una obra a trav\u00e9s de <a href=\"https:\/\/tad.buenosaires.gob.ar\/tramitesadistancia\/\">Tramitaci\u00f3n a Distancia (TAD)<\/a> . TAD es el sistema online que permite realizar tr\u00e1mites a distancia desde cualquier dispositivo con internet. Mediante el uso de esta plataforma se podr\u00e1 aplicar a \u00abConvocatoria Semana del Arte 2022\u00bb  y adem\u00e1s, consultar el estado actual de la postulaci\u00f3n en todo momento. Para acceder al sistema TAD es necesario contar con Clave Ciudad. Se puede ingresar a TAD de dos maneras:  desde su p\u00e1gina web o desde la web del Gobierno de la Ciudad, en la seccio\u0301n Tra\u0301mites.<\/p>\n<p><strong>Por consultas, dirigirse a: <a href=\"http:\/\/www.buenosaires.gob.ar\/artesvisuales%40buenosaires.gob.ar\">artesvisuales@buenosaires.gob.ar<\/a>. Ser\u00e1n respondidas a la brevedad.<\/strong><\/p>\n<\/div>\n<p><!--googleon: index--><\/p>","protected":false},"excerpt":{"rendered":"<p>El Ministerio de Cultura de la Ciudad en colaboraci\u00f3n con la Fundaci\u00f3n Medif\u00e9 prepara una nueva edici\u00f3n de Semana del Arte, que este a\u00f1o se llevar\u00e1 a cabo del 27 de septiembre al 4 de octubre de 2022. Este gran evento de arte p\u00fablico que ha ido consolid\u00e1ndose a\u00f1o tras a\u00f1o, celebra y potencia la [&hellip;]<\/p>","protected":false},"author":8,"featured_media":652690,"comment_status":"open","ping_status":"closed","sticky":false,"template":"","format":"standard","meta":[],"categories":[5],"tags":[],"series":[],"_links":{"self":[{"href":"https:\/\/www.diario5.com.ar\/es\/wp-json\/wp\/v2\/posts\/652689"}],"collection":[{"href":"https:\/\/www.diario5.com.ar\/es\/wp-json\/wp\/v2\/posts"}],"about":[{"href":"https:\/\/www.diario5.com.ar\/es\/wp-json\/wp\/v2\/types\/post"}],"author":[{"embeddable":true,"href":"https:\/\/www.diario5.com.ar\/es\/wp-json\/wp\/v2\/users\/8"}],"replies":[{"embeddable":true,"href":"https:\/\/www.diario5.com.ar\/es\/wp-json\/wp\/v2\/comments?post=652689"}],"version-history":[{"count":0,"href":"https:\/\/www.diario5.com.ar\/es\/wp-json\/wp\/v2\/posts\/652689\/revisions"}],"wp:featuredmedia":[{"embeddable":true,"href":"https:\/\/www.diario5.com.ar\/es\/wp-json\/wp\/v2\/media\/652690"}],"wp:attachment":[{"href":"https:\/\/www.diario5.com.ar\/es\/wp-json\/wp\/v2\/media?parent=652689"}],"wp:term":[{"taxonomy":"category","embeddable":true,"href":"https:\/\/www.diario5.com.ar\/es\/wp-json\/wp\/v2\/categories?post=652689"},{"taxonomy":"post_tag","embeddable":true,"href":"https:\/\/www.diario5.com.ar\/es\/wp-json\/wp\/v2\/tags?post=652689"},{"taxonomy":"series","embeddable":true,"href":"https:\/\/www.diario5.com.ar\/es\/wp-json\/wp\/v2\/series?post=652689"}],"curies":[{"name":"wp","href":"https:\/\/api.w.org\/{rel}","templated":true}]}}