{"id":650022,"date":"2022-04-26T10:00:23","date_gmt":"2022-04-26T13:00:23","guid":{"rendered":"https:\/\/www.diario5.com.ar\/llega-la-46-feria-internacional-del-libro-en-la-ciudad\/"},"modified":"2022-04-26T14:40:52","modified_gmt":"2022-04-26T17:40:52","slug":"llega-la-46-feria-internacional-del-libro-en-la-ciudad","status":"publish","type":"post","link":"https:\/\/www.diario5.com.ar\/es\/llega-la-46-feria-internacional-del-libro-en-la-ciudad\/","title":{"rendered":"Feria del Libro 2022"},"content":{"rendered":"<h2 class=\"sub-title-primary\"><\/h2> <p>Desde este\u00a0 jueves 28 de abril y hasta el lunes 16 de mayo se realizar\u00e1 la 46\u00b0 edici\u00f3n de la Feria Internacional del Libro. Ser\u00e1 en La Rural. Es un acontecimiento importante, dada la pandemia del COVID-19 que provoc\u00f3 la suspensi\u00f3n del evento en 2020 y 2021.<\/p>\n<p>La Ciudad de La Habana ser\u00e1, esta vez, la invitada de honor del evento reconocido como el m\u00e1s importante de la industria literaria y editorial del habla hispana.<br \/>\n<!--googleoff: index--><\/p>\n<p>El Ministerio de Cultura de la Ciudad a trav\u00e9s del \u00e1rea Editorial de la plataforma Impulso Cultural, llevar\u00e1 a cabo una serie de actividades y propuestas para todo el p\u00fablico, que incluyen <strong>homenajes a Manuel Puig en su 90\u00b0 aniversario<\/strong>. Las actividades principales se llevar\u00e1n a cabo en el stand central (Pabell\u00f3n Amarillo, Stand 1400), destinado a <strong>la exhibici\u00f3n y venta de libros de un cat\u00e1logo conformado por 30 editoriales independientes seleccionadas por <a href=\"http:\/\/www.buenosaires.gob.ar\/cultura\/impulso-cultural\/noticias\/participa-con-tu-editorial-de-la-46deg-feria-internacional-del\">convocatoria<\/a>.<\/strong><\/p>\n<blockquote><p><strong>46\u00b0 Feria Internacional del Libro<\/strong><br \/>\nDel 28 de abril al 16 de mayo 2022<br \/>\n<a href=\"https:\/\/www.buenosaires.gob.ar\/sites\/gcaba\/files\/programa_feria_del_libro.pdf\">Conoc\u00e9 la programaci\u00f3n<\/a><\/p><\/blockquote>\n<p>Entre los destacados de la programaci\u00f3n se encuentra:<\/p>\n<p><strong>Ciclo Trama Federal<\/strong>, los narradores m\u00e1s destacados del pa\u00eds en BA, donde escritoras y escritores de distintos puntos de Argentina se re\u00fanen para conversar sobre escritura, circulaci\u00f3n y tensiones en la escena de la literatura argentina.<\/p>\n<p><strong>Puig Revisitado<\/strong>: homenaje a Manuel Puig. Se llevar\u00e1 a cabo <em>Puigu\u00edsima<\/em>, una intervenci\u00f3n perform\u00e1tica a cargo de la artista Flavia Da Rin, que recorrer\u00e1 los personajes de la vida y ficci\u00f3n del emblem\u00e1tico autor; <em>Revisitando a Puig<\/em>, una serie de actividades con destacados artistas y escritores; una suelta de libros de Manuel Puig en la estaci\u00f3n de subtes de Plaza Italia; y Puig entre l\u00edneas, la cual propone a trav\u00e9s de c\u00f3digos QR en las paredes del subte poder llegar a fragmentos de los libros <em>Pubis angelical, El beso de la mujer ara\u00f1a y La traici\u00f3n de Rita Hayworth<\/em> y la posibilidad de descargarlos y leerlos con el celular.<\/p>\n<p><strong>La Habana, ciudad invitada de honor<\/strong>: Ciclo de cine cubano en la librer\u00eda Libros del Pasaje (Thames 1762); Guill\u00e9n x Guill\u00e9n. Poes\u00eda recitada desde La Habana, textos del poeta cubano Nicol\u00e1s Guill\u00e9n para descargar y escuchar en los subtes; y Lagarto Verde, escritores argentinos leen a escritores cubanos.<\/p>\n<p><strong>Actividades con editoriales independientes<\/strong>. Lo mejor de la producci\u00f3n editorial independiente de la Ciudad: cat\u00e1logos, actividades, mesas, presentaciones, ciclos e intervenciones de los sellos editoriales m\u00e1s destacados.<\/p>\n<p><img decoding=\"async\" loading=\"lazy\" title=\" boceto de Puigu\u00edsima por Flavia Da Rin\" src=\"https:\/\/www.diario5.com.ar\/wp-content\/uploads\/2022\/04\/puiguisima_boceto_puiguisima.jpg\" alt=\"\" width=\"4262\" height=\"2841\" \/><\/p>\n<p>Se podr\u00e1 visitar la Feria del Libro de lunes a viernes de 14 a 22h y los s\u00e1bados y domingos de 13 a 22h. El d\u00eda s\u00e1bado 30 de abril a las 19h, la performance <strong>Puigu\u00edsima<\/strong> de Flavia Da Rin abre la <strong>Noche de la Ciudad<\/strong>. Aquel d\u00eda, como sucede en cada edici\u00f3n, el p\u00fablico podr\u00e1 acercarse a la Feria de manera gratuita de 20 a 24h.<\/p>\n<p>Las actividades se llevar\u00e1n a cabo tanto en el stand central (Pabell\u00f3n Amarillo, Stand 1400) como en la librer\u00eda Libros del Pasaje (Thames 1762) y en las estaciones Carlos Gardel y Pueyrred\u00f3n, de las l\u00edneas B y D de SubteBA, respectivamente.<\/p>\n<p><a class=\"btn btn-small btn-primary\" href=\"https:\/\/www.el-libro.org.ar\/inicio-internacional\" target=\"_blank\" rel=\"noopener\"><br \/>\nDetalles<\/a><br \/>\n<!--googleon: index--><\/p>","protected":false},"excerpt":{"rendered":"<p>Desde este\u00a0 jueves 28 de abril y hasta el lunes 16 de mayo se realizar\u00e1 la 46\u00b0 edici\u00f3n de la Feria Internacional del Libro. Ser\u00e1 en La Rural. Es un acontecimiento importante, dada la pandemia del COVID-19 que provoc\u00f3 la suspensi\u00f3n del evento en 2020 y 2021. La Ciudad de La Habana ser\u00e1, esta vez, [&hellip;]<\/p>","protected":false},"author":8,"featured_media":650023,"comment_status":"open","ping_status":"closed","sticky":false,"template":"","format":"standard","meta":[],"categories":[5],"tags":[],"series":[],"_links":{"self":[{"href":"https:\/\/www.diario5.com.ar\/es\/wp-json\/wp\/v2\/posts\/650022"}],"collection":[{"href":"https:\/\/www.diario5.com.ar\/es\/wp-json\/wp\/v2\/posts"}],"about":[{"href":"https:\/\/www.diario5.com.ar\/es\/wp-json\/wp\/v2\/types\/post"}],"author":[{"embeddable":true,"href":"https:\/\/www.diario5.com.ar\/es\/wp-json\/wp\/v2\/users\/8"}],"replies":[{"embeddable":true,"href":"https:\/\/www.diario5.com.ar\/es\/wp-json\/wp\/v2\/comments?post=650022"}],"version-history":[{"count":2,"href":"https:\/\/www.diario5.com.ar\/es\/wp-json\/wp\/v2\/posts\/650022\/revisions"}],"predecessor-version":[{"id":650026,"href":"https:\/\/www.diario5.com.ar\/es\/wp-json\/wp\/v2\/posts\/650022\/revisions\/650026"}],"wp:featuredmedia":[{"embeddable":true,"href":"https:\/\/www.diario5.com.ar\/es\/wp-json\/wp\/v2\/media\/650023"}],"wp:attachment":[{"href":"https:\/\/www.diario5.com.ar\/es\/wp-json\/wp\/v2\/media?parent=650022"}],"wp:term":[{"taxonomy":"category","embeddable":true,"href":"https:\/\/www.diario5.com.ar\/es\/wp-json\/wp\/v2\/categories?post=650022"},{"taxonomy":"post_tag","embeddable":true,"href":"https:\/\/www.diario5.com.ar\/es\/wp-json\/wp\/v2\/tags?post=650022"},{"taxonomy":"series","embeddable":true,"href":"https:\/\/www.diario5.com.ar\/es\/wp-json\/wp\/v2\/series?post=650022"}],"curies":[{"name":"wp","href":"https:\/\/api.w.org\/{rel}","templated":true}]}}