{"id":649352,"date":"2022-04-14T10:03:39","date_gmt":"2022-04-14T13:03:39","guid":{"rendered":"https:\/\/www.diario5.com.ar\/continuan-las-actividades-en-los-bares-notables\/"},"modified":"2022-04-14T10:03:39","modified_gmt":"2022-04-14T13:03:39","slug":"continuan-las-actividades-en-los-bares-notables","status":"publish","type":"post","link":"https:\/\/www.diario5.com.ar\/es\/continuan-las-actividades-en-los-bares-notables\/","title":{"rendered":"Contin\u00faan las actividades en los Bares Notables"},"content":{"rendered":"<h2 class=\"sub-title-primary\"><\/h2> <div>\n<p>Los <strong>Caf\u00e9s y Bares Notables<\/strong> ocupan un lugar preponderante dentro de la cultura de Buenos Aires y forman parte oficial del patrimonio cultural de la Ciudad. Por esta raz\u00f3n, contin\u00faan las diferentes actividades en estos espacios que marcan la identidad porte\u00f1a. All\u00ed, vecinos y vecinas pueden disfrutar de una programaci\u00f3n que ofrece shows musicales, muestras de artes visuales, ciclos y charlas sobre patrimonio cultural, entre otras opciones.<\/p>\n<p>Punto de reuni\u00f3n de grandes personalidades y escenario de actividades culturales significativas, los Bares Notables de la Ciudad siguen siendo un espacio de encuentro para los vecinos en los barrios y una parada obligada para los turistas que quieran sentir ese aire de anta\u00f1o. Esta vez, resignificado por diferentes espect\u00e1culos musicales <strong>tanto folkl\u00f3ricos como de jazz y por encuentros atravesados por la historia porte\u00f1a<\/strong>.<\/p>\n<blockquote>\n<p>Hay shows de folklore, jazz fusi\u00f3n y encuentros atravesados por la historia cultural de la Ciudad<\/p>\n<\/blockquote>\n<p>\n<strong>Fotos GCBA<\/strong><\/p>\n<h3>Shows musicales<\/h3>\n<p><strong>S\u00e1bado 16, 21:00 horas.<\/strong><\/p>\n<ul>\n<li><strong>Quintino Cinalli &#8211; Facundo Ferreira 4 (Jazz Fusi\u00f3n)<\/strong>.<\/li>\n<li><strong>Bar:<\/strong> El Gato Negro.<\/li>\n<li><strong>Direcci\u00f3n:<\/strong> Av. Corrientes 1669.<\/li>\n<\/ul>\n<p><strong>Viernes 29, 21:00 horas.<\/strong><\/p>\n<ul>\n<li><strong>Eli Fern\u00e1ndez (Folklore).<\/strong><\/li>\n<li><strong>Bar:<\/strong> El S\u00edmbolo.<\/li>\n<li><strong>Direcci\u00f3n:<\/strong> Av. Corrientes 3797.<\/li>\n<\/ul>\n<p><strong>S\u00e1bado 30, 18:00 horas.<\/strong><\/p>\n<ul>\n<li><strong>Eli Fern\u00e1ndez (Folklore).<\/strong><\/li>\n<li><strong>Bar:<\/strong> El Federal.<\/li>\n<li><strong>Direcci\u00f3n:<\/strong> Carlos Calvo 599.<\/li>\n<\/ul>\n<h3>Encuentros<\/h3>\n<p><strong>Jueves 21 de abril, 18.00 horas.<\/strong><\/p>\n<ul>\n<li>\u00abEl Caf\u00e9 y la cultura porte\u00f1a\u00bb, a cargo de Horacio Spinetto.<\/li>\n<li><strong>Lugar:<\/strong> Bar El Gato Negro, Av. Corrientes 1669.<\/li>\n<\/ul>\n<p><strong>Martes 3 de mayo, 18.30 horas.<\/strong><\/p>\n<ul>\n<li>\u00abBalcarce, una calle d\u00edscola en el damero de Garay\u00bb, a cargo de Jos\u00e9 Sell\u00e9s-Mart\u00ednez.<\/li>\n<li><strong>Lugar:<\/strong> Bar Sur, Estados Unidos 299.<\/li>\n<\/ul>\n<p><strong>Mi\u00e9rcoles 4 de mayo, 18:00 horas.<\/strong><\/p>\n<ul>\n<li>\u00abFileteado porte\u00f1o: surgimiento, apogeo, crisis y resistencias\u00bb, a cargo de Juan Manuel Amieva y la Asociaci\u00f3n de Fileteadores.<\/li>\n<li><strong>Lugar:<\/strong> Bar Ocho Esquinas, Av. Forest 1186.<\/li>\n<\/ul>\n<\/div>","protected":false},"excerpt":{"rendered":"<p>Los Caf\u00e9s y Bares Notables ocupan un lugar preponderante dentro de la cultura de Buenos Aires y forman parte oficial del patrimonio cultural de la Ciudad. Por esta raz\u00f3n, contin\u00faan las diferentes actividades en estos espacios que marcan la identidad porte\u00f1a. All\u00ed, vecinos y vecinas pueden disfrutar de una programaci\u00f3n que ofrece shows musicales, muestras [&hellip;]<\/p>","protected":false},"author":8,"featured_media":649353,"comment_status":"open","ping_status":"closed","sticky":false,"template":"","format":"standard","meta":[],"categories":[5],"tags":[],"series":[],"_links":{"self":[{"href":"https:\/\/www.diario5.com.ar\/es\/wp-json\/wp\/v2\/posts\/649352"}],"collection":[{"href":"https:\/\/www.diario5.com.ar\/es\/wp-json\/wp\/v2\/posts"}],"about":[{"href":"https:\/\/www.diario5.com.ar\/es\/wp-json\/wp\/v2\/types\/post"}],"author":[{"embeddable":true,"href":"https:\/\/www.diario5.com.ar\/es\/wp-json\/wp\/v2\/users\/8"}],"replies":[{"embeddable":true,"href":"https:\/\/www.diario5.com.ar\/es\/wp-json\/wp\/v2\/comments?post=649352"}],"version-history":[{"count":0,"href":"https:\/\/www.diario5.com.ar\/es\/wp-json\/wp\/v2\/posts\/649352\/revisions"}],"wp:featuredmedia":[{"embeddable":true,"href":"https:\/\/www.diario5.com.ar\/es\/wp-json\/wp\/v2\/media\/649353"}],"wp:attachment":[{"href":"https:\/\/www.diario5.com.ar\/es\/wp-json\/wp\/v2\/media?parent=649352"}],"wp:term":[{"taxonomy":"category","embeddable":true,"href":"https:\/\/www.diario5.com.ar\/es\/wp-json\/wp\/v2\/categories?post=649352"},{"taxonomy":"post_tag","embeddable":true,"href":"https:\/\/www.diario5.com.ar\/es\/wp-json\/wp\/v2\/tags?post=649352"},{"taxonomy":"series","embeddable":true,"href":"https:\/\/www.diario5.com.ar\/es\/wp-json\/wp\/v2\/series?post=649352"}],"curies":[{"name":"wp","href":"https:\/\/api.w.org\/{rel}","templated":true}]}}