{"id":647495,"date":"2022-02-11T06:58:53","date_gmt":"2022-02-11T09:58:53","guid":{"rendered":"https:\/\/www.diario5.com.ar\/?p=647495"},"modified":"2022-03-14T20:15:51","modified_gmt":"2022-03-14T23:15:51","slug":"acuerdos-del-bna-con-chubut-y-san-luis","status":"publish","type":"post","link":"https:\/\/www.diario5.com.ar\/es\/acuerdos-del-bna-con-chubut-y-san-luis\/","title":{"rendered":"Acuerdos del BNA con Chubut y San Luis"},"content":{"rendered":"<h2 class=\"sub-title-primary\"><\/h2> <p><img decoding=\"async\" loading=\"lazy\" class=\"alignnone size-full wp-image-647500\" src=\"https:\/\/www.diario5.com.ar\/wp-content\/uploads\/2022\/03\/5e2af474af7d0_907_51020220314.jpg\" width=\"907\" height=\"510\" alt=\"Acuerdos del BNA con Chubut y San Luis\" title=\"Acuerdos del BNA con Chubut y San Luis\" srcset=\"https:\/\/www.diario5.com.ar\/wp-content\/uploads\/2022\/03\/5e2af474af7d0_907_51020220314.jpg 907w, https:\/\/www.diario5.com.ar\/wp-content\/uploads\/2022\/03\/5e2af474af7d0_907_51020220314-300x169.jpg 300w, https:\/\/www.diario5.com.ar\/wp-content\/uploads\/2022\/03\/5e2af474af7d0_907_51020220314-768x432.jpg 768w\" sizes=\"(max-width: 907px) 100vw, 907px\" \/><\/p>\n<p>Las provincias de San Luis y Chubut contar\u00e1n con beneficios especiales<\/p>\n<p>El Banco naci\u00f3n suscribi\u00f3 dos importantes acuerdos con los gobernadores Arcioni, de Chubut y Rodr\u00f1iguez Saa, de San Luis.<\/p>\n<p>En el primer caso, se trata de una asistencia de $ 3.000 millones elevar producci\u00f3n de las PyMEs chubutenses.<\/p>\n<p>Con San Luis se inici\u00f3 el proceso para que el BNA se convierta en Agente Financiero de la provincia<\/p>\n<p>El banco ya es en Agente Financiero de Mendoza y Catamarca.<\/p>\n<p><img decoding=\"async\" loading=\"lazy\" class=\"alignnone size-full wp-image-647496\" src=\"https:\/\/www.diario5.com.ar\/wp-content\/uploads\/2022\/03\/bna_chubut-sanluis.jpg\" alt=\"\" width=\"911\" height=\"1277\" srcset=\"https:\/\/www.diario5.com.ar\/wp-content\/uploads\/2022\/03\/bna_chubut-sanluis.jpg 911w, https:\/\/www.diario5.com.ar\/wp-content\/uploads\/2022\/03\/bna_chubut-sanluis-214x300.jpg 214w, https:\/\/www.diario5.com.ar\/wp-content\/uploads\/2022\/03\/bna_chubut-sanluis-731x1024.jpg 731w, https:\/\/www.diario5.com.ar\/wp-content\/uploads\/2022\/03\/bna_chubut-sanluis-768x1077.jpg 768w\" sizes=\"(max-width: 911px) 100vw, 911px\" \/><\/p>","protected":false},"excerpt":{"rendered":"<p>Las provincias de San Luis y Chubut contar\u00e1n con beneficios especiales El Banco naci\u00f3n suscribi\u00f3 dos importantes acuerdos con los gobernadores Arcioni, de Chubut y Rodr\u00f1iguez Saa, de San Luis. En el primer caso, se trata de una asistencia de $ 3.000 millones elevar producci\u00f3n de las PyMEs chubutenses. Con San Luis se inici\u00f3 el [&hellip;]<\/p>","protected":false},"author":13,"featured_media":647500,"comment_status":"open","ping_status":"open","sticky":false,"template":"","format":"standard","meta":[],"categories":[81],"tags":[],"series":[],"_links":{"self":[{"href":"https:\/\/www.diario5.com.ar\/es\/wp-json\/wp\/v2\/posts\/647495"}],"collection":[{"href":"https:\/\/www.diario5.com.ar\/es\/wp-json\/wp\/v2\/posts"}],"about":[{"href":"https:\/\/www.diario5.com.ar\/es\/wp-json\/wp\/v2\/types\/post"}],"author":[{"embeddable":true,"href":"https:\/\/www.diario5.com.ar\/es\/wp-json\/wp\/v2\/users\/13"}],"replies":[{"embeddable":true,"href":"https:\/\/www.diario5.com.ar\/es\/wp-json\/wp\/v2\/comments?post=647495"}],"version-history":[{"count":3,"href":"https:\/\/www.diario5.com.ar\/es\/wp-json\/wp\/v2\/posts\/647495\/revisions"}],"predecessor-version":[{"id":647501,"href":"https:\/\/www.diario5.com.ar\/es\/wp-json\/wp\/v2\/posts\/647495\/revisions\/647501"}],"wp:featuredmedia":[{"embeddable":true,"href":"https:\/\/www.diario5.com.ar\/es\/wp-json\/wp\/v2\/media\/647500"}],"wp:attachment":[{"href":"https:\/\/www.diario5.com.ar\/es\/wp-json\/wp\/v2\/media?parent=647495"}],"wp:term":[{"taxonomy":"category","embeddable":true,"href":"https:\/\/www.diario5.com.ar\/es\/wp-json\/wp\/v2\/categories?post=647495"},{"taxonomy":"post_tag","embeddable":true,"href":"https:\/\/www.diario5.com.ar\/es\/wp-json\/wp\/v2\/tags?post=647495"},{"taxonomy":"series","embeddable":true,"href":"https:\/\/www.diario5.com.ar\/es\/wp-json\/wp\/v2\/series?post=647495"}],"curies":[{"name":"wp","href":"https:\/\/api.w.org\/{rel}","templated":true}]}}