{"id":646233,"date":"2022-02-21T10:03:11","date_gmt":"2022-02-21T13:03:11","guid":{"rendered":"https:\/\/www.diario5.com.ar\/fiesta-abasto-verano-la-ciudad-vibro-con-diferentes-espectaculos-y-actividades-para-toda-la-familia\/"},"modified":"2022-02-26T23:12:30","modified_gmt":"2022-02-27T02:12:30","slug":"fiesta-abasto-verano-la-ciudad-vibro-con-diferentes-espectaculos-y-actividades-para-toda-la-familia","status":"publish","type":"post","link":"https:\/\/www.diario5.com.ar\/es\/fiesta-abasto-verano-la-ciudad-vibro-con-diferentes-espectaculos-y-actividades-para-toda-la-familia\/","title":{"rendered":"Qu\u00e9 es Fiesta Abasto Verano"},"content":{"rendered":"<h2 class=\"sub-title-primary\"><\/h2> <div>\n<p>El Ministerio de Cultura de la Ciudad present\u00f3 la segunda edici\u00f3n de la <strong>Fiesta Abasto Verano<\/strong>: un conjunto de propuestas en torno a la m\u00fasica, el teatro, con talleres y muestras para disfrutar de forma gratuita y al aire libre, en dos escenarios principales que fueron instalados por la zona del Abasto, as\u00ed como tambi\u00e9n en diferentes puntos alrededor del barrio.<\/p>\n<p>A trav\u00e9s de la amplia programaci\u00f3n que brind\u00f3 la Fiesta Abasto Verano -que se desprende de un trabajo en conjunto entre el programa Abasto Barrio Cultural y 13 espacios culturales independientes del Abasto-, <strong>la cultura tom\u00f3 las calles con m\u00faltiples actividades<\/strong>, realizadas bajo las medidas sanitarias vigentes. Hubo dos escenarios principales: uno en el <strong>Parque de la Estaci\u00f3n<\/strong> (Juan Domingo Per\u00f3n 3326) y otro en las <strong>Escalinatas del shopping Abasto<\/strong> (Ag\u00fcero y Guardia Vieja). Tambi\u00e9n hubo shows en el Patio Salguero (Jer\u00f3nimo Salguero 741) y a lo largo de la calle Ag\u00fcero, que fue peatonal entre Valent\u00edn G\u00f3mez y Juan Domingo Per\u00f3n; esto permiti\u00f3 a los vecinos desplazarse f\u00e1cilmente de un show a otro.<\/p>\n<blockquote>\n<p>Hubo propuestas en torno a la m\u00fasica, el teatro, con talleres y muestras para disfrutar de forma gratuita y al aire libre.<\/p>\n<\/blockquote>\n<p>La <strong>programaci\u00f3n estuvo a cargo de los espacios independientes<\/strong> La Vieja Guarida, Teatro El Extranjero, JJ Circuito Cultural, Panda Rojo Espacio Cultural, Espacio Moebius,La Carpinter\u00eda Teatro, Casona Cultural Humahuaca, Conventillo Cultural Abasto, Archibrazo, Ladran Sancho, El Portal Teatro, Centro Cultural Macedonia, Zorra Asociaci\u00f3n Civil.<\/p>\n<\/p>\n<p>\u201cDesde el Ministerio queremos potenciar el talento de nuestros hacedores culturales, acompa\u00f1ar y potenciar la cultura independiente y llevar propuestas al espacio p\u00fablico para que la cultura est\u00e9 cada vez m\u00e1s cerca. El Abasto es un emblema de la cultura independiente. En ese sentido, Fiesta Abasto fue una posibilidad para aquellos que no lo conoc\u00edan de descubrirlo y dejarse sorprender y para quienes lo recorren habitualmente de disfrutarlo a\u00fan m\u00e1s\u201d, explic\u00f3 Enrique Avogadro, ministro de cultura de la Ciudad.<\/p>\n<blockquote>\n<p>\u201cDesde el Ministerio queremos potenciar el talento de nuestros hacedores culturales, acompa\u00f1ar y potenciar la cultura independiente\u00bb (<strong>Enrique Avogadro<\/strong>, ministro de cultura de la Ciudad)<\/p>\n<\/blockquote>\n<p>Emiliano Michelena, Director del proyecto Abasto Barrio Cultural coment\u00f3: \u201c La Fiesta Abasto Verano demuestra la variedad y riqueza cultural del barrio. Cada espacio dise\u00f1\u00f3 y cur\u00f3, junto con el Gobierno de la Ciudad, un contenido especial para los vecinos. A su vez, las propuestas ofrecidas representan el esp\u00edritu y el car\u00e1cter de cada espacio independiente. Tambi\u00e9n incorporamos a las colectividades porque entendemos que las nuevas migraciones son parte del patrimonio cultural de la ciudad \u201d<\/p>\n<p><img decoding=\"async\" loading=\"lazy\" src=\"https:\/\/www.diario5.com.ar\/wp-content\/uploads\/2022\/02\/unnamed_10_2.jpg\" width=\"4898\" height=\"3265\" alt=\"\"><\/p>\n<p>La Direcci\u00f3n General de Ense\u00f1anza Art\u00edstica particip\u00f3 del evento presentando espect\u00e1culos que rescatan los ritmos urbanos y los llev\u00f3 a la calle en formatos \u00edntimos, poperos, el\u00e9ctricos y bailables, con la participaci\u00f3n de <strong>artistas formados en los Conservatorios y Orquestas Escuela de la Ciudad de Buenos Aires<\/strong>.<\/p>\n<p>Por su parte, la Direcci\u00f3n General de Colectividades se sum\u00f3 a la fiesta con una <strong>feria gastron\u00f3mica en la que participaron las comunidades m\u00e1s representativas del barrio<\/strong>. Los vecinos pudieron explorar las tradiciones culinarias de las colectividades peruana, venezolana y senegalesa. A su vez, pudieron recorrer el paseo de artesan\u00edas con productos caracter\u00edsticos de cada una de estas comunidades y presenciar shows de m\u00fasica y danza.<\/p>\n<p>Asimismo, en la Estaci\u00f3n Migrante, que tuvo su lugar en el evento, la poblaci\u00f3n migrante y refugiada pod\u00eda informarse sobre el acceso a sus derechos en Argentina.<\/p>\n<p><img decoding=\"async\" loading=\"lazy\" src=\"https:\/\/www.diario5.com.ar\/wp-content\/uploads\/2022\/02\/mg_5705_0.jpg\" width=\"4898\" height=\"3265\" alt=\"\"><\/p>\n<p><img decoding=\"async\" loading=\"lazy\" src=\"https:\/\/www.diario5.com.ar\/wp-content\/uploads\/2022\/02\/mg_5708.jpg\" width=\"4898\" height=\"3265\" alt=\"\"><\/p>\n<p><img decoding=\"async\" loading=\"lazy\" src=\"https:\/\/www.diario5.com.ar\/wp-content\/uploads\/2022\/02\/mg_5728.jpg\" width=\"4898\" height=\"3265\" alt=\"\"><\/p>\n<p><img decoding=\"async\" loading=\"lazy\" src=\"https:\/\/www.diario5.com.ar\/wp-content\/uploads\/2022\/02\/mg_5731.jpg\" width=\"4898\" height=\"3265\" alt=\"\"><\/p>\n<p><img decoding=\"async\" loading=\"lazy\" src=\"https:\/\/www.diario5.com.ar\/wp-content\/uploads\/2022\/02\/mg_5752.jpg\" width=\"4898\" height=\"3265\" alt=\"\"><\/p>\n<p><img decoding=\"async\" loading=\"lazy\" src=\"https:\/\/www.diario5.com.ar\/wp-content\/uploads\/2022\/02\/mg_5753.jpg\" width=\"4898\" height=\"3265\" alt=\"\"><\/p>\n<\/div>","protected":false},"excerpt":{"rendered":"<p>El Ministerio de Cultura de la Ciudad present\u00f3 la segunda edici\u00f3n de la Fiesta Abasto Verano: un conjunto de propuestas en torno a la m\u00fasica, el teatro, con talleres y muestras para disfrutar de forma gratuita y al aire libre, en dos escenarios principales que fueron instalados por la zona del Abasto, as\u00ed como tambi\u00e9n [&hellip;]<\/p>","protected":false},"author":8,"featured_media":646234,"comment_status":"open","ping_status":"closed","sticky":false,"template":"","format":"standard","meta":[],"categories":[5],"tags":[],"series":[],"_links":{"self":[{"href":"https:\/\/www.diario5.com.ar\/es\/wp-json\/wp\/v2\/posts\/646233"}],"collection":[{"href":"https:\/\/www.diario5.com.ar\/es\/wp-json\/wp\/v2\/posts"}],"about":[{"href":"https:\/\/www.diario5.com.ar\/es\/wp-json\/wp\/v2\/types\/post"}],"author":[{"embeddable":true,"href":"https:\/\/www.diario5.com.ar\/es\/wp-json\/wp\/v2\/users\/8"}],"replies":[{"embeddable":true,"href":"https:\/\/www.diario5.com.ar\/es\/wp-json\/wp\/v2\/comments?post=646233"}],"version-history":[{"count":2,"href":"https:\/\/www.diario5.com.ar\/es\/wp-json\/wp\/v2\/posts\/646233\/revisions"}],"predecessor-version":[{"id":646532,"href":"https:\/\/www.diario5.com.ar\/es\/wp-json\/wp\/v2\/posts\/646233\/revisions\/646532"}],"wp:featuredmedia":[{"embeddable":true,"href":"https:\/\/www.diario5.com.ar\/es\/wp-json\/wp\/v2\/media\/646234"}],"wp:attachment":[{"href":"https:\/\/www.diario5.com.ar\/es\/wp-json\/wp\/v2\/media?parent=646233"}],"wp:term":[{"taxonomy":"category","embeddable":true,"href":"https:\/\/www.diario5.com.ar\/es\/wp-json\/wp\/v2\/categories?post=646233"},{"taxonomy":"post_tag","embeddable":true,"href":"https:\/\/www.diario5.com.ar\/es\/wp-json\/wp\/v2\/tags?post=646233"},{"taxonomy":"series","embeddable":true,"href":"https:\/\/www.diario5.com.ar\/es\/wp-json\/wp\/v2\/series?post=646233"}],"curies":[{"name":"wp","href":"https:\/\/api.w.org\/{rel}","templated":true}]}}