{"id":644846,"date":"2022-01-28T10:02:42","date_gmt":"2022-01-28T13:02:42","guid":{"rendered":"https:\/\/www.diario5.com.ar\/comienza-la-convocatoria-de-calles-culturales-edicion-verano\/"},"modified":"2022-01-29T17:43:56","modified_gmt":"2022-01-29T20:43:56","slug":"comienza-la-convocatoria-de-calles-culturales-edicion-verano","status":"publish","type":"post","link":"https:\/\/www.diario5.com.ar\/es\/comienza-la-convocatoria-de-calles-culturales-edicion-verano\/","title":{"rendered":"Calles Culturales: Inscriben hasta este domingo 30"},"content":{"rendered":"<h2 class=\"sub-title-primary\">Son apenas Horas para registrarse en la convocatoria de la Edici\u00f3n Verano de este interesante recurso en que se puede peatonalizar una calle a partir de un evento art\u00edstico o cultural. <\/h2> <div>\n<p><em>Calles Culturales<\/em> brinda un marco y acompa\u00f1a a los gestores culturales independientes en la gesti\u00f3n de cortes de calles transitorios para que puedan exponer y expandir sus actividades culturales y contenidos al espacio p\u00fablico y ampliar el acceso de los vecinos y vecinas de los distintos barrios de la Ciudad. Se trata de peatonalizar distintos circuitos en la Ciudad para que los espacios culturales que funcionan en esas cuadras puedan programar sus actividades al aire libre y transformar el espacio p\u00fablico en escenario.<\/p>\n<p>Esta convocatoria est\u00e1 destinada a los espacios, gestores culturales y afines independientes de la Ciudad que sean productores de contenidos y actividades culturales.<\/p>\n<p>Comenz\u00f3 ayer, 27 y finaliza este domingo 30\/01 a las 23:59hs.<\/p>\n<p>Los eventos correspondientes se desarrollar\u00e1n los s\u00e1bados o domingos, entre las 9 y las 00 hs desde el 18\/02 al 31\/03.<\/p>\n<p>Links a la Documentaci\u00f3n<\/p>\n<ul>\n<li><a href=\"https:\/\/documentosboletinoficial.buenosaires.gob.ar\/publico\/ck_PE-RES-MCGC-MCGC-81-22-6305.pdf\">Resoluci\u00f3n N\u00ba81\/MCGC\/22<\/a><\/li>\n<li><a href=\"https:\/\/documentosboletinoficial.buenosaires.gob.ar\/publico\/PE-RES-MCGC-MCGC-81-22-ANX.pdf\">Anexo I Bases y Condiciones<\/a><\/li>\n<li><a href=\"https:\/\/documentosboletinoficial.buenosaires.gob.ar\/publico\/PE-RES-MCGC-MCGC-81-22-ANX-1.pdf\">Anexo II Formulario de inscripci\u00f3n<\/a><\/li>\n<li><a href=\"https:\/\/documentosboletinoficial.buenosaires.gob.ar\/publico\/PE-RES-MCGC-MCGC-81-22-ANX-2.pdf\">Anexo III Manifestaci\u00f3n de autor\u00eda<\/a><\/li>\n<\/ul>\n<\/div>","protected":false},"excerpt":{"rendered":"<p>Son apenas Horas para registrarse en la convocatoria de la Edici\u00f3n Verano de este interesante recurso en que se puede peatonalizar una calle a partir de un evento art\u00edstico o cultural. Calles Culturales brinda un marco y acompa\u00f1a a los gestores culturales independientes en la gesti\u00f3n de cortes de calles transitorios para que puedan exponer [&hellip;]<\/p>","protected":false},"author":8,"featured_media":644913,"comment_status":"open","ping_status":"closed","sticky":false,"template":"","format":"standard","meta":[],"categories":[5],"tags":[],"series":[],"_links":{"self":[{"href":"https:\/\/www.diario5.com.ar\/es\/wp-json\/wp\/v2\/posts\/644846"}],"collection":[{"href":"https:\/\/www.diario5.com.ar\/es\/wp-json\/wp\/v2\/posts"}],"about":[{"href":"https:\/\/www.diario5.com.ar\/es\/wp-json\/wp\/v2\/types\/post"}],"author":[{"embeddable":true,"href":"https:\/\/www.diario5.com.ar\/es\/wp-json\/wp\/v2\/users\/8"}],"replies":[{"embeddable":true,"href":"https:\/\/www.diario5.com.ar\/es\/wp-json\/wp\/v2\/comments?post=644846"}],"version-history":[{"count":2,"href":"https:\/\/www.diario5.com.ar\/es\/wp-json\/wp\/v2\/posts\/644846\/revisions"}],"predecessor-version":[{"id":644915,"href":"https:\/\/www.diario5.com.ar\/es\/wp-json\/wp\/v2\/posts\/644846\/revisions\/644915"}],"wp:featuredmedia":[{"embeddable":true,"href":"https:\/\/www.diario5.com.ar\/es\/wp-json\/wp\/v2\/media\/644913"}],"wp:attachment":[{"href":"https:\/\/www.diario5.com.ar\/es\/wp-json\/wp\/v2\/media?parent=644846"}],"wp:term":[{"taxonomy":"category","embeddable":true,"href":"https:\/\/www.diario5.com.ar\/es\/wp-json\/wp\/v2\/categories?post=644846"},{"taxonomy":"post_tag","embeddable":true,"href":"https:\/\/www.diario5.com.ar\/es\/wp-json\/wp\/v2\/tags?post=644846"},{"taxonomy":"series","embeddable":true,"href":"https:\/\/www.diario5.com.ar\/es\/wp-json\/wp\/v2\/series?post=644846"}],"curies":[{"name":"wp","href":"https:\/\/api.w.org\/{rel}","templated":true}]}}