{"id":644453,"date":"2022-01-21T10:04:29","date_gmt":"2022-01-21T13:04:29","guid":{"rendered":"https:\/\/www.diario5.com.ar\/la-agenda-cultural-para-el-fin-de-semana\/"},"modified":"2022-01-21T10:04:29","modified_gmt":"2022-01-21T13:04:29","slug":"la-agenda-cultural-para-el-fin-de-semana","status":"publish","type":"post","link":"https:\/\/www.diario5.com.ar\/es\/la-agenda-cultural-para-el-fin-de-semana\/","title":{"rendered":"La agenda cultural para el fin de semana"},"content":{"rendered":"<h2 class=\"sub-title-primary\"><\/h2> <div>\n<p>La Ciudad ofrece m\u00faltiples actividades culturales para disfrutar en familia y con amigos. \u00c9stas son algunas de las propuestas m\u00e1s destacadas.<\/p>\n<h3>BA Playa<\/h3>\n<p>BA Playa es la propuesta ideal para que los vecinos que pasan el verano en la Ciudad, puedan aprovechar de espacios verdes y compartir en familia o con amigos. En esta edici\u00f3n, vas a encontrar actividades recreativas en \u00e1reas especialemnte pensadas para que personas mayores, j\u00f3venes, chicas y chicos de todas las edades puedan disfrutar de la playa sin salir del entorno urbano. Habr\u00e1 dos sedes, una al norte en el Parque de los Ni\u00f1os y otra al sur, que en esta edici\u00f3n se desarrollar\u00e1 en el Parque de la Ciudad.<\/p>\n<p><strong>De martes a domingo de 10:00 a 20:00 en Parque de los Ni\u00f1os y Parque de la Ciudad &#8211; Para m\u00e1s informaci\u00f3n visit\u00e1 <a href=\"http:\/\/www.buenosaires.gob.ar\/baplaya\">www.buenosaires.gob.ar\/baplaya<\/a><\/strong><\/p>\n<p><\/p>\n<h3>Museo al aire libre<\/h3>\n<p>En los entornos de la Floralis y el Museo S\u00edvori se realiza el primer museo al aire libre en Buenos Aires que girar\u00e1 por diferentes espacios verdes de la Ciudad. La muestra que es de Gabi Roca cuenta con el apoyo de la empresa Motorola. Se llama \u00abRocca &#038; Roll\u00bb e invita a revivir momentos claves del rock argentino de los 70.<\/p>\n<p><strong>Viernes 21 de enero de 12:00 a 19:00 y s\u00e1bado 22 y domingo 23 de enero de 11:00 a 20:00 &#8211; Museo S\u00edvori &#8211; Isabel, Infanta Av. 555 &#8211; Entrada libre y gratuita<\/strong><\/p>\n<h3>Colectividades al paso<\/h3>\n<p>Colectividades al paso es una propuesta desarrollada para que las diversas asociaciones y emprendedores de las colectividades puedan difundir la gastronom\u00eda t\u00edpica de los pa\u00edses que representan a trav\u00e9s de una vidriera digital. Ingresando a www.buenosaires.gob.ar\/ColectividadesAlPaso vas a encontrar en un mismo espacio los platos t\u00edpicos de las distintas colectividades que conviven con la Ciudad. Coordin\u00e1 la entrega directamnete con el vendedor y disfrut\u00e1 durante un fin de semana tus sabores favoritos.<\/p>\n<p><strong>Viernes 21, s\u00e1bado 22 y domingo 23 de enero todo el d\u00eda &#8211; Uspallata 3160<\/strong><\/p>\n<h3>Todo en negro<\/h3>\n<p>Sumergidos en las posibilidades de la cat\u00e1strofe, Alejandro Cesarco presenta una exposici\u00f3n sin fotograf\u00edas en la sala.<\/p>\n<p><strong>Martes a domingos de 14:00 a 20:00 &#8211; Teatro San Mart\u00edn &#8211; Av. Corrientes 1530 &#8211; Entrada libre y gratuita<\/strong><\/p>\n<h3>Patio de los Lecheros<\/h3>\n<p>El Patio de los Lecheros es el primer patio gastron\u00f3mico de la Ciudad impulsado por BA Capital Gastron\u00f3mica. Ubicado en la Av. Donato \u00c1lvaraz y Bacacay, comenz\u00f3 abriendo el primer fin de semana de cada mes con food trucks para luego pasar a abrir todos los fines de semana en 2017, ya con el formato de puestos en containers y hasta su actual apertura de lunes a domingo.<\/p>\n<p><strong>Abierto de domingo a mi\u00e9rcoles de 9:00 a 00 y de jueves a s\u00e1bado de 9:00 a 02:00 &#8211; Avenida Donato \u00c1lvares al 200 &#8211; Entrada gratuita<\/strong><\/p>\n<p><img decoding=\"async\" loading=\"lazy\" src=\"https:\/\/www.diario5.com.ar\/wp-content\/uploads\/2022\/01\/5deg_aniversario_del_patio_de_los_lecheros_0.jpg\" width=\"700\" height=\"467\" alt=\"\"><\/p>\n<h3>Autopercepci\u00f3n<\/h3>\n<p>Esta muestra colectiva en sala 8, curada por Patricio Olivier y Juan Duncan, re\u00fane autorretratos de 44 artistas de distintos \u00e1mbitos y disciplinas. Hay piezas de dise\u00f1adorxs, historietistas, fot\u00f3grafxs e ilustradores que abordan la identidad, entendida tanto desde lo individual como de lo colectivo.<\/p>\n<p><strong>De martes a viernes de 13:30 a 22:00 y s\u00e1bados, domingos y feriados de 11:15 a 22:00 &#8211; Centro Cultural Recoleta &#8211; Jun\u00edn 1930 &#8211; Entrada libre y gratuita<\/strong><\/p>\n<h3>Inventario<\/h3>\n<p>Inventario es la intervenci\u00f3n de Adri\u00e1n Sonni que ocupar\u00e1 el corredor de la planta baja y de la planta alta del Centro Cultural Recoleta. Est\u00e1 inspirada en una serie de conversatorios en los que participaron m\u00e1s de 500 adolescentes y j\u00f3venes de todo el pa\u00eds, quienes compartieron sus emociones, sensaciones y deseos en los tiempos que corren.<\/p>\n<p><strong>Viernes 21 de enero de 13:30 a 22:00 &#8211; Centro Cultural Recoleta &#8211; Jun\u00edn 1930 &#8211; Entrada libre y gratuita<\/strong><\/p>\n<h3>Vacaciones en el Col\u00f3n<\/h3>\n<p>El Teatro Col\u00f3n presenta una programaci\u00f3n con recitales y visitas guiadas.<\/p>\n<p><strong>Viernes 21, s\u00e1bado 22 y domingo 23 de enero desde las 12:00 &#8211; Teatro Col\u00f3n &#8211; Cerrito 628 &#8211; Entrada $700<\/strong><\/p>\n<h3>Talleres de m\u00fasica para ni\u00f1os<\/h3>\n<p>El Museo de Arte Moderno de Buenos Aires, dependiente del Ministerio de Cultura del Gobierno de la Ciudad de Buenos Aires, anuncia su programaci\u00f3n de actividades de verano 2022 que tendr\u00e1n lugar entre el lunes 3 de enero y el domingo 13 de febrero inclusive, con una serie de propuestas educativas y culturales gratuitas, pensadas para familias con ni\u00f1os, ni\u00f1as y adolescentes, dictadas por artistas, m\u00fasicos y miembros el equipo de educaci\u00f3n del museo.<\/p>\n<p><strong>Nuevas melod\u00edas &#8211; Taller de beats y m\u00fasica electr\u00f3nica a cargo de Mauro Conde &#8211; S\u00e1bado 22 de enero de 16:00 a 18:00<\/strong><\/p>\n<p><strong>Ronda de canciones &#8211; Espect\u00e1culo musical a cargo de Laura Migliorisi &#8211; Domingo 23 de enero de 17:00 a 18:00<\/strong><\/p>\n<h3>Sabe la Tierra<\/h3>\n<p>El mercado de productos org\u00e1nicos permite a los vecinos hacer compras conscientes, consumir en forma responsable y de manera directa productor-consumidor. De esta forma, el campo se acerca a la ciudad y son los propios productores, emprendedores y campesinos quienes estar\u00e1n detr\u00e1s de cada puesto.<\/p>\n<p><strong>Viernes 21 de enero de 16:00 a 22:00 &#8211; Parque Rivadavia &#8211; Avenida Rivadavia 4.800<\/strong><\/p>\n<p><img decoding=\"async\" loading=\"lazy\" src=\"https:\/\/www.diario5.com.ar\/wp-content\/uploads\/2022\/01\/mephu210117sabelatierra-5333_3_2.jpg\" width=\"700\" height=\"467\" alt=\"\"><\/p>\n<h3>American Food Week<\/h3>\n<p>Del 17 al 24 de enero, los bares, caf\u00e9s, confiter\u00edas y restaurantes de la Ciudad de Buenos Aires se unir\u00e1n para compartir las tradiciones e ingredientes de Estados Unidos en Argentina. Durante una semana vas a poder disfrutar men\u00fas exclusivos a precios promocionales que incluyen burgers, cupcakes, Bloody Mary y muchos m\u00e1s platos y tragos tradicionales de la gastronom\u00eda americana. <a href=\"https:\/\/www.google.com.ar\/maps\/@-34.5939616,-58.4212422,13z\/data=!3m1!4b1!4m3!11m2!2sv2Fs03asAFsb1bFjpTJydfKuUmAp6Q!3e3\">Acced\u00e9 al mapa y conoc\u00e9 los restaurantes que participan<\/a>.<\/p>\n<p><strong>Del 17 al 24 de enero &#8211; Caf\u00e9s y restaurantes de las Ciudad adheridos<\/strong><\/p>\n<h3>Cine &#8211; Noches de Verano<\/h3>\n<p>El 22 de enero a las 20:00 se proyectar\u00e1 gratuitamente el documental El hombre alado, dedicado al m\u00fasico Gustavo Cerati. La pel\u00edcula est\u00e1 dirigida por Felipe Restrepo, qui\u00e9n brindar\u00e1 una charla sobre el proceso creativo y art\u00edstico del documental junto a la periodista y locutora Corina Gonzalez Tejedor. Esta funci\u00f3n forma parte de la programaci\u00f3n de Noches de verano de El Cultural.<\/p>\n<p><strong>S\u00e1bado 22 de enero a las 20:00 &#8211; El Cultural &#8211; Sarmiento 155 &#8211; Entrada gratuita<\/strong><\/p>\n<blockquote>\n<p>Conoc\u00e9 todas las actividades disponibles en <a href=\"https:\/\/disfrutemosba.buenosaires.gob.ar\/\">Disfrutemos BA<\/a><\/p>\n<\/blockquote>\n<\/div>","protected":false},"excerpt":{"rendered":"<p>La Ciudad ofrece m\u00faltiples actividades culturales para disfrutar en familia y con amigos. \u00c9stas son algunas de las propuestas m\u00e1s destacadas. BA Playa BA Playa es la propuesta ideal para que los vecinos que pasan el verano en la Ciudad, puedan aprovechar de espacios verdes y compartir en familia o con amigos. En esta edici\u00f3n, [&hellip;]<\/p>","protected":false},"author":8,"featured_media":644454,"comment_status":"open","ping_status":"closed","sticky":false,"template":"","format":"standard","meta":[],"categories":[5],"tags":[],"series":[],"_links":{"self":[{"href":"https:\/\/www.diario5.com.ar\/es\/wp-json\/wp\/v2\/posts\/644453"}],"collection":[{"href":"https:\/\/www.diario5.com.ar\/es\/wp-json\/wp\/v2\/posts"}],"about":[{"href":"https:\/\/www.diario5.com.ar\/es\/wp-json\/wp\/v2\/types\/post"}],"author":[{"embeddable":true,"href":"https:\/\/www.diario5.com.ar\/es\/wp-json\/wp\/v2\/users\/8"}],"replies":[{"embeddable":true,"href":"https:\/\/www.diario5.com.ar\/es\/wp-json\/wp\/v2\/comments?post=644453"}],"version-history":[{"count":0,"href":"https:\/\/www.diario5.com.ar\/es\/wp-json\/wp\/v2\/posts\/644453\/revisions"}],"wp:featuredmedia":[{"embeddable":true,"href":"https:\/\/www.diario5.com.ar\/es\/wp-json\/wp\/v2\/media\/644454"}],"wp:attachment":[{"href":"https:\/\/www.diario5.com.ar\/es\/wp-json\/wp\/v2\/media?parent=644453"}],"wp:term":[{"taxonomy":"category","embeddable":true,"href":"https:\/\/www.diario5.com.ar\/es\/wp-json\/wp\/v2\/categories?post=644453"},{"taxonomy":"post_tag","embeddable":true,"href":"https:\/\/www.diario5.com.ar\/es\/wp-json\/wp\/v2\/tags?post=644453"},{"taxonomy":"series","embeddable":true,"href":"https:\/\/www.diario5.com.ar\/es\/wp-json\/wp\/v2\/series?post=644453"}],"curies":[{"name":"wp","href":"https:\/\/api.w.org\/{rel}","templated":true}]}}