{"id":644085,"date":"2022-01-14T10:03:07","date_gmt":"2022-01-14T13:03:07","guid":{"rendered":"https:\/\/www.diario5.com.ar\/actividades-gratuitas-para-este-fin-de-semana-en-la-usina-del-arte\/"},"modified":"2022-01-14T10:03:07","modified_gmt":"2022-01-14T13:03:07","slug":"actividades-gratuitas-para-este-fin-de-semana-en-la-usina-del-arte","status":"publish","type":"post","link":"https:\/\/www.diario5.com.ar\/es\/actividades-gratuitas-para-este-fin-de-semana-en-la-usina-del-arte\/","title":{"rendered":"Actividades gratuitas para este fin de semana en la Usina del Arte"},"content":{"rendered":"<h2 class=\"sub-title-primary\"><\/h2> <div>\n<p>La <a href=\"http:\/\/www.buenosaires.gob.ar\/usinadelarte\">Usina del Arte<\/a> invita a los vecinos a disfrutar de su programaci\u00f3n de verano que viene cargada de m\u00faltiples propuestas gratuitas y para toda la familia. Para este fin de semana se vienen shows en vivo, talleres de arte, actividades literarias, clases de cocina, juegos acu\u00e1ticos, entre muchas otras, de 17 a 20.<\/p>\n<p>Adem\u00e1s, se podr\u00e1 disfrutar de los espacios permanentes: iUpiiiii, la Libroteca y la incorporaci\u00f3n de El Club con actividades deportivas y recreativas para todas las edades.<\/p>\n<p><\/p>\n<h3>La programaci\u00f3n<br \/><\/h3>\n<p><strong>Viernes 14\/01<\/strong><\/p>\n<p><strong><a href=\"http:\/\/www.buenosaires.gob.ar\/usinadelarte\/espacio-iupiiiii\" target=\"_blank\" rel=\"noopener\">Espacio iUpiiiii<\/a><\/strong><\/p>\n<p>Te invitamos al primer espacio cultural para la primera infancia de la Ciudad.<\/p>\n<p><strong><em>Edad recomendada: 0 a 3 a\u00f1os<\/em><\/strong><br \/>\n17, 18 y 19 h &#8211; Espacio iUpiiiii<br \/>\nGratis, con inscripci\u00f3n previa.<\/p>\n<p><strong><a href=\"http:\/\/www.buenosaires.gob.ar\/usinadelarte\/libroteca-2\" target=\"_blank\" rel=\"noopener\">Libroteca<\/a><\/strong><\/p>\n<p>Ven\u00ed a descubrir cuentos, talleres de escritura creativa y juegos sensoriales para acercarte a los libros.<br \/>\n<strong><em>ATP<\/em><\/strong><br \/>\n17 a 20 h &#8211; Hall Central de la Usina<br \/>\nEntrada libre y gratuita. Capacidad limitada.<\/p>\n<p><strong><a href=\"http:\/\/www.buenosaires.gob.ar\/usinadelarte\/campanita-bajo-cero\" target=\"_blank\" rel=\"noopener\">Campanita Bajo Cero<\/a><\/strong><\/p>\n<p>\u00a1Sumergite en el mundo del circo a pura emoci\u00f3n y alegr\u00eda!<br \/>\n<strong><em>Edad recomendada: 4 a 7 a\u00f1os<\/em><\/strong><br \/>\n17 h &#8211; Patio Central de la Usina<br \/>\nGratis, con inscripci\u00f3n previa.<\/p>\n<p><strong><a href=\"http:\/\/www.buenosaires.gob.ar\/usinadelarte\/agua-al-ruedo-por-universo-bellotas\" target=\"_blank\" rel=\"noopener\">Agua al ruedo. Por Universo Bellotas <\/a><\/strong><\/p>\n<p>Una propuesta que invita a los chicos a escapar del calor con juegos con agua, movimiento y diversi\u00f3n plena.<br \/>\n<strong><em>Edad recomendada: 4 a 7 a\u00f1os<\/em><\/strong><br \/>\n18 h &#8211; Plaza de la Usina<br \/>\nCon inscripci\u00f3n previa.<\/p>\n<p><strong><a href=\"http:\/\/www.buenosaires.gob.ar\/usinadelarte\/descubriendo-usina\" target=\"_blank\" rel=\"noopener\">Descubriendo Usina<\/a><\/strong><\/p>\n<p>Una visita guiada por el imponente edificio de la Usina. \u00a1Ven\u00ed a descubrir todos sus rincones y secretos!<br \/>\n<strong><em>ATP<\/em><\/strong><br \/>\n18 y 19 hs &#8211; Hall Central de la Usina<br \/>\nEntrada libre y gratuita. Capacidad limitada<\/p>\n<p><strong><a href=\"http:\/\/www.buenosaires.gob.ar\/usinadelarte\/esculturas-efimeras\" target=\"_blank\" rel=\"noopener\">Esculturas ef\u00edmeras<\/a><\/strong><\/p>\n<p>Una propuesta que invita a los chicos a crear esculturas con arena, jugar y divertirse.<br \/>\n<strong><em>Edad recomendada: 4 a 7 a\u00f1os<\/em><\/strong><br \/>\n18 a 20 h &#8211; Plaza de la Usina<br \/>\nEntrada libre y gratuita. Capacidad limitada<\/p>\n<p><strong><a href=\"http:\/\/www.buenosaires.gob.ar\/usinadelarte\/el-club-espacio-permanente-de-deportes-y-actividades-urbanas\" target=\"_blank\" rel=\"noopener\">El Club<\/a><\/strong><\/p>\n<p>Espacio permanente de actividades recreativas, urbanas y deportivas para toda la familia.<br \/>\n<strong><em>Edad recomendada: 8 a 12 a\u00f1os<\/em><\/strong><br \/>\n18 a 20 h &#8211; Bajo Autopista de la Usina<br \/>\nEntrada libre y gratuita. Capacidad limitada<\/p>\n<p><strong><a href=\"http:\/\/www.buenosaires.gob.ar\/usinadelarte\/nilocos\" target=\"_blank\" rel=\"noopener\">NILOCOS<\/a><\/strong><\/p>\n<p>Un show musical para toda la familia, cargado de humor y poes\u00eda.<br \/>\n<strong><em>Edad recomendada: 4 a 7 a\u00f1os<\/em><\/strong><br \/>\n19 h &#8211; Auditorio de la Usina<br \/>\nGratis, con inscripci\u00f3n previa.<\/p>\n<p><strong><a href=\"http:\/\/www.buenosaires.gob.ar\/usinadelarte\/taller-freestyle-de-verano-por-ela-y-milito\" target=\"_blank\" rel=\"noopener\">Taller: Freestyle de verano con Ela y Milito<\/a><\/strong><\/p>\n<p>\u00a1Aprend\u00e9 todo sobre el rap y el freestryle!<br \/>\n<strong><em>ATP<\/em><\/strong><br \/>\n19.30 h &#8211; Bajo Autopista de la Usina<br \/>\nEntrada libre y gratuita. Capacidad limitada<\/p>\n<hr>\n<h3>S\u00e1bado 15\/01<\/h3>\n<p><strong><a href=\"http:\/\/www.buenosaires.gob.ar\/usinadelarte\/espacio-iupiiiii\" target=\"_blank\" rel=\"noopener\">Espacio iUpiiiii<\/a><\/strong><\/p>\n<p>Te invitamos al primer espacio cultural para la primera infancia de la Ciudad.<br \/>\n<strong><em>Edad recomendada: 0 a 3 a\u00f1os<\/em><\/strong><br \/>\n17, 18 y 19 h &#8211; Espacio iUpiiiii<br \/>\nGratis, con inscripci\u00f3n previa.<\/p>\n<p><strong><a href=\"http:\/\/www.buenosaires.gob.ar\/usinadelarte\/libroteca-2\" target=\"_blank\" rel=\"noopener\">Libroteca<\/a><\/strong><\/p>\n<p>Ven\u00ed a descubrir cuentos, talleres de escritura creativa y juegos sensoriales para acercarte a los libros.<br \/>\n<strong><em>ATP<\/em><\/strong><br \/>\n17 a 20 h &#8211; Hall Central de la Usina<br \/>\nEntrada libre y gratuita. Capacidad limitada<\/p>\n<p><strong><a href=\"http:\/\/www.buenosaires.gob.ar\/usinadelarte\/la-magia-es-cosa-seria-por-capotina\" target=\"_blank\" rel=\"noopener\">La Magia Es Cosa Seria. Por Capotina<\/a><\/strong><\/p>\n<p>Espect\u00e1culo de magia, clown, circo y comedia f\u00edsica para toda la familia.<br \/>\n<strong><em>Edad recomendada: 4 a 7 a\u00f1os<\/em><\/strong><br \/>\n17 h &#8211; Patio Central de la Usina<br \/>\nGratis, con inscripci\u00f3n previa.<\/p>\n<p><strong><a href=\"http:\/\/www.buenosaires.gob.ar\/usinadelarte\/atrapaviajes-viajamos-en-libro-por-editorial-area-de-picnic\" target=\"_blank\" rel=\"noopener\">Atrapaviajes: \u00bfViajamos en libro? Por Editorial \u00c1rea de Picnic<\/a><\/strong><\/p>\n<p>Te invitamos a descubrir el libro ATRAPAVIAJES. Adem\u00e1s, crearemos una bit\u00e1cora para registrar las emociones viajeras.<br \/>\n<strong><em>Edad recomendada: 4 a 7 a\u00f1os<\/em><\/strong><br \/>\n18 h &#8211; Hall Central de la Usina<br \/>\nGratis, con inscripci\u00f3n previa.<\/p>\n<p><strong><a href=\"http:\/\/www.buenosaires.gob.ar\/usinadelarte\/agua-al-ruedo-por-universo-bellotas\" target=\"_blank\" rel=\"noopener\">Agua al ruedo. Por Universo Bellotas <\/a><\/strong><\/p>\n<p>Una propuesta que invita a lxs chicxs a escapar del calor con juegos con agua, movimiento y diversi\u00f3n plena.<br \/>\n<strong><em>Edad recomendada: 4 a 7 a\u00f1os<\/em><\/strong><br \/>\n18 h &#8211; Plaza de la Usina<br \/>\nCon inscripci\u00f3n previa.<\/p>\n<p><strong><a href=\"http:\/\/www.buenosaires.gob.ar\/usinadelarte\/taller-de-costura-creativa-con-pukis-juguetes-de-trapo\" target=\"_blank\" rel=\"noopener\">Taller de costura creativa con Puki&#8217;s, juguetes de trapo<\/a><\/strong><\/p>\n<p>Un taller que invita a los chicos a coser y participar en una obra colaborativa.<br \/>\n<strong><em>Edad recomendada: 4 a 7 a\u00f1os<\/em><\/strong><br \/>\n18 h &#8211; Patio Central de la Usina<br \/>\nGratis, con inscripci\u00f3n previa.<\/p>\n<p><strong><a href=\"http:\/\/www.buenosaires.gob.ar\/usinadelarte\/descubriendo-usina\" target=\"_blank\" rel=\"noopener\">Descubriendo Usina<\/a><\/strong><\/p>\n<p>Una visita guiada por el imponente edificio de la Usina. \u00a1Ven\u00ed a descubrir todos sus rincones y secretos!<br \/>\n<strong><em>ATP<\/em><\/strong><br \/>\n18 y 19 hs &#8211; Hall Central de la Usina<br \/>\nEntrada libre y gratuita. Capacidad limitada<\/p>\n<p><strong><a href=\"http:\/\/www.buenosaires.gob.ar\/usinadelarte\/pop-acuarelable\" target=\"_blank\" rel=\"noopener\">Pop-up acuarelable<\/a><\/strong><\/p>\n<p>\u00a1Ven\u00ed a pintar con acuarelas y compartir un hermoso momento al aire libre!<br \/>\n<strong><em>Edad recomendada: 4 a 7 a\u00f1os<\/em><\/strong><br \/>\n18 a 20 h &#8211; Plaza de la Usina<br \/>\nEntrada libre y gratuita. Capacidad limitada<\/p>\n<p><strong><a href=\"http:\/\/www.buenosaires.gob.ar\/usinadelarte\/el-club-espacio-permanente-de-deportes-y-actividades-urbanas\" target=\"_blank\" rel=\"noopener\">El Club<\/a><\/strong><\/p>\n<p>Espacio permanente de actividades recreativas, urbanas y deportivas para toda la familia.<br \/>\n<strong><em>Edad recomendada: 8 a 12 a\u00f1os<\/em><\/strong><br \/>\n18 a 20 h &#8211; Bajo Autopista de la Usina<br \/>\nEntrada libre y gratuita. Capacidad limitada<\/p>\n<p><strong><a href=\"http:\/\/www.buenosaires.gob.ar\/usinadelarte\/rayos-y-centellas-un-tornado-de-rock\" target=\"_blank\" rel=\"noopener\">Rayos y Centellas, un tornado de rock!<\/a><\/strong><\/p>\n<p>Un show con un sonido demoledor, moderno y muy bailable para toda la familia.<br \/>\n<strong><em>Edad recomendada: 4 a 7 a\u00f1os<\/em><\/strong><br \/>\n19 h &#8211; Auditorio de la Usina<br \/>\nGratis, con inscripci\u00f3n previa.<\/p>\n<p><strong><a href=\"http:\/\/www.buenosaires.gob.ar\/usinadelarte\/stencil-sonoro-expresivo\" target=\"_blank\" rel=\"noopener\">Stencil Sonoro Expresivo<\/a><\/strong><\/p>\n<p>Te invitamos a realizar un gran mural colectivo con la t\u00e9cnica del stencil.<br \/>\n<strong><em>Edad recomendada: 8 a 12 a\u00f1os<\/em><\/strong><br \/>\n19.30 h &#8211; Bajo Autopista de la Usina<br \/>\nGratis, con inscripci\u00f3n previa.<\/p>\n<hr>\n<h3>Domingo 16\/01<\/h3>\n<p><strong><a href=\"http:\/\/www.buenosaires.gob.ar\/usinadelarte\/espacio-iupiiiii\" target=\"_blank\" rel=\"noopener\">Espacio iUpiiiii<\/a><\/strong><\/p>\n<p>Te invitamos al primer espacio cultural para la primera infancia de la Ciudad.<br \/>\n<strong><em>Edad recomendada: 0 a 3 a\u00f1os<\/em><\/strong><br \/>\n17, 18 y 19 h &#8211; Espacio iUpiiiii<br \/>\nGratis, con inscripci\u00f3n previa.<\/p>\n<p><img decoding=\"async\" loading=\"lazy\" src=\"https:\/\/www.diario5.com.ar\/wp-content\/uploads\/2022\/01\/iupiiii_6_0.jpg\" width=\"740\" height=\"467\" alt=\"Prensa GCBA\" title=\"Prensa GCBA\"><\/p>\n<p><strong><a href=\"http:\/\/www.buenosaires.gob.ar\/usinadelarte\/parlanchinas\" target=\"_blank\" rel=\"noopener\">Circo Creativo. Por Parlanchinas<\/a><\/strong><\/p>\n<p>\u00a1Sumate a la caravana circense y convertite acr\u00f3bata!<br \/>\n<strong><em>Edad recomendada: 8 a 12 a\u00f1os<\/em><\/strong><br \/>\n18 h &#8211; Plaza de la Usina<br \/>\nGratis, con inscripci\u00f3n previa.<\/p>\n<p><strong><a href=\"http:\/\/www.buenosaires.gob.ar\/usinadelarte\/dibujos-gigantes-por-ana-paula-do-campo-y-delfina-marconi\" target=\"_blank\" rel=\"noopener\">Dibujos Gigantes. Por Ana Paula do Campo y Delfina Marconi<\/a><\/strong><\/p>\n<p>Una actividad para disfrutar de garabatos, gateos y sonrisas junto a los m\u00e1s chiquitos.<br \/>\n<strong><em>Edad recomendada: 0 a 3 a\u00f1os<\/em><\/strong><br \/>\n17.30 h &#8211; Foyer de la Usina<br \/>\nGratis, con inscripci\u00f3n previa.<\/p>\n<p><strong><a href=\"http:\/\/www.buenosaires.gob.ar\/usinadelarte\/campa-libro\" target=\"_blank\" rel=\"noopener\">Campa Libro<\/a><\/strong><\/p>\n<p>\u00a1Ven\u00ed a descubrir nuevas historias y disfrut\u00e1 las mejores aventuras literarias!<br \/>\n<strong><em>Edad recomendada: 4 a 7 a\u00f1os<\/em><\/strong><br \/>\n18 a 20 h &#8211; Plaza de la Usina<br \/>\nEntrada libre y gratuita. Capacidad limitada.<\/p>\n<p><strong><a href=\"http:\/\/www.buenosaires.gob.ar\/usinadelarte\/plantines-de-aromaticas-y-multisensorialidad-en-las-artes\" target=\"_blank\" rel=\"noopener\">Plantines de arom\u00e1ticas y multisensorialidad en las artes.<\/a><\/strong><\/p>\n<p>Taller que invita a conocer la obra de Ernesto Neto, para luego crear plantines arom\u00e1ticos que despertar\u00e1n nuestros sentidos.<br \/>\n<strong><em>Edad recomendada: 4 a 7 a\u00f1os<\/em><\/strong><br \/>\n18 h &#8211; Patio Central de la Usina<br \/>\nGratis, con inscripci\u00f3n previa.<\/p>\n<p><strong><a href=\"http:\/\/www.buenosaires.gob.ar\/usinadelarte\/descubriendo-usina\" target=\"_blank\" rel=\"noopener\">Descubriendo Usina<\/a><\/strong><\/p>\n<p>Una visita guiada por el imponente edificio de la Usina. \u00a1Ven\u00ed a descubrir todos sus rincones y secretos!<br \/>\n<strong><em>ATP<\/em><\/strong><br \/>\n18 y 19 hs &#8211; Hall Central de la Usina<br \/>\nEntrada libre y gratuita. Capacidad limitada<\/p>\n<p><strong><a href=\"http:\/\/www.buenosaires.gob.ar\/usinadelarte\/escenografias-de-verano\" target=\"_blank\" rel=\"noopener\">Escenograf\u00edas de verano<\/a><\/strong><\/p>\n<p>Invitamos a los chicos a crear escenograf\u00edas veraniegas, llenas de magia y color.<br \/>\n<strong><em>Edad recomendada: 4 a 7 a\u00f1os<\/em><\/strong><br \/>\n18 a 20 h &#8211; Plaza de la Usina<br \/>\nEntrada libre y gratuita. Capacidad limitada<\/p>\n<p><strong><a href=\"http:\/\/www.buenosaires.gob.ar\/usinadelarte\/el-club-espacio-permanente-de-deportes-y-actividades-urbanas\" target=\"_blank\" rel=\"noopener\">El Club<\/a><\/strong><\/p>\n<p>Espacio permanente de actividades recreativas, urbanas y deportivas para toda la familia.<br \/>\n<strong><em>Edad recomendada: 8 a 12 a\u00f1os<\/em><\/strong><br \/>\n18 a 20 h &#8211; Bajo Autopista de la Usina<br \/>\nEntrada libre y gratuita. Capacidad limitada<\/p>\n<p><strong><a href=\"http:\/\/www.buenosaires.gob.ar\/usinadelarte\/saborrr-tropical-por-los-rockan\" target=\"_blank\" rel=\"noopener\">Saborrr Tropical. Por Los Rockan<\/a><\/strong><\/p>\n<p>Un show para toda la familia, que invita a descubrir los sonidos latinoamericanos entre baile, risas y alegr\u00eda.<br \/>\n<strong><em>Edad recomendada: 4 a 7 a\u00f1os<\/em><\/strong><br \/>\n19 h &#8211; Auditorio de la Usina<br \/>\nGratis, con inscripci\u00f3n previa.<\/p>\n<p><strong><a href=\"http:\/\/www.buenosaires.gob.ar\/usinadelarte\/hip-hop-para-todes-por-andy-skill-y-male-duj\" target=\"_blank\" rel=\"noopener\">Hip hop para todes. Por Andy Skill y Male duj<\/a><\/strong><\/p>\n<p>Encuentro para disfrutar de la m\u00fasica urbana, aprender movimientos coreografiados y celebrar las risas entre los amigos.<br \/>\n<strong><em>Edad recomendada: 8 a 12 a\u00f1os<\/em><\/strong><br \/>\n19.30 h &#8211; Bajo Autopista de la Usina<br \/>\nGratis, con inscripci\u00f3n previa.<\/p>\n<\/div>","protected":false},"excerpt":{"rendered":"<p>La Usina del Arte invita a los vecinos a disfrutar de su programaci\u00f3n de verano que viene cargada de m\u00faltiples propuestas gratuitas y para toda la familia. Para este fin de semana se vienen shows en vivo, talleres de arte, actividades literarias, clases de cocina, juegos acu\u00e1ticos, entre muchas otras, de 17 a 20. Adem\u00e1s, [&hellip;]<\/p>","protected":false},"author":8,"featured_media":644086,"comment_status":"open","ping_status":"closed","sticky":false,"template":"","format":"standard","meta":[],"categories":[5],"tags":[],"series":[],"_links":{"self":[{"href":"https:\/\/www.diario5.com.ar\/es\/wp-json\/wp\/v2\/posts\/644085"}],"collection":[{"href":"https:\/\/www.diario5.com.ar\/es\/wp-json\/wp\/v2\/posts"}],"about":[{"href":"https:\/\/www.diario5.com.ar\/es\/wp-json\/wp\/v2\/types\/post"}],"author":[{"embeddable":true,"href":"https:\/\/www.diario5.com.ar\/es\/wp-json\/wp\/v2\/users\/8"}],"replies":[{"embeddable":true,"href":"https:\/\/www.diario5.com.ar\/es\/wp-json\/wp\/v2\/comments?post=644085"}],"version-history":[{"count":0,"href":"https:\/\/www.diario5.com.ar\/es\/wp-json\/wp\/v2\/posts\/644085\/revisions"}],"wp:featuredmedia":[{"embeddable":true,"href":"https:\/\/www.diario5.com.ar\/es\/wp-json\/wp\/v2\/media\/644086"}],"wp:attachment":[{"href":"https:\/\/www.diario5.com.ar\/es\/wp-json\/wp\/v2\/media?parent=644085"}],"wp:term":[{"taxonomy":"category","embeddable":true,"href":"https:\/\/www.diario5.com.ar\/es\/wp-json\/wp\/v2\/categories?post=644085"},{"taxonomy":"post_tag","embeddable":true,"href":"https:\/\/www.diario5.com.ar\/es\/wp-json\/wp\/v2\/tags?post=644085"},{"taxonomy":"series","embeddable":true,"href":"https:\/\/www.diario5.com.ar\/es\/wp-json\/wp\/v2\/series?post=644085"}],"curies":[{"name":"wp","href":"https:\/\/api.w.org\/{rel}","templated":true}]}}