{"id":643661,"date":"2022-01-06T10:04:12","date_gmt":"2022-01-06T13:04:12","guid":{"rendered":"https:\/\/www.diario5.com.ar\/verano-en-la-ciudad-shows-talleres-teatro-danza-y-mucho-mas\/"},"modified":"2022-01-11T16:17:47","modified_gmt":"2022-01-11T19:17:47","slug":"verano-en-la-ciudad-shows-talleres-teatro-danza-y-mucho-mas","status":"publish","type":"post","link":"https:\/\/www.diario5.com.ar\/es\/verano-en-la-ciudad-shows-talleres-teatro-danza-y-mucho-mas\/","title":{"rendered":"Verano en la Ciudad: shows, talleres, teatro, danza y mucho m\u00e1s"},"content":{"rendered":"<h2 class=\"sub-title-primary\"><\/h2> <div><iframe loading=\"lazy\" width=\"740\" height=\"416\" src=\"https:\/\/www.youtube.com\/embed\/eZYyVYXd5kE\" title=\"YouTube video player\" frameborder=\"0\" allow=\"accelerometer; autoplay; clipboard-write; encrypted-media; gyroscope; picture-in-picture\" allowfullscreen><\/iframe><\/p>\n<p><\/p>\n<p>La Ciudad contin\u00faa acercando su amplia programaci\u00f3n de actividades para disfrutar de forma presencial, en los diferentes espacios de la Ciudad y tambi\u00e9n online, a trav\u00e9s de las redes sociales y la plataforma Vivamos Cultura. Esta vez, con incre\u00edbles propuestas para disfrutar del verano con las medidas de prevenciones necesarias establecidos en los protocolos vigentes.<\/p>\n<p>En la <a href=\"http:\/\/www.buenosaires.gob.ar\/cultura\/verano-en-la-ciudad\">web de Cultura del Gobierno porte\u00f1o<\/a> se puede conocer toda la programaci\u00f3n de verano. Asimismo, en <a href=\"https:\/\/vivamoscultura.buenosaires.gob.ar\/\">Vivamos Cultura<\/a> los vecinos y vecinas tienen acceso a contenidos virtuales.<\/p>\n<p>\u00abEste verano el Ministerio de Cultura despliega una amplia variedad de actividades para que toda la familia disfrute de forma segura. La cultura tiene un rol fundamental en la vida de todos, es una herramienta para el desarrollo individual y colectivo. Por eso estamos convencidos de que juntos podemos participar de las propuestas y ser cuidadosos con las medidas de prevenci\u00f3n\u00bb, indic\u00f3 el ministro de cultura de la Ciudad, Enrique Avogadro.<\/p>\n<p>\n<\/p>\n<h3>Enero<br \/><\/h3>\n<p>Contin\u00faa el ciclo <strong>Harta del \u00c9xito<\/strong>: <strong>Los mejores fracasos de la literatura argentina<\/strong>, un ciclo de entrevistas a escritores y escritoras en torno a la tem\u00e1tica del fracaso, tanto en su obra como en la vida y en la historia de la literatura nacional. Todos los cap\u00edtulos, entre los que se encuentra una charla con Camila Sosa Villada, Marta Dillon y Mariana Enr\u00edquez entre otras grandes autoras, se pueden ver a trav\u00e9s de Vivamos Cultura. El lunes 10 de enero la periodista y escritora Liliana Viola entrevistar\u00e1 a la autora Paula P\u00e9rez Alonso.<\/p>\n<p>Llega una nueva edici\u00f3n del ciclo <strong>Noches de Verano<\/strong>, del 20 de enero al 20 de febrero en El Centro Cultural San Mart\u00edn, que incluye conciertos, cine, presentaciones de libros y obras de teatro:<\/p>\n<p><strong>M\u00fasica<\/strong><br \/>\nLos conciertos al aire libre, a los cuales se acceder\u00e1 de manera gratuita, ocupar\u00e1n un lugar privilegiado en la Plaza de las Am\u00e9ricas con cita a las 20. El 20 de enero, la artista Majo Chicar presentar\u00e1 su \u00e1lbum debut <strong>Desde ahora<\/strong>. El 21, Sof\u00eda Macchi interpretar\u00e1 canciones reversionadas de su primer disco junto a un adelanto de su nuevo trabajo. Por su parte, el mendocino Javier Montalto presentar\u00e1 canciones de su primer \u00e1lbum <strong>El hombre elefante<\/strong> y de su nuevo trabajo -que se editar\u00e1 pr\u00f3ximamente-, el s\u00e1bado 29.<\/p>\n<p><strong>Cine<\/strong><br \/>\nEl 22 de enero a las 20 se proyectar\u00e1 gratuitamente el documental <strong>El hombre alado<\/strong>, dedicado al m\u00fasico Gustavo Cerati. La pel\u00edcula fue dirigida por Felipe Restrepo, qui\u00e9n brindar\u00e1 una charla sobre el proceso creativo y art\u00edstico del documental junto a la periodista y locutora Corina Gonzalez Tejedor.<\/p>\n<p><strong>Artes esc\u00e9nicas<\/strong><br \/>\nHabr\u00e1 funciones de <strong>Interior<\/strong>, por Monomujer, el 21, 22 y 23 de enero. Ser\u00e1n desde las 18.30 hasta las 21.10 en el Espacio bar. Entrada general $600 a trav\u00e9s de Alternativa teatral. Al interior de un lugar deshabitado y subterr\u00e1neo, dos mujeres aparecen como dos oasis. Una de ellas est\u00e1 en la playa, la otra en el patio de una casa del Litoral. Es verano y es de noche. Descalzas, los pies \u00edntimos se dejan ver. Hablan desde su interior, porque decir aquello es decir una verdad. Se trata de dar un paseo en compa\u00f1\u00eda, para ver qu\u00e9 pasa ah\u00ed afuera, compuesto por dos micromon\u00f3logos de profunda confesi\u00f3n: <strong>La Perla<\/strong> y <strong>Mar\u00eda, alas de car\u00e1u<\/strong>.<\/p>\n<p>Funci\u00f3n de <strong>High Happening<\/strong>, dirigido por Fer Margonari y producido por Fran Du\u00e1rez, el mi\u00e9rcoles 26 de enero de 19 a 23. Entrada general $500 a trav\u00e9s de Alternativa teatral. Conducido por los artistas Juan Salmeri y Serena Vera, este evento es una manifestaci\u00f3n art\u00edstica multidisciplinaria con performances de teatro, m\u00fasica, moda, fotograf\u00eda, pintura y poes\u00eda. Las performances art\u00edsticas tendr\u00e1n una duraci\u00f3n de 15 minutos, con breves intervalos en donde el p\u00fablico degustar\u00e1 vino de forma gratuita.<\/p>\n<p><strong>Bienal de Performance<\/strong> el 22 y 29 de enero en el Teatro San Mart\u00edn. Iv\u00e1n Haidar realizar\u00e1 dos funciones dentro de la participaci\u00f3n del Complejo Teatral de Buenos Aires.<\/p>\n<p><strong>BA Audiovisual<\/strong> presenta el Cineclub del Pase Cultural del 13 de enero al 24 de febrero. Ciclo de proyecci\u00f3n de pel\u00edculas argentinas para p\u00fablico juvenil en barrios populares y polideportivos de la Ciudad. Se ver\u00e1n cuatro largometrajes argentinos. En la Comuna 8, de lunes a jueves: en el Anfiteatro de la Plaza Ram\u00f3n Carrillo, los jueves 13 y 27 de enero y 10 y 24 de febrero a partir de las 19; en el Anfiteatro Piedrabuena el 20 de enero, a las 20; En NIDO del Barrio 20, 26 de enero a las 18; en NIDO en Soldati, el 31 de enero a las 16 y en Barrio Mugica (Lugano), el 16 de febrero, a las 18. Actividad destinada a j\u00f3venes de 13 a 21 a\u00f1os.<\/p>\n<p><strong>Amor de verano<\/strong> en el Recoleta,  hasta el 27 de febrero. Contin\u00faa la campa\u00f1a lanzada el 2 de diciembre con una programaci\u00f3n gratuita de martes a domingos que incluye recitales en la terraza, obras de teatro en los patios, ferias, hip hop, beatbox, tardes Clave 13 de enero7 y muestras en salas de artes visuales. La capacidad es limitada y el ingreso es con reserva previa en www.centroculturalrecoleta.org. <\/p>\n<p><img decoding=\"async\" loading=\"lazy\" src=\"https:\/\/www.diario5.com.ar\/wp-content\/uploads\/2022\/01\/credito__gentileza_centro_cultural_recoleta_edited-1.jpg\" width=\"5200\" height=\"3467\" alt=\"\"><\/p>\n<p><strong>Programaci\u00f3n de enero<\/strong>:<br \/>\n<strong>Cantar al coraz\u00f3n<\/strong>: Los viernes la m\u00fasica toma la Terraza con un ciclo en el que las suaves melod\u00edas pop de Rosario Ortega se entrelazar\u00e1n con el  blues de garage de Las Sombras, la sensibilidad de un nuevo soul con An Espill, las sonoridades del indie y la m\u00fasica urbana con Florian, Santi Celli y Sof\u00eda Campos. Este ciclo tendr\u00e1 lugar los viernes a las 21.<\/p>\n<p><strong>Amor desenchufado<\/strong>: Ciclo de recitales ac\u00fasticos e \u00edntimos en los que se presentar\u00e1n grandes m\u00fasicos de la escena actual. Mar\u00eda Ezquiaga y Dennis Smith se presentar\u00e1n el viernes 14 de enero y Mica Basadoni junto a Paz Carrara el viernes 21. Pitucardi y Mogue lo har\u00e1n el viernes 28.<\/p>\n<p><strong>Aire de teatro<\/strong>: En este ciclo se podr\u00e1 disfrutar de obras de teatro al aire libre que tematizan el amor desde diferentes concepciones. Durante enero se podr\u00e1 ver <strong>Mirarnos as\u00ed hasta morirnos<\/strong>, dirigida por Dalia Elnecav\u00e9, los mi\u00e9rcoles 12, 19 y 26 de enero, a las 20.30 en el patio del aljibe.<\/p>\n<p><img decoding=\"async\" loading=\"lazy\" src=\"https:\/\/www.diario5.com.ar\/wp-content\/uploads\/2022\/01\/whatsapp_image_2022-01-04_at_14.31.10_1_0-1.jpeg\" width=\"1280\" height=\"853\" alt=\"\"><\/p>\n<p><strong>Amores de pel\u00edcula<\/strong>: Ofrece dos pel\u00edculas argentinas independientes sobre encuentros y desencuentros amorosos que podr\u00e1n disfrutarse en la terraza: <strong>Las Vegas<\/strong>, de Juan Villegas el mi\u00e9rcoles 12 de enero y <strong>Cet\u00e1ceos<\/strong> de Florencia Percia el mi\u00e9rcoles 19.<\/p>\n<p><strong>Talleres<\/strong>: Todos los martes desde el 11 de enero, habr\u00e1 actividades relacionados con el dibujo, la historieta, los memes y otros vinculados al medio ambiente y su cuidado; como el taller de plantas nativas. Participan Paula Boffo, Lucila Gradin, La Watson, Pedro Mancini, Paula Andrade, Lino Divas y Sonia Basch.<\/p>\n<p><strong>Tardes de diamante<\/strong>: Nuevo ciclo de folklore digital y downtempo, donde el DJ Villa Diamante ser\u00e1 anfitri\u00f3n y tendr\u00e1 lugar los domingos de enero y febrero a las 19.<\/p>\n<p><strong>Cultura Rap Copa verano Recoleta<\/strong>: Contin\u00faa con dos fechas en enero, los domingos 9 y 23 y otra dos en febrero, los domingos 6 y 20. Quien se ubique en la primera posici\u00f3n al concluir el torneo de freestyle organizado por Juanc\u00edn, obtendr\u00e1 10.000 puntos para el ascenso a FMS, la liga de alta competencia m\u00e1s importante del pa\u00eds.<\/p>\n<p><strong>Tardes clave<\/strong>: Desde el s\u00e1bado 15 de enero a las 17, se podr\u00e1 disfrutar de la presentaci\u00f3n especial de los seleccionados de Expedici\u00f3n Clave 2021 con m\u00fasica, danza, literatura, charlas, talleres y m\u00e1s actividades pensadas por y para adolescentes.<\/p>\n<p><strong>Cuando anochece<\/strong> es un ciclo de conciertos en el Anfiteatro del Parque Centenario, con entrada libre y gratuita hasta completar la capacidad por orden de llegada. El ciclo cuenta con conciertos de jazz, rock, folklore, pop y m\u00fasica klezmer y busca visibilizat en un \u00e1mbito de pr\u00e1ctica profesional, bajo los protocolos vigentes para las actividades culturales, a los m\u00fasicos y m\u00fasicas que se han formado en sus Institutos y programas de Arte. El ciclo se extender\u00e1 hasta febrero con m\u00e1s propuestas.<\/p>\n<p><strong>Programaci\u00f3n de enero<\/strong>:<br \/>\nMi\u00e9rcoles 5 de enero, a las 19  \u2013 Dan Hakim Grupo. Un grupo de amigos invita a disfrutar de la improvisaci\u00f3n musical a trav\u00e9s de la tradici\u00f3n del jazz, junto a elementos de la m\u00fasica del mundo fusionados en un nuevo g\u00e9nero experimental.<br \/>\nJueves 13, a las 19 \u2013 Cabeza de Elefante con una fusi\u00f3n que emerge del rock y danza con tintes de funk, pop, sin perder la esencia cancion\u00edstica, presentan su disco Despertando de la ceguera.<br \/>\nJueves 20, a las 19 \u2013 Elektra Strings.  Creado por Lucas Sena en 2020 es el primer cuarteto de cuerdas el\u00e9ctricas del pa\u00eds. Su repertorio propone un mix de  pop, rock y cl\u00e1sico con sonido electr\u00f3nico.<br \/>\nMi\u00e9rcoles 26, a las 19 \u2013 Segundo Mundo. Orquesta que toma la m\u00fasica klezmer como punto de partida para desarrollar un estilo propio: tango, rock, hip hop, gipsy y ritmos balc\u00e1nicos conviven con arreglos comprometidos y originales.<\/p>\n<p><strong>Visitas guiadas en Col\u00f3n F\u00e1brica<\/strong>, los s\u00e1bados, domingos y feriados de 12 a 18, durante todo el verano. Recorrido por el espacio destinado al guardado de escenograf\u00eda, utiler\u00eda y vestuario del Teatro Col\u00f3n, ubicado en el barrio de La Boca. M\u00e1s informaci\u00f3n en https:\/\/teatrocolon.org.ar\/es\/colon-fabrica <\/p>\n<p><img decoding=\"async\" loading=\"lazy\" src=\"https:\/\/www.diario5.com.ar\/wp-content\/uploads\/2022\/01\/whatsapp_image_2022-01-04_at_14.31.12_0-1.jpeg\" width=\"1280\" height=\"854\" alt=\"\"><\/p>\n<p><strong>Encuentros en el Club de Pase Cultural<\/strong> edici\u00f3n verano, durante enero y febrero  taller de artes pl\u00e1sticas y visita al taller de Le\u00f3n Ferrari en el Distrito de las Artes (s\u00e1bado 20 de enero a las 15); taller de pegatinas en el EcoParque (el jueves 10 de febrero a las 16); taller de escritura creativa en librer\u00eda adherida al Pase Cultural (el 27 de enero) y un encuentro de cierre con producci\u00f3n de fanzine colectivo (el 25 de febrero), narrando las experiencias vividas con el Club. El ciclo constar\u00e1 de cuatro encuentros y finalizar\u00e1 el 25 de febrero. Destinado a j\u00f3venes de 13 a 21 a\u00f1os. M\u00e1s informaci\u00f3n en https:\/\/pasecultural.buenosaires.gob.ar\/<\/p>\n<p><strong>Poseid\u00f3tica en el Anfiteatro del Parque Centenario<\/strong>, el 15 de enero a las 20. una banda cuya m\u00fasica instrumental, inspirada en el g\u00e9nero stoner con mezclas de psicodelia y rock progresivo, crea un espacio para que la audiencia se introduzca en un viaje mental, pasando por etapas de tranquilidad absoluta y otras de mayor intensidad. Al haber ausencia total de voces, el p\u00fablico se vincular\u00e1 enteramente con la m\u00fasica. El evento, organizado por la Direcci\u00f3n de M\u00fasica, celebra, adem\u00e1s, los 21 a\u00f1os de Poseid\u00f3tica. En esta oportunidad se presentar\u00e1 como banda invitada Elefante Guerrero, que abre paso y pisa con fuerza en el mundo de la m\u00fasica stoner.<\/p>\n<p><strong>Calles Culturales<\/strong> del 15 de enero al 1\u00ba de marzo. Coordinaci\u00f3n de cortes especiales sobre 5 corredores culturales singulares de la Ciudad; en Abasto, Villa Crespo, Chacarita, Paternal y Microcentro que contar\u00e1n con programaci\u00f3n en el espacio p\u00fablico.<\/p>\n<p><img decoding=\"async\" loading=\"lazy\" src=\"https:\/\/www.diario5.com.ar\/wp-content\/uploads\/2022\/01\/descripcion_verano_en_la_ciudad-1.jpeg\" width=\"4898\" height=\"3265\" alt=\"\"><\/p>\n<p><strong>Verano Moderno<\/strong>: <br \/>\n<strong>Juguetes modernos<\/strong>, del 5 al 9 de enero y del 24 al 31 de enero. Taller para infancias donde se trabaja con recursos pedag\u00f3gicos como juguetes, libros y piezas para armar entre otros. Pensado para ni\u00f1os de 4 a 7 a\u00f1os.<\/p>\n<p><strong>El camino de las manchas<\/strong>, taller de pintura inspirada en las obras del Museo Moderno. Ser\u00e1 el 5 de enero, destinado a preadolescentes de 8 a 12 a\u00f1os.<\/p>\n<p><strong>Los nuevos amigos<\/strong>, el 6 de enero, Taller  de escultura con materiales diversos. Para ni\u00f1os de 4 a 7.<br \/>\n<strong>Un experimento de terror y fantas\u00eda<\/strong>, el 7 de enero. Taller de ciencia y arte donde se crear\u00e1n accesorios con formas de ojos. Para preadolescentes de 8 a 12 a\u00f1os.<br \/>\n<strong>Mi caja musical<\/strong>, el 8 de enero. Taller de m\u00fasica para primera infancia, ni\u00f1os de 0 a 3 a\u00f1os.<br \/>\n<strong>Cartas de magia y ternura<\/strong>, el 8 de enero. Taller de creaci\u00f3n de mazos de cartas inspirados en la cultura japonesa, para chicos de 8 a 12 a\u00f1os.<br \/>\n<strong>Imaginar la ciudad<\/strong>, el 9 de enero. Taller de arquitectura y construcci\u00f3n de ciudades, para preadolescentes de 8 a 12 a\u00f1os.<br \/>\n<strong>Tardes modernas<\/strong>, el 9 de enero. Taller al aire libre a partir de diversas t\u00e9cnicas como el dibujo, collage y pintura.<br \/>\n<strong>Armar y desarmar el mundo<\/strong>, del 10 de enero al 16 de enero y del 31 de enero al 6 de febrero. Taller de escultura con piezas Tegu, para ni\u00f1os de  4 a 7 a\u00f1os.<br \/>\n<strong>Laberinto de ideas y colores<\/strong>, el 10 de enero. Taller de pintura a partir de la experimentaci\u00f3n con el color, para preadolescentes de 8 a 12 a\u00f1os.<br \/>\n<strong>Un hogar de plastilina<\/strong>, el 11 de enero. Taller de modelado de plastilina y creaci\u00f3n de personajes fant\u00e1sticos. Para ni\u00f1os de 4 a 7 a\u00f1os.<br \/>\n<strong>La ciencia del color<\/strong>, el 13 de enero. Taller de ciencia para crear acuarelas artesanales, para preadolescentes de 8 a 12 a\u00f1os.<br \/>\n<strong>Medusas luminosas<\/strong>, el 14 de enero. Taller de creaci\u00f3n de objetos brillantes, para ni\u00f1os de 4 a 7 a\u00f1os.<br \/>\n<strong>Los materiales como pistas<\/strong>, el 15 y 22 de enero. Taller de creaci\u00f3n art\u00edstica en base a ejercicios experimentales, para preadolescentes de 8 a 12 a\u00f1os.<br \/>\n<strong>Ecosistema de papel<\/strong>, el 15 de enero. Taller de papercraft para realizar objetos con formas de animales. Para preadolescentes de 8 a 12 a\u00f1os.<br \/>\n<strong>El talism\u00e1n del amor<\/strong>, el 16 de enero. Taller de creaci\u00f3n de amuletos a partir de materiales reciclables. Para preadolescentes de 8 a 12 a\u00f1os.<br \/>\n<strong>Mi verano favorito<\/strong>, del 17 al 23 de enero. Taller de dibujo a partir de la idea del verano. Para ni\u00f1os de  4 a 7 a\u00f1os.<br \/>\n<strong>Mi piel es un arcoiris multicolor<\/strong>, el 17 de enero. Taller de dibujo y exploraci\u00f3n de los colores de la piel. Para preadolescentes de 8 a 12 a\u00f1os.<br \/>\n<strong>Mapas de huellas y emociones<\/strong>, el 19 de enero. Taller para crear estampas a partir de la t\u00e9cnica del grabado. Para preadolescentes de 8 a 12 a\u00f1os.<br \/>\n<strong>Mis tierras, mis ritmos<\/strong>, el 20 de enero. Taller de baile afroargentinos. Para j\u00f3venes de 13 a 21.<br \/>\n<strong>Mover, crear y celebrar<\/strong>, el 21 de enero. Taller de movimiento y baile para ni\u00f1os, para primera infancia de 0 a 3.<br \/>\n<strong>Nuevas melod\u00edas<\/strong>, el 22 de enero. Taller de m\u00fasica y creaci\u00f3n de instrumentos, para j\u00f3venes de 13 a 21.<br \/>\n<strong>Brillos modernos<\/strong>, el 23 de enero. Taller para intervenir ropa a partir de intervenci\u00f3n de telas. Para preadolescentes de 8 a 12 a\u00f1os.<br \/>\n<strong>Ronda de canciones<\/strong>, el 23 de enero. Espect\u00e1culo musical para ni\u00f1os.<br \/>\n<strong>Puntos infinitos<\/strong>, el 24 de enero. Taller de dibujo a partir de la figura del c\u00edrculo, para ni\u00f1os de 4 a 7.<br \/>\n<strong>Un mensaje para regalar<\/strong>, el 26 de enero. Taller para armar cartas en base al movimiento <strong>arte correo<\/strong>, para preadolescentes de 8 a 12 a\u00f1os.<br \/>\n<strong>Mi propio fanzine<\/strong>, el 27 de enero. Taller para crear un fanzine, publicaci\u00f3n hecha con materiales accesibles. Para j\u00f3venes de 13 a 21.<br \/>\n<strong>Mi coraz\u00f3n es un escenario<\/strong>, el 28 de enero. Taller de teatro para representar personajes inspirados en las obras  del museo. Para preadolescentes de 8 a 12 a\u00f1os.<br \/>\n<strong>Mini performers<\/strong>, el 29 de enero. Taller para conocer la t\u00e9cnica performance e interpretar sensaciones a partir del cuerpo. Para preadolescentes de 8 a 12 a\u00f1os.<br \/>\n<strong>Laboratorio de sonido<\/strong>, el 29 de enero. Taller de experimentaci\u00f3n sonora para entrenar el o\u00eddo e improvisar sonidos y canciones. Para preadolescentes de 8 a 12 a\u00f1os.<br \/>\n<strong>Texturas de verano<\/strong>, el 30 de enero. Taller de collage inspirado en el verano y las vacaciones. Para preadolescentes de 8 a 12 a\u00f1os.<br \/>\n<strong>Dibujo colectivo<\/strong>, el 30 de enero. Taller para realizar un dibujo entre todos los participantes a partir de consignas creativas.<br \/>\n<strong>Misteriosa cercan\u00eda<\/strong>, el 31 de enero. Taller para conocer la t\u00e9cnica del Assemblage  y crear obras con texturas diversas. Para ni\u00f1os de 4 a 7.<br \/>\nM\u00e1s informaci\u00f3n en https:\/\/museomoderno.org\/agenda\/verano-moderno\/<\/p>\n<p><img decoding=\"async\" loading=\"lazy\" src=\"https:\/\/www.diario5.com.ar\/wp-content\/uploads\/2022\/01\/musica_fernandez_blanco_6_edited-1.jpg\" width=\"3696\" height=\"2448\" alt=\"\"><\/p>\n<p><strong>Verano en los barrios<\/strong>, del 6 de enero al 28 de febrero. Talleres, salidas y ciclos de eventos culturales en los barrios. Los Museos de la Ciudad abrir\u00e1n sus puertas de mi\u00e9rcoles a domingos con actividades para todas las edades y especial foco en j\u00f3venes e infancia. Del 7 de enero al 20 de febrero, de viernes a domingos de 17 a 22, habr\u00e1 shows, talleres, artes visuales, cine, teatro, visitas nocturnas, rituales de co-creaci\u00f3n, actividades recreativas, encuentro con artistas, gastronom\u00eda, entre muchas otras, en los museos de la Ciudad: el Museo S\u00edvori, Museo Larreta, Buenos Aires Museo, Casa Carlos Gardel, Museo de Arte Popular, Torre Monumental, Museo Fern\u00e1ndez Blanco, Museo Luis Perlotti y Museo del Cine. Habr\u00e1 muestras en acci\u00f3n, afters y visitas nocturnas. Todas las actividades ser\u00e1n con protocolo sanitario vigente, por lo que ser\u00e1n reserva previa por aforo y distancia.<\/p>\n<p><strong>Museos gu\u00eda<\/strong> reunir\u00e1 actividades participativas y de co-creaci\u00f3n, instalaciones interactivas y encuentros junto a artistas contempor\u00e1neos. Entre ellas estar\u00e1n Rituales, sesiones de co-creaci\u00f3n junto a duplas de artistas contempor\u00e1neos como KtrlV y RNDR, Consuelo Vidal y Tester Mariano, Belen Lopez de Carlo y Josefina Porro y Paul Sende, en los museos S\u00edvori y Larreta; <strong>After Ilustrados<\/strong>, encuentros participativos de gastronom\u00eda e ilustraciones en el Museo Isaac Fernandez Blanco, guiados por las ilustradoras bot\u00e1nicas Lucila Dom\u00ednguez (Lucilismo), Eugenia Hern\u00e1ndez, Camila Berrondo, Agustina Lemoine;<\/p>\n<p>Muestras en acci\u00f3n, talleres, visitas guiadas nocturnas, proyecciones y performances alrededor de las muestras de los Museos BA; Doble clic: recorridos especiales con distintos referentes en los temas que aborda el Buenos Aires Museo.<\/p>\n<p><strong>Disfrute Nocturno<\/strong> propone de shows musicales, obras y actividades en los jardines de los museos Eduardo S\u00edvori y Enrique Larreta. En Museos Anfitriones, los Museos BA y Festivales BA se unen, generando ciclos de m\u00fasica y artes esc\u00e9nicas. Los mi\u00e9rcoles, el Festival Internacional de Buenos Aires (FIBA), presentar\u00e1 artes esc\u00e9nicas locales en los jardines del Museo Larreta. Cada fecha tendr\u00e1 una presentaci\u00f3n de <strong>Lecturas ardientes<\/strong>, en el que referentes de la escena leer\u00e1n textos inspirados en el verano y el calor. Luego de las lecturas habr\u00e1 un show musical y\/o teatral distinto en el marco de <strong>#FIBA Bajo las estrellas<\/strong>. Los jueves en el Museo Larreta, el Festival Internacional de Jazz har\u00e1 veladas bajo la luz de la luna, con conciertos de cuartetos a sextetos del g\u00e9nero. S\u00e1bados y domingos el Museo S\u00edvori ser\u00e1 el escenario en el que Festival Ciudad Emergente tendr\u00e1 un ciclo de shows de bandas y artistas emergentes de rock, electr\u00f3nica, indie, pop y m\u00fasica urbana. Viernes, s\u00e1bados y domingos de 18 a 22 en el Buenos Aires Museo, estar\u00e1 <strong>Terraza a todo ritmo<\/strong>, un ciclo de fiestas en la terraza del museo, con artistas referentes de m\u00fasica electr\u00f3nica, sonidos urbanos y cl\u00e1sicos de todos los tiempos. El primer fin de semana presentar\u00e1 a Rik4perry y Bianca Lif el viernes y Emiliata y diyaneiro el s\u00e1bado, abriendo el ciclo de fiestas silent con auriculares. Estas fiestas silent se repetir\u00e1n todos los s\u00e1bados a la noche, con diferentes artistas en este formato donde quienes asistan podr\u00e1n decidir qu\u00e9 experiencia musical vivir. Adem\u00e1s, un domingo al mes en el Museo Casa Carlos Gardel habr\u00e1 actividades especiales del Festival y Mundial Tango BA. Tambi\u00e9n habr\u00e1 visitas nocturnas para conocer y disfrutar los museos de noche.<\/p>\n<p>En <strong>Minimuseos<\/strong>, los m\u00e1s chicos encontrar\u00e1n en la cultura un puente para expresarse, crear y divertirse, con actividades especialmente dise\u00f1adas para ellos. Talleres, espect\u00e1culos de teatro,  shows de m\u00fasica y actividades l\u00fadicas. Este a\u00f1o se suma <strong>Minimuseos Abuelos<\/strong>, un espacio para que juntos, nietos y abuelos, compartan y sean protagonistas. Para ni\u00f1os de 8 a 12 a\u00f1os, en Casa Carlos Gardel estar\u00e1 <strong>Escape en 20\u2019<\/strong>, un juego en el que los participantes tendr\u00e1n 20 minutos para descubrir y decodificar entre todos las partituras musicales escondidas en las salas del Museo y as\u00ed poder salir. Para ni\u00f1os de entre 4 y 7 a\u00f1os, los jueves en el Museo Enrique Larreta y los s\u00e1bados en el Museo S\u00edvori, habr\u00e1 shows musicales. Participar\u00e1n Agua de sol, Cot\u00e9 te canta, Adriana y Julieta, Peque\u00f1o Pez, Mundo Arlequin, Mecache Rock y Raviolis. Adem\u00e1s, los jueves en el Museo Ferndanez Blanco, estar\u00e1 la obra de teatro participativa para ni\u00f1os <strong>\u00bfD\u00f3nde est\u00e1 Alicia?<\/strong>.<\/p>\n<p>En Apoyo al sector habr\u00e1 actividades especialmente pensadas para impulsar a los artistas. En Entrenamientos Culturales se ceder\u00e1 espacios para que docentes puedan dar clases al aire libre. Ser\u00e1 de mi\u00e9rcoles a s\u00e1bado en los jardines del Museo Fernandez Blanco y en el patio del Museo de Arte Popular. Adem\u00e1s, se realizar\u00e1n 3 ediciones de la feria de arte gr\u00e1fico y arte en peque\u00f1o formato<\/p>\n<p><strong>Fuera de Serie<\/strong>, para que diferentes artistas puedan exponer y comercializar sus obras en el Museo Fernandez Blanco. En el Museo S\u00edvori se realizar\u00e1 Libro de Artistas, un ciclo en el que distintos artistas podr\u00e1n presentar sus nuevos libros. Adem\u00e1s, se ceder\u00e1 un espacio en el Museo Enrique Larreta para que La Galera Encantada presente dos de sus espect\u00e1culos: los s\u00e1bados de enero a las 18 estar\u00e1 <strong>Mal\u00e9fica, una bella en apuros<\/strong> y los s\u00e1bados 5, 12 y 19 de febrero <strong>Mar\u00eda Elena<\/strong>. Estos espect\u00e1culos ser\u00e1n con entrada, que estar\u00e1n disponibles por el sitio Alternativa Teatral. Tambi\u00e9n habr\u00e1 un concierto de Santiago V\u00e1squez.<\/p>\n<p><strong>Ciclo Cine en el Espacio P\u00fablico<\/strong> todos los s\u00e1bados a las 21 en el Casco Hist\u00f3rico de la Ciudad. Un ciclo de cine al aire libre del Buenos Aires Festival Internacional de Cine Independiente (BAFICI). Se presentar\u00e1n 7 films que formaron parte de distintas ediciones del festival. Adem\u00e1s, el domingo 30 de enero y los domingos 6 y 13 de febrero a las 18, habr\u00e1 talleres de ilustraci\u00f3n para ni\u00f1os y j\u00f3venes en el Buenos Aires Museo, inspirados en el ecosistema cultural del Casco Hist\u00f3rico. Estar\u00e1n dictados por las ilustradoras Lu Paul, Lu Perini y Mechi Ruggiero.<\/p>\n<p><strong>Actividades para chicos en la Usina del Arte<\/strong>. Del 7 de enero al 20 de febrero, viernes, s\u00e1bados y domingos de 17 a 20:30, habr\u00e1 actividades para chicos y chicas en segmentos de 0 a 3, de 4 a 7 y de 8 a 12 a\u00f1os, basadas en tres ejes: expresar, conocer y jugar y disfrutar.  Todas las actividades son con reserva previa.<\/p>\n<p><strong>Para chicos de 0 a 3 a\u00f1os<\/strong>, todos los d\u00edas, estar\u00e1 IUPIIIII, el primer espacio cultural para la primera infancia en la Ciudad. Con estaciones l\u00fadicas que potencian la sensorialidad, la sorpresa y el juego. Los domingos a las 18 podr\u00e1n disfrutar de <strong>Garabatos XXL<\/strong>, una actividad de exploraci\u00f3n sensorial para que los m\u00e1s chiquitos hagan arte.<\/p>\n<p><strong>Para el segmento de 4 a 7 a\u00f1os<\/strong>, a las 17 estar\u00e1 <strong>Escenas Curiosas<\/strong>: ciclo infantil de micro escenas teatrales que despiertan la curiosidad y el entusiasmo por el teatro. Participar\u00e1n Circo Loyola, Sin Julepe, Mago Kahpu, Arte activo, Chukrun, Campanita, Eitis magia, Los Ludic, El circuete, El show de azu,  Compa\u00f1\u00eda Amichis, Capotina y Titirirrisas, entre otros. A las 19 se llevar\u00e1 a cabo <strong>Esto es un Hit<\/strong>, que celebrar\u00e1 los \u00e9xitos musicales de grupos infantiles actuales y reconocidos como Raviolis, Laberinto Masticable, Cot\u00e9, Hab\u00eda una vez rock, Cantando con Adriana y Bailando con Julieta, Mundo Arlequin, Mecache Rock, Rayos y Centellas, Los Rockan, Koufequin, Bigolates de chocote, Peque\u00f1o Pez, Nilocos, Agua de Sol, Los Cazurros, Kabradepata, Cien Volando, Desenchufados, Plan Ve &#8211; El mago de Oz y Les Ivans.Viernes y s\u00e1bados a las 18 estar\u00e1 Splash! Juegos con agua, un circuito l\u00fadico y recreativo para divertirse en juegos de agua. Los domingos a las 18 estar\u00e1 <strong>Usina Acrob\u00e1tica<\/strong>, donde cada chico descubrir\u00e1 el universo del circo mientras co-crea piruetas y trucos. Equilibrios, malabares e ilusiones para mover el cuerpo y desafiar la mente.<\/p>\n<p><img decoding=\"async\" loading=\"lazy\" src=\"https:\/\/www.diario5.com.ar\/wp-content\/uploads\/2022\/01\/usina-taller_mascaras-cont_0-1.jpg\" width=\"960\" height=\"640\" alt=\"\"><\/p>\n<p><strong>Para chicos de  8 a 12 a\u00f1os<\/strong>, los viernes a las 19:30 se realizar\u00e1 <strong>Ola Freestyle<\/strong>, un encuentro de improvisaci\u00f3n de freestyle para que liberen la letra que hay en ellos. S\u00e1bados y domingos a la misma hora estar\u00e1 Pandilla Danza Urbana, un taller para bailar danzas urbanas que van desde el hip-hop y el breakdance hasta el trap y el reggaet\u00f3n. Tambi\u00e9n estar\u00e1 Stencil a la calle, con talleres de afiches urbanos, Stencil sonoro expresivo, Paste Up y creaci\u00f3n de posters.<\/p>\n<p>Habr\u00e1 diferentes talleres para ni\u00f1os y ni\u00f1as de 4 a 7 y de 8 a 12 a\u00f1os: Viernes, s\u00e1bados y domingos de 18 a 20 estar\u00e1 <strong>Arte en la pradera<\/strong>, una tarde creativa al aire libre para inspirarse en las formas, colores y texturas del  entorno; Y <strong>Un verano en acuarelas<\/strong>: con Enigma en colores, se realizar\u00e1 un recorrido en familia por la exhibici\u00f3n <strong>Retratos de cuarentena<\/strong>, con propuestas l\u00fadicas, pistas y acertijos. En Retratos al agua, inspirados por las obras de Ignacio de Lucca, chicos y chicas experimentar\u00e1n con l\u00e1pices acuarelables y crear\u00e1n su propia exhibici\u00f3n de retratos.<\/p>\n<p>Las letras tendr\u00e1n su espacio los s\u00e1bados a las 18 con <strong>Historias de la Ciudad<\/strong> y los domingos a la misma hora con <strong>Domingos de Campa libros<\/strong>. Los s\u00e1bados a las 18 se realizar\u00e1 el ciclo <strong>Eco-Chicxs &#8211; Usina Sustentable<\/strong>, con talleres sobre huerta, hidroponia, ecolog\u00eda y sustentabilidad. La Desf\u00e1brica de juguetes, Pukis juguetes de trapo y costura creativa, Taller de Huerta, Taller de Compostaje y mucho m\u00e1s.<\/p>\n<p>Los domingos a las 18 estar\u00e1 <strong>Cocina &#038; Arte para refrescar<\/strong>, con actividades y talleres de gastronom\u00eda: Tarde de jugos frutales e intervenci\u00f3n de vasos reciclados; Tarde multisensorial para explorar los sentidos olfativos con la creaci\u00f3n de plantines arom\u00e1ticos; Creaci\u00f3n de individuales y cocina con granos y semillas; Composici\u00f3n visual con alimentos saludables; Exprimidos de frutas y verduras y creaci\u00f3n de posavasos con sellos.<\/p>\n<p>En su nueva temporada, la propuesta de videotutoriales del Programa Cultural en Barrios <strong>C\u00e1psulas en Red<\/strong>, invita a vecinos y vecinas de la Ciudad a seguir aprendiendo baile, m\u00fasica, pintura y artes visuales, entre otras disciplinas art\u00edsticas y culturales. Las entregas son semanales, de corta duraci\u00f3n y realizadas por talleristas del Programa. Se pueden encontrar todos los lunes en Vivamos Cultura.<\/p>\n<p><strong>Ciclo Verano Cine M\u00f3vil<\/strong> del 6 de enero hasta el 17 de febrero. El Programa que difunde el cine nacional por los distintos barrios de la Ciudad realizar\u00e1 un ciclo de verano al aire libre en el que se proyectar\u00e1n pel\u00edculas de distintos directores y directoras argentinas. La programaci\u00f3n se encuentra detallada en www.buenosaires.gob.ar\/promocioncultural. Las proyecciones se realizan con aforo reducido, determinado por orden de llegada. Al ingresar al espacio delimitado para la funci\u00f3n, el p\u00fablico deber\u00e1 pasar por un stand de higienizaci\u00f3n.<\/p>\n<p><img decoding=\"async\" loading=\"lazy\" src=\"https:\/\/www.diario5.com.ar\/wp-content\/uploads\/2022\/01\/header_verano_en_la_ciudad-1.jpeg\" width=\"3008\" height=\"2008\" alt=\"\"><\/p>\n<h3>Febrero<br \/><\/h3>\n<p><strong>Verano Moderno<\/strong>:<br \/>\n<strong>Familia de m\u00e1scaras sensacionales<\/strong>, el 2 de febrero. Taller de creaci\u00f3n de m\u00e1scaras inspiradas en el carnaval. Para preadolescentes de 8 a 12 a\u00f1os.<\/p>\n<p><strong>Mi jard\u00edn nativo<\/strong>, el 3 de febrero. Taller de siembra de plantas nativas y compost.. Para preadolescentes de 8 a 12 a\u00f1os.<br \/>\n<strong>Un museo dibujado<\/strong>, el 4 de febrero. Taller para dibujar los espacios del Museo Moderno, sus obras y visitantes.  Para preadolescentes de 8 a 12 a\u00f1os.<br \/>\n<strong>Microscop\u00eda<\/strong>, el 5 de febrero. Taller de pintura para investigar las texturas microsc\u00f3picas. Para preadolescentes de 8 a 12 a\u00f1os.<br \/>\n<strong>El or\u00e1culo del dibujo<\/strong>, el 5 de febrero. Taller de dibujo en base a preguntas, esoterismo y astrolog\u00eda.  Para preadolescentes de 8 a 12 a\u00f1os. Este taller cuenta con adaptaciones para personas con discapacidad motriz.<br \/>\n<strong>M\u00fasica para todos<\/strong>, el 6 de febrero. Taller de creaci\u00f3n de canciones a partir de instrumentos variados. Para preadolescentes de 8 a 12 a\u00f1os.<br \/>\n<strong>Verano von rueda<\/strong>, el 6 de febrero. Espect\u00e1culo musical para ni\u00f1os a partir del mundo del circo, los clowns y la fantas\u00eda.<\/p>\n<p>Ciclos curados especialmente y estrenos internacionales y nacionales en la Sala Lugones del Teatro San Mart\u00edn. Del 10 al 27 de febrero se suceder\u00e1n pel\u00edculas en esta sala de culto dentro de la escena de la Ciudad de Buenos Aires.<\/p>\n<p><strong>14\u00aa edici\u00f3n del FIBA<\/strong> del 25 de febrero al 6 de marzo. La 14\u00aa. edici\u00f3n del Festival Internacional de Buenos Aires que re\u00fane lo mejor del teatro, danza, m\u00fasica y artes visuales en salas y en el espacio p\u00fablico.Es el festival del verano de la Ciudad, que convoca a vecinos y a turistas a disfrutar de los mejores artistas nacionales e internacionales, a trav\u00e9s de performances, obras y recorridos urbanos diversos con intervenciones en el Espacio P\u00fablico y programaci\u00f3n de obras en lugares no convencionales, por fuera de las salas teatrales habituales.<\/p>\n<p>Contin\u00faa el ciclo <strong>Amor de verano<\/strong> en el Recoleta.<br \/>\n<strong>Habl\u00e1ndole al coraz\u00f3n<\/strong>: Este ciclo va a aproximarse al tema del amor desde distintas perspectivas. Ser\u00e1 una oportunidad para adentrarse en este universo que no conoce fronteras de edad, g\u00e9neros, culturas ni nacionalidades y que nos hace sentir m\u00e1s vivos y vivas que nunca. Participan Fabian Casas, el mi\u00e9rcoles 2 de febrero a las 19.30 y Maia Debowicz el mi\u00e9rcoles 9 de febrero a las 19.30.<\/p>\n<p><strong>Aire de teatro<\/strong>: En febrero se podr\u00e1n ver <strong>Mirarnos as\u00ed hasta morirnos<\/strong>, dirigida por Dalia Elnecav\u00e9 y <strong>Enamorarse es hablar corto y enredado<\/strong>, de Leandro Airaldo.<\/p>\n<p><strong>Cantar con el coraz\u00f3n<\/strong>:  Sigue en febrero con Ani Espil, el 4 de febrero a las 21, Florian el 11 de febrero a las 21 y Las Sombras el 18 de febrero a las 21.<\/p>\n<p><strong>Amor desenchufado<\/strong>: El ciclo de ac\u00fasticos en los patios contin\u00faa con la presentaci\u00f3n de Juli\u00e1n Desbats y Marton Marton el viernes 4 de febrero, Mar\u00eda Codino y Lola Cobach el viernes 11 de febrero y Chechi de Marcos junto a Kastiello el viernes 18 de febrero. Adem\u00e1s contin\u00faan las tardes de diamante, los talleres, tardes clave, silent party y mucho m\u00e1s. El ingreso es con reserva previa en centroculturalrecoleta.org<\/p>\n<p><strong>Terrazas Lun\u00e1ticas<\/strong> en el CC 25 de Mayo, del 3 de febrero al 20 de marzo. Vuelve la terraza m\u00e1s linda de Villa Urquiza para compartir las noches de verano con espect\u00e1culos a cielo abierto, bajo las estrellas. Cine, performance , teatro, danza y m\u00fasica para adultos j\u00f3venes de 22 a 40.<\/p>\n<p><strong>Terrazas musicales<\/strong> del 6 de febrero al 13 de marzo en el CC 25 de Mayo. Se har\u00e1 la presentaci\u00f3n de estudiantes y egresados de los Conservatorios pertenecientes a la Direcci\u00f3n General de M\u00fasica.<\/p>\n<p><img decoding=\"async\" loading=\"lazy\" src=\"https:\/\/www.diario5.com.ar\/wp-content\/uploads\/2022\/01\/verano_2022_0_0-1.jpg\" width=\"3470\" height=\"2313\" alt=\"\"><\/p>\n<p>El ciclo <strong>Noches de Verano<\/strong>, en el Centro Cultural San Mart\u00edn, continuar\u00e1 hasta el 20 de febrero con diferentes propuestas:<\/p>\n<p><strong>M\u00fasica<\/strong><br \/>\nElis Garc\u00eda se presentar\u00e1 el jueves 3 de febrero junto a su grupo Humana. Tom\u00e1s Clavano, acompa\u00f1ado por una puesta audiovisual, ofrecer\u00e1 un show de canciones en formato tr\u00edo el viernes 4 de febrero. El viernes 11 de febrero se presentar\u00e1 la tanguera Lorena Tosso y el 12 de febrero habr\u00e1 un concierto de m\u00fasica urbana a cargo del festival Grl Pwr. Finalmente, Josefina Scaglione, la reconocida actriz internacional, tambi\u00e9n brindar\u00e1 un concierto el s\u00e1bado 19 de febrero.<\/p>\n<p><strong>Presentaciones de libros<\/strong><br \/>\nEl 10 de febrero a las 20 Tom\u00e1s Balmaceda presentar\u00e1 <strong>Filosof\u00eda On Demand<\/strong>, su nuevo libro, que invita a filosofar desde la experiencia de los contenidos de una serie de televisi\u00f3n, dejando de lado prejuicios y viejas creencias. Y el 18 de febrero a las 20 la escritora y periodista cultural Silvia Hopenhayn, conversar\u00e1 con el p\u00fablico acerca de su \u00faltima novela <strong>Vengo a buscar las herramientas<\/strong>.<\/p>\n<p><strong>Artes esc\u00e9nicas<\/strong><br \/>\nHabr\u00e1 funci\u00f3n de <strong>T\u00fa y yo<\/strong>, por Mabel y los Inmaculados, el s\u00e1bado 5 de febrero a las 20 en la Plaza de las Am\u00e9ricas. Duraci\u00f3n 50&#8242;. Entrada general $500 a trav\u00e9s de tuentrada.com. El proyecto de teatro y m\u00fasica latina, liderado por la desbordada diva kitsch Maby Salerno, presenta a una consultora amorosa que, junto a la colaboraci\u00f3n de sus inmaculados musos inspiradores, trabaja para terminar con la soledad y el desamor en el mundo.<\/p>\n<p><strong>Perritos de porcelana contra el p\u00fablico<\/strong>, por Los Pipis Teatro, se presentar\u00e1 los domingos 6, 13 y 20 de febrero a las 20 en el Patio cubierto. Duraci\u00f3n 60\u2019. Entrada general $500 a trav\u00e9s de tuentrada.com. Los cuatro personajes de esta historia, a fin de cuentas, buscan algo. Una distracci\u00f3n, un amor, una aventura o quiz\u00e1s lo que realmente intentan encontrar es a un otro que los comprenda.<\/p>\n<p><strong>Presentaci\u00f3n de Disney en el Teatro Col\u00f3n<\/strong> los d\u00edas 11, 12, 13, 15, 16, 17, 18, 19 y 20 de febrero. Para p\u00fablico general. Coproducci\u00f3n Disney-Teatro Col\u00f3n, con m\u00fasica de distintas pel\u00edculas y orquesta del Teatro Col\u00f3n.<\/p>\n<p><strong>\u00bfQui\u00e9n es Clara Wieck?<\/strong> del 16 al 27 de febrero en el Teatro San Mart\u00edn. Una bio ficci\u00f3n sobre la pianista m\u00e1s influyente y aclamada del siglo XIX, protagonizada por Annie Dutoit, hija de Martha Argerich y del director de orquesta Charles Dutoit. ATP.<\/p>\n<p><strong>Cae la noche tropical<\/strong> del 16 al 27 de febrero, en el Teatro San Mart\u00edn. Leonor Manso e Ingrid Pelicori componen a dos hermanas que se niegan a darse por vencidas. Versi\u00f3n esc\u00e9nica de la \u00faltima novela de Manuel Puig.<\/p>\n<p><strong>Las Cautivas<\/strong> en el Teatro de la Ribera, del 18 al 27 de febrero. Las Cautivas, de Mariano Tenconi Blanco, es un regreso al origen de la literatura argentina que propone repensar la mitolog\u00eda nacional. Con Laura Paredes y Lorena Vega. P\u00fablico: para mayores de 16 a\u00f1os.<\/p>\n<p><strong>Abasto Barrio Cultural<\/strong>. El 18 y 19 de febrero. Presentaci\u00f3n en el espacio p\u00fablico de Abasto Barrio Cultural, donde se realizar\u00e1n actividades en los circuitos que luego ser\u00e1n intervenidos con la obra urbana.  Se programar\u00e1n actividades gratuitas en conjunto con los espacios culturales de la Ciudad. Un fin de semana con acciones que incluir\u00e1n distintas manifestaciones de la cultura barrial, en 3 escenarios p\u00fablicos (en las Escalinatas del Abasto, Parque de la Estaci\u00f3n y Patio Salguero), 4 escenarios en las calles Aguero y Humahuaca, una Feria gastron\u00f3mica en Ag\u00fcero y m\u00e1s de 90 propuestas art\u00edsticas gratuitas para todos los p\u00fablicos.<\/p>\n<p>Todas las actividades se realizar\u00e1n bajo el protocolo para el desarrollo de actividades esc\u00e9nicas con p\u00fablico. En caso de eventos en lugares cerrados o abiertos de m\u00e1s de 1.000 personas, ser\u00e1 obligatorio presentar para el ingreso de personas mayores a 13 a\u00f1os <strong>la acreditaci\u00f3n del esquema completo de vacunaci\u00f3n contra el COVID-19<\/strong> aplicado al menos 14 d\u00edas antes de la asistencia a la actividad.<\/p>\n<p>La forma de acreditaci\u00f3n  ser\u00e1 a trav\u00e9s de la aplicaci\u00f3n denominada <strong>Cuidar<\/strong> \u2013 Sistema de prevenci\u00f3n y cuidado ciudadano contra la COVID-19 \u2013 apartado \u00abInformaci\u00f3n de Salud\u00bb en su versi\u00f3n para dispositivos m\u00f3viles, de la aplicaci\u00f3n \u00abMI ARGENTINA\u00bb o a trav\u00e9s del certificado de vacunaci\u00f3n contra el COVID-19 en soporte papel y\/o formato digital emitido por la autoridad competente, en el cual consten las dosis aplicadas.<\/p>\n<p><img decoding=\"async\" loading=\"lazy\" src=\"https:\/\/www.diario5.com.ar\/wp-content\/uploads\/2022\/01\/colon_fabrica_c_juanjo_bruzza_foto_3_edited-1.jpg\" width=\"3072\" height=\"2048\" alt=\"\"><\/p>\n<\/div>","protected":false},"excerpt":{"rendered":"<p>La Ciudad contin\u00faa acercando su amplia programaci\u00f3n de actividades para disfrutar de forma presencial, en los diferentes espacios de la Ciudad y tambi\u00e9n online, a trav\u00e9s de las redes sociales y la plataforma Vivamos Cultura. Esta vez, con incre\u00edbles propuestas para disfrutar del verano con las medidas de prevenciones necesarias establecidos en los protocolos vigentes. [&hellip;]<\/p>","protected":false},"author":8,"featured_media":643662,"comment_status":"open","ping_status":"closed","sticky":false,"template":"","format":"standard","meta":[],"categories":[5],"tags":[],"series":[],"_links":{"self":[{"href":"https:\/\/www.diario5.com.ar\/es\/wp-json\/wp\/v2\/posts\/643661"}],"collection":[{"href":"https:\/\/www.diario5.com.ar\/es\/wp-json\/wp\/v2\/posts"}],"about":[{"href":"https:\/\/www.diario5.com.ar\/es\/wp-json\/wp\/v2\/types\/post"}],"author":[{"embeddable":true,"href":"https:\/\/www.diario5.com.ar\/es\/wp-json\/wp\/v2\/users\/8"}],"replies":[{"embeddable":true,"href":"https:\/\/www.diario5.com.ar\/es\/wp-json\/wp\/v2\/comments?post=643661"}],"version-history":[{"count":1,"href":"https:\/\/www.diario5.com.ar\/es\/wp-json\/wp\/v2\/posts\/643661\/revisions"}],"predecessor-version":[{"id":643935,"href":"https:\/\/www.diario5.com.ar\/es\/wp-json\/wp\/v2\/posts\/643661\/revisions\/643935"}],"wp:featuredmedia":[{"embeddable":true,"href":"https:\/\/www.diario5.com.ar\/es\/wp-json\/wp\/v2\/media\/643662"}],"wp:attachment":[{"href":"https:\/\/www.diario5.com.ar\/es\/wp-json\/wp\/v2\/media?parent=643661"}],"wp:term":[{"taxonomy":"category","embeddable":true,"href":"https:\/\/www.diario5.com.ar\/es\/wp-json\/wp\/v2\/categories?post=643661"},{"taxonomy":"post_tag","embeddable":true,"href":"https:\/\/www.diario5.com.ar\/es\/wp-json\/wp\/v2\/tags?post=643661"},{"taxonomy":"series","embeddable":true,"href":"https:\/\/www.diario5.com.ar\/es\/wp-json\/wp\/v2\/series?post=643661"}],"curies":[{"name":"wp","href":"https:\/\/api.w.org\/{rel}","templated":true}]}}