{"id":643094,"date":"2021-12-27T12:13:00","date_gmt":"2021-12-27T15:13:00","guid":{"rendered":"https:\/\/www.diario5.com.ar\/?p=643094"},"modified":"2021-12-27T12:20:25","modified_gmt":"2021-12-27T15:20:25","slug":"asoma-un-fantasma","status":"publish","type":"post","link":"https:\/\/www.diario5.com.ar\/es\/asoma-un-fantasma\/","title":{"rendered":"Asoma un fantasma"},"content":{"rendered":"<h2 class=\"sub-title-primary\"><\/h2> <p>La posibilidad de que los intendentes vuelvan a la reelecci\u00f3n indefinida, es parte de la melange pol\u00edtica que se yergue en estos momentos sobre la lastimada institucionalidad argentina.<\/p>\n<p>\u00bfLes puede salir?<\/p>\n<p>Claro que s\u00ed, dado que los intendentes en este momento de un casi fifty\/fifty de fuerzas en varias c\u00e1maras legislativas del pa\u00eds, especialmente la de diputados e la Naci\u00f3n, la eventual fuerza pol\u00edtica de algunos intendentes, terminar\u00e1 gravitando en el sendero que deber\u00e1n tomar ambas fuerzas mayoritarias, con rumbo a las elecciones de 2023, las de mayor sinceridad ideol\u00f3gica que habra en la historia de la Democracia moderna en nuestro pa\u00eds.<\/p>\n<p><img decoding=\"async\" loading=\"lazy\" class=\"alignnone size-large wp-image-643095\" src=\"https:\/\/www.diario5.com.ar\/wp-content\/uploads\/2021\/12\/la_capital20211227-757x1024.jpg\" width=\"757\" height=\"1024\" alt=\"Asoma un fantasma\" title=\"Asoma un fantasma\" srcset=\"https:\/\/www.diario5.com.ar\/wp-content\/uploads\/2021\/12\/la_capital20211227-757x1024.jpg 757w, https:\/\/www.diario5.com.ar\/wp-content\/uploads\/2021\/12\/la_capital20211227-222x300.jpg 222w, https:\/\/www.diario5.com.ar\/wp-content\/uploads\/2021\/12\/la_capital20211227-768x1038.jpg 768w, https:\/\/www.diario5.com.ar\/wp-content\/uploads\/2021\/12\/la_capital20211227-1136x1536.jpg 1136w, https:\/\/www.diario5.com.ar\/wp-content\/uploads\/2021\/12\/la_capital20211227-1515x2048.jpg 1515w, https:\/\/www.diario5.com.ar\/wp-content\/uploads\/2021\/12\/la_capital20211227.jpg 1566w\" sizes=\"(max-width: 757px) 100vw, 757px\" \/><\/p>\n<p><img decoding=\"async\" loading=\"lazy\" class=\"alignnone size-large wp-image-643096\" src=\"https:\/\/www.diario5.com.ar\/wp-content\/uploads\/2021\/12\/ar_heraldo20211227-615x1024.jpg\" width=\"615\" height=\"1024\" alt=\"Asoma un fantasma\" title=\"Asoma un fantasma\" srcset=\"https:\/\/www.diario5.com.ar\/wp-content\/uploads\/2021\/12\/ar_heraldo20211227-615x1024.jpg 615w, https:\/\/www.diario5.com.ar\/wp-content\/uploads\/2021\/12\/ar_heraldo20211227-180x300.jpg 180w, https:\/\/www.diario5.com.ar\/wp-content\/uploads\/2021\/12\/ar_heraldo20211227.jpg 764w\" sizes=\"(max-width: 615px) 100vw, 615px\" \/><\/p>\n<p><img decoding=\"async\" loading=\"lazy\" class=\"alignnone size-large wp-image-643097\" src=\"https:\/\/www.diario5.com.ar\/wp-content\/uploads\/2021\/12\/lea20211227-796x1024.jpg\" width=\"796\" height=\"1024\" alt=\"Asoma un fantasma\" title=\"Asoma un fantasma\" srcset=\"https:\/\/www.diario5.com.ar\/wp-content\/uploads\/2021\/12\/lea20211227-796x1024.jpg 796w, https:\/\/www.diario5.com.ar\/wp-content\/uploads\/2021\/12\/lea20211227-233x300.jpg 233w, https:\/\/www.diario5.com.ar\/wp-content\/uploads\/2021\/12\/lea20211227-768x988.jpg 768w, https:\/\/www.diario5.com.ar\/wp-content\/uploads\/2021\/12\/lea20211227-1194x1536.jpg 1194w, https:\/\/www.diario5.com.ar\/wp-content\/uploads\/2021\/12\/lea20211227-1591x2048.jpg 1591w, https:\/\/www.diario5.com.ar\/wp-content\/uploads\/2021\/12\/lea20211227.jpg 1865w\" sizes=\"(max-width: 796px) 100vw, 796px\" \/><\/p>\n<p><img decoding=\"async\" loading=\"lazy\" class=\"alignnone size-large wp-image-643098\" src=\"https:\/\/www.diario5.com.ar\/wp-content\/uploads\/2021\/12\/ar_diario_cuyo20211227-677x1024.jpg\" width=\"677\" height=\"1024\" alt=\"Asoma un fantasma\" title=\"Asoma un fantasma\" srcset=\"https:\/\/www.diario5.com.ar\/wp-content\/uploads\/2021\/12\/ar_diario_cuyo20211227-677x1024.jpg 677w, https:\/\/www.diario5.com.ar\/wp-content\/uploads\/2021\/12\/ar_diario_cuyo20211227-198x300.jpg 198w, https:\/\/www.diario5.com.ar\/wp-content\/uploads\/2021\/12\/ar_diario_cuyo20211227.jpg 764w\" sizes=\"(max-width: 677px) 100vw, 677px\" \/><br \/>\n<img decoding=\"async\" loading=\"lazy\" class=\"alignnone size-large wp-image-643099\" src=\"https:\/\/www.diario5.com.ar\/wp-content\/uploads\/2021\/12\/huarpe20211227-757x1024.jpg\" width=\"757\" height=\"1024\" alt=\"Asoma un fantasma\" title=\"Asoma un fantasma\" srcset=\"https:\/\/www.diario5.com.ar\/wp-content\/uploads\/2021\/12\/huarpe20211227-757x1024.jpg 757w, https:\/\/www.diario5.com.ar\/wp-content\/uploads\/2021\/12\/huarpe20211227-222x300.jpg 222w, https:\/\/www.diario5.com.ar\/wp-content\/uploads\/2021\/12\/huarpe20211227.jpg 764w\" sizes=\"(max-width: 757px) 100vw, 757px\" \/><\/p>\n<p><img decoding=\"async\" loading=\"lazy\" class=\"alignnone size-large wp-image-643100\" src=\"https:\/\/www.diario5.com.ar\/wp-content\/uploads\/2021\/12\/abccolor20211227-751x1024.jpg\" width=\"751\" height=\"1024\" alt=\"Asoma un fantasma\" title=\"Asoma un fantasma\" srcset=\"https:\/\/www.diario5.com.ar\/wp-content\/uploads\/2021\/12\/abccolor20211227-751x1024.jpg 751w, https:\/\/www.diario5.com.ar\/wp-content\/uploads\/2021\/12\/abccolor20211227-220x300.jpg 220w, https:\/\/www.diario5.com.ar\/wp-content\/uploads\/2021\/12\/abccolor20211227.jpg 764w\" sizes=\"(max-width: 751px) 100vw, 751px\" \/><\/p>\n<p><img decoding=\"async\" loading=\"lazy\" class=\"alignnone size-large wp-image-643101\" src=\"https:\/\/www.diario5.com.ar\/wp-content\/uploads\/2021\/12\/py_5dias20211227-771x1024.jpg\" width=\"771\" height=\"1024\" alt=\"Asoma un fantasma\" title=\"Asoma un fantasma\" srcset=\"https:\/\/www.diario5.com.ar\/wp-content\/uploads\/2021\/12\/py_5dias20211227-771x1024.jpg 771w, https:\/\/www.diario5.com.ar\/wp-content\/uploads\/2021\/12\/py_5dias20211227-226x300.jpg 226w, https:\/\/www.diario5.com.ar\/wp-content\/uploads\/2021\/12\/py_5dias20211227-768x1020.jpg 768w, https:\/\/www.diario5.com.ar\/wp-content\/uploads\/2021\/12\/py_5dias20211227.jpg 928w\" sizes=\"(max-width: 771px) 100vw, 771px\" \/><\/p>\n<p><img decoding=\"async\" loading=\"lazy\" class=\"alignnone size-large wp-image-643102\" src=\"https:\/\/www.diario5.com.ar\/wp-content\/uploads\/2021\/12\/co_elcolombiano20211227-707x1024.jpg\" width=\"707\" height=\"1024\" alt=\"Asoma un fantasma\" title=\"Asoma un fantasma\" srcset=\"https:\/\/www.diario5.com.ar\/wp-content\/uploads\/2021\/12\/co_elcolombiano20211227-707x1024.jpg 707w, https:\/\/www.diario5.com.ar\/wp-content\/uploads\/2021\/12\/co_elcolombiano20211227-207x300.jpg 207w, https:\/\/www.diario5.com.ar\/wp-content\/uploads\/2021\/12\/co_elcolombiano20211227.jpg 764w\" sizes=\"(max-width: 707px) 100vw, 707px\" \/><br \/>\n<img decoding=\"async\" loading=\"lazy\" class=\"alignnone size-large wp-image-643103\" src=\"https:\/\/www.diario5.com.ar\/wp-content\/uploads\/2021\/12\/pe_peru2120211227-987x1024.jpg\" width=\"987\" height=\"1024\" alt=\"Asoma un fantasma\" title=\"Asoma un fantasma\" srcset=\"https:\/\/www.diario5.com.ar\/wp-content\/uploads\/2021\/12\/pe_peru2120211227-987x1024.jpg 987w, https:\/\/www.diario5.com.ar\/wp-content\/uploads\/2021\/12\/pe_peru2120211227-289x300.jpg 289w, https:\/\/www.diario5.com.ar\/wp-content\/uploads\/2021\/12\/pe_peru2120211227-768x796.jpg 768w, https:\/\/www.diario5.com.ar\/wp-content\/uploads\/2021\/12\/pe_peru2120211227.jpg 1055w\" sizes=\"(max-width: 987px) 100vw, 987px\" \/><br \/>\n<img decoding=\"async\" loading=\"lazy\" class=\"alignnone size-large wp-image-643104\" src=\"https:\/\/www.diario5.com.ar\/wp-content\/uploads\/2021\/12\/pe_correo20211227-1018x1024.jpg\" width=\"1018\" height=\"1024\" alt=\"Asoma un fantasma\" title=\"Asoma un fantasma\" srcset=\"https:\/\/www.diario5.com.ar\/wp-content\/uploads\/2021\/12\/pe_correo20211227-1018x1024.jpg 1018w, https:\/\/www.diario5.com.ar\/wp-content\/uploads\/2021\/12\/pe_correo20211227-298x300.jpg 298w, https:\/\/www.diario5.com.ar\/wp-content\/uploads\/2021\/12\/pe_correo20211227-150x150.jpg 150w, https:\/\/www.diario5.com.ar\/wp-content\/uploads\/2021\/12\/pe_correo20211227-768x773.jpg 768w, https:\/\/www.diario5.com.ar\/wp-content\/uploads\/2021\/12\/pe_correo20211227.jpg 1183w\" sizes=\"(max-width: 1018px) 100vw, 1018px\" \/><\/p>","protected":false},"excerpt":{"rendered":"<p>La posibilidad de que los intendentes vuelvan a la reelecci\u00f3n indefinida, es parte de la melange pol\u00edtica que se yergue en estos momentos sobre la lastimada institucionalidad argentina. \u00bfLes puede salir? Claro que s\u00ed, dado que los intendentes en este momento de un casi fifty\/fifty de fuerzas en varias c\u00e1maras legislativas del pa\u00eds, especialmente la [&hellip;]<\/p>","protected":false},"author":2,"featured_media":643109,"comment_status":"open","ping_status":"open","sticky":false,"template":"","format":"standard","meta":[],"categories":[75,45,56],"tags":[],"series":[],"_links":{"self":[{"href":"https:\/\/www.diario5.com.ar\/es\/wp-json\/wp\/v2\/posts\/643094"}],"collection":[{"href":"https:\/\/www.diario5.com.ar\/es\/wp-json\/wp\/v2\/posts"}],"about":[{"href":"https:\/\/www.diario5.com.ar\/es\/wp-json\/wp\/v2\/types\/post"}],"author":[{"embeddable":true,"href":"https:\/\/www.diario5.com.ar\/es\/wp-json\/wp\/v2\/users\/2"}],"replies":[{"embeddable":true,"href":"https:\/\/www.diario5.com.ar\/es\/wp-json\/wp\/v2\/comments?post=643094"}],"version-history":[{"count":3,"href":"https:\/\/www.diario5.com.ar\/es\/wp-json\/wp\/v2\/posts\/643094\/revisions"}],"predecessor-version":[{"id":643107,"href":"https:\/\/www.diario5.com.ar\/es\/wp-json\/wp\/v2\/posts\/643094\/revisions\/643107"}],"wp:featuredmedia":[{"embeddable":true,"href":"https:\/\/www.diario5.com.ar\/es\/wp-json\/wp\/v2\/media\/643109"}],"wp:attachment":[{"href":"https:\/\/www.diario5.com.ar\/es\/wp-json\/wp\/v2\/media?parent=643094"}],"wp:term":[{"taxonomy":"category","embeddable":true,"href":"https:\/\/www.diario5.com.ar\/es\/wp-json\/wp\/v2\/categories?post=643094"},{"taxonomy":"post_tag","embeddable":true,"href":"https:\/\/www.diario5.com.ar\/es\/wp-json\/wp\/v2\/tags?post=643094"},{"taxonomy":"series","embeddable":true,"href":"https:\/\/www.diario5.com.ar\/es\/wp-json\/wp\/v2\/series?post=643094"}],"curies":[{"name":"wp","href":"https:\/\/api.w.org\/{rel}","templated":true}]}}