{"id":643034,"date":"2021-12-26T16:00:34","date_gmt":"2021-12-26T19:00:34","guid":{"rendered":"https:\/\/www.diario5.com.ar\/?p=643034"},"modified":"2021-12-26T16:00:34","modified_gmt":"2021-12-26T19:00:34","slug":"la-justicia-sobre-la-accion-politica-es-solo-politica","status":"publish","type":"post","link":"https:\/\/www.diario5.com.ar\/es\/la-justicia-sobre-la-accion-politica-es-solo-politica\/","title":{"rendered":"La justicia sobre la acci\u00f3n pol\u00edtica es s\u00f3lo pol\u00edtica"},"content":{"rendered":"<h2 class=\"sub-title-primary\"><\/h2> <p>La peores noticias del a\u00f1o est\u00e1n vinculadas a la eventual desaz\u00f3n que podr\u00edan sentir las personas que\u00a0 comprenden que en la pol\u00edtica suele haber -y, de hecho, hay- mucho delito. Esa desaz\u00f3n no es nueva, ni ser\u00e1 un viejo recuerdo. En un pa\u00eds en el que los sostenes de la moral a niveles generales no consiguen aguantar las estructuras de una construcci\u00f3n apenas peque\u00f1a, es imposible considerar que donde la negociaci\u00f3n pol\u00edtica abriga el nombramiento de jueces, sean esos mismos jueces quienes condenen -eventualmente- a dirigentes que incurrieron en delitos.<\/p>\n<p>Demasiadas manos que se lavan entre ellas para luego lavar las caras que albergan los ojos que las admiran y las bocas que las halagan.<\/p>\n<p><img decoding=\"async\" loading=\"lazy\" class=\"alignnone size-full wp-image-643035\" src=\"https:\/\/www.diario5.com.ar\/wp-content\/uploads\/2021\/12\/macri-cristina-telam20211226.jpg\" width=\"859\" height=\"504\" alt=\"La justicia sobre la acci\u00f3n pol\u00edtica es s\u00f3lo pol\u00edtica\" title=\"La justicia sobre la acci\u00f3n pol\u00edtica es s\u00f3lo pol\u00edtica\" srcset=\"https:\/\/www.diario5.com.ar\/wp-content\/uploads\/2021\/12\/macri-cristina-telam20211226.jpg 859w, https:\/\/www.diario5.com.ar\/wp-content\/uploads\/2021\/12\/macri-cristina-telam20211226-300x176.jpg 300w, https:\/\/www.diario5.com.ar\/wp-content\/uploads\/2021\/12\/macri-cristina-telam20211226-768x451.jpg 768w\" sizes=\"(max-width: 859px) 100vw, 859px\" \/><\/p>\n<p><img decoding=\"async\" loading=\"lazy\" class=\"alignnone size-full wp-image-643036\" src=\"https:\/\/www.diario5.com.ar\/wp-content\/uploads\/2021\/12\/ar_perfil20211226.jpg\" width=\"764\" height=\"1015\" alt=\"La justicia sobre la acci\u00f3n pol\u00edtica es s\u00f3lo pol\u00edtica\" title=\"La justicia sobre la acci\u00f3n pol\u00edtica es s\u00f3lo pol\u00edtica\" srcset=\"https:\/\/www.diario5.com.ar\/wp-content\/uploads\/2021\/12\/ar_perfil20211226.jpg 764w, https:\/\/www.diario5.com.ar\/wp-content\/uploads\/2021\/12\/ar_perfil20211226-226x300.jpg 226w\" sizes=\"(max-width: 764px) 100vw, 764px\" \/><\/p>\n<p><img decoding=\"async\" loading=\"lazy\" class=\"alignnone size-large wp-image-643037\" src=\"https:\/\/www.diario5.com.ar\/wp-content\/uploads\/2021\/12\/ar_eldia20211226-688x1024.jpg\" width=\"688\" height=\"1024\" alt=\"La justicia sobre la acci\u00f3n pol\u00edtica es s\u00f3lo pol\u00edtica\" title=\"La justicia sobre la acci\u00f3n pol\u00edtica es s\u00f3lo pol\u00edtica\" srcset=\"https:\/\/www.diario5.com.ar\/wp-content\/uploads\/2021\/12\/ar_eldia20211226-688x1024.jpg 688w, https:\/\/www.diario5.com.ar\/wp-content\/uploads\/2021\/12\/ar_eldia20211226-202x300.jpg 202w, https:\/\/www.diario5.com.ar\/wp-content\/uploads\/2021\/12\/ar_eldia20211226-768x1143.jpg 768w, https:\/\/www.diario5.com.ar\/wp-content\/uploads\/2021\/12\/ar_eldia20211226-1032x1536.jpg 1032w, https:\/\/www.diario5.com.ar\/wp-content\/uploads\/2021\/12\/ar_eldia20211226-1376x2048.jpg 1376w, https:\/\/www.diario5.com.ar\/wp-content\/uploads\/2021\/12\/ar_eldia20211226.jpg 1407w\" sizes=\"(max-width: 688px) 100vw, 688px\" \/><\/p>\n<p><img decoding=\"async\" loading=\"lazy\" class=\"alignnone size-large wp-image-643038\" src=\"https:\/\/www.diario5.com.ar\/wp-content\/uploads\/2021\/12\/la_capital20211226-761x1024.jpg\" width=\"761\" height=\"1024\" alt=\"La justicia sobre la acci\u00f3n pol\u00edtica es s\u00f3lo pol\u00edtica\" title=\"La justicia sobre la acci\u00f3n pol\u00edtica es s\u00f3lo pol\u00edtica\" srcset=\"https:\/\/www.diario5.com.ar\/wp-content\/uploads\/2021\/12\/la_capital20211226-761x1024.jpg 761w, https:\/\/www.diario5.com.ar\/wp-content\/uploads\/2021\/12\/la_capital20211226-223x300.jpg 223w, https:\/\/www.diario5.com.ar\/wp-content\/uploads\/2021\/12\/la_capital20211226-768x1034.jpg 768w, https:\/\/www.diario5.com.ar\/wp-content\/uploads\/2021\/12\/la_capital20211226-1141x1536.jpg 1141w, https:\/\/www.diario5.com.ar\/wp-content\/uploads\/2021\/12\/la_capital20211226-1521x2048.jpg 1521w, https:\/\/www.diario5.com.ar\/wp-content\/uploads\/2021\/12\/la_capital20211226.jpg 1568w\" sizes=\"(max-width: 761px) 100vw, 761px\" \/><\/p>\n<p><img decoding=\"async\" loading=\"lazy\" class=\"alignnone size-large wp-image-643039\" src=\"https:\/\/www.diario5.com.ar\/wp-content\/uploads\/2021\/12\/ar_diario_cuyo20211226-681x1024.jpg\" width=\"681\" height=\"1024\" alt=\"La justicia sobre la acci\u00f3n pol\u00edtica es s\u00f3lo pol\u00edtica\" title=\"La justicia sobre la acci\u00f3n pol\u00edtica es s\u00f3lo pol\u00edtica\" srcset=\"https:\/\/www.diario5.com.ar\/wp-content\/uploads\/2021\/12\/ar_diario_cuyo20211226-681x1024.jpg 681w, https:\/\/www.diario5.com.ar\/wp-content\/uploads\/2021\/12\/ar_diario_cuyo20211226-200x300.jpg 200w, https:\/\/www.diario5.com.ar\/wp-content\/uploads\/2021\/12\/ar_diario_cuyo20211226.jpg 764w\" sizes=\"(max-width: 681px) 100vw, 681px\" \/><\/p>\n<p>&nbsp;<\/p>\n<p><img decoding=\"async\" loading=\"lazy\" class=\"alignnone size-large wp-image-643040\" src=\"https:\/\/www.diario5.com.ar\/wp-content\/uploads\/2021\/12\/ar_diario_republica20211226-731x1024.jpg\" width=\"731\" height=\"1024\" alt=\"La justicia sobre la acci\u00f3n pol\u00edtica es s\u00f3lo pol\u00edtica\" title=\"La justicia sobre la acci\u00f3n pol\u00edtica es s\u00f3lo pol\u00edtica\" srcset=\"https:\/\/www.diario5.com.ar\/wp-content\/uploads\/2021\/12\/ar_diario_republica20211226-731x1024.jpg 731w, https:\/\/www.diario5.com.ar\/wp-content\/uploads\/2021\/12\/ar_diario_republica20211226-214x300.jpg 214w, https:\/\/www.diario5.com.ar\/wp-content\/uploads\/2021\/12\/ar_diario_republica20211226-768x1075.jpg 768w, https:\/\/www.diario5.com.ar\/wp-content\/uploads\/2021\/12\/ar_diario_republica20211226.jpg 1040w\" sizes=\"(max-width: 731px) 100vw, 731px\" \/><\/p>\n<p><img decoding=\"async\" loading=\"lazy\" class=\"alignnone size-large wp-image-643041\" src=\"https:\/\/www.diario5.com.ar\/wp-content\/uploads\/2021\/12\/ar_litoral_sfe20211226-762x1024.jpg\" width=\"762\" height=\"1024\" alt=\"La justicia sobre la acci\u00f3n pol\u00edtica es s\u00f3lo pol\u00edtica\" title=\"La justicia sobre la acci\u00f3n pol\u00edtica es s\u00f3lo pol\u00edtica\" srcset=\"https:\/\/www.diario5.com.ar\/wp-content\/uploads\/2021\/12\/ar_litoral_sfe20211226-762x1024.jpg 762w, https:\/\/www.diario5.com.ar\/wp-content\/uploads\/2021\/12\/ar_litoral_sfe20211226-223x300.jpg 223w, https:\/\/www.diario5.com.ar\/wp-content\/uploads\/2021\/12\/ar_litoral_sfe20211226-768x1032.jpg 768w, https:\/\/www.diario5.com.ar\/wp-content\/uploads\/2021\/12\/ar_litoral_sfe20211226.jpg 1024w\" sizes=\"(max-width: 762px) 100vw, 762px\" \/><\/p>\n<p><img decoding=\"async\" loading=\"lazy\" class=\"alignnone size-large wp-image-643042\" src=\"https:\/\/www.diario5.com.ar\/wp-content\/uploads\/2021\/12\/ar_mirador_provincial20211226-767x1024.jpg\" width=\"767\" height=\"1024\" alt=\"La justicia sobre la acci\u00f3n pol\u00edtica es s\u00f3lo pol\u00edtica\" title=\"La justicia sobre la acci\u00f3n pol\u00edtica es s\u00f3lo pol\u00edtica\" srcset=\"https:\/\/www.diario5.com.ar\/wp-content\/uploads\/2021\/12\/ar_mirador_provincial20211226-767x1024.jpg 767w, https:\/\/www.diario5.com.ar\/wp-content\/uploads\/2021\/12\/ar_mirador_provincial20211226-225x300.jpg 225w, https:\/\/www.diario5.com.ar\/wp-content\/uploads\/2021\/12\/ar_mirador_provincial20211226-768x1025.jpg 768w, https:\/\/www.diario5.com.ar\/wp-content\/uploads\/2021\/12\/ar_mirador_provincial20211226.jpg 1024w\" sizes=\"(max-width: 767px) 100vw, 767px\" \/><\/p>\n<p><img decoding=\"async\" loading=\"lazy\" class=\"alignnone size-large wp-image-643043\" src=\"https:\/\/www.diario5.com.ar\/wp-content\/uploads\/2021\/12\/nuevo_diario20211226-752x1024.jpg\" width=\"752\" height=\"1024\" alt=\"La justicia sobre la acci\u00f3n pol\u00edtica es s\u00f3lo pol\u00edtica\" title=\"La justicia sobre la acci\u00f3n pol\u00edtica es s\u00f3lo pol\u00edtica\" srcset=\"https:\/\/www.diario5.com.ar\/wp-content\/uploads\/2021\/12\/nuevo_diario20211226-752x1024.jpg 752w, https:\/\/www.diario5.com.ar\/wp-content\/uploads\/2021\/12\/nuevo_diario20211226-220x300.jpg 220w, https:\/\/www.diario5.com.ar\/wp-content\/uploads\/2021\/12\/nuevo_diario20211226.jpg 764w\" sizes=\"(max-width: 752px) 100vw, 752px\" \/><\/p>\n<p>PARAGUAY<br \/>\n<img decoding=\"async\" loading=\"lazy\" class=\"alignnone size-large wp-image-643044\" src=\"https:\/\/www.diario5.com.ar\/wp-content\/uploads\/2021\/12\/abccolor20211226-749x1024.jpg\" width=\"749\" height=\"1024\" alt=\"La justicia sobre la acci\u00f3n pol\u00edtica es s\u00f3lo pol\u00edtica\" title=\"La justicia sobre la acci\u00f3n pol\u00edtica es s\u00f3lo pol\u00edtica\" srcset=\"https:\/\/www.diario5.com.ar\/wp-content\/uploads\/2021\/12\/abccolor20211226-749x1024.jpg 749w, https:\/\/www.diario5.com.ar\/wp-content\/uploads\/2021\/12\/abccolor20211226-220x300.jpg 220w, https:\/\/www.diario5.com.ar\/wp-content\/uploads\/2021\/12\/abccolor20211226.jpg 764w\" sizes=\"(max-width: 749px) 100vw, 749px\" \/><\/p>","protected":false},"excerpt":{"rendered":"<p>La peores noticias del a\u00f1o est\u00e1n vinculadas a la eventual desaz\u00f3n que podr\u00edan sentir las personas que\u00a0 comprenden que en la pol\u00edtica suele haber -y, de hecho, hay- mucho delito. Esa desaz\u00f3n no es nueva, ni ser\u00e1 un viejo recuerdo. En un pa\u00eds en el que los sostenes de la moral a niveles generales no [&hellip;]<\/p>","protected":false},"author":4,"featured_media":643035,"comment_status":"open","ping_status":"open","sticky":false,"template":"","format":"standard","meta":[],"categories":[75,45,56],"tags":[],"series":[],"_links":{"self":[{"href":"https:\/\/www.diario5.com.ar\/es\/wp-json\/wp\/v2\/posts\/643034"}],"collection":[{"href":"https:\/\/www.diario5.com.ar\/es\/wp-json\/wp\/v2\/posts"}],"about":[{"href":"https:\/\/www.diario5.com.ar\/es\/wp-json\/wp\/v2\/types\/post"}],"author":[{"embeddable":true,"href":"https:\/\/www.diario5.com.ar\/es\/wp-json\/wp\/v2\/users\/4"}],"replies":[{"embeddable":true,"href":"https:\/\/www.diario5.com.ar\/es\/wp-json\/wp\/v2\/comments?post=643034"}],"version-history":[{"count":1,"href":"https:\/\/www.diario5.com.ar\/es\/wp-json\/wp\/v2\/posts\/643034\/revisions"}],"predecessor-version":[{"id":643045,"href":"https:\/\/www.diario5.com.ar\/es\/wp-json\/wp\/v2\/posts\/643034\/revisions\/643045"}],"wp:featuredmedia":[{"embeddable":true,"href":"https:\/\/www.diario5.com.ar\/es\/wp-json\/wp\/v2\/media\/643035"}],"wp:attachment":[{"href":"https:\/\/www.diario5.com.ar\/es\/wp-json\/wp\/v2\/media?parent=643034"}],"wp:term":[{"taxonomy":"category","embeddable":true,"href":"https:\/\/www.diario5.com.ar\/es\/wp-json\/wp\/v2\/categories?post=643034"},{"taxonomy":"post_tag","embeddable":true,"href":"https:\/\/www.diario5.com.ar\/es\/wp-json\/wp\/v2\/tags?post=643034"},{"taxonomy":"series","embeddable":true,"href":"https:\/\/www.diario5.com.ar\/es\/wp-json\/wp\/v2\/series?post=643034"}],"curies":[{"name":"wp","href":"https:\/\/api.w.org\/{rel}","templated":true}]}}