{"id":640514,"date":"2021-11-11T10:04:28","date_gmt":"2021-11-11T13:04:28","guid":{"rendered":"https:\/\/www.diario5.com.ar\/la-ciudad-vivio-la-segunda-edicion-de-la-semana-del-arte\/"},"modified":"2021-11-11T17:40:24","modified_gmt":"2021-11-11T20:40:24","slug":"la-ciudad-vivio-la-segunda-edicion-de-la-semana-del-arte","status":"publish","type":"post","link":"https:\/\/www.diario5.com.ar\/es\/la-ciudad-vivio-la-segunda-edicion-de-la-semana-del-arte\/","title":{"rendered":"Semana del Arte II"},"content":{"rendered":"<h2 class=\"sub-title-primary\"><\/h2> <p>La segunda edici\u00f3n de la <strong>Semana del Arte<\/strong> finaliz\u00f3 el domingo.<\/p>\n<p>Se cumpli\u00f3 con un amplio programa de <strong>muestras y obras de arte en espacios p\u00fablicos<\/strong><\/p>\n<p><strong>Ganaron experiencia organizativa 37 instituciones culturales<\/strong> que fueron parte del evento, con una agenda con actividades para todos los gustos.<\/p>\n<p>Se incorporaron pieza art\u00edsticas en espacios no convencionales. Hubo charlas, performances, inauguraciones, presentaciones musicales y proyecciones en pantallas.<\/p>\n<p>Las diez obras de arte se emplazaron en distintos puntos de la Ciudad. Se considera que esta muestra potencia la agenda de arte contempor\u00e1neo argentino.<\/p>\n<p>En esta edici\u00f3n, <strong>m\u00e1s de 15.000 personas visitaron las diez obras<\/strong> que se emplazaron en distintos puntos de la Ciudad: desde p\u00fablico que fue especialmente a ver las obras hasta transe\u00fantes que se encontraron con las instalaciones de forma casual e interactuaron con ellas.<\/p>\n<p>\u201cEsta edici\u00f3n de Semana del Arte llev\u00f3 diversas propuestas de arte contempor\u00e1neo a todos los barrios de la Ciudad. El arte en el espacio p\u00fablico busca interpelar al transe\u00fante y generar nuevas audiencias. En esta oportunidad a trav\u00e9s de experiencias y formatos innovadores. Al mismo tiempo, la SDA impulsa el protagonismo del arte argentino\u00bb, explic\u00f3 el ministro de cultura de la ciudad, Enrique Avogadro.<\/p>\n<blockquote><p>\u201cEsta edici\u00f3n de Semana del Arte llev\u00f3 diversas propuestas de arte contempor\u00e1neo a todos los barrios de la Ciudad\u00bb (Enrique Avogadro, Ministro de Cultura)<\/p><\/blockquote>\n<p><img decoding=\"async\" loading=\"lazy\" src=\"https:\/\/www.diario5.com.ar\/wp-content\/uploads\/2021\/11\/img_6551.jpg\" alt=\"\" width=\"4032\" height=\"3024\" \/><\/p>\n<p>Desde el domingo 31 de octubre al 7 de noviembre, las diez obras seleccionadas en la convocatoria SDA por <strong>Carlos Huffmann, Sonia Becce y Juan Pablo Vacas<\/strong>, intervinieron la Ciudad: estas fueron <strong>\u201cEncarta 2000\u201d<\/strong> de Josefina Alen, una instalaci\u00f3n de cinco pinturas sobre papel de diario que estuvo en el Espacio Virrey Liniers; <strong>\u201cGrandes tesoros de la memoria VOL. 1\u201d<\/strong>, instalaci\u00f3n sonora de Joaqu\u00edn Aras en el Teatro General San Mart\u00edn; <strong>\u201cMundo disperso\u201d<\/strong> de Leo Cavalcante en el Espacio Virrey Liniers; <strong>\u201cEscaleras hablantes\u201d<\/strong> de Ely DD, en la Casa de la Cultura; <strong>\u201cVestido p\u00fablico\u201d<\/strong>, una instalaci\u00f3n textil de Nina Kunan en Parque Lezama; <strong>\u201cUn tiempo de duda\u201d<\/strong> (2018) de Mart\u00edn Touz\u00f3n en Plaza Recoleta; el mural textil <strong>\u201cOrden de requechos entre luci\u00e9rnagas y cigarros o Paisaje informalista\u201d<\/strong> de Lucrecia Lionti en el Teatro General San Mart\u00edn; <strong>\u201cSacrificio\u201d<\/strong>, una performance de Antonio Villa en colaboraci\u00f3n con Susi Villa en el Teatro de la Ribera, El Moderno y en la estaci\u00f3n de subte Central Obelisco; <strong>\u201cAlgunos hongos nacen en silencio\u201d<\/strong>, instalaci\u00f3n sonora de Schanton \/ Ros en los jardines del Museo de Arte Espa\u00f1ol Enrique Larreta; y la escultura <strong>\u201cC\u00famulo 1\u201d<\/strong> (2019) de Luis Ter\u00e1n, que estuvo en la Usina del Arte y se quedar\u00e1 all\u00ed hasta diciembre.<\/p>\n<blockquote><p>M\u00e1s de 15.000 personas visitaron las diez obras.<\/p><\/blockquote>\n<p><img decoding=\"async\" loading=\"lazy\" src=\"https:\/\/www.diario5.com.ar\/wp-content\/uploads\/2021\/11\/img_6749_1.jpg\" alt=\"\" width=\"4032\" height=\"3024\" \/><\/p>\n<p>Cada uno de los artistas de esta edici\u00f3n activ\u00f3 su obra de diversas maneras: desde charlas individuales o conversaciones -fue el caso de Mart\u00edn Touz\u00f3n, que en di\u00e1logo con la periodista Laura Isola, indag\u00f3 sobre su puesta de esculturas con forma de globo en el Paseo Chabuca Granda-, mientras que otros optaron por hacerlo con presentaciones perform\u00e1ticas -como sucedi\u00f3 con la instalaci\u00f3n de Schanton \/ Ros, donde lxs artistas Fernando Noy, Gabriela Bejerman y La Leandra, recitaron versos de la poetisa uruguaya Marosa Di Giorgio alrededor de los jardines del Museo Larreta-. Las instituciones participantes tambi\u00e9n activaron sus agendas de diferentes maneras en el marco de Semana del Arte, con <strong>m\u00e1s de 60 actividades<\/strong>, haciendo que SDA se convirtiera en una <strong>fiesta del arte contempor\u00e1neo<\/strong>.<\/p>\n<p>A diferencia de la edici\u00f3n de SDA 2019, en la que todas las piezas se ubicaron en Plaza Seeber, en esta oportunidad, <strong>las obras fueron posicionadas en diversos puntos de la Ciudad<\/strong> ampliando la diversidad de p\u00fablicos y experiencias con las obras. De ese modo, los barrios porte\u00f1os y sus caminantes diarios, tambi\u00e9n intervinieron. \u201cNo s\u00f3lo  interactu\u00f3 cierto p\u00fablico con mis obras, sino que todos se apropiaron de alguna forma e hicieron de ellas lo que quisieron. Algunos se sentaron a charlar, a esperar a alguien ah\u00ed, o las usaron como algo recreativo\u201d, cont\u00f3 Touz\u00f3n sobre los diferentes v\u00ednculos que resultaron entre el amplio p\u00fablico de la Ciudad y sus esculturas en el medio del parque.<\/p>\n<p><img decoding=\"async\" loading=\"lazy\" src=\"https:\/\/www.diario5.com.ar\/wp-content\/uploads\/2021\/11\/img_6589.jpg\" alt=\"\" width=\"4032\" height=\"3024\" \/><\/p>\n<p>Hubo, incluso, una playlist tem\u00e1tica de SDA 21, con canciones elegidas por los artistas para explorar cada una de las obras y musicalizar sus recorridos por las muestras y actividades a lo largo del evento. <strong>Cada una de las obras instaladas cont\u00f3 con un QR<\/strong> para dirigir al p\u00fablico a la web de <a href=\"https:\/\/vivamoscultura.buenosaires.gob.ar\/\" target=\"_blank\" rel=\"noopener\"> Vivamos Cultura<\/a>, para que pudieran conocer cada detalle y sumergirse de lleno en la programaci\u00f3n.<\/p>\n<p>La Semana del Arte es una exhibici\u00f3n p\u00fablica de m\u00faltiples locaciones que propone explorar la Ciudad y <strong>encontrarse con el arte contempor\u00e1neo local de maneras no convencionales y alcanzando a nuevas audiencias<\/strong>. Adem\u00e1s, cuenta con una agenda cultural de la mano de la feria arteBA y la programaci\u00f3n de m\u00e1s de treinta y cinco instituciones culturales durante la semana de su realizaci\u00f3n. Para su desarrollo, Semana del Arte cont\u00f3 con seis aliados estrat\u00e9gicos: Fundaci\u00f3n arteba, Meridiano, red Quincho, El Moderno, Distrito de las Artes y Arte Al D\u00eda y 37 instituciones que participaron -el doble en comparaci\u00f3n a SDA 19-.<\/p>\n<p><img decoding=\"async\" loading=\"lazy\" src=\"https:\/\/www.diario5.com.ar\/wp-content\/uploads\/2021\/11\/img_6535_0.jpg\" alt=\"\" width=\"4032\" height=\"3024\" \/><\/p>\n<p><img decoding=\"async\" loading=\"lazy\" src=\"https:\/\/www.diario5.com.ar\/wp-content\/uploads\/2021\/11\/img_6578_0.jpg\" alt=\"\" width=\"4032\" height=\"3024\" \/><\/p>\n<p><img decoding=\"async\" loading=\"lazy\" src=\"https:\/\/www.diario5.com.ar\/wp-content\/uploads\/2021\/11\/img_6605_0.jpg\" alt=\"\" width=\"4032\" height=\"3024\" \/><\/p>\n<p><img decoding=\"async\" loading=\"lazy\" src=\"https:\/\/www.diario5.com.ar\/wp-content\/uploads\/2021\/11\/img_6628_0.jpg\" alt=\"\" width=\"4032\" height=\"3024\" \/><\/p>\n<p><img decoding=\"async\" loading=\"lazy\" src=\"https:\/\/www.diario5.com.ar\/wp-content\/uploads\/2021\/11\/img_6432.jpg\" alt=\"\" width=\"4032\" height=\"3024\" \/><\/p>\n<p><img decoding=\"async\" loading=\"lazy\" src=\"https:\/\/www.diario5.com.ar\/wp-content\/uploads\/2021\/11\/img_6776.jpg\" alt=\"\" width=\"4032\" height=\"3024\" \/><\/p>\n<p><img decoding=\"async\" loading=\"lazy\" src=\"https:\/\/www.diario5.com.ar\/wp-content\/uploads\/2021\/11\/img_8654.jpg\" alt=\"\" width=\"5472\" height=\"3648\" \/><\/p>\n<p><img decoding=\"async\" loading=\"lazy\" src=\"https:\/\/www.diario5.com.ar\/wp-content\/uploads\/2021\/11\/img_6400.jpg\" alt=\"\" width=\"3024\" height=\"4032\" \/><\/p>","protected":false},"excerpt":{"rendered":"<p>La segunda edici\u00f3n de la Semana del Arte finaliz\u00f3 el domingo. Se cumpli\u00f3 con un amplio programa de muestras y obras de arte en espacios p\u00fablicos Ganaron experiencia organizativa 37 instituciones culturales que fueron parte del evento, con una agenda con actividades para todos los gustos. Se incorporaron pieza art\u00edsticas en espacios no convencionales. Hubo [&hellip;]<\/p>","protected":false},"author":8,"featured_media":640515,"comment_status":"open","ping_status":"closed","sticky":false,"template":"","format":"standard","meta":[],"categories":[5],"tags":[111],"series":[],"_links":{"self":[{"href":"https:\/\/www.diario5.com.ar\/es\/wp-json\/wp\/v2\/posts\/640514"}],"collection":[{"href":"https:\/\/www.diario5.com.ar\/es\/wp-json\/wp\/v2\/posts"}],"about":[{"href":"https:\/\/www.diario5.com.ar\/es\/wp-json\/wp\/v2\/types\/post"}],"author":[{"embeddable":true,"href":"https:\/\/www.diario5.com.ar\/es\/wp-json\/wp\/v2\/users\/8"}],"replies":[{"embeddable":true,"href":"https:\/\/www.diario5.com.ar\/es\/wp-json\/wp\/v2\/comments?post=640514"}],"version-history":[{"count":2,"href":"https:\/\/www.diario5.com.ar\/es\/wp-json\/wp\/v2\/posts\/640514\/revisions"}],"predecessor-version":[{"id":640536,"href":"https:\/\/www.diario5.com.ar\/es\/wp-json\/wp\/v2\/posts\/640514\/revisions\/640536"}],"wp:featuredmedia":[{"embeddable":true,"href":"https:\/\/www.diario5.com.ar\/es\/wp-json\/wp\/v2\/media\/640515"}],"wp:attachment":[{"href":"https:\/\/www.diario5.com.ar\/es\/wp-json\/wp\/v2\/media?parent=640514"}],"wp:term":[{"taxonomy":"category","embeddable":true,"href":"https:\/\/www.diario5.com.ar\/es\/wp-json\/wp\/v2\/categories?post=640514"},{"taxonomy":"post_tag","embeddable":true,"href":"https:\/\/www.diario5.com.ar\/es\/wp-json\/wp\/v2\/tags?post=640514"},{"taxonomy":"series","embeddable":true,"href":"https:\/\/www.diario5.com.ar\/es\/wp-json\/wp\/v2\/series?post=640514"}],"curies":[{"name":"wp","href":"https:\/\/api.w.org\/{rel}","templated":true}]}}