{"id":640008,"date":"2021-11-04T15:57:37","date_gmt":"2021-11-04T18:57:37","guid":{"rendered":"https:\/\/www.diario5.com.ar\/?p=640008"},"modified":"2021-11-04T16:46:35","modified_gmt":"2021-11-04T19:46:35","slug":"rigoletto-en-el-ift","status":"publish","type":"post","link":"https:\/\/www.diario5.com.ar\/es\/rigoletto-en-el-ift\/","title":{"rendered":"Rigoletto en el IFT"},"content":{"rendered":"<h2 class=\"sub-title-primary\"><\/h2> <p>Con producci\u00f3n de Celebrarte M\u00fasica, saldr\u00e1 a escena pasado ma\u00f1ana, s\u00e1bado 6 en el Teatro IFT, Rigoletto, la eterna \u00f3pera de Giuseppe Verdi con libreto de Francesco Mar\u00eda Piave, en tres actos y basada en El rey se divierte, genial piwza teatral de V\u00edctor Hugo. Tendr\u00e1 una segunda funci\u00f3n el s\u00e1bado 13.<\/p>\n<p>Tres responsables art\u00edsticos: Leandro Sosa para la direcci\u00f3n Esc\u00e9nica, Facundo Sacco, direcci\u00f3n Musical y Juan Feico, Direcci\u00f3n de Coro.<br \/>\nEl tenor Fernando Grassi encarna a Rigoletto, la soprano Paula Alba interpretar\u00e1 a Gilda, Cristian Karim Taleb, como Duca y Augusto Nure\u00f1a Santi, como Sparafucile.<\/p>\n<p>Lops otros roles destacados son los de Maddalena, por Bibiana Fischy; la Contessa Ceprano, por Sol Ris\u00e9; Marullo, a cargo de Gast\u00f3n Meza y Monterone, por Marcelo Iglesias Reynes.<\/p>\n<p>Carlos Trujillo realizar\u00e1 el papel de Ceprano; Ignacio Bellini, el de Borsa: Adriana Segal, dar\u00e1 vida a Giovanna, Marcelo Iglesias Reynes ser\u00e1 Monterone y Lourdes Baroni cumplir\u00e1 el rol del Paje.<\/p>\n<p>Ellos, junto a la Orquesta Jovenes Talentos de Buenos Aires. Particip\u00f3 en la preparaci\u00f3n y los ensayos el pianista Fernando Britos. Dise\u00f1o de Iluminaci\u00f3n de Alfonsina Stivelman, Maquillaje realizado por Miguel Salda\u00f1a y Romina Pirillo.<\/p>\n<p><img decoding=\"async\" loading=\"lazy\" class=\"alignnone size-full wp-image-640025\" src=\"https:\/\/www.diario5.com.ar\/wp-content\/uploads\/2021\/11\/rigoletto_ift_1.jpg\" alt=\"\" width=\"1694\" height=\"960\" srcset=\"https:\/\/www.diario5.com.ar\/wp-content\/uploads\/2021\/11\/rigoletto_ift_1.jpg 1694w, https:\/\/www.diario5.com.ar\/wp-content\/uploads\/2021\/11\/rigoletto_ift_1-300x170.jpg 300w, https:\/\/www.diario5.com.ar\/wp-content\/uploads\/2021\/11\/rigoletto_ift_1-1024x580.jpg 1024w, https:\/\/www.diario5.com.ar\/wp-content\/uploads\/2021\/11\/rigoletto_ift_1-768x435.jpg 768w, https:\/\/www.diario5.com.ar\/wp-content\/uploads\/2021\/11\/rigoletto_ift_1-1536x870.jpg 1536w\" sizes=\"(max-width: 1694px) 100vw, 1694px\" \/><\/p>","protected":false},"excerpt":{"rendered":"<p>Con producci\u00f3n de Celebrarte M\u00fasica, saldr\u00e1 a escena pasado ma\u00f1ana, s\u00e1bado 6 en el Teatro IFT, Rigoletto, la eterna \u00f3pera de Giuseppe Verdi con libreto de Francesco Mar\u00eda Piave, en tres actos y basada en El rey se divierte, genial piwza teatral de V\u00edctor Hugo. Tendr\u00e1 una segunda funci\u00f3n el s\u00e1bado 13. Tres responsables art\u00edsticos: [&hellip;]<\/p>","protected":false},"author":1,"featured_media":640026,"comment_status":"open","ping_status":"open","sticky":false,"template":"","format":"standard","meta":[],"categories":[5,16,56],"tags":[],"series":[],"_links":{"self":[{"href":"https:\/\/www.diario5.com.ar\/es\/wp-json\/wp\/v2\/posts\/640008"}],"collection":[{"href":"https:\/\/www.diario5.com.ar\/es\/wp-json\/wp\/v2\/posts"}],"about":[{"href":"https:\/\/www.diario5.com.ar\/es\/wp-json\/wp\/v2\/types\/post"}],"author":[{"embeddable":true,"href":"https:\/\/www.diario5.com.ar\/es\/wp-json\/wp\/v2\/users\/1"}],"replies":[{"embeddable":true,"href":"https:\/\/www.diario5.com.ar\/es\/wp-json\/wp\/v2\/comments?post=640008"}],"version-history":[{"count":5,"href":"https:\/\/www.diario5.com.ar\/es\/wp-json\/wp\/v2\/posts\/640008\/revisions"}],"predecessor-version":[{"id":640030,"href":"https:\/\/www.diario5.com.ar\/es\/wp-json\/wp\/v2\/posts\/640008\/revisions\/640030"}],"wp:featuredmedia":[{"embeddable":true,"href":"https:\/\/www.diario5.com.ar\/es\/wp-json\/wp\/v2\/media\/640026"}],"wp:attachment":[{"href":"https:\/\/www.diario5.com.ar\/es\/wp-json\/wp\/v2\/media?parent=640008"}],"wp:term":[{"taxonomy":"category","embeddable":true,"href":"https:\/\/www.diario5.com.ar\/es\/wp-json\/wp\/v2\/categories?post=640008"},{"taxonomy":"post_tag","embeddable":true,"href":"https:\/\/www.diario5.com.ar\/es\/wp-json\/wp\/v2\/tags?post=640008"},{"taxonomy":"series","embeddable":true,"href":"https:\/\/www.diario5.com.ar\/es\/wp-json\/wp\/v2\/series?post=640008"}],"curies":[{"name":"wp","href":"https:\/\/api.w.org\/{rel}","templated":true}]}}