{"id":639949,"date":"2021-11-03T10:30:18","date_gmt":"2021-11-03T13:30:18","guid":{"rendered":"https:\/\/www.diario5.com.ar\/?p=639949"},"modified":"2021-11-03T10:30:18","modified_gmt":"2021-11-03T13:30:18","slug":"ultima-caida-de-pirinchos","status":"publish","type":"post","link":"https:\/\/www.diario5.com.ar\/es\/ultima-caida-de-pirinchos\/","title":{"rendered":"\u00daltima ca\u00edda de pirinchos"},"content":{"rendered":"<h2 class=\"sub-title-primary\"><\/h2> <p>Un cl\u00e1sico de Buenos Aires: El desgrane del fruto de pl\u00e1tano. Tiene la ca\u00edda distribuida en dos y hasta tres etapas a partir de la primavera. Al acercarse el verano, quedan las copas de los \u00e1rboles bien tupidas hasta el oto\u00f1o siguiente.<\/p>\n<p>Hay muchas personas que ya est\u00e1n saludando a las alergias y conjuntivitis hasta 2022.<\/p>\n<p><img decoding=\"async\" loading=\"lazy\" class=\"alignnone size-full wp-image-639952\" src=\"https:\/\/www.diario5.com.ar\/wp-content\/uploads\/2021\/11\/QI34G7HODRBXTP5LMUFC4NXI3Y20211103.jpg\" width=\"900\" height=\"600\" alt=\"\u00daltima ca\u00edda de pirinchos\" title=\"\u00daltima ca\u00edda de pirinchos\" srcset=\"https:\/\/www.diario5.com.ar\/wp-content\/uploads\/2021\/11\/QI34G7HODRBXTP5LMUFC4NXI3Y20211103.jpg 900w, https:\/\/www.diario5.com.ar\/wp-content\/uploads\/2021\/11\/QI34G7HODRBXTP5LMUFC4NXI3Y20211103-300x200.jpg 300w, https:\/\/www.diario5.com.ar\/wp-content\/uploads\/2021\/11\/QI34G7HODRBXTP5LMUFC4NXI3Y20211103-768x512.jpg 768w\" sizes=\"(max-width: 900px) 100vw, 900px\" \/><\/p>\n<p><img decoding=\"async\" loading=\"lazy\" class=\"alignnone size-large wp-image-639953\" src=\"https:\/\/www.diario5.com.ar\/wp-content\/uploads\/2021\/11\/lea20211103-798x1024.jpg\" width=\"798\" height=\"1024\" alt=\"\u00daltima ca\u00edda de pirinchos\" title=\"\u00daltima ca\u00edda de pirinchos\" srcset=\"https:\/\/www.diario5.com.ar\/wp-content\/uploads\/2021\/11\/lea20211103-798x1024.jpg 798w, https:\/\/www.diario5.com.ar\/wp-content\/uploads\/2021\/11\/lea20211103-234x300.jpg 234w, https:\/\/www.diario5.com.ar\/wp-content\/uploads\/2021\/11\/lea20211103-768x985.jpg 768w, https:\/\/www.diario5.com.ar\/wp-content\/uploads\/2021\/11\/lea20211103-1197x1536.jpg 1197w, https:\/\/www.diario5.com.ar\/wp-content\/uploads\/2021\/11\/lea20211103-1597x2048.jpg 1597w, https:\/\/www.diario5.com.ar\/wp-content\/uploads\/2021\/11\/lea20211103.jpg 1871w\" sizes=\"(max-width: 798px) 100vw, 798px\" \/><br \/>\n<img decoding=\"async\" src=\"https:\/\/diario5.com.ar\/imgtapas\/11\/03\/ar\/ar_rio_negro.jpg\" \/><br \/>\n<img decoding=\"async\" loading=\"lazy\" class=\"alignnone size-large wp-image-639954\" src=\"https:\/\/www.diario5.com.ar\/wp-content\/uploads\/2021\/11\/ar_diario_cuyo20211103-681x1024.jpg\" width=\"681\" height=\"1024\" alt=\"\u00daltima ca\u00edda de pirinchos\" title=\"\u00daltima ca\u00edda de pirinchos\" srcset=\"https:\/\/www.diario5.com.ar\/wp-content\/uploads\/2021\/11\/ar_diario_cuyo20211103-681x1024.jpg 681w, https:\/\/www.diario5.com.ar\/wp-content\/uploads\/2021\/11\/ar_diario_cuyo20211103-200x300.jpg 200w, https:\/\/www.diario5.com.ar\/wp-content\/uploads\/2021\/11\/ar_diario_cuyo20211103.jpg 764w\" sizes=\"(max-width: 681px) 100vw, 681px\" \/><br \/>\n<img decoding=\"async\" loading=\"lazy\" class=\"alignnone size-large wp-image-639955\" src=\"https:\/\/www.diario5.com.ar\/wp-content\/uploads\/2021\/11\/ar_diario_republica20211103-734x1024.jpg\" width=\"734\" height=\"1024\" alt=\"\u00daltima ca\u00edda de pirinchos\" title=\"\u00daltima ca\u00edda de pirinchos\" srcset=\"https:\/\/www.diario5.com.ar\/wp-content\/uploads\/2021\/11\/ar_diario_republica20211103-734x1024.jpg 734w, https:\/\/www.diario5.com.ar\/wp-content\/uploads\/2021\/11\/ar_diario_republica20211103-215x300.jpg 215w, https:\/\/www.diario5.com.ar\/wp-content\/uploads\/2021\/11\/ar_diario_republica20211103-768x1071.jpg 768w, https:\/\/www.diario5.com.ar\/wp-content\/uploads\/2021\/11\/ar_diario_republica20211103.jpg 1054w\" sizes=\"(max-width: 734px) 100vw, 734px\" \/><br \/>\n<img decoding=\"async\" loading=\"lazy\" class=\"alignnone size-large wp-image-639956\" src=\"https:\/\/www.diario5.com.ar\/wp-content\/uploads\/2021\/11\/la_capital20211103-761x1024.jpg\" width=\"761\" height=\"1024\" alt=\"\u00daltima ca\u00edda de pirinchos\" title=\"\u00daltima ca\u00edda de pirinchos\" srcset=\"https:\/\/www.diario5.com.ar\/wp-content\/uploads\/2021\/11\/la_capital20211103-761x1024.jpg 761w, https:\/\/www.diario5.com.ar\/wp-content\/uploads\/2021\/11\/la_capital20211103-223x300.jpg 223w, https:\/\/www.diario5.com.ar\/wp-content\/uploads\/2021\/11\/la_capital20211103-768x1033.jpg 768w, https:\/\/www.diario5.com.ar\/wp-content\/uploads\/2021\/11\/la_capital20211103-1141x1536.jpg 1141w, https:\/\/www.diario5.com.ar\/wp-content\/uploads\/2021\/11\/la_capital20211103-1522x2048.jpg 1522w, https:\/\/www.diario5.com.ar\/wp-content\/uploads\/2021\/11\/la_capital20211103.jpg 1568w\" sizes=\"(max-width: 761px) 100vw, 761px\" \/><\/p>\n<p><img decoding=\"async\" loading=\"lazy\" class=\"alignnone size-large wp-image-639957\" src=\"https:\/\/www.diario5.com.ar\/wp-content\/uploads\/2021\/11\/ar_cronista20211103-722x1024.jpg\" width=\"722\" height=\"1024\" alt=\"\u00daltima ca\u00edda de pirinchos\" title=\"\u00daltima ca\u00edda de pirinchos\" srcset=\"https:\/\/www.diario5.com.ar\/wp-content\/uploads\/2021\/11\/ar_cronista20211103-722x1024.jpg 722w, https:\/\/www.diario5.com.ar\/wp-content\/uploads\/2021\/11\/ar_cronista20211103-212x300.jpg 212w, https:\/\/www.diario5.com.ar\/wp-content\/uploads\/2021\/11\/ar_cronista20211103.jpg 764w\" sizes=\"(max-width: 722px) 100vw, 722px\" \/><\/p>\n<p><img decoding=\"async\" loading=\"lazy\" class=\"alignnone size-large wp-image-639958\" src=\"https:\/\/www.diario5.com.ar\/wp-content\/uploads\/2021\/11\/ar_heraldo20211103-612x1024.jpg\" width=\"612\" height=\"1024\" alt=\"\u00daltima ca\u00edda de pirinchos\" title=\"\u00daltima ca\u00edda de pirinchos\" srcset=\"https:\/\/www.diario5.com.ar\/wp-content\/uploads\/2021\/11\/ar_heraldo20211103-612x1024.jpg 612w, https:\/\/www.diario5.com.ar\/wp-content\/uploads\/2021\/11\/ar_heraldo20211103-179x300.jpg 179w, https:\/\/www.diario5.com.ar\/wp-content\/uploads\/2021\/11\/ar_heraldo20211103.jpg 764w\" sizes=\"(max-width: 612px) 100vw, 612px\" \/><\/p>\n<p><img decoding=\"async\" loading=\"lazy\" class=\"alignnone size-large wp-image-639959\" src=\"https:\/\/www.diario5.com.ar\/wp-content\/uploads\/2021\/11\/abccolor20211103-751x1024.jpg\" width=\"751\" height=\"1024\" alt=\"\u00daltima ca\u00edda de pirinchos\" title=\"\u00daltima ca\u00edda de pirinchos\" srcset=\"https:\/\/www.diario5.com.ar\/wp-content\/uploads\/2021\/11\/abccolor20211103-751x1024.jpg 751w, https:\/\/www.diario5.com.ar\/wp-content\/uploads\/2021\/11\/abccolor20211103-220x300.jpg 220w, https:\/\/www.diario5.com.ar\/wp-content\/uploads\/2021\/11\/abccolor20211103.jpg 764w\" sizes=\"(max-width: 751px) 100vw, 751px\" \/><\/p>\n<p><img decoding=\"async\" loading=\"lazy\" class=\"alignnone size-large wp-image-639960\" src=\"https:\/\/www.diario5.com.ar\/wp-content\/uploads\/2021\/11\/py_5dias20211103-761x1024.jpg\" width=\"761\" height=\"1024\" alt=\"\u00daltima ca\u00edda de pirinchos\" title=\"\u00daltima ca\u00edda de pirinchos\" srcset=\"https:\/\/www.diario5.com.ar\/wp-content\/uploads\/2021\/11\/py_5dias20211103-761x1024.jpg 761w, https:\/\/www.diario5.com.ar\/wp-content\/uploads\/2021\/11\/py_5dias20211103-223x300.jpg 223w, https:\/\/www.diario5.com.ar\/wp-content\/uploads\/2021\/11\/py_5dias20211103-768x1034.jpg 768w, https:\/\/www.diario5.com.ar\/wp-content\/uploads\/2021\/11\/py_5dias20211103.jpg 928w\" sizes=\"(max-width: 761px) 100vw, 761px\" \/><\/p>\n<p><img decoding=\"async\" loading=\"lazy\" class=\"alignnone size-full wp-image-639961\" src=\"https:\/\/www.diario5.com.ar\/wp-content\/uploads\/2021\/11\/pe_peru2120211103.jpg\" width=\"943\" height=\"976\" alt=\"\u00daltima ca\u00edda de pirinchos\" title=\"\u00daltima ca\u00edda de pirinchos\" srcset=\"https:\/\/www.diario5.com.ar\/wp-content\/uploads\/2021\/11\/pe_peru2120211103.jpg 943w, https:\/\/www.diario5.com.ar\/wp-content\/uploads\/2021\/11\/pe_peru2120211103-290x300.jpg 290w, https:\/\/www.diario5.com.ar\/wp-content\/uploads\/2021\/11\/pe_peru2120211103-768x795.jpg 768w\" sizes=\"(max-width: 943px) 100vw, 943px\" \/><\/p>","protected":false},"excerpt":{"rendered":"<p>Un cl\u00e1sico de Buenos Aires: El desgrane del fruto de pl\u00e1tano. Tiene la ca\u00edda distribuida en dos y hasta tres etapas a partir de la primavera. Al acercarse el verano, quedan las copas de los \u00e1rboles bien tupidas hasta el oto\u00f1o siguiente. Hay muchas personas que ya est\u00e1n saludando a las alergias y conjuntivitis hasta [&hellip;]<\/p>","protected":false},"author":1,"featured_media":639952,"comment_status":"open","ping_status":"open","sticky":false,"template":"","format":"standard","meta":[],"categories":[56,6],"tags":[],"series":[],"_links":{"self":[{"href":"https:\/\/www.diario5.com.ar\/es\/wp-json\/wp\/v2\/posts\/639949"}],"collection":[{"href":"https:\/\/www.diario5.com.ar\/es\/wp-json\/wp\/v2\/posts"}],"about":[{"href":"https:\/\/www.diario5.com.ar\/es\/wp-json\/wp\/v2\/types\/post"}],"author":[{"embeddable":true,"href":"https:\/\/www.diario5.com.ar\/es\/wp-json\/wp\/v2\/users\/1"}],"replies":[{"embeddable":true,"href":"https:\/\/www.diario5.com.ar\/es\/wp-json\/wp\/v2\/comments?post=639949"}],"version-history":[{"count":1,"href":"https:\/\/www.diario5.com.ar\/es\/wp-json\/wp\/v2\/posts\/639949\/revisions"}],"predecessor-version":[{"id":639962,"href":"https:\/\/www.diario5.com.ar\/es\/wp-json\/wp\/v2\/posts\/639949\/revisions\/639962"}],"wp:featuredmedia":[{"embeddable":true,"href":"https:\/\/www.diario5.com.ar\/es\/wp-json\/wp\/v2\/media\/639952"}],"wp:attachment":[{"href":"https:\/\/www.diario5.com.ar\/es\/wp-json\/wp\/v2\/media?parent=639949"}],"wp:term":[{"taxonomy":"category","embeddable":true,"href":"https:\/\/www.diario5.com.ar\/es\/wp-json\/wp\/v2\/categories?post=639949"},{"taxonomy":"post_tag","embeddable":true,"href":"https:\/\/www.diario5.com.ar\/es\/wp-json\/wp\/v2\/tags?post=639949"},{"taxonomy":"series","embeddable":true,"href":"https:\/\/www.diario5.com.ar\/es\/wp-json\/wp\/v2\/series?post=639949"}],"curies":[{"name":"wp","href":"https:\/\/api.w.org\/{rel}","templated":true}]}}