{"id":638875,"date":"2021-10-20T10:16:18","date_gmt":"2021-10-20T13:16:18","guid":{"rendered":"https:\/\/www.diario5.com.ar\/?p=638875"},"modified":"2021-10-21T21:09:00","modified_gmt":"2021-10-22T00:09:00","slug":"un-dia-muy-esperado","status":"publish","type":"post","link":"https:\/\/www.diario5.com.ar\/es\/un-dia-muy-esperado\/","title":{"rendered":"Un d\u00eda muy esperado"},"content":{"rendered":"<h2 class=\"sub-title-primary\"><\/h2> <p>Desde hoy no ser\u00e1 obligatorio el uso del tapaboca al aire libre, all\u00ed donde no se junte mucha gente. Ya se hablaba de esta nueva medida ante el avance de la situaci\u00f3n sanitaria. El gobierno porte\u00f1o est\u00e1 anunciando que en las horas de esra jornadase el 70% de la poblaci\u00f3n en la Ciudad pasar\u00e1 a tener el esquema completo de la Vacunaci\u00f3n contra el covid .<\/p>\n<p>Ya se cono en todo el mundo que la circulaci\u00f3n viral se reduce cuando se supera esa cantidad de inmunizados.<\/p>\n<p>Por supuesto que el barbijocontinuar\u00e1 siendo obligatorio en espacios cerrados. Invariablemente, all\u00ed siempre se corren riesgos. Incluso los abiertos con concentraci\u00f3n de personas. En esos casos,\u00a0 la distancia social contin\u00faa liderando la lista de medidas necesarias para continuar rediciendo a circulaci\u00f3n de virus.<\/p>\n<p>Tampoco ser\u00e1 necesario tomar de temperatura a quienes ingresan a instituciones o locales comerciales.<\/p>\n<p>En los recreos, lo chicos podr\u00e1n estar libres de tapaboca.<\/p>\n<p>Desde hoy no hay capacidades m\u00e1ximas establecidas en el transporte p\u00fablico. Recomiendan viajar con las ventanillas abierta para ventilar.<\/p>\n<p><img decoding=\"async\" loading=\"lazy\" class=\"alignnone wp-image-638888\" src=\"https:\/\/www.diario5.com.ar\/wp-content\/uploads\/2021\/10\/saca_barbijo.jpg\" alt=\"\" width=\"679\" height=\"452\" srcset=\"https:\/\/www.diario5.com.ar\/wp-content\/uploads\/2021\/10\/saca_barbijo.jpg 612w, https:\/\/www.diario5.com.ar\/wp-content\/uploads\/2021\/10\/saca_barbijo-300x200.jpg 300w\" sizes=\"(max-width: 679px) 100vw, 679px\" \/><\/p>\n<p><img decoding=\"async\" loading=\"lazy\" class=\"alignnone size-large wp-image-638878\" title=\"Un d\u00eda muy esperado\" src=\"https:\/\/www.diario5.com.ar\/wp-content\/uploads\/2021\/10\/ar_diario_cuyo20211020-681x1024.jpg\" alt=\"Un d\u00eda muy esperado\" width=\"681\" height=\"1024\" srcset=\"https:\/\/www.diario5.com.ar\/wp-content\/uploads\/2021\/10\/ar_diario_cuyo20211020-681x1024.jpg 681w, https:\/\/www.diario5.com.ar\/wp-content\/uploads\/2021\/10\/ar_diario_cuyo20211020-200x300.jpg 200w, https:\/\/www.diario5.com.ar\/wp-content\/uploads\/2021\/10\/ar_diario_cuyo20211020.jpg 764w\" sizes=\"(max-width: 681px) 100vw, 681px\" \/><br \/>\n<img decoding=\"async\" loading=\"lazy\" class=\"alignnone size-large wp-image-638879\" title=\"Un d\u00eda muy esperado\" src=\"https:\/\/www.diario5.com.ar\/wp-content\/uploads\/2021\/10\/ar_diario_republica20211020-734x1024.jpg\" alt=\"Un d\u00eda muy esperado\" width=\"734\" height=\"1024\" srcset=\"https:\/\/www.diario5.com.ar\/wp-content\/uploads\/2021\/10\/ar_diario_republica20211020-734x1024.jpg 734w, https:\/\/www.diario5.com.ar\/wp-content\/uploads\/2021\/10\/ar_diario_republica20211020-215x300.jpg 215w, https:\/\/www.diario5.com.ar\/wp-content\/uploads\/2021\/10\/ar_diario_republica20211020-768x1071.jpg 768w, https:\/\/www.diario5.com.ar\/wp-content\/uploads\/2021\/10\/ar_diario_republica20211020.jpg 1054w\" sizes=\"(max-width: 734px) 100vw, 734px\" \/><br \/>\n<img decoding=\"async\" loading=\"lazy\" class=\"alignnone size-large wp-image-638880\" title=\"Un d\u00eda muy esperado\" src=\"https:\/\/www.diario5.com.ar\/wp-content\/uploads\/2021\/10\/ar_cronica20211020-874x1024.jpg\" alt=\"Un d\u00eda muy esperado\" width=\"874\" height=\"1024\" srcset=\"https:\/\/www.diario5.com.ar\/wp-content\/uploads\/2021\/10\/ar_cronica20211020-874x1024.jpg 874w, https:\/\/www.diario5.com.ar\/wp-content\/uploads\/2021\/10\/ar_cronica20211020-256x300.jpg 256w, https:\/\/www.diario5.com.ar\/wp-content\/uploads\/2021\/10\/ar_cronica20211020-768x900.jpg 768w, https:\/\/www.diario5.com.ar\/wp-content\/uploads\/2021\/10\/ar_cronica20211020-1311x1536.jpg 1311w, https:\/\/www.diario5.com.ar\/wp-content\/uploads\/2021\/10\/ar_cronica20211020.jpg 1600w\" sizes=\"(max-width: 874px) 100vw, 874px\" \/><\/p>\n<p><img decoding=\"async\" loading=\"lazy\" class=\"alignnone size-large wp-image-638881\" title=\"Un d\u00eda muy esperado\" src=\"https:\/\/www.diario5.com.ar\/wp-content\/uploads\/2021\/10\/la_capital20211020-760x1024.jpg\" alt=\"Un d\u00eda muy esperado\" width=\"760\" height=\"1024\" srcset=\"https:\/\/www.diario5.com.ar\/wp-content\/uploads\/2021\/10\/la_capital20211020-760x1024.jpg 760w, https:\/\/www.diario5.com.ar\/wp-content\/uploads\/2021\/10\/la_capital20211020-223x300.jpg 223w, https:\/\/www.diario5.com.ar\/wp-content\/uploads\/2021\/10\/la_capital20211020-768x1034.jpg 768w, https:\/\/www.diario5.com.ar\/wp-content\/uploads\/2021\/10\/la_capital20211020-1141x1536.jpg 1141w, https:\/\/www.diario5.com.ar\/wp-content\/uploads\/2021\/10\/la_capital20211020-1521x2048.jpg 1521w, https:\/\/www.diario5.com.ar\/wp-content\/uploads\/2021\/10\/la_capital20211020.jpg 1567w\" sizes=\"(max-width: 760px) 100vw, 760px\" \/><\/p>\n<p><img decoding=\"async\" loading=\"lazy\" class=\"alignnone size-large wp-image-638882\" title=\"Un d\u00eda muy esperado\" src=\"https:\/\/www.diario5.com.ar\/wp-content\/uploads\/2021\/10\/ar_pagina1220211020-794x1024.jpg\" alt=\"Un d\u00eda muy esperado\" width=\"794\" height=\"1024\" srcset=\"https:\/\/www.diario5.com.ar\/wp-content\/uploads\/2021\/10\/ar_pagina1220211020-794x1024.jpg 794w, https:\/\/www.diario5.com.ar\/wp-content\/uploads\/2021\/10\/ar_pagina1220211020-232x300.jpg 232w, https:\/\/www.diario5.com.ar\/wp-content\/uploads\/2021\/10\/ar_pagina1220211020-768x991.jpg 768w, https:\/\/www.diario5.com.ar\/wp-content\/uploads\/2021\/10\/ar_pagina1220211020-1190x1536.jpg 1190w, https:\/\/www.diario5.com.ar\/wp-content\/uploads\/2021\/10\/ar_pagina1220211020.jpg 1543w\" sizes=\"(max-width: 794px) 100vw, 794px\" \/><\/p>\n<p><img decoding=\"async\" loading=\"lazy\" class=\"alignnone size-large wp-image-638883\" title=\"Un d\u00eda muy esperado\" src=\"https:\/\/www.diario5.com.ar\/wp-content\/uploads\/2021\/10\/abccolor20211020-751x1024.jpg\" alt=\"Un d\u00eda muy esperado\" width=\"751\" height=\"1024\" srcset=\"https:\/\/www.diario5.com.ar\/wp-content\/uploads\/2021\/10\/abccolor20211020-751x1024.jpg 751w, https:\/\/www.diario5.com.ar\/wp-content\/uploads\/2021\/10\/abccolor20211020-220x300.jpg 220w, https:\/\/www.diario5.com.ar\/wp-content\/uploads\/2021\/10\/abccolor20211020.jpg 764w\" sizes=\"(max-width: 751px) 100vw, 751px\" \/><\/p>\n<p><img decoding=\"async\" loading=\"lazy\" class=\"alignnone size-large wp-image-638884\" title=\"Un d\u00eda muy esperado\" src=\"https:\/\/www.diario5.com.ar\/wp-content\/uploads\/2021\/10\/py_5dias20211020-762x1024.jpg\" alt=\"Un d\u00eda muy esperado\" width=\"762\" height=\"1024\" srcset=\"https:\/\/www.diario5.com.ar\/wp-content\/uploads\/2021\/10\/py_5dias20211020-762x1024.jpg 762w, https:\/\/www.diario5.com.ar\/wp-content\/uploads\/2021\/10\/py_5dias20211020-223x300.jpg 223w, https:\/\/www.diario5.com.ar\/wp-content\/uploads\/2021\/10\/py_5dias20211020-768x1032.jpg 768w, https:\/\/www.diario5.com.ar\/wp-content\/uploads\/2021\/10\/py_5dias20211020.jpg 928w\" sizes=\"(max-width: 762px) 100vw, 762px\" \/><\/p>\n<p><img decoding=\"async\" loading=\"lazy\" class=\"alignnone size-large wp-image-638885\" title=\"Un d\u00eda muy esperado\" src=\"https:\/\/www.diario5.com.ar\/wp-content\/uploads\/2021\/10\/pe_correo20211020-1011x1024.jpg\" alt=\"Un d\u00eda muy esperado\" width=\"1011\" height=\"1024\" srcset=\"https:\/\/www.diario5.com.ar\/wp-content\/uploads\/2021\/10\/pe_correo20211020-1011x1024.jpg 1011w, https:\/\/www.diario5.com.ar\/wp-content\/uploads\/2021\/10\/pe_correo20211020-296x300.jpg 296w, https:\/\/www.diario5.com.ar\/wp-content\/uploads\/2021\/10\/pe_correo20211020-768x778.jpg 768w, https:\/\/www.diario5.com.ar\/wp-content\/uploads\/2021\/10\/pe_correo20211020.jpg 1183w\" sizes=\"(max-width: 1011px) 100vw, 1011px\" \/><\/p>","protected":false},"excerpt":{"rendered":"<p>Desde hoy no ser\u00e1 obligatorio el uso del tapaboca al aire libre, all\u00ed donde no se junte mucha gente. Ya se hablaba de esta nueva medida ante el avance de la situaci\u00f3n sanitaria. El gobierno porte\u00f1o est\u00e1 anunciando que en las horas de esra jornadase el 70% de la poblaci\u00f3n en la Ciudad pasar\u00e1 a [&hellip;]<\/p>","protected":false},"author":5,"featured_media":638888,"comment_status":"open","ping_status":"open","sticky":false,"template":"","format":"standard","meta":[],"categories":[57,22],"tags":[],"series":[],"_links":{"self":[{"href":"https:\/\/www.diario5.com.ar\/es\/wp-json\/wp\/v2\/posts\/638875"}],"collection":[{"href":"https:\/\/www.diario5.com.ar\/es\/wp-json\/wp\/v2\/posts"}],"about":[{"href":"https:\/\/www.diario5.com.ar\/es\/wp-json\/wp\/v2\/types\/post"}],"author":[{"embeddable":true,"href":"https:\/\/www.diario5.com.ar\/es\/wp-json\/wp\/v2\/users\/5"}],"replies":[{"embeddable":true,"href":"https:\/\/www.diario5.com.ar\/es\/wp-json\/wp\/v2\/comments?post=638875"}],"version-history":[{"count":3,"href":"https:\/\/www.diario5.com.ar\/es\/wp-json\/wp\/v2\/posts\/638875\/revisions"}],"predecessor-version":[{"id":638889,"href":"https:\/\/www.diario5.com.ar\/es\/wp-json\/wp\/v2\/posts\/638875\/revisions\/638889"}],"wp:featuredmedia":[{"embeddable":true,"href":"https:\/\/www.diario5.com.ar\/es\/wp-json\/wp\/v2\/media\/638888"}],"wp:attachment":[{"href":"https:\/\/www.diario5.com.ar\/es\/wp-json\/wp\/v2\/media?parent=638875"}],"wp:term":[{"taxonomy":"category","embeddable":true,"href":"https:\/\/www.diario5.com.ar\/es\/wp-json\/wp\/v2\/categories?post=638875"},{"taxonomy":"post_tag","embeddable":true,"href":"https:\/\/www.diario5.com.ar\/es\/wp-json\/wp\/v2\/tags?post=638875"},{"taxonomy":"series","embeddable":true,"href":"https:\/\/www.diario5.com.ar\/es\/wp-json\/wp\/v2\/series?post=638875"}],"curies":[{"name":"wp","href":"https:\/\/api.w.org\/{rel}","templated":true}]}}