{"id":637918,"date":"2021-10-06T10:00:27","date_gmt":"2021-10-06T13:00:27","guid":{"rendered":"https:\/\/www.diario5.com.ar\/?p=637918"},"modified":"2021-10-07T20:25:51","modified_gmt":"2021-10-07T23:25:51","slug":"637918-2","status":"publish","type":"post","link":"https:\/\/www.diario5.com.ar\/es\/637918-2\/","title":{"rendered":"Salida de Highton: Incertidumbre"},"content":{"rendered":"<h2 class=\"sub-title-primary\">Un axioma de Juan Domingo Per\u00f3n, flota por estas horas en el Poder Ejecutivo: \"El que no tiene cabeza para prever, tiene que tener espalda para aguantar\". <\/h2> <p>Las frases que a trav\u00e9s de la historia de los procesos judiciales en la Argentina -especialmente los muy famosos por conmocionantes, por ejemplificadores o por indignantes- abrieron el camino a conceptos tan dis\u00edmiles, que hoy ser\u00eda dif\u00edcil explicarle a un chico de escuela primaria por qu\u00e9 las personas piensan lo que piensan sobre el tercer poder.<\/p>\n<p>\u00abCreo en la Justicia\u00bb se lleva las palmas. La frase que le sigue juega en la vereda de enfrente: \u00abEn este pa\u00eds no hay justicia\u00bb. Tercero viene el grito esperanzador de grupos de personas dolidas por cr\u00edmenes, estafas o abusos sufridos por seres cercanos: salen a las calles de cualquier localidad de la Argetina al grito repetido de \u00abjusticia, justicia!\u00bb. Yas\u00ed, sucesivamente, una serie de vaivenes de conceptos emanados de las opiniones de los ciudadanos de esta Naci\u00f3n, a los que les dijeron que la Justicia es un Valor y el Poder Judicial, el andamiaje que vela por tal tesoro.<\/p>\n<p>Ulatra basada en las jerarquias, la Justicia como instituci\u00f3n siempre tiene en su c\u00fapula el centro de todas las miradas. All\u00ed van a parar -supuestamente- los jueces con m\u00e1s pruebas de buen desempe\u00f1o en sus carreras, para darles un cierre dignificado con el cargo que implica la palabra final en cada caso que arriba a las solemnes dependencias de sus miembros. Hablamos, obviamente, de la Corte Suprema de Justicia de la Naci\u00f3n.<\/p>\n<p>Al grano: la renuncia de Elena Highton de Nolasco es uno de esos acontecimientos en los que -como es muy habitual- la mayor\u00eda de los involucrados en tener que actuar en consecuencia, sabiendo que suceder\u00eda, act\u00faan como si les cayera de sorpresa. La jueza, con 78 a\u00f1os de edad, ya hab\u00eda atravesado uno de esos engorrosos tr\u00e1mites de excepcionalidad, para poder continuar integrando el m\u00e1ximo tribunal durante alg\u00fan tiempo m\u00e1s, luego de cumplir los 75, edad que se propone como l\u00edmite para el ejercicio del cargo.<\/p>\n<p>Con la renuncia de la \u00fanica miembro femenina de la CSJ, la frase de Per\u00f3n termin\u00f3 haciendo blanco sobre su colega y compa\u00f1ero de docencia en la Facultad de Derecho de la UBA, el Dr. don Alberto Fern\u00e1ndez<\/p>\n<p>En medio de la campa\u00f1a electoral, actuar con presteza para dar resoluci\u00f3n a este problema y hacer fluir la continuidad de la vida institucional, habr\u00eda sido un interesante punto a favor del presidente. Digamos: \u00e9l conoc\u00eda que en cualquier momento la Dra Highton se iba a ir, entonces el nombre de una jueza que la pudiese reemplazar, ya estaba en la carpeta de Alberto, se anuncia p\u00fablicamente, se env\u00eda la propuesta al Senado y se demostraba eficiencia y capacidad resolutiva. Pues no fue as\u00ed, porque ahora parece que comienza una danza de nombres en la que varios van a meter baza en pos de sus intereses. <\/p>","protected":false},"excerpt":{"rendered":"<p>Un axioma de Juan Domingo Per\u00f3n, flota por estas horas en el Poder Ejecutivo: \u00abEl que no tiene cabeza para prever, tiene que tener espalda para aguantar\u00bb. Las frases que a trav\u00e9s de la historia de los procesos judiciales en la Argentina -especialmente los muy famosos por conmocionantes, por ejemplificadores o por indignantes- abrieron el [&hellip;]<\/p>","protected":false},"author":1,"featured_media":637881,"comment_status":"open","ping_status":"open","sticky":false,"template":"","format":"standard","meta":[],"categories":[75,45],"tags":[],"series":[],"_links":{"self":[{"href":"https:\/\/www.diario5.com.ar\/es\/wp-json\/wp\/v2\/posts\/637918"}],"collection":[{"href":"https:\/\/www.diario5.com.ar\/es\/wp-json\/wp\/v2\/posts"}],"about":[{"href":"https:\/\/www.diario5.com.ar\/es\/wp-json\/wp\/v2\/types\/post"}],"author":[{"embeddable":true,"href":"https:\/\/www.diario5.com.ar\/es\/wp-json\/wp\/v2\/users\/1"}],"replies":[{"embeddable":true,"href":"https:\/\/www.diario5.com.ar\/es\/wp-json\/wp\/v2\/comments?post=637918"}],"version-history":[{"count":4,"href":"https:\/\/www.diario5.com.ar\/es\/wp-json\/wp\/v2\/posts\/637918\/revisions"}],"predecessor-version":[{"id":637972,"href":"https:\/\/www.diario5.com.ar\/es\/wp-json\/wp\/v2\/posts\/637918\/revisions\/637972"}],"wp:featuredmedia":[{"embeddable":true,"href":"https:\/\/www.diario5.com.ar\/es\/wp-json\/wp\/v2\/media\/637881"}],"wp:attachment":[{"href":"https:\/\/www.diario5.com.ar\/es\/wp-json\/wp\/v2\/media?parent=637918"}],"wp:term":[{"taxonomy":"category","embeddable":true,"href":"https:\/\/www.diario5.com.ar\/es\/wp-json\/wp\/v2\/categories?post=637918"},{"taxonomy":"post_tag","embeddable":true,"href":"https:\/\/www.diario5.com.ar\/es\/wp-json\/wp\/v2\/tags?post=637918"},{"taxonomy":"series","embeddable":true,"href":"https:\/\/www.diario5.com.ar\/es\/wp-json\/wp\/v2\/series?post=637918"}],"curies":[{"name":"wp","href":"https:\/\/api.w.org\/{rel}","templated":true}]}}