{"id":637617,"date":"2021-10-01T10:31:50","date_gmt":"2021-10-01T13:31:50","guid":{"rendered":"https:\/\/www.diario5.com.ar\/?p=637617"},"modified":"2023-04-12T15:33:44","modified_gmt":"2023-04-12T18:33:44","slug":"el-planeta-bla-bla-bla","status":"publish","type":"post","link":"https:\/\/www.diario5.com.ar\/es\/el-planeta-bla-bla-bla\/","title":{"rendered":"Efectos del Planeta Bla bla bla"},"content":{"rendered":"<h2 class=\"sub-title-primary\">Hubo 100.000 j\u00f3venes en la marcha por el clima liderada por la activista Greta Thunberg luego del tenso momento con un ministro Italiano en la cumbre de Mil\u00e1n. Buenos Aires est\u00e1 en la lista de las candidatas a la r\u00e9plica. <\/h2> <figure id=\"attachment_668176\" aria-describedby=\"caption-attachment-668176\" style=\"width: 700px\" class=\"wp-caption alignnone\"><img decoding=\"async\" loading=\"lazy\" class=\"wp-image-668176 size-full\" title=\"Efectos del Planeta Bla bla bla\" src=\"https:\/\/www.diario5.com.ar\/wp-content\/uploads\/2023\/04\/GOLF_20210928153324251_a778ae3fe8c3b447f3a0e329ca8141c7-1213x76820230412-1.jpg\" alt=\"Efectos del Planeta Bla bla bla\" width=\"700\" height=\"443\" srcset=\"https:\/\/www.diario5.com.ar\/wp-content\/uploads\/2023\/04\/GOLF_20210928153324251_a778ae3fe8c3b447f3a0e329ca8141c7-1213x76820230412-1.jpg 700w, https:\/\/www.diario5.com.ar\/wp-content\/uploads\/2023\/04\/GOLF_20210928153324251_a778ae3fe8c3b447f3a0e329ca8141c7-1213x76820230412-1-300x190.jpg 300w\" sizes=\"(max-width: 700px) 100vw, 700px\" \/><figcaption id=\"caption-attachment-668176\" class=\"wp-caption-text\">La sueca y la africana participando el 28 de septiembre en la cumbre Youth4Climate.<\/figcaption><\/figure>\n<p>\u00abNo hay planeta B. No hay planeta Bla bla bla\u00bb. Greta Thunberg y Vanessa Nakate, dos de las activistas clim\u00e1ticas m\u00e1s conocidas del mundo, participaron en el primer d\u00eda de trabajo en Youth4Climate, un foro para j\u00f3venes comprometidos en la lucha contra el desastre ambiental. Cuatrocientos ni\u00f1os y ni\u00f1as se reunieron en Mico en Mil\u00e1n para discutir ideas y proyectos antes de la hist\u00f3rica Conferencia de las Naciones Unidas sobre el Clima programada para noviembre en Glasgow, Escocia.\u201dS\u00e9 que nos ayudar\u00e1n a concretar soluciones visionarias\u00bb, dijo el ministro de Transici\u00f3n Ecol\u00f3gica de Italia, Roberto Cingolani, en su discurso de apertura. Pero a Thunberg no le gust\u00f3 el optimismo escenificado en el escenario por las instituciones, quien durante su discurso acus\u00f3 a los l\u00edderes de la Polic\u00eda de haber hecho\u201duna vez m\u00e1s una selecci\u00f3n de activistas\u00bb.\u201dNos invitaste aqu\u00ed para hablar, pero finges escucharnos, como siempre lo has hecho\u201d, dijo Greta desde el micr\u00f3fono, dirigi\u00e9ndose tambi\u00e9n al presidente de la COP26, Alok Sharma, quien estaba conectado de forma remota en ese momento. Los j\u00f3venes sentados en la platea, que en su papel de manifestantes hab\u00edan sido definidos por Cingolani como radical chic, aplaudieron la invectiva y gritaron con ella que quer\u00edan un cambio\u201dahora\u00bb.<\/p>\n<p>&nbsp;<\/p>\n<p><img decoding=\"async\" loading=\"lazy\" class=\"alignnone size-full wp-image-637642\" title=\"El Planeta Bla bla bla\" src=\"https:\/\/www.diario5.com.ar\/wp-content\/uploads\/2021\/10\/6156ebb4ba4c6_1004x56520211001.jpg\" alt=\"El Planeta Bla bla bla\" width=\"1004\" height=\"565\" srcset=\"https:\/\/www.diario5.com.ar\/wp-content\/uploads\/2021\/10\/6156ebb4ba4c6_1004x56520211001.jpg 1004w, https:\/\/www.diario5.com.ar\/wp-content\/uploads\/2021\/10\/6156ebb4ba4c6_1004x56520211001-300x169.jpg 300w, https:\/\/www.diario5.com.ar\/wp-content\/uploads\/2021\/10\/6156ebb4ba4c6_1004x56520211001-768x432.jpg 768w\" sizes=\"(max-width: 1004px) 100vw, 1004px\" \/><\/p>\n<p>\u00ab\u00bfSomos radicalmente chic?\u00bb No s\u00e9 c\u00f3mo responder a esto\u201d, dijo Rose Kobusinge, una activista de Uganda que vino del Reino Unido para asistir al evento.\u201dLamento que estos sean los l\u00edderes que tenemos. Est\u00e1 claro que no tienen el coraje que necesitan ahora\u201d. Kobusinge record\u00f3 que incluso antes de encontrar soluciones era necesario\u201dcrear conciencia colectiva sobre la emergencia clim\u00e1tica\u00bb para empujar a los gobiernos a actuar, que es exactamente para lo que est\u00e1n las protestas tan criticadas por Cingolani.\u201dNo es necesario ser un experto cient\u00edfico en todos los \u00e1mbitos para comprender que tenemos un problema\u00bb.<\/p>\n<p>En pleno estilo\u201d quiero que cunda el p\u00e1nico\u201d, las cuestiones planteadas por Thunberg y Nakate sacudieron el clima burocr\u00e1tico y algo fr\u00edo de las intervenciones institucionales de apertura. Uno de los pasajes m\u00e1s aplaudidos del discurso de la activista ugand\u00e9s fue el de la deuda: \u201dLos pa\u00edses pobres necesitan transferencias de dinero, no pr\u00e9stamos\u00bb, dijo Vanessa visiblemente conmovida. Antes de sentarse y romper a llorar, Nakate record\u00f3 que en \u00c1frica hay millones de personas que ya est\u00e1n experimentando los devastadores efectos del cambio clim\u00e1tico a diario. \u00c1frica es responsable solo de los 3% de las emisiones totales &#8211; dijo &#8211; pero los africanos est\u00e1n sufriendo las peores consecuencias. No es posible adaptarse al hambre, a la p\u00e9rdida de tradiciones, a la p\u00e9rdida de la historia. No podemos adaptarnos a la extinci\u00f3n\u201d.<\/p>\n<p>A diferencia de la audiencia de j\u00f3venes activistas, el ministro Cingolani no qued\u00f3 particularmente impresionado por las palabras de Nakate y Thunberg. En el punto de prensa justo despu\u00e9s de la inauguraci\u00f3n del evento, Cingolani (que evit\u00f3 las preguntas de los periodistas) se limit\u00f3 a decir que ten\u00eda un estilo de comunicaci\u00f3n diferente al de las generaciones m\u00e1s j\u00f3venes, pero que el mensaje que enviaban era el mismo.\u201dM\u00e1s all\u00e1 de las distintas formas de expresarse, ligadas tambi\u00e9n a factores generacionales, se ha dicho lo mismo: la crisis clim\u00e1tica es clara para todos\u201d. Durante los pr\u00f3ximos 3 d\u00edas, activistas seleccionados competir\u00e1n en foros para elaborar planes. Por otro lado, como dijo Greta en el escenario, cuando se trata de cambio clim\u00e1tico\u201d tenemos que pensar en puestos de trabajo, muchos puestos de trabajo\u00bb.<\/p>","protected":false},"excerpt":{"rendered":"<p>Hubo 100.000 j\u00f3venes en la marcha por el clima liderada por la activista Greta Thunberg luego del tenso momento con un ministro Italiano en la cumbre de Mil\u00e1n. Buenos Aires est\u00e1 en la lista de las candidatas a la r\u00e9plica. \u00abNo hay planeta B. No hay planeta Bla bla bla\u00bb. Greta Thunberg y Vanessa Nakate, [&hellip;]<\/p>","protected":false},"author":8,"featured_media":668176,"comment_status":"closed","ping_status":"closed","sticky":false,"template":"","format":"standard","meta":[],"categories":[95,48,6],"tags":[],"series":[],"_links":{"self":[{"href":"https:\/\/www.diario5.com.ar\/es\/wp-json\/wp\/v2\/posts\/637617"}],"collection":[{"href":"https:\/\/www.diario5.com.ar\/es\/wp-json\/wp\/v2\/posts"}],"about":[{"href":"https:\/\/www.diario5.com.ar\/es\/wp-json\/wp\/v2\/types\/post"}],"author":[{"embeddable":true,"href":"https:\/\/www.diario5.com.ar\/es\/wp-json\/wp\/v2\/users\/8"}],"replies":[{"embeddable":true,"href":"https:\/\/www.diario5.com.ar\/es\/wp-json\/wp\/v2\/comments?post=637617"}],"version-history":[{"count":6,"href":"https:\/\/www.diario5.com.ar\/es\/wp-json\/wp\/v2\/posts\/637617\/revisions"}],"predecessor-version":[{"id":637633,"href":"https:\/\/www.diario5.com.ar\/es\/wp-json\/wp\/v2\/posts\/637617\/revisions\/637633"}],"wp:featuredmedia":[{"embeddable":true,"href":"https:\/\/www.diario5.com.ar\/es\/wp-json\/wp\/v2\/media\/668176"}],"wp:attachment":[{"href":"https:\/\/www.diario5.com.ar\/es\/wp-json\/wp\/v2\/media?parent=637617"}],"wp:term":[{"taxonomy":"category","embeddable":true,"href":"https:\/\/www.diario5.com.ar\/es\/wp-json\/wp\/v2\/categories?post=637617"},{"taxonomy":"post_tag","embeddable":true,"href":"https:\/\/www.diario5.com.ar\/es\/wp-json\/wp\/v2\/tags?post=637617"},{"taxonomy":"series","embeddable":true,"href":"https:\/\/www.diario5.com.ar\/es\/wp-json\/wp\/v2\/series?post=637617"}],"curies":[{"name":"wp","href":"https:\/\/api.w.org\/{rel}","templated":true}]}}