{"id":637316,"date":"2021-09-24T09:31:53","date_gmt":"2021-09-24T12:31:53","guid":{"rendered":"https:\/\/www.diario5.com.ar\/coronavirus-el-ministerio-de-salud-porteno-brindo-nuevos-detalles\/"},"modified":"2021-09-26T14:43:36","modified_gmt":"2021-09-26T17:43:36","slug":"coronavirus-el-ministerio-de-salud-porteno-brindo-nuevos-detalles","status":"publish","type":"post","link":"https:\/\/www.diario5.com.ar\/es\/coronavirus-el-ministerio-de-salud-porteno-brindo-nuevos-detalles\/","title":{"rendered":"Informe actualizado sobre Covid"},"content":{"rendered":"<h2 class=\"sub-title-primary\"><\/h2> <p><!--googleoff: index--><\/p>\n<div><iframe loading=\"lazy\" width=\"740\" height=\"395\" src=\"https:\/\/www.youtube.com\/embed\/P5tRwfSyw38\" title=\"YouTube video player\" frameborder=\"0\" allow=\"accelerometer; autoplay; clipboard-write; encrypted-media; gyroscope; picture-in-picture\" allowfullscreen><\/iframe><\/p>\n<p><\/p>\n<p>El ministro de Salud porte\u00f1o, Fern\u00e1n Quir\u00f3s; el subsecretario de Atenci\u00f3n Primaria, Gabriel Battistella y la directora general de Planificaci\u00f3n Operativa, Paula Zingoni, brindaron detalles sobre la situaci\u00f3n sanitaria de la Ciudad en relaci\u00f3n a la curva de contagios, su evoluci\u00f3n y el avance del Plan de Vacunaci\u00f3n, en el marco del distanciamiento social, preventivo y obligatorio por el coronavirus.<\/p>\n<p>Quir\u00f3s indic\u00f3 que \u201chasta el d\u00eda de hoy hemos confirmado 503.776 casos, de los cuales se han recuperado 467.119 personas, han fallecido 11.772 lo que hace una letalidad para la Ciudad de Buenos Aires de 2,34%\u201d.<\/p>\n<p>En cuanto a la campa\u00f1a de vacunaci\u00f3n, Quir\u00f3s inform\u00f3 que \u201chasta el d\u00eda de hoy aplicamos 4.127.482 dosis de vacuna, es el 99% de todas las vacunas que nos han entregado desde el Gobierno nacional. Cuando uno toma solamente a los mayores de 18 a\u00f1os, el 96% ya recibi\u00f3 su primera dosis\u201d.<\/p>\n<blockquote>\n<p>\u00abAplicamos 4.127.482 dosis de vacuna, es el 99% de todas las vacunas que nos han entregado desde el Gobierno nacional\u00bb. <strong>(Fern\u00e1n Quir\u00f3s)<\/strong>.<\/p>\n<\/blockquote>\n<p>\u201cHasta el d\u00eda de hoy aplicamos la primera dosis a 2.296.194 personas, es el 74,6% de la poblaci\u00f3n general. Y aplicamos 1.831.288 segundas dosis, lo que representa el 59,5% de los porte\u00f1os que ya tienen el esquema completo\u201d, a\u00f1adi\u00f3.<\/p>\n<p>Battistella inform\u00f3 que \u201cen total se han realizado 5.925.316 testeos, el 63,2% corresponde a ciudadanos residentes de la Ciudad de Buenos Aires. Estamos con la tasa de positividad m\u00e1s baja desde que comenz\u00f3 la pandemia, 1,5%. Hasta el momento, se han seguido 895.006 personas y en este momento est\u00e1n en seguimiento 3.839\u201d.<\/p>\n<p>En relaci\u00f3n a las distintas estrategias de testeo, en las Unidades Febriles de Urgencia (UFU) se hicieron 658.905 testeos; en los dispositivos DetectAR 988.932; en los centros de testeo se contabilizaron 2.349.000 y en las Unidades M\u00f3viles se realizaron 308.926.<\/p>\n<p>En tanto, Zingoni dijo que 18.904 personas fueron vacunadas con al menos una dosis en residencias de la tercera edad, de las cuales 16.836 ya tienen el esquema completo. A su vez, en domicilios fueron vacunadas con al menos una dosis 4.782 personas y 5.035 ya cuentan con el esquema completo.<\/p>\n<\/div>\n<p><!--googleon: index>\n<\/p>","protected":false},"excerpt":{"rendered":"<p>El ministro de Salud porte\u00f1o, Fern\u00e1n Quir\u00f3s; el subsecretario de Atenci\u00f3n Primaria, Gabriel Battistella y la directora general de Planificaci\u00f3n Operativa, Paula Zingoni, brindaron detalles sobre la situaci\u00f3n sanitaria de la Ciudad en relaci\u00f3n a la curva de contagios, su evoluci\u00f3n y el avance del Plan de Vacunaci\u00f3n, en el marco del distanciamiento social, preventivo [&hellip;]<\/p>","protected":false},"author":20,"featured_media":637317,"comment_status":"open","ping_status":"closed","sticky":false,"template":"","format":"standard","meta":[],"categories":[57,22,3],"tags":[],"series":[],"_links":{"self":[{"href":"https:\/\/www.diario5.com.ar\/es\/wp-json\/wp\/v2\/posts\/637316"}],"collection":[{"href":"https:\/\/www.diario5.com.ar\/es\/wp-json\/wp\/v2\/posts"}],"about":[{"href":"https:\/\/www.diario5.com.ar\/es\/wp-json\/wp\/v2\/types\/post"}],"author":[{"embeddable":true,"href":"https:\/\/www.diario5.com.ar\/es\/wp-json\/wp\/v2\/users\/20"}],"replies":[{"embeddable":true,"href":"https:\/\/www.diario5.com.ar\/es\/wp-json\/wp\/v2\/comments?post=637316"}],"version-history":[{"count":1,"href":"https:\/\/www.diario5.com.ar\/es\/wp-json\/wp\/v2\/posts\/637316\/revisions"}],"predecessor-version":[{"id":637450,"href":"https:\/\/www.diario5.com.ar\/es\/wp-json\/wp\/v2\/posts\/637316\/revisions\/637450"}],"wp:featuredmedia":[{"embeddable":true,"href":"https:\/\/www.diario5.com.ar\/es\/wp-json\/wp\/v2\/media\/637317"}],"wp:attachment":[{"href":"https:\/\/www.diario5.com.ar\/es\/wp-json\/wp\/v2\/media?parent=637316"}],"wp:term":[{"taxonomy":"category","embeddable":true,"href":"https:\/\/www.diario5.com.ar\/es\/wp-json\/wp\/v2\/categories?post=637316"},{"taxonomy":"post_tag","embeddable":true,"href":"https:\/\/www.diario5.com.ar\/es\/wp-json\/wp\/v2\/tags?post=637316"},{"taxonomy":"series","embeddable":true,"href":"https:\/\/www.diario5.com.ar\/es\/wp-json\/wp\/v2\/series?post=637316"}],"curies":[{"name":"wp","href":"https:\/\/api.w.org\/{rel}","templated":true}]}}