{"id":636901,"date":"2021-09-16T10:03:21","date_gmt":"2021-09-16T13:03:21","guid":{"rendered":"https:\/\/www.diario5.com.ar\/la-temporada-lirica-del-teatro-colon-ofrece-theodora\/"},"modified":"2021-09-16T10:03:21","modified_gmt":"2021-09-16T13:03:21","slug":"la-temporada-lirica-del-teatro-colon-ofrece-theodora","status":"publish","type":"post","link":"https:\/\/www.diario5.com.ar\/es\/la-temporada-lirica-del-teatro-colon-ofrece-theodora\/","title":{"rendered":"La temporada l\u00edrica del Teatro Col\u00f3n ofrece Theodora"},"content":{"rendered":"<h2 class=\"sub-title-primary\"><\/h2> <div>\n<p>El Teatro Col\u00f3n contin\u00faa su programaci\u00f3n l\u00edrica a partir del pr\u00f3ximo martes 28 de septiembre a las 20 con <strong>Theodora<\/strong>, una versi\u00f3n esc\u00e9nica sobre el oratorio de <strong>Georg Friedrich H\u00e4ndel<\/strong>, con Direcci\u00f3n Musical de  Johannes Pramsohler al frente de la Orquesta Estable del Teatro Col\u00f3n; Dramaturgia y Direcci\u00f3n de Escena de  Alejandro Tantanian; textos de Franco Torchia; espacio y vestuario de Oria Puppo; video de Oria Puppo y Mat\u00edas Otalora e Iluminaci\u00f3n de Rub\u00e9n Conde.<\/p>\n<p>Las <strong>cuatro funciones<\/strong> programadas se llevar\u00e1n a cabo los d\u00edas martes 28 y mi\u00e9rcoles 29 de septiembre a las 20:00, el viernes 1 de octubre a las 20, finalizando sus presentaciones el domingo 3 de octubre a las 17.<\/p>\n<blockquote>\n<p>Mercedes Mor\u00e1n ser\u00e1 la actriz invitada<\/p>\n<\/blockquote>\n<p>La <strong>Orquesta Estable del Teatro Col\u00f3n<\/strong> se presentar\u00e1 junto a prestigiosos cantantes internacionales y nacionales junto a la participaci\u00f3n especial de <strong>Mercedes Mor\u00e1n como actriz invitada<\/strong>, para abordar un repertorio barroco con mirada contempor\u00e1nea de la obra de H\u00e4ndel.<\/p>\n<\/p>\n<p>Entre las destacadas voces que interpretar\u00e1n esta obra se encuentran la reconocida soprano coreana <strong>Yun Jung Choi<\/strong> quien interpreta el papel de Theodora, el contratenor <strong>Mart\u00edn Oro<\/strong>, la mezzosoprano <strong>Florencia Machado<\/strong>, el tenor <strong>Santiago Martinez<\/strong> y el bar\u00edtono <strong>V\u00edctor Torres<\/strong>.<\/p>\n<p>Theodora es un oratorio de H\u00e4ndel con libreto de Thomas Morell, basado en una obra de Robert Boyle publicada el 1687 con el nombre de The Martyrdom of Theodora and Didymus. Esta interpretaci\u00f3n decide priorizar el esquema argumental original construyendo una versi\u00f3n que pueda, a su vez, dialogar con la contemporaneidad.<\/p>\n<blockquote>\n<p><a href=\"https:\/\/teatrocolon.org.ar\/es\/\" target=\"_blank\" rel=\"noopener\">M\u00e1s informaci\u00f3n y venta de entradas online<\/a><\/p>\n<\/blockquote>\n<p>Una de las voluntades centrales de este montaje es presentar al p\u00fablico la figura y el pensamiento de Marcella Althaus-Reid para rescatarla del olvido o el desconocimiento en el que se encuentra. El relato propuesto por H\u00e4ndel-Morrell pareciera haber sido compuesto para que Marcella Althaus-Reid pueda decir lo suyo, pueda incorporarse a la historia de Theodora casi cuatro siglos m\u00e1s tarde.<\/p>\n<p>Las <strong>localidades<\/strong> se pueden adquirir de manera online en <a href=\"https:\/\/teatrocolon.org.ar\/es\/\" target=\"_blank\" rel=\"noopener\">www.teatrocolon.org.ar<\/a>  o de forma presencial en Viamonte 560, local 5, de lunes a viernes de 10 a 16 horas, \u00fanicamente con tarjeta de cr\u00e9dito y d\u00e9bito.<\/p>\n<p><img decoding=\"async\" loading=\"lazy\" src=\"https:\/\/www.diario5.com.ar\/wp-content\/uploads\/2021\/09\/foto_-_alejandro_tantanian_edited.jpg\" width=\"3046\" height=\"4623\" alt=\"\"><\/p>\n<\/div>","protected":false},"excerpt":{"rendered":"<p>El Teatro Col\u00f3n contin\u00faa su programaci\u00f3n l\u00edrica a partir del pr\u00f3ximo martes 28 de septiembre a las 20 con Theodora, una versi\u00f3n esc\u00e9nica sobre el oratorio de Georg Friedrich H\u00e4ndel, con Direcci\u00f3n Musical de Johannes Pramsohler al frente de la Orquesta Estable del Teatro Col\u00f3n; Dramaturgia y Direcci\u00f3n de Escena de Alejandro Tantanian; textos de [&hellip;]<\/p>","protected":false},"author":8,"featured_media":636902,"comment_status":"open","ping_status":"closed","sticky":false,"template":"","format":"standard","meta":[],"categories":[5],"tags":[],"series":[],"_links":{"self":[{"href":"https:\/\/www.diario5.com.ar\/es\/wp-json\/wp\/v2\/posts\/636901"}],"collection":[{"href":"https:\/\/www.diario5.com.ar\/es\/wp-json\/wp\/v2\/posts"}],"about":[{"href":"https:\/\/www.diario5.com.ar\/es\/wp-json\/wp\/v2\/types\/post"}],"author":[{"embeddable":true,"href":"https:\/\/www.diario5.com.ar\/es\/wp-json\/wp\/v2\/users\/8"}],"replies":[{"embeddable":true,"href":"https:\/\/www.diario5.com.ar\/es\/wp-json\/wp\/v2\/comments?post=636901"}],"version-history":[{"count":0,"href":"https:\/\/www.diario5.com.ar\/es\/wp-json\/wp\/v2\/posts\/636901\/revisions"}],"wp:featuredmedia":[{"embeddable":true,"href":"https:\/\/www.diario5.com.ar\/es\/wp-json\/wp\/v2\/media\/636902"}],"wp:attachment":[{"href":"https:\/\/www.diario5.com.ar\/es\/wp-json\/wp\/v2\/media?parent=636901"}],"wp:term":[{"taxonomy":"category","embeddable":true,"href":"https:\/\/www.diario5.com.ar\/es\/wp-json\/wp\/v2\/categories?post=636901"},{"taxonomy":"post_tag","embeddable":true,"href":"https:\/\/www.diario5.com.ar\/es\/wp-json\/wp\/v2\/tags?post=636901"},{"taxonomy":"series","embeddable":true,"href":"https:\/\/www.diario5.com.ar\/es\/wp-json\/wp\/v2\/series?post=636901"}],"curies":[{"name":"wp","href":"https:\/\/api.w.org\/{rel}","templated":true}]}}