{"id":636801,"date":"2021-09-15T10:03:22","date_gmt":"2021-09-15T13:03:22","guid":{"rendered":"https:\/\/www.diario5.com.ar\/festival-ba-podcast-el-primer-encuentro-de-podcasters-en-la-ciudad\/"},"modified":"2021-09-15T15:43:25","modified_gmt":"2021-09-15T18:43:25","slug":"festival-ba-podcast-el-primer-encuentro-de-podcasters-en-la-ciudad","status":"publish","type":"post","link":"https:\/\/www.diario5.com.ar\/es\/festival-ba-podcast-el-primer-encuentro-de-podcasters-en-la-ciudad\/","title":{"rendered":"Podcast: Encuentro de profesionales"},"content":{"rendered":"<h2 class=\"sub-title-primary\"><\/h2> <div>\n<p><img decoding=\"async\" loading=\"lazy\" class=\"alignnone size-full wp-image-636828\" title=\"Festival BA Podcast, el primer encuentro de podcasters en la Ciudad\" src=\"https:\/\/www.diario5.com.ar\/wp-content\/uploads\/2021\/09\/ae99acaeb9997b81bcdf87183c960a8ceb041c2f20210915.png\" alt=\"Festival BA Podcast, el primer encuentro de podcasters en la Ciudad\" width=\"768\" height=\"576\" srcset=\"https:\/\/www.diario5.com.ar\/wp-content\/uploads\/2021\/09\/ae99acaeb9997b81bcdf87183c960a8ceb041c2f20210915.png 768w, https:\/\/www.diario5.com.ar\/wp-content\/uploads\/2021\/09\/ae99acaeb9997b81bcdf87183c960a8ceb041c2f20210915-300x225.png 300w\" sizes=\"(max-width: 768px) 100vw, 768px\" \/><\/p>\n<\/div>\n<h2 id=\"c182\" class=\"oBOnKe\"><span style=\"font-size: 16px;\">El 30 de septiembre, como parte del D\u00eda Internacional del Podcasting, la ciudad acoge el Festival Creativo y Virtual Ba Podcasts y destaca las escenas de podcasts m\u00e1s importantes en los podios regionales e internacionales.<\/span><\/h2>\n<div class=\"dePhmb\">\n<div class=\"eyKpYb\" data-language=\"es\" data-original-language=\"it\" data-result-index=\"0\">\n<div><\/div>\n<div class=\"J0lOec\"><span class=\"VIiyi\" lang=\"es\"><span class=\"JLqJ4b ChMk0b\" data-language-for-alternatives=\"es\" data-language-to-translate-into=\"it\" data-phrase-index=\"2\">Los podcasters han sido premiados en una variedad de programas, transmisiones e informes \/ observadores.<\/span> <span class=\"JLqJ4b ChMk0b\" data-language-for-alternatives=\"es\" data-language-to-translate-into=\"it\" data-phrase-index=\"4\">S podr\u00e1n escuchar todos los podcast a trav\u00e9s de plataformas digitales, como Spotify y la plataforma de la ciudad para producciones digitales Vivamos Cultura.<\/span> <\/span><\/div>\n<div><\/div>\n<div class=\"J0lOec\"><span class=\"VIiyi\" lang=\"es\"><span class=\"JLqJ4b ChMk0b\" data-language-for-alternatives=\"es\" data-language-to-translate-into=\"it\" data-phrase-index=\"6\">\u00a1Pod\u00e9s participar en vivo!<\/span> <span class=\"JLqJ4b ChMk0b\" data-language-for-alternatives=\"es\" data-language-to-translate-into=\"it\" data-phrase-index=\"8\">Es posible registrarse o escuchar las transmisiones en vivo, que se realizar\u00e1n en el Centro Cultural San Mart\u00edn el 30 de septiembre.<\/span><\/span><\/div>\n<\/div>\n<\/div>\n<p>&nbsp;<br \/>\n<!--googleoff: index--><\/p>\n<p>&nbsp;<\/p>\n<div>\n<h3>En vivo: Charlas en el Cultural San Mart\u00edn<\/h3>\n<ol>\n<li>Hoy trasnoche desde el CCSM (episodio especial en vivo)<br \/>\nFiorella Sargenti, <em>Host \u201cHoy Trasnoche\u201d<\/em><br \/>\nSantiago Calori, <em>Host \u201cHoy Trasnoche\u201d<\/em><\/li>\n<li>Potrero digital (en vivo)<br \/>\nJuan Jos\u00e9 \u201cYayo\u201d Bertamoni. <em>Director de Potrero Digital<\/em><br \/>\nAlumno: Leandro Garrido<br \/>\nAlumno: Sofia Sanchez<br \/>\nJusto Parenti, <em>responsable de Compromiso Digital<\/em><\/li>\n<li>Futuro, Innovaci\u00f3n, Tecnolog\u00eda y Ciudades (en vivo)<br \/>\nEzequiel Canle Santamaria, <em>Propiedad Intelectual e Innovaci\u00f3n GCBA<\/em><br \/>\nFredi Vivas, <em>RockingData<\/em><br \/>\nMarina Bericua, <em>Microsoft<\/em><\/li>\n<li>\u00bfC\u00f3mo se producen los podcast en Argentina? (en vivo)<br \/>\nLuciano Banchero, <em>Posta<\/em><br \/>\nNatalia Carcavallo, <em>Wetoker<\/em><br \/>\nNicolas Dalmas di Giovanni, <em>Mothercaster<\/em><br \/>\nJavier Anaya, <em>Sense of wonder<\/em><br \/>\nTom\u00e1s Balmaceda, <em>fil\u00f3sofo, periodista<\/em><\/li>\n<\/ol>\n<hr \/>\n<h3>Conversaciones<\/h3>\n<p>Escuchalas en formato podcast, a partir del 30\/09<\/p>\n<p>\u201cCrea, conoc\u00e9 y foment\u00e1 tu comunidad\u201d Caso Radio Ambulante<br \/>\nCarolina Guerrero. <em>CEO Radio Ambulante studios.<\/em><br \/>\nAna Prieto. <em>Periodista.<\/em><\/p>\n<p>\u201cDesde 0. \u00bfC\u00f3mo creo mi Podcast?\u201d ft. Netflix<br \/>\nInes Sawchik. <em>Manager, creative development &amp; production, Netflix<\/em><br \/>\nYesica Bernardou. <em>Radio TrendTopic<\/em><\/p>\n<p>\u201cPresente y futuro del Podcast\u201d ft Podimo<br \/>\nJavier Celaya. <em>Country Manager Espa\u00f1a y LATAM Podimo<\/em><br \/>\nEzequiel Canle Santamaria. <em>Propiedad Intelectual e Innovaci\u00f3n GCBA<\/em><\/p>\n<p>Podcast Brandeados: Caso YPF<br \/>\nMelanie Tobal. <em>Posta<\/em><\/p>\n<p>\u201cEspecialista en SEO &amp; E-Commerce\u201d<br \/>\nMaybel Martinez. <em>The good marketing, Huella digital<\/em><br \/>\nPaola Luna Aguilera. <em>The good marketing, Huella digital<\/em><\/p>\n<p>Creators : \u201cLa experiencia como forma de aprendizaje\u201d ft Clarita Cao<br \/>\nClarita Cao. <em>Content Creator<\/em><br \/>\nSabrina Mauas. <em>NOP (No Ordinary People) Podcasts<\/em><\/p>\n<p>\u201cGestionar la Cultura\u201d<br \/>\nDaniela Ruiz. <em>Actriz, Activista<\/em><br \/>\nJuan Ignacio Retamal, <em>Gerente de producci\u00f3n sociocultural BAcultura<\/em><br \/>\nFacundo Suarez, <em>Unicxs<\/em>.<\/p>\n<p>\u201cLas empresas del futuro. El podcast como herramienta de comunicaci\u00f3n\u201d<br \/>\nFederico Bugallo. <em>Country Manager, \u00c1gora asuntos p\u00fablicos<\/em><br \/>\nLeo Piccioli. <em>Liderazgo e innovaci\u00f3n<\/em><br \/>\nEzequiel Apelbaum. <em>Head of Enterprise, Workana<\/em><\/p>\n<p>\u201cPeriodismo informativo, una nueva era\u201d<br \/>\nCarola Gil. <em>Periodista, La Naci\u00f3n (El primer caf\u00e9 podcast)<\/em><br \/>\nDiego Scott. <em>Periodista, La Naci\u00f3n (El primer caf\u00e9 podcast)<\/em><br \/>\nSebasti\u00e1n Davidovsky. <em>Periodista.<\/em><br \/>\nRossana Fuentes Berain. <em>Periodista (\u201cOlvidadas\u201d Podcast, Podimo)<\/em><br \/>\nSilvia Vi\u00f1as. <em>Periodista (\u201cEl hilo\u201d Podcast, Radio Ambulante)<\/em><\/p>\n<p>\u201cMujeres L\u00edderes en Tecnolog\u00eda\u201d<br \/>\nFloencia Boero. <em>L\u00edder regional de comunicaci\u00f3n y prensa Chicas en TEC<\/em><br \/>\nJulieta La Casa. <em>Analista de contenidos Chicas en TEC<\/em><\/p>\n<p>\u201cConversaciones preliminares: el dise\u00f1o y la industria del audio\u201d.<br \/>\nCeleste Nasimbera. <em>Editora web L\u2019officiel Argentina<\/em><br \/>\nAna Torrej\u00f3n. <em>Directora editorial,L\u2019officiel Argentina<\/em><br \/>\nAlejandra Torres. <em>Drop the Mic<\/em><br \/>\nEmmanuel pan. <em>Buen sello dise\u00f1o<\/em><br \/>\nWustavo Quiroga. <em>Fundaci\u00f3n IDA<\/em><\/p>\n<p>\u201cMujeres que no fueron tapa\u201d.<br \/>\nLala Pasquinelli. <em>Artista<\/em><br \/>\nNatalia Carcavallo. <em>Wetoker<\/em><\/p>\n<p>\u201cMujeres Inc\u00f3modas\u201d.<br \/>\nVanessa Rosales. <em>Escritora<\/em><br \/>\nMercedes Funes. <em>Periodista, polit\u00f3loga<\/em><br \/>\nSabrina Mauas. <em>NOP (No Ordinary People) Podcasts<\/em><\/p>\n<p>\u00bfOyen nuestra voz?<br \/>\nFUROR<br \/>\nCatalina de El\u00eda<\/p>\n<p>Inversiones de Impacto Social y Empleabilidad (A confirmar)<br \/>\nFlorencia Giulio. <em>Impacto Digital.<\/em><br \/>\nMartina Ansardi. <em>Coordinadora de Contrata Trans.<\/em><\/p>\n<p>La revoluci\u00f3n creativa del podcast<br \/>\nYesica Bernardou. <em>Radio TendTopic<\/em><\/p>\n<hr \/>\n<h3>Workshops<\/h3>\n<p>Inspirate y escuchalos en formato podcast, a partir del 30\/09<\/p>\n<ol>\n<li>\u201cEscribiendo para Podcasts\u201d<br \/>\nJavier Rao. <em>Director cinematogr\u00e1fico<\/em><br \/>\nAndr\u00e9s Fechi. <em>Productor Audiovisual<\/em><\/li>\n<li>\u201cLa revoluci\u00f3n del Podcast\u201d<br \/>\nNatalia Carcavallo, <em>Wetoker<\/em><br \/>\nValeria<\/li>\n<li>\u201cProtecci\u00f3n legal del Podcast\u201d<br \/>\nEzequiel Canle Santamar\u00eda. <em>Propiedad Intelectual e Innovaci\u00f3n GCBA<\/em><br \/>\nAgustina Laboreau<\/li>\n<li>\u201cGesti\u00f3n cultural\u201d<br \/>\nNatalia Pizzuto. <em>Gestora cultural<\/em><\/li>\n<li>\u201cPodcasts Corporativos\u201d<br \/>\nYesica Bernardou. <em>Radio TrendTopic<\/em><br \/>\nSabrina Mauas. <em>NOP (No Ordinary People) Podcasts<\/em><\/li>\n<li>\u201cCrea tu audiencia\u201d<br \/>\nMar\u00eda Celeste Lavalle. <em>Creadora, Podcast \u201cEmbarca2\u201d<\/em><\/li>\n<li>Comunicaci\u00f3n narrativa<br \/>\nMajo Muller. <em>Periodista<\/em><\/li>\n<li>\u201cEl liderazgo\u201d<br \/>\nLeo Piccioli. <em>Creador<\/em><\/li>\n<li>\u201cIntroducci\u00f3n a la edici\u00f3n\u201d<br \/>\nNicolas Dalma di Giovanni. <em>Mothercaster media<\/em><\/li>\n<li>\u201c\u00bfC\u00f3mo producir Podcast si me dedico al formato audiovisual?\u201d<br \/>\nJavier Anaya. <em>Sense of Wonder<\/em><br \/>\nMartina Sotille. <em>Sense of Wonder<\/em><\/li>\n<li>\u201cProgramaci\u00f3n y operaci\u00f3n t\u00e9cnica\u201d<br \/>\nGonzalo Soraiz. <em>Radio TrendTopic<\/em><br \/>\nGuillermo Semprone. <em>Productor Audiovisual<\/em><\/li>\n<li>\u201cProduciendo m\u00fasica para Podcasts\u201d<br \/>\nAgust\u00edn Konsol. <em>Compositor musical<\/em><br \/>\nGast\u00f3n Abulafia. <em>Compositor musical<\/em><\/li>\n<li>\u201cCl\u00ednica de Audacity: aprende a editar tu Podcast\u201d<br \/>\nMarcelo Pastorella. <em>Licenciado en comunicaci\u00f3n, operaci\u00f3n radial<\/em><br \/>\nSebasti\u00e1n Amica. <em>Licenciado en comunicaci\u00f3n, operaci\u00f3n radial<\/em><\/li>\n<li>\u201cHablemos de G\u00e9nero\u201d<br \/>\nMercedes Funes. <em>Periodista, polit\u00f3loga<\/em><\/li>\n<\/ol>\n<hr \/>\n<h3>Observatorio<\/h3>\n<p>Escuch\u00e1 a referentes de diversos podcast reflexionando sobre tem\u00e1ticas que los unen, en formato podcast a partir del 30\/09<\/p>\n<p>Arte<br \/>\n\u201cMancharte\u201d x Andrea Paulin<br \/>\n\u201cArte y labia\u201dx Layla Pizarro &amp; Barbara Vibaduh<br \/>\n\u201ccontArte\u201d x Roc\u00edo Armentano<\/p>\n<p>Cine<br \/>\n\u201cCin\u00e9filos\u201d x Sofia del Papa<br \/>\n\u201cCinemamente\u201d x Valentina Foglia<br \/>\n\u201cCine a las pi\u00f1as\u201d x x Facundo Martin- Matias Casata- Maxi Dries- Fernanda Farias- Ruso Hernandez<\/p>\n<p>Comedia<br \/>\n\u201cComedia\u201d x Adri\u00e1n Lakerman<br \/>\nAngie Sammartino<br \/>\nManuela Saiz<br \/>\nGabriel Grosvald<br \/>\nNacho Arana<\/p>\n<p>Deportes<br \/>\n\u201cGritemos de F\u00fatbol\u201d Ernesto Provitilo &amp; Alfredo Montes de Oca<br \/>\n\u201cBig data Sports\u201d x Mario Agustin Gimenez &amp; Marcelo Gantman<\/p>\n<p>Finanzas<br \/>\n\u201cFede Tessore Podcast\u201d x Federico Tessore<br \/>\n\u201cFinanzas para Millennials\u201d x Celeste Goldin<br \/>\n\u201cFinanzas y Cafe\u201d x Francisco Montoya Montemayor<\/p>\n<p>Moda<br \/>\n\u201cGafas Amarillas\u201d x Manuel Romero Herrera<br \/>\n\u201cNerds de la moda\u201d x Rebeca Maccise &amp; Alicia Mares<\/p>\n<p>M\u00fasica<br \/>\n\u201cEl doctor M\u00fasica\u201d x Dar\u00edo Jalf\u00edn<br \/>\n\u201cHistoria Rockstar\u201d x Mart\u00edn Leguizam\u00f3n<\/p>\n<p>Emprendedurismo<br \/>\n\u201cEconom\u00eda en 3 minutos\u201d x Andr\u00e9s Borenstein<br \/>\n\u201cFitness financiero\u201d x Fabi\u00e1n Fiorito<\/p>\n<p>Series<br \/>\n\u201cEva cast\u201d x Nicolas Dalmas Di Giovanni<br \/>\n\u201cTodos nerds\u201d x Mart\u00edn Pazos<br \/>\n\u201cCine a las pi\u00f1as\u201d x Facundo Martin- Matias Casata- Maxi Dries- Fernanda Farias- Ruso Hernandez<\/p>\n<p>Ficci\u00f3n<br \/>\n\u201cConspiranoia para principiantes\u201d x Demian Aiello<br \/>\n\u201cCAOS, la venganza\u201d x Luz Moyano<\/p>\n<\/div>\n<p><!--googleon: index--><\/p>","protected":false},"excerpt":{"rendered":"<p>El 30 de septiembre, como parte del D\u00eda Internacional del Podcasting, la ciudad acoge el Festival Creativo y Virtual Ba Podcasts y destaca las escenas de podcasts m\u00e1s importantes en los podios regionales e internacionales. Los podcasters han sido premiados en una variedad de programas, transmisiones e informes \/ observadores. S podr\u00e1n escuchar todos los [&hellip;]<\/p>","protected":false},"author":8,"featured_media":636828,"comment_status":"open","ping_status":"closed","sticky":false,"template":"","format":"standard","meta":[],"categories":[5],"tags":[],"series":[],"_links":{"self":[{"href":"https:\/\/www.diario5.com.ar\/es\/wp-json\/wp\/v2\/posts\/636801"}],"collection":[{"href":"https:\/\/www.diario5.com.ar\/es\/wp-json\/wp\/v2\/posts"}],"about":[{"href":"https:\/\/www.diario5.com.ar\/es\/wp-json\/wp\/v2\/types\/post"}],"author":[{"embeddable":true,"href":"https:\/\/www.diario5.com.ar\/es\/wp-json\/wp\/v2\/users\/8"}],"replies":[{"embeddable":true,"href":"https:\/\/www.diario5.com.ar\/es\/wp-json\/wp\/v2\/comments?post=636801"}],"version-history":[{"count":3,"href":"https:\/\/www.diario5.com.ar\/es\/wp-json\/wp\/v2\/posts\/636801\/revisions"}],"predecessor-version":[{"id":636826,"href":"https:\/\/www.diario5.com.ar\/es\/wp-json\/wp\/v2\/posts\/636801\/revisions\/636826"}],"wp:featuredmedia":[{"embeddable":true,"href":"https:\/\/www.diario5.com.ar\/es\/wp-json\/wp\/v2\/media\/636828"}],"wp:attachment":[{"href":"https:\/\/www.diario5.com.ar\/es\/wp-json\/wp\/v2\/media?parent=636801"}],"wp:term":[{"taxonomy":"category","embeddable":true,"href":"https:\/\/www.diario5.com.ar\/es\/wp-json\/wp\/v2\/categories?post=636801"},{"taxonomy":"post_tag","embeddable":true,"href":"https:\/\/www.diario5.com.ar\/es\/wp-json\/wp\/v2\/tags?post=636801"},{"taxonomy":"series","embeddable":true,"href":"https:\/\/www.diario5.com.ar\/es\/wp-json\/wp\/v2\/series?post=636801"}],"curies":[{"name":"wp","href":"https:\/\/api.w.org\/{rel}","templated":true}]}}