{"id":636695,"date":"2021-09-14T10:03:19","date_gmt":"2021-09-14T13:03:19","guid":{"rendered":"https:\/\/www.diario5.com.ar\/la-renovada-programacion-del-complejo-teatral\/"},"modified":"2021-09-14T10:03:19","modified_gmt":"2021-09-14T13:03:19","slug":"la-renovada-programacion-del-complejo-teatral","status":"publish","type":"post","link":"https:\/\/www.diario5.com.ar\/es\/la-renovada-programacion-del-complejo-teatral\/","title":{"rendered":"La renovada programaci\u00f3n del Complejo Teatral"},"content":{"rendered":"<h2 class=\"sub-title-primary\"><\/h2> <div>\n<p>El Complejo Teatral de Buenos Aires, ofrece durante septiembre una renovada programaci\u00f3n con los estrenos de <strong>Cae la noche tropical, Las cautivas, Elhecho y Siglo de oro trans<\/strong>. Adem\u00e1s, contin\u00faan las funciones de <strong>Piazzolla<\/strong>.<\/p>\n<blockquote>\n<p><a href=\"https:\/\/complejoteatral.gob.ar\/\" target=\"_blank\" rel=\"noopener\">M\u00e1s informaci\u00f3n sobre los espect\u00e1culos del Complejo Teatral<\/a><\/p>\n<\/blockquote>\n<hr>\n<h2>Cae la noche tropical<\/h2>\n<p>Dos hermanas octogenarias que viven en R\u00edo de Janeiro evocan el pasado y departen acerca de los amores de una vecina m\u00e1s joven. Seg\u00fan Puig, el tema fundamental de su novela es el afecto. Y comenta: \u201cEn la vejez crece el ansia de afecto. Cuando no se puede m\u00e1s planear el futuro, se eleva la necesidad de afecto, de entregar afecto. La actividad \u00faltima, casi \u00fanica, es afectiva.\u201d La vejez vista como \u201cla edad \u00e9pica por excelencia\u201d y el afecto como necesidad para paliar el absurdo del mundo.<\/p>\n<ul>\n<li>Elenco: <strong>Leonor Manso, Ingrid Pelicori, Eugenia Guerty<\/strong>.<\/li>\n<li>Mi\u00e9rcoles a domingos, 19 horas.<\/li>\n<li>\u00daltima funci\u00f3n: domingo 19 de diciembre.<\/li>\n<li>Duraci\u00f3n: 105 minutos.<\/li>\n<li>Platea $ 600.<\/li>\n<li>Sala Casacuberta del Teatro San Mart\u00edn (Avda. Corrientes 1530).\n<\/li>\n<\/ul>\n<p><img decoding=\"async\" loading=\"lazy\" src=\"https:\/\/www.diario5.com.ar\/wp-content\/uploads\/2021\/09\/3940_cae_la_noche_tropical_de_pablo_messiez_ctba_2018_foto_carlos_furman_1.jpg\" width=\"2250\" height=\"1500\" alt=\"Foto de Carlos Furman\/Complejo Teatral\" title=\"Foto de Carlos Furman\/Complejo Teatral\"><\/p>\n<hr>\n<h2>Las cautivas<\/h2>\n<p>La Compa\u00f1\u00eda Teatro Futuro realiza una residencia art\u00edstica en el Complejo Teatral de Buenos Aires con su proyecto <em>\u201cLa Saga Europea\u201d<\/em>, conformada por un grupo de cuatro obras ambientadas en el siglo XIX que se proponen explorar la relaci\u00f3n entre Latinoam\u00e9rica y Europa a trav\u00e9s del tamiz de la literatura. La serie est\u00e1 formada por las obras <em>Las Cautivas, Las Ciencias Naturales, Las Invasiones Inglesas y Las Traducciones<\/em>, que se estrenar\u00e1n en las diferentes salas del Complejo en los pr\u00f3ximos cuatro a\u00f1os. Las Cautivas, que se estrena ahora en el Teatro de la Ribera, se ofrece como una refundaci\u00f3n, como una metaf\u00edsica, como una naturaleza, como pura ficci\u00f3n y como el af\u00e1n de regresar a un lugar que hemos perdido definitivamente.<\/p>\n<ul>\n<li>Elenco: <strong>Laura Paredes y Lorena Vega<\/strong>.<\/li>\n<li>Funciones: viernes, 19 horas. S\u00e1bados y domingos, 17 horas. <\/li>\n<li>\u00daltima funci\u00f3n: domingo 7 de noviembre<\/li>\n<li>Duraci\u00f3n: 70 minutos<\/li>\n<li>Platea $ 350 <\/li>\n<li>Teatro de la Ribera (Avda. Pedro de Mendoza 1821)\n<\/li>\n<\/ul>\n<p><img decoding=\"async\" loading=\"lazy\" src=\"https:\/\/www.diario5.com.ar\/wp-content\/uploads\/2021\/09\/unnamed_46_0.jpg\" width=\"3000\" height=\"2250\" alt=\"Foto de Carlos Furman\/Complejo Teatral\" title=\"Foto de Carlos Furman\/Complejo Teatral\"><\/p>\n<hr>\n<h2>Elhecho<\/h2>\n<p>Contin\u00faa en el Teatro Sarmiento la retrospectiva de la actriz, autora, directora teatral y artista de variedades <strong>Mariana Chaud<\/strong> con la puesta en escena de <em>Elhecho<\/em>, obra que cuenta la historia de un sacerdote que deja los h\u00e1bitos para comprobar cient\u00edficamente la existencia de Dios. En esta carrera man\u00edaca hacia el conocimiento, la ambici\u00f3n destruye cualquier posibilidad de apreciaci\u00f3n personal del bien y, con ello, el amor se convierte s\u00f3lo en un resultado, un efecto subjetivo. \u00bfEl pecado original sucede cada vez que alguien prueba el fruto del \u00e1rbol del conocimiento del bien y del mal? Todos necesitamos y merecemos un milagro, pero s\u00f3lo algunos son capaces de regalarlo. Un milagro es un buen regalo.<\/p>\n<ul>\n<li>Elenco: <strong>Mariana Chaud, Marcos Ferrante, Santiago Gobernori, Nicol\u00e1s Lev\u00edn, Fernando Tur<\/strong>.<\/li>\n<li>Del <strong>jueves 16 de septiembre<\/strong> al domingo 3 de octubre. Jueves a domingos, 20 horas. <\/li>\n<li>Duraci\u00f3n: 80 minutos.<\/li>\n<li>Platea $ 550.<\/li>\n<li>Teatro Sarmiento (Avda. Sarmiento 2715).\n<\/li>\n<\/ul>\n<p><img decoding=\"async\" loading=\"lazy\" src=\"https:\/\/www.diario5.com.ar\/wp-content\/uploads\/2021\/09\/elhecho.jpeg\" width=\"1024\" height=\"768\" alt=\"\"><\/p>\n<hr>\n<h2>Siglo de oro trans<\/h2>\n<p>Obra cumbre del barroco espa\u00f1ol, <em>Don Gil de las calzas verdes<\/em> es una comedia de enredos sobre el deseo equivocado y, en qu\u00e9 medida, ese deseo se corresponde al cuerpo. Las preguntas que la cultura se hizo en su tiempo sobre nuestra condici\u00f3n se reversionan en este <em>Siglo de Oro trans<\/em>, que interroga al g\u00e9nero con desparpajo y de mil modos distintos. La identidad y el cuerpo frente a la demoledora acci\u00f3n del deseo.<\/p>\n<ul>\n<li>Elenco: Payuca, Roberto Peloni, Monina Bonelli, Ariel P\u00e9rez de Mar\u00eda, Maiamar Abrodos, Mariano Saborido, Martina Nikolle Ansardi, Rodrigo Arena, Juli\u00e1n Ekar, Emiliano Figueredo, Naty Menstrual, Fabi\u00e1n Minelli<br \/>\nM\u00fasicos en escena: Dolores Costoyas, Iv\u00e1n Garc\u00eda, Hern\u00e1n Cuadrado.<\/li>\n<li>Desde el <strong>viernes 17 de septiembre<\/strong>. Viernes a domingos, 20 horas.<\/li>\n<li>\u00daltima funci\u00f3n: domingo 7 de noviembre.<\/li>\n<li>Duraci\u00f3n: 90 minutos<\/li>\n<li>Platea $ 600 Pullman $ 450<\/li>\n<li>Sala Mart\u00edn Coronado del Teatro San Mart\u00edn (Avda. Corrientes 1530)\n<\/li>\n<\/ul>\n<p><img decoding=\"async\" loading=\"lazy\" src=\"https:\/\/www.diario5.com.ar\/wp-content\/uploads\/2021\/09\/siglo_de_oro_trans.jpg\" width=\"1200\" height=\"800\" alt=\"\"><\/p>\n<hr>\n<h2>Piazzolla<\/h2>\n<p>Un programa integrado por las coreograf\u00edas <em>Ah\u00ed viene el rey<\/em> de Ana Itelman, Escualo &#8211; d\u00fao de Estaciones porte\u00f1as, Libertango y Cuatro estaciones porte\u00f1as de Mauricio Wainrot. El Ballet Contempor\u00e1neo del Teatro San Mart\u00edn -que dirige Andrea Chinetti- retoma su temporada 2021 con funciones presenciales. Lo hace con un programa homenaje a \u00c1stor Piazzolla &#8211; en el centenario de su nacimiento &#8211; integrado por tres obras de Mauricio Wainrot y una coreograf\u00eda de Ana Itelman (todas del repertorio del BCTSM), en las que la danza se une a la m\u00fasica del gran compositor argentino. El m\u00edtico bandoneonista redefini\u00f3 las fronteras del tango rioplatense con sus ritmos y armon\u00edas y as\u00ed ampli\u00f3 sus alcances, transform\u00e1ndolo en un lenguaje universal. Las obras de este programa se suman a las celebraciones por el 100\u00b0 aniversario \u2013a trav\u00e9s del abordaje de algunas de las geniales composiciones del m\u00fasico argentino\u2013 y son el resultado de un fruct\u00edfero di\u00e1logo de ese lenguaje con el de la danza contempor\u00e1nea.<\/p>\n<ul>\n<li>Funciones: desde el mi\u00e9rcoles 22 de septiembre, mi\u00e9rcoles y jueves, 20 horas. <\/li>\n<li>\u00daltima funci\u00f3n: jueves 21 de octubre.<\/li>\n<li>Platea $ 400.- Pullman $ 300.<\/li>\n<li>Duraci\u00f3n total del programa: 60 minutos<\/li>\n<li>Sala Mart\u00edn Coronado Teatro San Mart\u00edn (Av. Corrientes 1530)<\/li>\n<li><a href=\"https:\/\/complejoteatral.gob.ar\/\" target=\"_blank\" rel=\"noopener\">M\u00e1s informaci\u00f3n y venta de entradas online<\/a>\n<\/li>\n<\/ul>\n<p><img decoding=\"async\" loading=\"lazy\" src=\"https:\/\/www.diario5.com.ar\/wp-content\/uploads\/2021\/09\/piazzola-mauricio_wainrot-ctba-2021_foto_carlos_furman_23.jpg\" width=\"3000\" height=\"1963\" alt=\"Foto de Carlos Furman\/Complejo Teatral\" title=\"Foto de Carlos Furman\/Complejo Teatral\"><\/p>\n<hr>\n<h2>Retratos de masculinidades<\/h2>\n<p>Un proyecto que se propone poner en la escena el tema de las masculinidades, con enfoque en la igualdad de g\u00e9nero y abordado desde una mirada art\u00edstica. El objetivo de la propuesta es fomentar la relaci\u00f3n entre el arte y las nuevas masculinidades, apelando a la creatividad y la libertad para habitar masculinidades no sexistas y diversas. Retratos de Masculinidades surgi\u00f3 de una convocatoria abierta de escritura dramat\u00fargica realizada a todo el pa\u00eds en 2020, destinada a adolescentes y j\u00f3venes que se reconocen en identidades masculinas para ponerle palabras a sus recorridos vitales.<\/p>\n<ul>\n<li>Elenco: Mar\u00eda In\u00e9s Aldaburu, Christian Gim\u00e9nez y Diego Benedetto.<\/li>\n<li><strong>Jueves 23 y viernes 24 de septiembre<\/strong> a las 19 horas.<\/li>\n<li>Duraci\u00f3n: 40 minutos<\/li>\n<li>Entrada gratuita<\/li>\n<li>Sala Cunill Cabanellas del Teatro San Mart\u00edn (Avda. Corrientes 1530)<\/li>\n<\/ul>\n<\/div>","protected":false},"excerpt":{"rendered":"<p>El Complejo Teatral de Buenos Aires, ofrece durante septiembre una renovada programaci\u00f3n con los estrenos de Cae la noche tropical, Las cautivas, Elhecho y Siglo de oro trans. Adem\u00e1s, contin\u00faan las funciones de Piazzolla. M\u00e1s informaci\u00f3n sobre los espect\u00e1culos del Complejo Teatral Cae la noche tropical Dos hermanas octogenarias que viven en R\u00edo de Janeiro [&hellip;]<\/p>","protected":false},"author":8,"featured_media":636696,"comment_status":"open","ping_status":"closed","sticky":false,"template":"","format":"standard","meta":[],"categories":[5],"tags":[],"series":[],"_links":{"self":[{"href":"https:\/\/www.diario5.com.ar\/es\/wp-json\/wp\/v2\/posts\/636695"}],"collection":[{"href":"https:\/\/www.diario5.com.ar\/es\/wp-json\/wp\/v2\/posts"}],"about":[{"href":"https:\/\/www.diario5.com.ar\/es\/wp-json\/wp\/v2\/types\/post"}],"author":[{"embeddable":true,"href":"https:\/\/www.diario5.com.ar\/es\/wp-json\/wp\/v2\/users\/8"}],"replies":[{"embeddable":true,"href":"https:\/\/www.diario5.com.ar\/es\/wp-json\/wp\/v2\/comments?post=636695"}],"version-history":[{"count":0,"href":"https:\/\/www.diario5.com.ar\/es\/wp-json\/wp\/v2\/posts\/636695\/revisions"}],"wp:featuredmedia":[{"embeddable":true,"href":"https:\/\/www.diario5.com.ar\/es\/wp-json\/wp\/v2\/media\/636696"}],"wp:attachment":[{"href":"https:\/\/www.diario5.com.ar\/es\/wp-json\/wp\/v2\/media?parent=636695"}],"wp:term":[{"taxonomy":"category","embeddable":true,"href":"https:\/\/www.diario5.com.ar\/es\/wp-json\/wp\/v2\/categories?post=636695"},{"taxonomy":"post_tag","embeddable":true,"href":"https:\/\/www.diario5.com.ar\/es\/wp-json\/wp\/v2\/tags?post=636695"},{"taxonomy":"series","embeddable":true,"href":"https:\/\/www.diario5.com.ar\/es\/wp-json\/wp\/v2\/series?post=636695"}],"curies":[{"name":"wp","href":"https:\/\/api.w.org\/{rel}","templated":true}]}}