{"id":636632,"date":"2023-06-06T06:50:00","date_gmt":"2023-06-06T09:50:00","guid":{"rendered":"http:\/\/diario5.com.ar\/?p=636632"},"modified":"2023-06-06T06:53:53","modified_gmt":"2023-06-06T09:53:53","slug":"636632","status":"publish","type":"post","link":"https:\/\/www.diario5.com.ar\/es\/636632\/","title":{"rendered":"Convocan a la Bienal de Arte Joven"},"content":{"rendered":"<h2 class=\"sub-title-primary\"><\/h2> <p><img decoding=\"async\" loading=\"lazy\" class=\"alignnone wp-image-670466 size-full\" src=\"https:\/\/www.diario5.com.ar\/wp-content\/uploads\/2023\/06\/la_bienal_2023_con_sello_d5.jpg\" alt=\"\" width=\"856\" height=\"534\" srcset=\"https:\/\/www.diario5.com.ar\/wp-content\/uploads\/2023\/06\/la_bienal_2023_con_sello_d5.jpg 856w, https:\/\/www.diario5.com.ar\/wp-content\/uploads\/2023\/06\/la_bienal_2023_con_sello_d5-300x187.jpg 300w, https:\/\/www.diario5.com.ar\/wp-content\/uploads\/2023\/06\/la_bienal_2023_con_sello_d5-768x479.jpg 768w\" sizes=\"(max-width: 856px) 100vw, 856px\" \/><\/p>\n<p>El programa de est\u00edmulo al arte joven cumple 10 a\u00f1os.<\/p>\n<p>En junio y julio, la Bienal ofrecer\u00e1 obras de teatro, exposiciones visuales, recitales de m\u00fasica, danza, lecturas, workshops, performances, proyecciones, recorridos y conferencias.<\/p>\n<p>Todo es gratis.<\/p>\n<p>Se convocar\u00e1 a las personas que necesiten apoyo econ\u00f3mico en sus planes art\u00edsticos: Podr\u00e1n presentarse proyectos de m\u00fasica, literatura, artes visuales, esc\u00e9nicas, cine, video y otros m\u00e9todos audiovisuales.<\/p>\n<p>la Bienal Arte Joven Buenos Aires comenz\u00f3 a realizarse en 2013. Se trata de un encuentro de alt\u00edsimo est\u00edmulo y exposici\u00f3n personal para artistas j\u00f3venes de todos los \u00e1mbitos nacionales. Desde el GCBA el impulso lo rea\u00f1ioza la Subsecretar\u00eda de Pol\u00edticas Culturales y Nuevas Audiencias del Ministerio de Cultura de la Ciudad.<\/p>\n<p>Esta edici\u00f3n de\u00a0La Bienal representa la sexta experiencia, por lo cual no hay nada fuera de lo previsto y de lo ideado para la realizaci\u00f3n del evento que acerca a los j\u00f3venes artista a una plataforma de promoci\u00f3n de proyectos, ofreci\u00e9ndole al p\u00fablico m\u00e1s de 100 actividades\u00a0programadas.<\/p>\n<p>El Ministro de Cultura de la Ciudad, Enrique Avogadro, destac\u00f3 que la Bienal de Arte Joven es una oportunidad de encuentro y visibilizaci\u00f3n para artistas de todo el pa\u00eds de distintas disciplinas art\u00edsticas. El funcionario record\u00f3 que la agenda de este a\u00f1o, adem\u00e1s de estimular la producci\u00f3n y circulaci\u00f3n de sus obras, \u00abpropone festejar los 10 a\u00f1os de la Bienal junto al p\u00fablico para sumar nuevas audiencias\u00bb.<\/p>\n<p>Se convoca a\u00a0artistas de entre 18 y 32 a\u00f1os. Se les suman las personas y seleccionadas en las cinco ediciones anteriores. sin restricci\u00f3n de edad. Habr\u00e1 premios de $400.000 en cada disciplina. Los participantes podr\u00e1n inscribirse hasta el 3 de julio de 2023<\/p>\n<p>https:\/\/bienal.buenosaires.gob.ar\/convocatorias<\/p>\n<p>Agenda de junio y julio de La Bienal te invita<\/p>\n<p><img decoding=\"async\" loading=\"lazy\" class=\"aligncenter size-full wp-image-670469\" src=\"https:\/\/www.diario5.com.ar\/wp-content\/uploads\/2023\/06\/ar_capital_rosario20230606.jpg\" width=\"700\" height=\"922\" srcset=\"https:\/\/www.diario5.com.ar\/wp-content\/uploads\/2023\/06\/ar_capital_rosario20230606.jpg 700w, https:\/\/www.diario5.com.ar\/wp-content\/uploads\/2023\/06\/ar_capital_rosario20230606-228x300.jpg 228w\" sizes=\"(max-width: 700px) 100vw, 700px\" \/><br \/>\n<img decoding=\"async\" src=\"https:\/\/img.kiosko.net\/2023\/06\/06\/ar\/ar_nueva_provincia.jpg\" \/><br \/>\n<img decoding=\"async\" src=\"https:\/\/img.kiosko.net\/2023\/06\/06\/ar\/ar_ambito.jpg\" \/><br \/>\n<img decoding=\"async\" loading=\"lazy\" class=\"aligncenter size-full wp-image-670470\" src=\"https:\/\/www.diario5.com.ar\/wp-content\/uploads\/2023\/06\/esquiu20230606.jpg\" width=\"700\" height=\"920\" srcset=\"https:\/\/www.diario5.com.ar\/wp-content\/uploads\/2023\/06\/esquiu20230606.jpg 700w, https:\/\/www.diario5.com.ar\/wp-content\/uploads\/2023\/06\/esquiu20230606-228x300.jpg 228w\" sizes=\"(max-width: 700px) 100vw, 700px\" \/><br \/>\n<img decoding=\"async\" loading=\"lazy\" class=\"aligncenter size-full wp-image-670471\" src=\"https:\/\/www.diario5.com.ar\/wp-content\/uploads\/2023\/06\/ar_diario_norte20230606.jpg\" width=\"700\" height=\"879\" srcset=\"https:\/\/www.diario5.com.ar\/wp-content\/uploads\/2023\/06\/ar_diario_norte20230606.jpg 700w, https:\/\/www.diario5.com.ar\/wp-content\/uploads\/2023\/06\/ar_diario_norte20230606-239x300.jpg 239w\" sizes=\"(max-width: 700px) 100vw, 700px\" \/><br \/>\n<img decoding=\"async\" loading=\"lazy\" class=\"aligncenter size-full wp-image-670472\" src=\"https:\/\/www.diario5.com.ar\/wp-content\/uploads\/2023\/06\/voz_chaco20230606.jpg\" width=\"700\" height=\"832\" srcset=\"https:\/\/www.diario5.com.ar\/wp-content\/uploads\/2023\/06\/voz_chaco20230606.jpg 700w, https:\/\/www.diario5.com.ar\/wp-content\/uploads\/2023\/06\/voz_chaco20230606-252x300.jpg 252w\" sizes=\"(max-width: 700px) 100vw, 700px\" \/><br \/>\n<img decoding=\"async\" src=\"https:\/\/img.kiosko.net\/2023\/06\/06\/ar\/ar_diario_madryn.jpg\" \/><br \/>\n<img decoding=\"async\" src=\"https:\/\/img.kiosko.net\/2023\/06\/06\/ar\/ar_laprensa.jpg\" \/><br \/>\n<img decoding=\"async\" loading=\"lazy\" class=\"aligncenter size-full wp-image-670473\" src=\"https:\/\/www.diario5.com.ar\/wp-content\/uploads\/2023\/06\/ar_cronista20230606.jpg\" width=\"700\" height=\"998\" srcset=\"https:\/\/www.diario5.com.ar\/wp-content\/uploads\/2023\/06\/ar_cronista20230606.jpg 700w, https:\/\/www.diario5.com.ar\/wp-content\/uploads\/2023\/06\/ar_cronista20230606-210x300.jpg 210w\" sizes=\"(max-width: 700px) 100vw, 700px\" \/><br \/>\n<img decoding=\"async\" src=\"https:\/\/img.kiosko.net\/2023\/06\/06\/ar\/buenosaires_economico.jpg\" \/><br \/>\n<img decoding=\"async\" src=\"https:\/\/img.kiosko.net\/2023\/06\/06\/ar\/ar_perfil.jpg\" \/><br \/>\n<img decoding=\"async\" loading=\"lazy\" class=\"aligncenter size-full wp-image-670474\" src=\"https:\/\/www.diario5.com.ar\/wp-content\/uploads\/2023\/06\/ar_eldia20230606.jpg\" width=\"700\" height=\"1043\" srcset=\"https:\/\/www.diario5.com.ar\/wp-content\/uploads\/2023\/06\/ar_eldia20230606.jpg 700w, https:\/\/www.diario5.com.ar\/wp-content\/uploads\/2023\/06\/ar_eldia20230606-201x300.jpg 201w, https:\/\/www.diario5.com.ar\/wp-content\/uploads\/2023\/06\/ar_eldia20230606-687x1024.jpg 687w\" sizes=\"(max-width: 700px) 100vw, 700px\" \/><br \/>\n<img decoding=\"async\" loading=\"lazy\" class=\"aligncenter size-full wp-image-670475\" src=\"https:\/\/www.diario5.com.ar\/wp-content\/uploads\/2023\/06\/ar_hoy20230606.jpg\" width=\"700\" height=\"923\" srcset=\"https:\/\/www.diario5.com.ar\/wp-content\/uploads\/2023\/06\/ar_hoy20230606.jpg 700w, https:\/\/www.diario5.com.ar\/wp-content\/uploads\/2023\/06\/ar_hoy20230606-228x300.jpg 228w\" sizes=\"(max-width: 700px) 100vw, 700px\" \/><br \/>\n<img decoding=\"async\" src=\"https:\/\/img.kiosko.net\/2023\/06\/06\/ar\/ar_democracia.jpg\" \/><br \/>\n<img decoding=\"async\" loading=\"lazy\" class=\"aligncenter size-full wp-image-670476\" src=\"https:\/\/www.diario5.com.ar\/wp-content\/uploads\/2023\/06\/ar_chubut20230606.jpg\" width=\"700\" height=\"903\" srcset=\"https:\/\/www.diario5.com.ar\/wp-content\/uploads\/2023\/06\/ar_chubut20230606.jpg 700w, https:\/\/www.diario5.com.ar\/wp-content\/uploads\/2023\/06\/ar_chubut20230606-233x300.jpg 233w\" sizes=\"(max-width: 700px) 100vw, 700px\" \/><br \/>\n<img decoding=\"async\" loading=\"lazy\" class=\"aligncenter size-full wp-image-670477\" src=\"https:\/\/www.diario5.com.ar\/wp-content\/uploads\/2023\/06\/ar_epoca20230606.jpg\" width=\"700\" height=\"911\" srcset=\"https:\/\/www.diario5.com.ar\/wp-content\/uploads\/2023\/06\/ar_epoca20230606.jpg 700w, https:\/\/www.diario5.com.ar\/wp-content\/uploads\/2023\/06\/ar_epoca20230606-231x300.jpg 231w\" sizes=\"(max-width: 700px) 100vw, 700px\" \/><br \/>\n<img decoding=\"async\" loading=\"lazy\" class=\"aligncenter size-full wp-image-670478\" src=\"https:\/\/www.diario5.com.ar\/wp-content\/uploads\/2023\/06\/ar_litoral20230606.jpg\" width=\"700\" height=\"914\" srcset=\"https:\/\/www.diario5.com.ar\/wp-content\/uploads\/2023\/06\/ar_litoral20230606.jpg 700w, https:\/\/www.diario5.com.ar\/wp-content\/uploads\/2023\/06\/ar_litoral20230606-230x300.jpg 230w\" sizes=\"(max-width: 700px) 100vw, 700px\" \/><br \/>\n<img decoding=\"async\" src=\"https:\/\/img.kiosko.net\/2023\/06\/06\/ar\/ar_heraldo.jpg\" \/><br \/>\n<img decoding=\"async\" src=\"https:\/\/img.kiosko.net\/2023\/06\/06\/ar\/ar_manana_formosa.jpg\" \/><br \/>\n<img decoding=\"async\" src=\"https:\/\/img.kiosko.net\/2023\/06\/06\/ar\/ar_diario_pampa.jpg\" \/><br \/>\n<img decoding=\"async\" src=\"https:\/\/img.kiosko.net\/2023\/06\/06\/ar\/ar_pagina12.jpg\" \/><br \/>\n<img decoding=\"async\" src=\"https:\/\/img.kiosko.net\/2023\/06\/06\/ar\/ar_arena.jpg\" \/><br \/>\n<img decoding=\"async\" src=\"https:\/\/img.kiosko.net\/2023\/06\/06\/ar\/independiente.jpg\" \/><br \/>\n<img decoding=\"async\" src=\"https:\/\/img.kiosko.net\/2023\/06\/06\/ar\/nueva_rioja.jpg\" \/><br \/>\n<img decoding=\"async\" loading=\"lazy\" class=\"aligncenter size-full wp-image-670479\" src=\"https:\/\/www.diario5.com.ar\/wp-content\/uploads\/2023\/06\/ar_losandes20230606.jpg\" width=\"700\" height=\"965\" srcset=\"https:\/\/www.diario5.com.ar\/wp-content\/uploads\/2023\/06\/ar_losandes20230606.jpg 700w, https:\/\/www.diario5.com.ar\/wp-content\/uploads\/2023\/06\/ar_losandes20230606-218x300.jpg 218w\" sizes=\"(max-width: 700px) 100vw, 700px\" \/><br \/>\n<img decoding=\"async\" src=\"https:\/\/img.kiosko.net\/2023\/06\/06\/ar\/ar_tribuno.jpg\" \/><br \/>\n<img decoding=\"async\" src=\"https:\/\/img.kiosko.net\/2023\/06\/06\/ar\/lea.jpg\" \/><br \/>\n<img decoding=\"async\" loading=\"lazy\" class=\"aligncenter size-full wp-image-670480\" src=\"https:\/\/www.diario5.com.ar\/wp-content\/uploads\/2023\/06\/ar_rio_negro20230606.jpg\" width=\"700\" height=\"1063\" srcset=\"https:\/\/www.diario5.com.ar\/wp-content\/uploads\/2023\/06\/ar_rio_negro20230606.jpg 700w, https:\/\/www.diario5.com.ar\/wp-content\/uploads\/2023\/06\/ar_rio_negro20230606-198x300.jpg 198w, https:\/\/www.diario5.com.ar\/wp-content\/uploads\/2023\/06\/ar_rio_negro20230606-674x1024.jpg 674w\" sizes=\"(max-width: 700px) 100vw, 700px\" \/><br \/>\n<img decoding=\"async\" loading=\"lazy\" class=\"aligncenter size-full wp-image-670481\" src=\"https:\/\/www.diario5.com.ar\/wp-content\/uploads\/2023\/06\/ar_diario_cuyo20230606.jpg\" width=\"700\" height=\"1059\" srcset=\"https:\/\/www.diario5.com.ar\/wp-content\/uploads\/2023\/06\/ar_diario_cuyo20230606.jpg 700w, https:\/\/www.diario5.com.ar\/wp-content\/uploads\/2023\/06\/ar_diario_cuyo20230606-198x300.jpg 198w, https:\/\/www.diario5.com.ar\/wp-content\/uploads\/2023\/06\/ar_diario_cuyo20230606-677x1024.jpg 677w\" sizes=\"(max-width: 700px) 100vw, 700px\" \/><br \/>\n<img decoding=\"async\" src=\"https:\/\/img.kiosko.net\/2023\/06\/06\/ar\/huarpe.jpg\" \/><br \/>\n<img decoding=\"async\" loading=\"lazy\" class=\"aligncenter size-full wp-image-670482\" src=\"https:\/\/www.diario5.com.ar\/wp-content\/uploads\/2023\/06\/ar_diario_republica20230606.jpg\" width=\"700\" height=\"980\" srcset=\"https:\/\/www.diario5.com.ar\/wp-content\/uploads\/2023\/06\/ar_diario_republica20230606.jpg 700w, https:\/\/www.diario5.com.ar\/wp-content\/uploads\/2023\/06\/ar_diario_republica20230606-214x300.jpg 214w\" sizes=\"(max-width: 700px) 100vw, 700px\" \/><br \/>\n<img decoding=\"async\" src=\"https:\/\/img.kiosko.net\/2023\/06\/06\/ar\/ar_litoral_sfe.jpg\" \/><br \/>\n<img decoding=\"async\" src=\"https:\/\/img.kiosko.net\/2023\/06\/06\/ar\/ciudadano.jpg\" \/><br \/>\n<img decoding=\"async\" src=\"https:\/\/img.kiosko.net\/2023\/06\/06\/ar\/ar_mirador_provincial.jpg\" \/><br \/>\n<img decoding=\"async\" loading=\"lazy\" class=\"aligncenter size-full wp-image-670483\" src=\"https:\/\/www.diario5.com.ar\/wp-content\/uploads\/2023\/06\/ar_gaceta20230606.jpg\" width=\"700\" height=\"1160\" srcset=\"https:\/\/www.diario5.com.ar\/wp-content\/uploads\/2023\/06\/ar_gaceta20230606.jpg 700w, https:\/\/www.diario5.com.ar\/wp-content\/uploads\/2023\/06\/ar_gaceta20230606-181x300.jpg 181w, https:\/\/www.diario5.com.ar\/wp-content\/uploads\/2023\/06\/ar_gaceta20230606-618x1024.jpg 618w\" sizes=\"(max-width: 700px) 100vw, 700px\" \/><br \/>\n<img decoding=\"async\" src=\"https:\/\/img.kiosko.net\/2023\/06\/06\/ar\/ar_cronica.jpg\" \/><br \/>\n<img decoding=\"async\" loading=\"lazy\" class=\"aligncenter size-full wp-image-670484\" src=\"https:\/\/www.diario5.com.ar\/wp-content\/uploads\/2023\/06\/ar_clarin20230606.jpg\" width=\"700\" height=\"970\" srcset=\"https:\/\/www.diario5.com.ar\/wp-content\/uploads\/2023\/06\/ar_clarin20230606.jpg 700w, https:\/\/www.diario5.com.ar\/wp-content\/uploads\/2023\/06\/ar_clarin20230606-216x300.jpg 216w\" sizes=\"(max-width: 700px) 100vw, 700px\" \/><br \/>\n<img decoding=\"async\" loading=\"lazy\" class=\"aligncenter size-full wp-image-670485\" src=\"https:\/\/www.diario5.com.ar\/wp-content\/uploads\/2023\/06\/nacion20230606.jpg\" width=\"700\" height=\"1061\" srcset=\"https:\/\/www.diario5.com.ar\/wp-content\/uploads\/2023\/06\/nacion20230606.jpg 700w, https:\/\/www.diario5.com.ar\/wp-content\/uploads\/2023\/06\/nacion20230606-198x300.jpg 198w, https:\/\/www.diario5.com.ar\/wp-content\/uploads\/2023\/06\/nacion20230606-676x1024.jpg 676w\" sizes=\"(max-width: 700px) 100vw, 700px\" \/><br \/>\n<img decoding=\"async\" src=\"https:\/\/img.kiosko.net\/2023\/06\/06\/ar\/ar_eco.jpg\" \/><br \/>\n<img decoding=\"async\" loading=\"lazy\" class=\"aligncenter size-full wp-image-670486\" src=\"https:\/\/www.diario5.com.ar\/wp-content\/uploads\/2023\/06\/nuevo_diario20230606.jpg\" width=\"700\" height=\"1047\" srcset=\"https:\/\/www.diario5.com.ar\/wp-content\/uploads\/2023\/06\/nuevo_diario20230606.jpg 700w, https:\/\/www.diario5.com.ar\/wp-content\/uploads\/2023\/06\/nuevo_diario20230606-201x300.jpg 201w, https:\/\/www.diario5.com.ar\/wp-content\/uploads\/2023\/06\/nuevo_diario20230606-685x1024.jpg 685w\" sizes=\"(max-width: 700px) 100vw, 700px\" \/><br \/>\n<img decoding=\"async\" loading=\"lazy\" class=\"aligncenter size-full wp-image-670487\" src=\"https:\/\/www.diario5.com.ar\/wp-content\/uploads\/2023\/06\/ar_sureno20230606.jpg\" width=\"700\" height=\"916\" srcset=\"https:\/\/www.diario5.com.ar\/wp-content\/uploads\/2023\/06\/ar_sureno20230606.jpg 700w, https:\/\/www.diario5.com.ar\/wp-content\/uploads\/2023\/06\/ar_sureno20230606-229x300.jpg 229w\" sizes=\"(max-width: 700px) 100vw, 700px\" \/><br \/>\n<img decoding=\"async\" loading=\"lazy\" class=\"aligncenter size-full wp-image-670488\" src=\"https:\/\/www.diario5.com.ar\/wp-content\/uploads\/2023\/06\/120230606.jpg\" width=\"500\" height=\"652\" srcset=\"https:\/\/www.diario5.com.ar\/wp-content\/uploads\/2023\/06\/120230606.jpg 500w, https:\/\/www.diario5.com.ar\/wp-content\/uploads\/2023\/06\/120230606-230x300.jpg 230w\" sizes=\"(max-width: 500px) 100vw, 500px\" \/><br \/>\n<img decoding=\"async\" loading=\"lazy\" class=\"aligncenter size-full wp-image-670489\" src=\"https:\/\/www.diario5.com.ar\/wp-content\/uploads\/2023\/06\/ar_ancasti20230606.jpg\" width=\"700\" height=\"971\" srcset=\"https:\/\/www.diario5.com.ar\/wp-content\/uploads\/2023\/06\/ar_ancasti20230606.jpg 700w, https:\/\/www.diario5.com.ar\/wp-content\/uploads\/2023\/06\/ar_ancasti20230606-216x300.jpg 216w\" sizes=\"(max-width: 700px) 100vw, 700px\" \/><br \/>\n<img decoding=\"async\" src=\"https:\/\/img.kiosko.net\/2023\/06\/06\/ar\/tiempo_sur\" \/><\/p>","protected":false},"excerpt":{"rendered":"<p>El programa de est\u00edmulo al arte joven cumple 10 a\u00f1os. En junio y julio, la Bienal ofrecer\u00e1 obras de teatro, exposiciones visuales, recitales de m\u00fasica, danza, lecturas, workshops, performances, proyecciones, recorridos y conferencias. Todo es gratis. Se convocar\u00e1 a las personas que necesiten apoyo econ\u00f3mico en sus planes art\u00edsticos: Podr\u00e1n presentarse proyectos de m\u00fasica, literatura, [&hellip;]<\/p>","protected":false},"author":9,"featured_media":670466,"comment_status":"open","ping_status":"open","sticky":false,"template":"","format":"standard","meta":[],"categories":[240,478,109,23,5,481,16,56,24],"tags":[474],"series":[],"_links":{"self":[{"href":"https:\/\/www.diario5.com.ar\/es\/wp-json\/wp\/v2\/posts\/636632"}],"collection":[{"href":"https:\/\/www.diario5.com.ar\/es\/wp-json\/wp\/v2\/posts"}],"about":[{"href":"https:\/\/www.diario5.com.ar\/es\/wp-json\/wp\/v2\/types\/post"}],"author":[{"embeddable":true,"href":"https:\/\/www.diario5.com.ar\/es\/wp-json\/wp\/v2\/users\/9"}],"replies":[{"embeddable":true,"href":"https:\/\/www.diario5.com.ar\/es\/wp-json\/wp\/v2\/comments?post=636632"}],"version-history":[{"count":5,"href":"https:\/\/www.diario5.com.ar\/es\/wp-json\/wp\/v2\/posts\/636632\/revisions"}],"predecessor-version":[{"id":670468,"href":"https:\/\/www.diario5.com.ar\/es\/wp-json\/wp\/v2\/posts\/636632\/revisions\/670468"}],"wp:featuredmedia":[{"embeddable":true,"href":"https:\/\/www.diario5.com.ar\/es\/wp-json\/wp\/v2\/media\/670466"}],"wp:attachment":[{"href":"https:\/\/www.diario5.com.ar\/es\/wp-json\/wp\/v2\/media?parent=636632"}],"wp:term":[{"taxonomy":"category","embeddable":true,"href":"https:\/\/www.diario5.com.ar\/es\/wp-json\/wp\/v2\/categories?post=636632"},{"taxonomy":"post_tag","embeddable":true,"href":"https:\/\/www.diario5.com.ar\/es\/wp-json\/wp\/v2\/tags?post=636632"},{"taxonomy":"series","embeddable":true,"href":"https:\/\/www.diario5.com.ar\/es\/wp-json\/wp\/v2\/series?post=636632"}],"curies":[{"name":"wp","href":"https:\/\/api.w.org\/{rel}","templated":true}]}}