{"id":636629,"date":"2023-06-03T06:50:00","date_gmt":"2023-06-03T09:50:00","guid":{"rendered":"http:\/\/diario5.com.ar\/?p=636629"},"modified":"2023-06-04T09:16:31","modified_gmt":"2023-06-04T12:16:31","slug":"636629","status":"publish","type":"post","link":"https:\/\/www.diario5.com.ar\/es\/636629\/","title":{"rendered":"Qu\u00e9 es el Plan de Empleo Joven"},"content":{"rendered":"<h2 class=\"sub-title-primary\"><\/h2> <p><img decoding=\"async\" loading=\"lazy\" class=\"alignnone wp-image-670278 size-full\" src=\"https:\/\/www.diario5.com.ar\/wp-content\/uploads\/2023\/06\/1_trazo_jovenes.jpg\" alt=\"\" width=\"612\" height=\"408\" srcset=\"https:\/\/www.diario5.com.ar\/wp-content\/uploads\/2023\/06\/1_trazo_jovenes.jpg 612w, https:\/\/www.diario5.com.ar\/wp-content\/uploads\/2023\/06\/1_trazo_jovenes-300x200.jpg 300w\" sizes=\"(max-width: 612px) 100vw, 612px\" \/><\/p>\n<p>Hay 282 empresas que est\u00e1n inscriptas en el Plan de Empleo Joven, en la Ciudad de Buenos Aires<\/p>\n<p>Se trata de un programa para acompa\u00f1ar al sector privado para en la contrataci\u00f3n de j\u00f3venes de entre 18 y 24 a\u00f1os.<\/p>\n<p>El Ministerio de Desarrollo Econ\u00f3mico y Producci\u00f3n, asigna asistencias para solventar por 12 meses el sueldo de los j\u00f3venes adheridos al Plan.<\/p>\n<p>Hay un monitoreo para que los empleadores registren su experiencia y que otros empresarios conozcan detalles para ingresar al programa.<br \/>\nLo m\u00e1s importante para que el plan tenga fluidez son los acuerdos con los sindicatos y las c\u00e1maras empresarias para el cumplimiento de las leyes y la igualdad de oportunidades.<\/p>\n<p>Algunas de las empresas que ya forman parte de esta iniciativa son nombres que nos resultan muy familiares (no damos nombres).<\/p>\n<p>De todos modos, el objetivo es ayudar a expandirse, generar empleos de calidad, invertir y obtener ganancias tanto a las empresas instaladas en sus respectivos mercados, como a las que se encuentran en etapas iniciales.<\/p>\n<p>Los rubros con m\u00e1s registros en el Plan son: tecnol\u00f3gico, inform\u00e1tico, gastron\u00f3mico y comercios.<\/p>\n<p>Hay 4021 j\u00f3venes registrados. Son mujeres, 2089.<br \/>\n<!--googleoff: index--><br \/>\n<!--googleon: index--><br \/>\n<img decoding=\"async\" loading=\"lazy\" class=\"aligncenter size-full wp-image-670204\" src=\"https:\/\/www.diario5.com.ar\/wp-content\/uploads\/2023\/06\/ar_capital_rosario20230603.jpg\" width=\"700\" height=\"921\" srcset=\"https:\/\/www.diario5.com.ar\/wp-content\/uploads\/2023\/06\/ar_capital_rosario20230603.jpg 700w, https:\/\/www.diario5.com.ar\/wp-content\/uploads\/2023\/06\/ar_capital_rosario20230603-228x300.jpg 228w\" sizes=\"(max-width: 700px) 100vw, 700px\" \/><\/p>\n<p><img decoding=\"async\" loading=\"lazy\" class=\"aligncenter size-full wp-image-670205\" src=\"https:\/\/www.diario5.com.ar\/wp-content\/uploads\/2023\/06\/ar_nueva_provincia20230603.jpg\" width=\"700\" height=\"972\" srcset=\"https:\/\/www.diario5.com.ar\/wp-content\/uploads\/2023\/06\/ar_nueva_provincia20230603.jpg 700w, https:\/\/www.diario5.com.ar\/wp-content\/uploads\/2023\/06\/ar_nueva_provincia20230603-216x300.jpg 216w\" sizes=\"(max-width: 700px) 100vw, 700px\" \/><\/p>\n<p><img decoding=\"async\" loading=\"lazy\" class=\"aligncenter size-full wp-image-670206\" src=\"https:\/\/www.diario5.com.ar\/wp-content\/uploads\/2023\/06\/esquiu20230603.jpg\" width=\"700\" height=\"920\" srcset=\"https:\/\/www.diario5.com.ar\/wp-content\/uploads\/2023\/06\/esquiu20230603.jpg 700w, https:\/\/www.diario5.com.ar\/wp-content\/uploads\/2023\/06\/esquiu20230603-228x300.jpg 228w\" sizes=\"(max-width: 700px) 100vw, 700px\" \/><\/p>\n<p><img decoding=\"async\" loading=\"lazy\" class=\"aligncenter size-full wp-image-670207\" src=\"https:\/\/www.diario5.com.ar\/wp-content\/uploads\/2023\/06\/voz_chaco20230603.jpg\" width=\"700\" height=\"815\" srcset=\"https:\/\/www.diario5.com.ar\/wp-content\/uploads\/2023\/06\/voz_chaco20230603.jpg 700w, https:\/\/www.diario5.com.ar\/wp-content\/uploads\/2023\/06\/voz_chaco20230603-258x300.jpg 258w\" sizes=\"(max-width: 700px) 100vw, 700px\" \/><\/p>\n<p><img decoding=\"async\" loading=\"lazy\" class=\"aligncenter size-full wp-image-670208\" src=\"https:\/\/www.diario5.com.ar\/wp-content\/uploads\/2023\/06\/ar_eldia20230603.jpg\" width=\"700\" height=\"1045\" srcset=\"https:\/\/www.diario5.com.ar\/wp-content\/uploads\/2023\/06\/ar_eldia20230603.jpg 700w, https:\/\/www.diario5.com.ar\/wp-content\/uploads\/2023\/06\/ar_eldia20230603-201x300.jpg 201w, https:\/\/www.diario5.com.ar\/wp-content\/uploads\/2023\/06\/ar_eldia20230603-686x1024.jpg 686w\" sizes=\"(max-width: 700px) 100vw, 700px\" \/><\/p>\n<p><img decoding=\"async\" loading=\"lazy\" class=\"aligncenter size-full wp-image-670209\" src=\"https:\/\/www.diario5.com.ar\/wp-content\/uploads\/2023\/06\/ar_hoy20230603.jpg\" width=\"700\" height=\"907\" srcset=\"https:\/\/www.diario5.com.ar\/wp-content\/uploads\/2023\/06\/ar_hoy20230603.jpg 700w, https:\/\/www.diario5.com.ar\/wp-content\/uploads\/2023\/06\/ar_hoy20230603-232x300.jpg 232w\" sizes=\"(max-width: 700px) 100vw, 700px\" \/><\/p>\n<p><img decoding=\"async\" loading=\"lazy\" class=\"aligncenter size-full wp-image-670210\" src=\"https:\/\/www.diario5.com.ar\/wp-content\/uploads\/2023\/06\/ar_chubut20230603.jpg\" width=\"700\" height=\"902\" srcset=\"https:\/\/www.diario5.com.ar\/wp-content\/uploads\/2023\/06\/ar_chubut20230603.jpg 700w, https:\/\/www.diario5.com.ar\/wp-content\/uploads\/2023\/06\/ar_chubut20230603-233x300.jpg 233w\" sizes=\"(max-width: 700px) 100vw, 700px\" \/><\/p>\n<p><img decoding=\"async\" loading=\"lazy\" class=\"aligncenter size-full wp-image-670211\" src=\"https:\/\/www.diario5.com.ar\/wp-content\/uploads\/2023\/06\/ar_epoca20230603.jpg\" width=\"700\" height=\"903\" srcset=\"https:\/\/www.diario5.com.ar\/wp-content\/uploads\/2023\/06\/ar_epoca20230603.jpg 700w, https:\/\/www.diario5.com.ar\/wp-content\/uploads\/2023\/06\/ar_epoca20230603-233x300.jpg 233w\" sizes=\"(max-width: 700px) 100vw, 700px\" \/><\/p>\n<p><img decoding=\"async\" loading=\"lazy\" class=\"aligncenter size-full wp-image-670212\" src=\"https:\/\/www.diario5.com.ar\/wp-content\/uploads\/2023\/06\/ar_litoral20230603.jpg\" width=\"700\" height=\"920\" srcset=\"https:\/\/www.diario5.com.ar\/wp-content\/uploads\/2023\/06\/ar_litoral20230603.jpg 700w, https:\/\/www.diario5.com.ar\/wp-content\/uploads\/2023\/06\/ar_litoral20230603-228x300.jpg 228w\" sizes=\"(max-width: 700px) 100vw, 700px\" \/><\/p>\n<p><img decoding=\"async\" loading=\"lazy\" class=\"aligncenter size-full wp-image-670213\" src=\"https:\/\/www.diario5.com.ar\/wp-content\/uploads\/2023\/06\/ar_losandes20230603.jpg\" width=\"700\" height=\"962\" srcset=\"https:\/\/www.diario5.com.ar\/wp-content\/uploads\/2023\/06\/ar_losandes20230603.jpg 700w, https:\/\/www.diario5.com.ar\/wp-content\/uploads\/2023\/06\/ar_losandes20230603-218x300.jpg 218w\" sizes=\"(max-width: 700px) 100vw, 700px\" \/><\/p>\n<p><img decoding=\"async\" loading=\"lazy\" class=\"aligncenter size-full wp-image-670214\" src=\"https:\/\/www.diario5.com.ar\/wp-content\/uploads\/2023\/06\/ar_rio_negro20230603.jpg\" width=\"700\" height=\"1056\" srcset=\"https:\/\/www.diario5.com.ar\/wp-content\/uploads\/2023\/06\/ar_rio_negro20230603.jpg 700w, https:\/\/www.diario5.com.ar\/wp-content\/uploads\/2023\/06\/ar_rio_negro20230603-199x300.jpg 199w, https:\/\/www.diario5.com.ar\/wp-content\/uploads\/2023\/06\/ar_rio_negro20230603-679x1024.jpg 679w\" sizes=\"(max-width: 700px) 100vw, 700px\" \/><\/p>\n<p><img decoding=\"async\" loading=\"lazy\" class=\"aligncenter size-full wp-image-670215\" src=\"https:\/\/www.diario5.com.ar\/wp-content\/uploads\/2023\/06\/ar_diario_cuyo20230603.jpg\" width=\"700\" height=\"1056\" srcset=\"https:\/\/www.diario5.com.ar\/wp-content\/uploads\/2023\/06\/ar_diario_cuyo20230603.jpg 700w, https:\/\/www.diario5.com.ar\/wp-content\/uploads\/2023\/06\/ar_diario_cuyo20230603-199x300.jpg 199w, https:\/\/www.diario5.com.ar\/wp-content\/uploads\/2023\/06\/ar_diario_cuyo20230603-679x1024.jpg 679w\" sizes=\"(max-width: 700px) 100vw, 700px\" \/><\/p>\n<p><img decoding=\"async\" loading=\"lazy\" class=\"aligncenter size-full wp-image-670216\" src=\"https:\/\/www.diario5.com.ar\/wp-content\/uploads\/2023\/06\/ar_diario_republica20230603.jpg\" width=\"700\" height=\"980\" srcset=\"https:\/\/www.diario5.com.ar\/wp-content\/uploads\/2023\/06\/ar_diario_republica20230603.jpg 700w, https:\/\/www.diario5.com.ar\/wp-content\/uploads\/2023\/06\/ar_diario_republica20230603-214x300.jpg 214w\" sizes=\"(max-width: 700px) 100vw, 700px\" \/><\/p>\n<p><img decoding=\"async\" loading=\"lazy\" class=\"aligncenter size-full wp-image-670217\" src=\"https:\/\/www.diario5.com.ar\/wp-content\/uploads\/2023\/06\/ar_gaceta20230603.jpg\" width=\"700\" height=\"1146\" srcset=\"https:\/\/www.diario5.com.ar\/wp-content\/uploads\/2023\/06\/ar_gaceta20230603.jpg 700w, https:\/\/www.diario5.com.ar\/wp-content\/uploads\/2023\/06\/ar_gaceta20230603-183x300.jpg 183w, https:\/\/www.diario5.com.ar\/wp-content\/uploads\/2023\/06\/ar_gaceta20230603-625x1024.jpg 625w\" sizes=\"(max-width: 700px) 100vw, 700px\" \/><\/p>\n<p><img decoding=\"async\" loading=\"lazy\" class=\"aligncenter size-full wp-image-670218\" src=\"https:\/\/www.diario5.com.ar\/wp-content\/uploads\/2023\/06\/nacion20230603.jpg\" width=\"700\" height=\"1060\" srcset=\"https:\/\/www.diario5.com.ar\/wp-content\/uploads\/2023\/06\/nacion20230603.jpg 700w, https:\/\/www.diario5.com.ar\/wp-content\/uploads\/2023\/06\/nacion20230603-198x300.jpg 198w, https:\/\/www.diario5.com.ar\/wp-content\/uploads\/2023\/06\/nacion20230603-676x1024.jpg 676w\" sizes=\"(max-width: 700px) 100vw, 700px\" \/><\/p>\n<p><img decoding=\"async\" loading=\"lazy\" class=\"aligncenter size-full wp-image-670219\" src=\"https:\/\/www.diario5.com.ar\/wp-content\/uploads\/2023\/06\/nuevo_diario20230603.jpg\" width=\"700\" height=\"1064\" srcset=\"https:\/\/www.diario5.com.ar\/wp-content\/uploads\/2023\/06\/nuevo_diario20230603.jpg 700w, https:\/\/www.diario5.com.ar\/wp-content\/uploads\/2023\/06\/nuevo_diario20230603-197x300.jpg 197w, https:\/\/www.diario5.com.ar\/wp-content\/uploads\/2023\/06\/nuevo_diario20230603-674x1024.jpg 674w\" sizes=\"(max-width: 700px) 100vw, 700px\" \/><\/p>\n<p><img decoding=\"async\" loading=\"lazy\" class=\"aligncenter size-full wp-image-670220\" src=\"https:\/\/www.diario5.com.ar\/wp-content\/uploads\/2023\/06\/120230603.jpg\" width=\"500\" height=\"652\" srcset=\"https:\/\/www.diario5.com.ar\/wp-content\/uploads\/2023\/06\/120230603.jpg 500w, https:\/\/www.diario5.com.ar\/wp-content\/uploads\/2023\/06\/120230603-230x300.jpg 230w\" sizes=\"(max-width: 500px) 100vw, 500px\" \/><\/p>\n<p><img decoding=\"async\" loading=\"lazy\" class=\"aligncenter size-full wp-image-670221\" src=\"https:\/\/www.diario5.com.ar\/wp-content\/uploads\/2023\/06\/ar_ancasti20230603.jpg\" width=\"700\" height=\"917\" srcset=\"https:\/\/www.diario5.com.ar\/wp-content\/uploads\/2023\/06\/ar_ancasti20230603.jpg 700w, https:\/\/www.diario5.com.ar\/wp-content\/uploads\/2023\/06\/ar_ancasti20230603-229x300.jpg 229w\" sizes=\"(max-width: 700px) 100vw, 700px\" \/><\/p>","protected":false},"excerpt":{"rendered":"<p>Hay 282 empresas que est\u00e1n inscriptas en el Plan de Empleo Joven, en la Ciudad de Buenos Aires Se trata de un programa para acompa\u00f1ar al sector privado para en la contrataci\u00f3n de j\u00f3venes de entre 18 y 24 a\u00f1os. El Ministerio de Desarrollo Econ\u00f3mico y Producci\u00f3n, asigna asistencias para solventar por 12 meses el [&hellip;]<\/p>","protected":false},"author":1,"featured_media":670279,"comment_status":"open","ping_status":"open","sticky":false,"template":"","format":"standard","meta":[],"categories":[81,45,56],"tags":[474,573],"series":[],"_links":{"self":[{"href":"https:\/\/www.diario5.com.ar\/es\/wp-json\/wp\/v2\/posts\/636629"}],"collection":[{"href":"https:\/\/www.diario5.com.ar\/es\/wp-json\/wp\/v2\/posts"}],"about":[{"href":"https:\/\/www.diario5.com.ar\/es\/wp-json\/wp\/v2\/types\/post"}],"author":[{"embeddable":true,"href":"https:\/\/www.diario5.com.ar\/es\/wp-json\/wp\/v2\/users\/1"}],"replies":[{"embeddable":true,"href":"https:\/\/www.diario5.com.ar\/es\/wp-json\/wp\/v2\/comments?post=636629"}],"version-history":[{"count":3,"href":"https:\/\/www.diario5.com.ar\/es\/wp-json\/wp\/v2\/posts\/636629\/revisions"}],"predecessor-version":[{"id":670280,"href":"https:\/\/www.diario5.com.ar\/es\/wp-json\/wp\/v2\/posts\/636629\/revisions\/670280"}],"wp:featuredmedia":[{"embeddable":true,"href":"https:\/\/www.diario5.com.ar\/es\/wp-json\/wp\/v2\/media\/670279"}],"wp:attachment":[{"href":"https:\/\/www.diario5.com.ar\/es\/wp-json\/wp\/v2\/media?parent=636629"}],"wp:term":[{"taxonomy":"category","embeddable":true,"href":"https:\/\/www.diario5.com.ar\/es\/wp-json\/wp\/v2\/categories?post=636629"},{"taxonomy":"post_tag","embeddable":true,"href":"https:\/\/www.diario5.com.ar\/es\/wp-json\/wp\/v2\/tags?post=636629"},{"taxonomy":"series","embeddable":true,"href":"https:\/\/www.diario5.com.ar\/es\/wp-json\/wp\/v2\/series?post=636629"}],"curies":[{"name":"wp","href":"https:\/\/api.w.org\/{rel}","templated":true}]}}