{"id":636623,"date":"2023-05-28T06:50:00","date_gmt":"2023-05-28T09:50:00","guid":{"rendered":"http:\/\/diario5.com.ar\/?p=636623"},"modified":"2023-05-28T13:03:04","modified_gmt":"2023-05-28T16:03:04","slug":"636623","status":"publish","type":"post","link":"https:\/\/www.diario5.com.ar\/es\/636623\/","title":{"rendered":"Rosarito"},"content":{"rendered":"<h2 class=\"sub-title-primary\">En coincidencia con el D\u00eda de los Jardines de Infantes y de la Maestras Jardineras, se estrena hoy una miniserie animada inspirada en Rosario Vera Pe\u00f1aloza. Es una producci\u00f3n, cuya idea surgi\u00f3 en La Rioja, provincia de la que la gran maestra era oriunda y en la que se ambienta la peque\u00f1a historia, que promete enamorar.<\/h2> <div class=\"group w-full text-gray-800 dark:text-gray-100 border-b border-black\/10 dark:border-gray-900\/50 dark:bg-gray-800\">\n<div class=\"flex p-4 gap-4 text-base md:gap-6 md:max-w-2xl lg:max-w-xl xl:max-w-3xl md:py-6 lg:px-0 m-auto\">\n<div class=\"relative flex w-[calc(100%-50px)] flex-col gap-1 md:gap-3 lg:w-[calc(100%-115px)]\">\n<div class=\"flex flex-grow flex-col gap-3\"><\/div>\n<\/div>\n<\/div>\n<\/div>\n<div class=\"group w-full text-gray-800 dark:text-gray-100 border-b border-black\/10 dark:border-gray-900\/50 bg-gray-50 dark:bg-[#444654]\">\n<div class=\"flex p-4 gap-4 text-base md:gap-6 md:max-w-2xl lg:max-w-xl xl:max-w-3xl md:py-6 lg:px-0 m-auto\">\n<div class=\"relative flex w-[calc(100%-50px)] flex-col gap-1 md:gap-3 lg:w-[calc(100%-115px)]\">\n<div class=\"flex flex-grow flex-col gap-3\">\n<div class=\"min-h-[20px] flex flex-col items-start gap-4 whitespace-pre-wrap break-words\">\n<div class=\"markdown prose w-full break-words dark:prose-invert light\">\n<p><img decoding=\"async\" loading=\"lazy\" class=\"alignnone wp-image-669949 size-full\" src=\"https:\/\/www.diario5.com.ar\/wp-content\/uploads\/2023\/05\/rosarito02.jpg\" alt=\"\" width=\"910\" height=\"540\" srcset=\"https:\/\/www.diario5.com.ar\/wp-content\/uploads\/2023\/05\/rosarito02.jpg 910w, https:\/\/www.diario5.com.ar\/wp-content\/uploads\/2023\/05\/rosarito02-300x178.jpg 300w, https:\/\/www.diario5.com.ar\/wp-content\/uploads\/2023\/05\/rosarito02-768x456.jpg 768w\" sizes=\"(max-width: 910px) 100vw, 910px\" \/><\/p>\n<p>Rosario Vera Pe\u00f1aloza, como educadora y pol\u00edtica, brill\u00f3 por el aporte estructural que le dej\u00f3 al campo de la educaci\u00f3n en nuestro pa\u00eds. Hab\u00eda nacido el 25 de noviembre de 1873 en la localidad de Atiles, Provincia de La Rioja.<\/p>\n<p>Rosarito dedic\u00f3 su vida a mejorar la educaci\u00f3n y promover la alfabetizaci\u00f3n en Argentina. Desempe\u00f1\u00f3 un papel crucial en el desarrollo de pol\u00edticas educativas y en la formaci\u00f3n de docentes. Fue ella quien cre\u00f3 el D\u00eda Nacional del Maestro en Argentina, que se celebra el 11 de septiembre, conmemorando a Domingo Faustino Sarmiento.<\/p>\n<\/div>\n<\/div>\n<\/div>\n<\/div>\n<\/div>\n<\/div>\n<div class=\"group w-full text-gray-800 dark:text-gray-100 border-b border-black\/10 dark:border-gray-900\/50 bg-gray-50 dark:bg-[#444654]\">\n<div class=\"flex p-4 gap-4 text-base md:gap-6 md:max-w-2xl lg:max-w-xl xl:max-w-3xl md:py-6 lg:px-0 m-auto\">\n<div class=\"flex-shrink-0 flex flex-col relative items-end\">\n<div class=\"text-xs flex items-center justify-center gap-1 invisible absolute left-0 top-2 -ml-4 -translate-x-full group-hover:visible !invisible\">Rosario Vera Pe\u00f1aloza es el s\u00edmbolo mayor de los jardines de infantes. Precisamente, hoy, es el D\u00eda de los Jardines de Infancia y de las Maestras Jardineras, en su honor.<\/div>\n<div><\/div>\n<\/div>\n<\/div>\n<\/div>\n<div class=\"group w-full text-gray-800 dark:text-gray-100 border-b border-black\/10 dark:border-gray-900\/50 dark:bg-gray-800\">\n<div class=\"flex p-4 gap-4 text-base md:gap-6 md:max-w-2xl lg:max-w-xl xl:max-w-3xl md:py-6 lg:px-0 m-auto\">\n<div class=\"relative flex w-[calc(100%-50px)] flex-col gap-1 md:gap-3 lg:w-[calc(100%-115px)]\">Pionera en el campo de la educaci\u00f3n infantil, cre\u00eda en la importancia de brindar una educaci\u00f3n de calidad a los ni\u00f1os peque\u00f1os y promover su desarrollo hol\u00edstico. Introdujo m\u00e9todos y enfoques de ense\u00f1anza innovadores que enfatizaban el juego, la creatividad y la expresi\u00f3n individual.<\/div>\n<\/div>\n<\/div>\n<div class=\"group w-full text-gray-800 dark:text-gray-100 border-b border-black\/10 dark:border-gray-900\/50 bg-gray-50 dark:bg-[#444654]\">\n<div class=\"flex p-4 gap-4 text-base md:gap-6 md:max-w-2xl lg:max-w-xl xl:max-w-3xl md:py-6 lg:px-0 m-auto\">\n<div class=\"relative flex w-[calc(100%-50px)] flex-col gap-1 md:gap-3 lg:w-[calc(100%-115px)]\">\n<div class=\"flex flex-grow flex-col gap-3\">\n<div class=\"min-h-[20px] flex flex-col items-start gap-4 whitespace-pre-wrap break-words\">\n<div class=\"markdown prose w-full break-words dark:prose-invert light\">\n<p>El compromiso de la estudiosa docente riojana con la educaci\u00f3n inicial, llev\u00f3 a la creaci\u00f3n del primer jard\u00edn de infancia oficial en la Argentina en 1900. No se qued\u00f3 alli y desempe\u00f1\u00f3 un papel crucial en la difusi\u00f3n de la educaci\u00f3n infantil en todo el pa\u00eds, abogando por su reconocimiento y apoyo.<\/p>\n<p>Aparte de su labor en la educaci\u00f3n, Rosario Vera Pe\u00f1aloza particip\u00f3 en actividades pol\u00edticas y sociales. Particip\u00f3 en el movimiento por el sufragio femenino y luch\u00f3 por los derechos de las mujeres y la igualdad de g\u00e9nero en Argentina.<\/p>\n<p>El legado de Rosario Vera Pe\u00f1aloza como maestra de jard\u00edn de infantes y sus esfuerzos por promover la educaci\u00f3n de la primera infancia contin\u00faan celebr\u00e1ndose en Argentina. Su trabajo ha tenido un impacto duradero en el sistema educativo y ha ayudado a dar forma al desarrollo de los ni\u00f1os peque\u00f1os en el pa\u00eds.<\/p>\n<\/div>\n<\/div>\n<\/div>\n<\/div>\n<\/div>\n<\/div>\n<p>Falleci\u00f3 el 28 de octubre de 1950.<\/p>\n<p>&nbsp;<\/p>\n<p><img decoding=\"async\" loading=\"lazy\" class=\"aligncenter size-full wp-image-669952\" src=\"https:\/\/www.diario5.com.ar\/wp-content\/uploads\/2023\/05\/33946480620230528.jpg\" width=\"700\" height=\"481\" srcset=\"https:\/\/www.diario5.com.ar\/wp-content\/uploads\/2023\/05\/33946480620230528.jpg 700w, https:\/\/www.diario5.com.ar\/wp-content\/uploads\/2023\/05\/33946480620230528-300x206.jpg 300w\" sizes=\"(max-width: 700px) 100vw, 700px\" \/><\/p>\n<p>Hoy comienza en el canal de TV Paka Paka la serie animada \u00abRosarito y sus Pizarras M\u00e1gicas\u00bb, inspirada en la vida de Rosario Vera Pe\u00f1aloza, de producci\u00f3n riojana La serie se interna en la vida\u00a0 de la bellamente identificada maestra de la Patria. Son 13 cap\u00edtulos y cada uno dura siete minutos.<br \/>\n<!--googleon: index--><br \/>\n<img decoding=\"async\" loading=\"lazy\" class=\"aligncenter size-full wp-image-669953\" src=\"https:\/\/www.diario5.com.ar\/wp-content\/uploads\/2023\/05\/ar_capital_rosario20230528.jpg\" width=\"700\" height=\"940\" srcset=\"https:\/\/www.diario5.com.ar\/wp-content\/uploads\/2023\/05\/ar_capital_rosario20230528.jpg 700w, https:\/\/www.diario5.com.ar\/wp-content\/uploads\/2023\/05\/ar_capital_rosario20230528-223x300.jpg 223w\" sizes=\"(max-width: 700px) 100vw, 700px\" \/><\/p>\n<p><img decoding=\"async\" loading=\"lazy\" class=\"aligncenter size-full wp-image-669954\" src=\"https:\/\/www.diario5.com.ar\/wp-content\/uploads\/2023\/05\/esquiu20230528.jpg\" width=\"700\" height=\"924\" srcset=\"https:\/\/www.diario5.com.ar\/wp-content\/uploads\/2023\/05\/esquiu20230528.jpg 700w, https:\/\/www.diario5.com.ar\/wp-content\/uploads\/2023\/05\/esquiu20230528-227x300.jpg 227w\" sizes=\"(max-width: 700px) 100vw, 700px\" \/><\/p>\n<p><img decoding=\"async\" loading=\"lazy\" class=\"aligncenter size-full wp-image-669977\" src=\"https:\/\/www.diario5.com.ar\/wp-content\/uploads\/2023\/05\/ar_diario_norte20230528.jpg\" width=\"700\" height=\"910\" srcset=\"https:\/\/www.diario5.com.ar\/wp-content\/uploads\/2023\/05\/ar_diario_norte20230528.jpg 700w, https:\/\/www.diario5.com.ar\/wp-content\/uploads\/2023\/05\/ar_diario_norte20230528-231x300.jpg 231w\" sizes=\"(max-width: 700px) 100vw, 700px\" \/><\/p>\n<p><img decoding=\"async\" loading=\"lazy\" class=\"aligncenter size-full wp-image-669955\" src=\"https:\/\/www.diario5.com.ar\/wp-content\/uploads\/2023\/05\/voz_chaco20230528.jpg\" width=\"700\" height=\"816\" srcset=\"https:\/\/www.diario5.com.ar\/wp-content\/uploads\/2023\/05\/voz_chaco20230528.jpg 700w, https:\/\/www.diario5.com.ar\/wp-content\/uploads\/2023\/05\/voz_chaco20230528-257x300.jpg 257w\" sizes=\"(max-width: 700px) 100vw, 700px\" \/><\/p>\n<p><img decoding=\"async\" loading=\"lazy\" class=\"aligncenter size-full wp-image-669956\" src=\"https:\/\/www.diario5.com.ar\/wp-content\/uploads\/2023\/05\/ar_eldia20230528.jpg\" width=\"700\" height=\"1042\" srcset=\"https:\/\/www.diario5.com.ar\/wp-content\/uploads\/2023\/05\/ar_eldia20230528.jpg 700w, https:\/\/www.diario5.com.ar\/wp-content\/uploads\/2023\/05\/ar_eldia20230528-202x300.jpg 202w, https:\/\/www.diario5.com.ar\/wp-content\/uploads\/2023\/05\/ar_eldia20230528-688x1024.jpg 688w\" sizes=\"(max-width: 700px) 100vw, 700px\" \/><\/p>\n<p><img decoding=\"async\" loading=\"lazy\" class=\"aligncenter size-full wp-image-669957\" src=\"https:\/\/www.diario5.com.ar\/wp-content\/uploads\/2023\/05\/ar_chubut20230528.jpg\" width=\"700\" height=\"916\" srcset=\"https:\/\/www.diario5.com.ar\/wp-content\/uploads\/2023\/05\/ar_chubut20230528.jpg 700w, https:\/\/www.diario5.com.ar\/wp-content\/uploads\/2023\/05\/ar_chubut20230528-229x300.jpg 229w\" sizes=\"(max-width: 700px) 100vw, 700px\" \/><\/p>\n<p><img decoding=\"async\" loading=\"lazy\" class=\"aligncenter size-full wp-image-669958\" src=\"https:\/\/www.diario5.com.ar\/wp-content\/uploads\/2023\/05\/ar_epoca20230528.jpg\" width=\"700\" height=\"908\" srcset=\"https:\/\/www.diario5.com.ar\/wp-content\/uploads\/2023\/05\/ar_epoca20230528.jpg 700w, https:\/\/www.diario5.com.ar\/wp-content\/uploads\/2023\/05\/ar_epoca20230528-231x300.jpg 231w\" sizes=\"(max-width: 700px) 100vw, 700px\" \/><\/p>\n<p><img decoding=\"async\" loading=\"lazy\" class=\"aligncenter size-full wp-image-669959\" src=\"https:\/\/www.diario5.com.ar\/wp-content\/uploads\/2023\/05\/ar_litoral20230528.jpg\" width=\"699\" height=\"914\" srcset=\"https:\/\/www.diario5.com.ar\/wp-content\/uploads\/2023\/05\/ar_litoral20230528.jpg 699w, https:\/\/www.diario5.com.ar\/wp-content\/uploads\/2023\/05\/ar_litoral20230528-229x300.jpg 229w\" sizes=\"(max-width: 699px) 100vw, 699px\" \/><\/p>\n<p><img decoding=\"async\" loading=\"lazy\" class=\"aligncenter size-full wp-image-669960\" src=\"https:\/\/www.diario5.com.ar\/wp-content\/uploads\/2023\/05\/ar_losandes20230528.jpg\" width=\"700\" height=\"969\" srcset=\"https:\/\/www.diario5.com.ar\/wp-content\/uploads\/2023\/05\/ar_losandes20230528.jpg 700w, https:\/\/www.diario5.com.ar\/wp-content\/uploads\/2023\/05\/ar_losandes20230528-217x300.jpg 217w\" sizes=\"(max-width: 700px) 100vw, 700px\" \/><\/p>\n<p><img decoding=\"async\" loading=\"lazy\" class=\"aligncenter size-full wp-image-669961\" src=\"https:\/\/www.diario5.com.ar\/wp-content\/uploads\/2023\/05\/ar_rio_negro20230528.jpg\" width=\"700\" height=\"1050\" srcset=\"https:\/\/www.diario5.com.ar\/wp-content\/uploads\/2023\/05\/ar_rio_negro20230528.jpg 700w, https:\/\/www.diario5.com.ar\/wp-content\/uploads\/2023\/05\/ar_rio_negro20230528-200x300.jpg 200w, https:\/\/www.diario5.com.ar\/wp-content\/uploads\/2023\/05\/ar_rio_negro20230528-683x1024.jpg 683w\" sizes=\"(max-width: 700px) 100vw, 700px\" \/><\/p>\n<p><img decoding=\"async\" loading=\"lazy\" class=\"aligncenter size-full wp-image-669962\" src=\"https:\/\/www.diario5.com.ar\/wp-content\/uploads\/2023\/05\/ar_diario_cuyo20230528.jpg\" width=\"700\" height=\"1052\" srcset=\"https:\/\/www.diario5.com.ar\/wp-content\/uploads\/2023\/05\/ar_diario_cuyo20230528.jpg 700w, https:\/\/www.diario5.com.ar\/wp-content\/uploads\/2023\/05\/ar_diario_cuyo20230528-200x300.jpg 200w, https:\/\/www.diario5.com.ar\/wp-content\/uploads\/2023\/05\/ar_diario_cuyo20230528-681x1024.jpg 681w\" sizes=\"(max-width: 700px) 100vw, 700px\" \/><\/p>\n<p><img decoding=\"async\" loading=\"lazy\" class=\"aligncenter size-full wp-image-669963\" src=\"https:\/\/www.diario5.com.ar\/wp-content\/uploads\/2023\/05\/ar_diario_republica20230528.jpg\" width=\"700\" height=\"977\" srcset=\"https:\/\/www.diario5.com.ar\/wp-content\/uploads\/2023\/05\/ar_diario_republica20230528.jpg 700w, https:\/\/www.diario5.com.ar\/wp-content\/uploads\/2023\/05\/ar_diario_republica20230528-215x300.jpg 215w\" sizes=\"(max-width: 700px) 100vw, 700px\" \/><\/p>\n<p><img decoding=\"async\" loading=\"lazy\" class=\"aligncenter size-full wp-image-669964\" src=\"https:\/\/www.diario5.com.ar\/wp-content\/uploads\/2023\/05\/ar_gaceta20230528.jpg\" width=\"700\" height=\"1160\" srcset=\"https:\/\/www.diario5.com.ar\/wp-content\/uploads\/2023\/05\/ar_gaceta20230528.jpg 700w, https:\/\/www.diario5.com.ar\/wp-content\/uploads\/2023\/05\/ar_gaceta20230528-181x300.jpg 181w, https:\/\/www.diario5.com.ar\/wp-content\/uploads\/2023\/05\/ar_gaceta20230528-618x1024.jpg 618w\" sizes=\"(max-width: 700px) 100vw, 700px\" \/><\/p>\n<p><img decoding=\"async\" loading=\"lazy\" class=\"aligncenter size-full wp-image-669978\" src=\"https:\/\/www.diario5.com.ar\/wp-content\/uploads\/2023\/05\/ar_clarin20230528.jpg\" width=\"700\" height=\"970\" srcset=\"https:\/\/www.diario5.com.ar\/wp-content\/uploads\/2023\/05\/ar_clarin20230528.jpg 700w, https:\/\/www.diario5.com.ar\/wp-content\/uploads\/2023\/05\/ar_clarin20230528-216x300.jpg 216w\" sizes=\"(max-width: 700px) 100vw, 700px\" \/><\/p>\n<p><img decoding=\"async\" loading=\"lazy\" class=\"aligncenter size-full wp-image-669965\" src=\"https:\/\/www.diario5.com.ar\/wp-content\/uploads\/2023\/05\/nacion20230528.jpg\" width=\"700\" height=\"1065\" srcset=\"https:\/\/www.diario5.com.ar\/wp-content\/uploads\/2023\/05\/nacion20230528.jpg 700w, https:\/\/www.diario5.com.ar\/wp-content\/uploads\/2023\/05\/nacion20230528-197x300.jpg 197w, https:\/\/www.diario5.com.ar\/wp-content\/uploads\/2023\/05\/nacion20230528-673x1024.jpg 673w\" sizes=\"(max-width: 700px) 100vw, 700px\" \/><\/p>\n<p><img decoding=\"async\" loading=\"lazy\" class=\"aligncenter size-full wp-image-669966\" src=\"https:\/\/www.diario5.com.ar\/wp-content\/uploads\/2023\/05\/nuevo_diario20230528.jpg\" width=\"700\" height=\"1047\" srcset=\"https:\/\/www.diario5.com.ar\/wp-content\/uploads\/2023\/05\/nuevo_diario20230528.jpg 700w, https:\/\/www.diario5.com.ar\/wp-content\/uploads\/2023\/05\/nuevo_diario20230528-201x300.jpg 201w, https:\/\/www.diario5.com.ar\/wp-content\/uploads\/2023\/05\/nuevo_diario20230528-685x1024.jpg 685w\" sizes=\"(max-width: 700px) 100vw, 700px\" \/><\/p>\n<p><img decoding=\"async\" loading=\"lazy\" class=\"aligncenter size-full wp-image-669967\" src=\"https:\/\/www.diario5.com.ar\/wp-content\/uploads\/2023\/05\/120230528.jpg\" width=\"500\" height=\"652\" srcset=\"https:\/\/www.diario5.com.ar\/wp-content\/uploads\/2023\/05\/120230528.jpg 500w, https:\/\/www.diario5.com.ar\/wp-content\/uploads\/2023\/05\/120230528-230x300.jpg 230w\" sizes=\"(max-width: 500px) 100vw, 500px\" \/><\/p>\n<p>&nbsp;<\/p>","protected":false},"excerpt":{"rendered":"<p>En coincidencia con el D\u00eda de los Jardines de Infantes y de la Maestras Jardineras, se estrena hoy una miniserie animada inspirada en Rosario Vera Pe\u00f1aloza. Es una producci\u00f3n, cuya idea surgi\u00f3 en La Rioja, provincia de la que la gran maestra era oriunda y en la que se ambienta la peque\u00f1a historia, que promete [&hellip;]<\/p>","protected":false},"author":5,"featured_media":669949,"comment_status":"open","ping_status":"open","sticky":false,"template":"","format":"standard","meta":[],"categories":[109,5,56],"tags":[625,629,621,622,27,620,619,623,624,626,628,627,618,617],"series":[],"_links":{"self":[{"href":"https:\/\/www.diario5.com.ar\/es\/wp-json\/wp\/v2\/posts\/636623"}],"collection":[{"href":"https:\/\/www.diario5.com.ar\/es\/wp-json\/wp\/v2\/posts"}],"about":[{"href":"https:\/\/www.diario5.com.ar\/es\/wp-json\/wp\/v2\/types\/post"}],"author":[{"embeddable":true,"href":"https:\/\/www.diario5.com.ar\/es\/wp-json\/wp\/v2\/users\/5"}],"replies":[{"embeddable":true,"href":"https:\/\/www.diario5.com.ar\/es\/wp-json\/wp\/v2\/comments?post=636623"}],"version-history":[{"count":5,"href":"https:\/\/www.diario5.com.ar\/es\/wp-json\/wp\/v2\/posts\/636623\/revisions"}],"predecessor-version":[{"id":669980,"href":"https:\/\/www.diario5.com.ar\/es\/wp-json\/wp\/v2\/posts\/636623\/revisions\/669980"}],"wp:featuredmedia":[{"embeddable":true,"href":"https:\/\/www.diario5.com.ar\/es\/wp-json\/wp\/v2\/media\/669949"}],"wp:attachment":[{"href":"https:\/\/www.diario5.com.ar\/es\/wp-json\/wp\/v2\/media?parent=636623"}],"wp:term":[{"taxonomy":"category","embeddable":true,"href":"https:\/\/www.diario5.com.ar\/es\/wp-json\/wp\/v2\/categories?post=636623"},{"taxonomy":"post_tag","embeddable":true,"href":"https:\/\/www.diario5.com.ar\/es\/wp-json\/wp\/v2\/tags?post=636623"},{"taxonomy":"series","embeddable":true,"href":"https:\/\/www.diario5.com.ar\/es\/wp-json\/wp\/v2\/series?post=636623"}],"curies":[{"name":"wp","href":"https:\/\/api.w.org\/{rel}","templated":true}]}}