{"id":636621,"date":"2023-05-26T06:50:00","date_gmt":"2023-05-26T09:50:00","guid":{"rendered":"http:\/\/diario5.com.ar\/?p=636621"},"modified":"2023-05-26T15:19:52","modified_gmt":"2023-05-26T18:19:52","slug":"636621","status":"publish","type":"post","link":"https:\/\/www.diario5.com.ar\/es\/636621\/","title":{"rendered":"El eterno problema con los que viajan con la mochila colgada"},"content":{"rendered":"<h2 class=\"sub-title-primary\"><\/h2> <p><img decoding=\"async\" loading=\"lazy\" class=\"aligncenter size-full wp-image-669918\" src=\"https:\/\/www.diario5.com.ar\/wp-content\/uploads\/2023\/05\/backpack-muni-rules-thumb-640xauto-84037220230526.jpg\" width=\"640\" height=\"480\" srcset=\"https:\/\/www.diario5.com.ar\/wp-content\/uploads\/2023\/05\/backpack-muni-rules-thumb-640xauto-84037220230526.jpg 640w, https:\/\/www.diario5.com.ar\/wp-content\/uploads\/2023\/05\/backpack-muni-rules-thumb-640xauto-84037220230526-300x225.jpg 300w\" sizes=\"(max-width: 640px) 100vw, 640px\" \/><\/p>\n<p>Llevar una mochila cargadas en la espalda mientras se usa el transporte p\u00fablico, se considera una pr\u00e1ctica com\u00fan y aceptable. Muchas personas conf\u00edan en este tipo de equipaje montable, para llevar sus pertenencias mientras viajan y es una forma conveniente de transportar art\u00edculos personales.<\/p>\n<p>Sin embargo, es importante tener en cuenta nuestro entorno y ser considerados con los dem\u00e1s cuando llevemos una mochila en el transporte p\u00fablico.<\/p>\n<p>Si estamos atravesando una etapa de la vida en la que se incluye el uso de una mochila, sea por tener que llevar elementos para nuestros estudios o por trabajo y en nuestro ritmo diario de tener que movilizarnos por el \u00e1rea urbana, debemos subir a colectivos, trenes, subtes o al premetro, debemos elegir un bolso de espalda que sea apropiado para el espacio disponible en el transporte p\u00fablico. Es indefectible que estemos atentos y ganemos conciencia de que el uso de mochilas de gran tama\u00f1o podr\u00edan ocupar demasiado espacio o causar molestias a los dem\u00e1s.<\/p>\n<p>Si no nos aseguramos de que nuestra mochila no obstruye el movimiento de otros pasajeros ni bloquee los caminos, estamos cometiendo un da\u00f1o que deber\u00eda ser considerado una contravenci\u00f3n. Es claro que hay personas que no toman en cuenta los espacios llenos de gente, incluyendo las horas pico, que no se preocupan por colocar su mochila de manera que minimice la interferencia con los dem\u00e1s.<\/p>\n<p>Si bien los trogloditas de siempre afectar\u00e1n a los dem\u00e1s sea con lo que sea, vale la pena que -como lo hacemos desde este medio desde hace varios a\u00f1os-\u00a0 tomemos en cuenta todos cada \u00edtem posible de escrache a los desconsiderados.<\/p>\n<p>El cuidado consiste en evitar al girar o moverse de modo que evitemos golpear accidentalmente a otros pasajeros con la mochila. Por supiuesto que para las personas a las que, en general les importa im pito a la vela nada del resto de los mortales, pedirles que se tomen este trabajo es equilavalente de pedirle d\u00e1tiles a la Santa Rita*. Es fundamental &#8211; en el caso del saldo existente de personas educadas y consideradas- estar atentos a nuestros movimientos y procurar mantener el equilibrio para evitar cualquier contacto innecesario. Hay dos opciones l\u00f3gicas posibles: evitar balancearse o apoyar la mochila, tanto en el suelo como en alg\u00fan espacio que lo permita.<\/p>\n<p>Lo l\u00f3gico (m\u00e1s bien. lo obvio) es quitarse la mochila. En situaciones en las que el transporte p\u00fablico est\u00e1 muy concurrido, como durante las horas pico, puede considerar quitarse la mochila y sostenerla en la mano o colocarla entre las piernas para liberar espacio y evitar golpear a otros accidentalmente.Seguridad personal: si bien llevar una mochila a la espalda generalmente es seguro, tenga cuidado con los carteristas o cualquier actividad sospechosa. Mantenga sus pertenencias seguras y sea consciente de su entorno en todo momento, especialmente en \u00e1reas concurridas.<\/p>\n<p>Llevar una mochila a la espalda mientras se utiliza el transporte p\u00fablico es aceptable siempre y cuando seamos considerados con los dem\u00e1s. En esto cuentan el tama\u00f1o, la posici\u00f3n y los movimientos de la mochila para evitar incomodar, poner en peligro o asustar (eso tambi\u00e9n es molesto) a los dem\u00e1s pasajeros.<\/p>\n<blockquote class=\"wp-embedded-content\" data-secret=\"Ia7lqyPw67\"><p><a href=\"https:\/\/www.diario5.com.ar\/es\/mochila-montada-no-2\/\">Mochila montada en transporte p\u00fablico, No!<\/a><\/p><\/blockquote>\n<p><iframe class=\"wp-embedded-content\" sandbox=\"allow-scripts\" security=\"restricted\" style=\"position: absolute; clip: rect(1px, 1px, 1px, 1px);\" title=\"\u00abMochila montada en transporte p\u00fablico, No!\u00bb \u2014 Diario 5\" src=\"https:\/\/www.diario5.com.ar\/mochila-montada-no-2\/embed\/#?secret=piQHTv5r1w#?secret=Ia7lqyPw67\" data-secret=\"Ia7lqyPw67\" width=\"600\" height=\"338\" frameborder=\"0\" marginwidth=\"0\" marginheight=\"0\" scrolling=\"no\"><\/iframe><\/p>\n<blockquote class=\"wp-embedded-content\" data-secret=\"zu45J5RGyB\"><p><a href=\"https:\/\/www.diario5.com.ar\/es\/mochila-montada-no-ii-2\/\">Insistimos: Mochila colgada durante el viaje, no, no y no.<\/a><\/p><\/blockquote>\n<p><iframe class=\"wp-embedded-content\" sandbox=\"allow-scripts\" security=\"restricted\" style=\"position: absolute; clip: rect(1px, 1px, 1px, 1px);\" title=\"\u00abInsistimos: Mochila colgada durante el viaje, no, no y no.\u00bb \u2014 Diario 5\" src=\"https:\/\/www.diario5.com.ar\/mochila-montada-no-ii-2\/embed\/#?secret=qP5eVsP7rY#?secret=zu45J5RGyB\" data-secret=\"zu45J5RGyB\" width=\"600\" height=\"338\" frameborder=\"0\" marginwidth=\"0\" marginheight=\"0\" scrolling=\"no\"><\/iframe><\/p>\n<p><img decoding=\"async\" loading=\"lazy\" class=\"aligncenter size-full wp-image-669897\" src=\"https:\/\/www.diario5.com.ar\/wp-content\/uploads\/2023\/05\/ar_capital_rosario20230526.jpg\" width=\"700\" height=\"922\" srcset=\"https:\/\/www.diario5.com.ar\/wp-content\/uploads\/2023\/05\/ar_capital_rosario20230526.jpg 700w, https:\/\/www.diario5.com.ar\/wp-content\/uploads\/2023\/05\/ar_capital_rosario20230526-228x300.jpg 228w\" sizes=\"(max-width: 700px) 100vw, 700px\" \/><\/p>\n<p><img decoding=\"async\" loading=\"lazy\" class=\"aligncenter size-full wp-image-669898\" src=\"https:\/\/www.diario5.com.ar\/wp-content\/uploads\/2023\/05\/esquiu20230526.jpg\" width=\"700\" height=\"920\" srcset=\"https:\/\/www.diario5.com.ar\/wp-content\/uploads\/2023\/05\/esquiu20230526.jpg 700w, https:\/\/www.diario5.com.ar\/wp-content\/uploads\/2023\/05\/esquiu20230526-228x300.jpg 228w\" sizes=\"(max-width: 700px) 100vw, 700px\" \/><\/p>\n<p><img decoding=\"async\" loading=\"lazy\" class=\"aligncenter size-full wp-image-669899\" src=\"https:\/\/www.diario5.com.ar\/wp-content\/uploads\/2023\/05\/ar_diario_norte20230526.jpg\" width=\"700\" height=\"905\" srcset=\"https:\/\/www.diario5.com.ar\/wp-content\/uploads\/2023\/05\/ar_diario_norte20230526.jpg 700w, https:\/\/www.diario5.com.ar\/wp-content\/uploads\/2023\/05\/ar_diario_norte20230526-232x300.jpg 232w\" sizes=\"(max-width: 700px) 100vw, 700px\" \/><\/p>\n<p><img decoding=\"async\" loading=\"lazy\" class=\"aligncenter size-full wp-image-669900\" src=\"https:\/\/www.diario5.com.ar\/wp-content\/uploads\/2023\/05\/voz_chaco20230526.jpg\" width=\"700\" height=\"828\" srcset=\"https:\/\/www.diario5.com.ar\/wp-content\/uploads\/2023\/05\/voz_chaco20230526.jpg 700w, https:\/\/www.diario5.com.ar\/wp-content\/uploads\/2023\/05\/voz_chaco20230526-254x300.jpg 254w\" sizes=\"(max-width: 700px) 100vw, 700px\" \/><\/p>\n<p><img decoding=\"async\" loading=\"lazy\" class=\"aligncenter size-full wp-image-669901\" src=\"https:\/\/www.diario5.com.ar\/wp-content\/uploads\/2023\/05\/ar_eldia20230526.jpg\" width=\"700\" height=\"1045\" srcset=\"https:\/\/www.diario5.com.ar\/wp-content\/uploads\/2023\/05\/ar_eldia20230526.jpg 700w, https:\/\/www.diario5.com.ar\/wp-content\/uploads\/2023\/05\/ar_eldia20230526-201x300.jpg 201w, https:\/\/www.diario5.com.ar\/wp-content\/uploads\/2023\/05\/ar_eldia20230526-686x1024.jpg 686w\" sizes=\"(max-width: 700px) 100vw, 700px\" \/><\/p>\n<p><img decoding=\"async\" loading=\"lazy\" class=\"aligncenter size-full wp-image-669902\" src=\"https:\/\/www.diario5.com.ar\/wp-content\/uploads\/2023\/05\/ar_hoy20230526.jpg\" width=\"700\" height=\"921\" srcset=\"https:\/\/www.diario5.com.ar\/wp-content\/uploads\/2023\/05\/ar_hoy20230526.jpg 700w, https:\/\/www.diario5.com.ar\/wp-content\/uploads\/2023\/05\/ar_hoy20230526-228x300.jpg 228w\" sizes=\"(max-width: 700px) 100vw, 700px\" \/><\/p>\n<p><img decoding=\"async\" loading=\"lazy\" class=\"aligncenter size-full wp-image-669903\" src=\"https:\/\/www.diario5.com.ar\/wp-content\/uploads\/2023\/05\/ar_chubut20230526.jpg\" width=\"700\" height=\"902\" srcset=\"https:\/\/www.diario5.com.ar\/wp-content\/uploads\/2023\/05\/ar_chubut20230526.jpg 700w, https:\/\/www.diario5.com.ar\/wp-content\/uploads\/2023\/05\/ar_chubut20230526-233x300.jpg 233w\" sizes=\"(max-width: 700px) 100vw, 700px\" \/><\/p>\n<p><img decoding=\"async\" loading=\"lazy\" class=\"aligncenter size-full wp-image-669904\" src=\"https:\/\/www.diario5.com.ar\/wp-content\/uploads\/2023\/05\/ar_epoca20230526.jpg\" width=\"700\" height=\"908\" srcset=\"https:\/\/www.diario5.com.ar\/wp-content\/uploads\/2023\/05\/ar_epoca20230526.jpg 700w, https:\/\/www.diario5.com.ar\/wp-content\/uploads\/2023\/05\/ar_epoca20230526-231x300.jpg 231w\" sizes=\"(max-width: 700px) 100vw, 700px\" \/><\/p>\n<p><img decoding=\"async\" loading=\"lazy\" class=\"aligncenter size-full wp-image-669905\" src=\"https:\/\/www.diario5.com.ar\/wp-content\/uploads\/2023\/05\/ar_litoral20230526.jpg\" width=\"700\" height=\"907\" srcset=\"https:\/\/www.diario5.com.ar\/wp-content\/uploads\/2023\/05\/ar_litoral20230526.jpg 700w, https:\/\/www.diario5.com.ar\/wp-content\/uploads\/2023\/05\/ar_litoral20230526-232x300.jpg 232w\" sizes=\"(max-width: 700px) 100vw, 700px\" \/><\/p>\n<p><img decoding=\"async\" loading=\"lazy\" class=\"aligncenter size-full wp-image-669906\" src=\"https:\/\/www.diario5.com.ar\/wp-content\/uploads\/2023\/05\/ar_heraldo20230526.jpg\" width=\"700\" height=\"846\" srcset=\"https:\/\/www.diario5.com.ar\/wp-content\/uploads\/2023\/05\/ar_heraldo20230526.jpg 700w, https:\/\/www.diario5.com.ar\/wp-content\/uploads\/2023\/05\/ar_heraldo20230526-248x300.jpg 248w\" sizes=\"(max-width: 700px) 100vw, 700px\" \/><\/p>\n<p><img decoding=\"async\" loading=\"lazy\" class=\"aligncenter size-full wp-image-669907\" src=\"https:\/\/www.diario5.com.ar\/wp-content\/uploads\/2023\/05\/ar_losandes20230526.jpg\" width=\"700\" height=\"965\" srcset=\"https:\/\/www.diario5.com.ar\/wp-content\/uploads\/2023\/05\/ar_losandes20230526.jpg 700w, https:\/\/www.diario5.com.ar\/wp-content\/uploads\/2023\/05\/ar_losandes20230526-218x300.jpg 218w\" sizes=\"(max-width: 700px) 100vw, 700px\" \/><\/p>\n<p><img decoding=\"async\" loading=\"lazy\" class=\"aligncenter size-full wp-image-669908\" src=\"https:\/\/www.diario5.com.ar\/wp-content\/uploads\/2023\/05\/ar_rio_negro20230526.jpg\" width=\"700\" height=\"1061\" srcset=\"https:\/\/www.diario5.com.ar\/wp-content\/uploads\/2023\/05\/ar_rio_negro20230526.jpg 700w, https:\/\/www.diario5.com.ar\/wp-content\/uploads\/2023\/05\/ar_rio_negro20230526-198x300.jpg 198w, https:\/\/www.diario5.com.ar\/wp-content\/uploads\/2023\/05\/ar_rio_negro20230526-676x1024.jpg 676w\" sizes=\"(max-width: 700px) 100vw, 700px\" \/><\/p>\n<p><img decoding=\"async\" loading=\"lazy\" class=\"aligncenter size-full wp-image-669919\" src=\"https:\/\/www.diario5.com.ar\/wp-content\/uploads\/2023\/05\/ar_diario_cuyo20230526.jpg\" width=\"700\" height=\"1058\" srcset=\"https:\/\/www.diario5.com.ar\/wp-content\/uploads\/2023\/05\/ar_diario_cuyo20230526.jpg 700w, https:\/\/www.diario5.com.ar\/wp-content\/uploads\/2023\/05\/ar_diario_cuyo20230526-198x300.jpg 198w, https:\/\/www.diario5.com.ar\/wp-content\/uploads\/2023\/05\/ar_diario_cuyo20230526-678x1024.jpg 678w\" sizes=\"(max-width: 700px) 100vw, 700px\" \/><\/p>\n<p><img decoding=\"async\" loading=\"lazy\" class=\"aligncenter size-full wp-image-669909\" src=\"https:\/\/www.diario5.com.ar\/wp-content\/uploads\/2023\/05\/ar_diario_republica20230526.jpg\" width=\"700\" height=\"978\" srcset=\"https:\/\/www.diario5.com.ar\/wp-content\/uploads\/2023\/05\/ar_diario_republica20230526.jpg 700w, https:\/\/www.diario5.com.ar\/wp-content\/uploads\/2023\/05\/ar_diario_republica20230526-215x300.jpg 215w\" sizes=\"(max-width: 700px) 100vw, 700px\" \/><\/p>\n<p><img decoding=\"async\" loading=\"lazy\" class=\"aligncenter size-full wp-image-669910\" src=\"https:\/\/www.diario5.com.ar\/wp-content\/uploads\/2023\/05\/ar_litoral_sfe20230526.jpg\" width=\"700\" height=\"934\" srcset=\"https:\/\/www.diario5.com.ar\/wp-content\/uploads\/2023\/05\/ar_litoral_sfe20230526.jpg 700w, https:\/\/www.diario5.com.ar\/wp-content\/uploads\/2023\/05\/ar_litoral_sfe20230526-225x300.jpg 225w\" sizes=\"(max-width: 700px) 100vw, 700px\" \/><\/p>\n<p><img decoding=\"async\" loading=\"lazy\" class=\"aligncenter size-full wp-image-669911\" src=\"https:\/\/www.diario5.com.ar\/wp-content\/uploads\/2023\/05\/ciudadano20230526.jpg\" width=\"700\" height=\"945\" srcset=\"https:\/\/www.diario5.com.ar\/wp-content\/uploads\/2023\/05\/ciudadano20230526.jpg 700w, https:\/\/www.diario5.com.ar\/wp-content\/uploads\/2023\/05\/ciudadano20230526-222x300.jpg 222w\" sizes=\"(max-width: 700px) 100vw, 700px\" \/><\/p>\n<p><img decoding=\"async\" loading=\"lazy\" class=\"aligncenter size-full wp-image-669912\" src=\"https:\/\/www.diario5.com.ar\/wp-content\/uploads\/2023\/05\/ar_mirador_provincial20230526.jpg\" width=\"700\" height=\"939\" srcset=\"https:\/\/www.diario5.com.ar\/wp-content\/uploads\/2023\/05\/ar_mirador_provincial20230526.jpg 700w, https:\/\/www.diario5.com.ar\/wp-content\/uploads\/2023\/05\/ar_mirador_provincial20230526-224x300.jpg 224w\" sizes=\"(max-width: 700px) 100vw, 700px\" \/><\/p>\n<p><img decoding=\"async\" loading=\"lazy\" class=\"aligncenter size-full wp-image-669913\" src=\"https:\/\/www.diario5.com.ar\/wp-content\/uploads\/2023\/05\/ar_gaceta20230526.jpg\" width=\"700\" height=\"1146\" srcset=\"https:\/\/www.diario5.com.ar\/wp-content\/uploads\/2023\/05\/ar_gaceta20230526.jpg 700w, https:\/\/www.diario5.com.ar\/wp-content\/uploads\/2023\/05\/ar_gaceta20230526-183x300.jpg 183w, https:\/\/www.diario5.com.ar\/wp-content\/uploads\/2023\/05\/ar_gaceta20230526-625x1024.jpg 625w\" sizes=\"(max-width: 700px) 100vw, 700px\" \/><\/p>\n<p><img decoding=\"async\" loading=\"lazy\" class=\"aligncenter size-full wp-image-669920\" src=\"https:\/\/www.diario5.com.ar\/wp-content\/uploads\/2023\/05\/ar_clarin20230526.jpg\" width=\"700\" height=\"971\" srcset=\"https:\/\/www.diario5.com.ar\/wp-content\/uploads\/2023\/05\/ar_clarin20230526.jpg 700w, https:\/\/www.diario5.com.ar\/wp-content\/uploads\/2023\/05\/ar_clarin20230526-216x300.jpg 216w\" sizes=\"(max-width: 700px) 100vw, 700px\" \/><\/p>\n<p><img decoding=\"async\" loading=\"lazy\" class=\"aligncenter size-full wp-image-669914\" src=\"https:\/\/www.diario5.com.ar\/wp-content\/uploads\/2023\/05\/nacion20230526.jpg\" width=\"700\" height=\"1065\" srcset=\"https:\/\/www.diario5.com.ar\/wp-content\/uploads\/2023\/05\/nacion20230526.jpg 700w, https:\/\/www.diario5.com.ar\/wp-content\/uploads\/2023\/05\/nacion20230526-197x300.jpg 197w, https:\/\/www.diario5.com.ar\/wp-content\/uploads\/2023\/05\/nacion20230526-673x1024.jpg 673w\" sizes=\"(max-width: 700px) 100vw, 700px\" \/><\/p>\n<p><img decoding=\"async\" loading=\"lazy\" class=\"aligncenter size-full wp-image-669915\" src=\"https:\/\/www.diario5.com.ar\/wp-content\/uploads\/2023\/05\/nuevo_diario20230526.jpg\" width=\"700\" height=\"1063\" srcset=\"https:\/\/www.diario5.com.ar\/wp-content\/uploads\/2023\/05\/nuevo_diario20230526.jpg 700w, https:\/\/www.diario5.com.ar\/wp-content\/uploads\/2023\/05\/nuevo_diario20230526-198x300.jpg 198w, https:\/\/www.diario5.com.ar\/wp-content\/uploads\/2023\/05\/nuevo_diario20230526-674x1024.jpg 674w\" sizes=\"(max-width: 700px) 100vw, 700px\" \/><\/p>\n<p><img decoding=\"async\" loading=\"lazy\" class=\"aligncenter size-full wp-image-669916\" src=\"https:\/\/www.diario5.com.ar\/wp-content\/uploads\/2023\/05\/ar_sureno20230526.jpg\" width=\"700\" height=\"919\" srcset=\"https:\/\/www.diario5.com.ar\/wp-content\/uploads\/2023\/05\/ar_sureno20230526.jpg 700w, https:\/\/www.diario5.com.ar\/wp-content\/uploads\/2023\/05\/ar_sureno20230526-229x300.jpg 229w\" sizes=\"(max-width: 700px) 100vw, 700px\" \/><\/p>\n<p><img decoding=\"async\" loading=\"lazy\" class=\"aligncenter size-full wp-image-669917\" src=\"https:\/\/www.diario5.com.ar\/wp-content\/uploads\/2023\/05\/120230526.jpg\" width=\"500\" height=\"652\" srcset=\"https:\/\/www.diario5.com.ar\/wp-content\/uploads\/2023\/05\/120230526.jpg 500w, https:\/\/www.diario5.com.ar\/wp-content\/uploads\/2023\/05\/120230526-230x300.jpg 230w\" sizes=\"(max-width: 500px) 100vw, 500px\" \/><\/p>\n<p>&nbsp;<\/p>","protected":false},"excerpt":{"rendered":"<p>Llevar una mochila cargadas en la espalda mientras se usa el transporte p\u00fablico, se considera una pr\u00e1ctica com\u00fan y aceptable. Muchas personas conf\u00edan en este tipo de equipaje montable, para llevar sus pertenencias mientras viajan y es una forma conveniente de transportar art\u00edculos personales. Sin embargo, es importante tener en cuenta nuestro entorno y ser [&hellip;]<\/p>","protected":false},"author":2,"featured_media":669918,"comment_status":"open","ping_status":"open","sticky":false,"template":"","format":"standard","meta":[],"categories":[75,4,56],"tags":[87,537],"series":[],"_links":{"self":[{"href":"https:\/\/www.diario5.com.ar\/es\/wp-json\/wp\/v2\/posts\/636621"}],"collection":[{"href":"https:\/\/www.diario5.com.ar\/es\/wp-json\/wp\/v2\/posts"}],"about":[{"href":"https:\/\/www.diario5.com.ar\/es\/wp-json\/wp\/v2\/types\/post"}],"author":[{"embeddable":true,"href":"https:\/\/www.diario5.com.ar\/es\/wp-json\/wp\/v2\/users\/2"}],"replies":[{"embeddable":true,"href":"https:\/\/www.diario5.com.ar\/es\/wp-json\/wp\/v2\/comments?post=636621"}],"version-history":[{"count":4,"href":"https:\/\/www.diario5.com.ar\/es\/wp-json\/wp\/v2\/posts\/636621\/revisions"}],"predecessor-version":[{"id":669927,"href":"https:\/\/www.diario5.com.ar\/es\/wp-json\/wp\/v2\/posts\/636621\/revisions\/669927"}],"wp:featuredmedia":[{"embeddable":true,"href":"https:\/\/www.diario5.com.ar\/es\/wp-json\/wp\/v2\/media\/669918"}],"wp:attachment":[{"href":"https:\/\/www.diario5.com.ar\/es\/wp-json\/wp\/v2\/media?parent=636621"}],"wp:term":[{"taxonomy":"category","embeddable":true,"href":"https:\/\/www.diario5.com.ar\/es\/wp-json\/wp\/v2\/categories?post=636621"},{"taxonomy":"post_tag","embeddable":true,"href":"https:\/\/www.diario5.com.ar\/es\/wp-json\/wp\/v2\/tags?post=636621"},{"taxonomy":"series","embeddable":true,"href":"https:\/\/www.diario5.com.ar\/es\/wp-json\/wp\/v2\/series?post=636621"}],"curies":[{"name":"wp","href":"https:\/\/api.w.org\/{rel}","templated":true}]}}