{"id":636619,"date":"2023-05-24T06:50:00","date_gmt":"2023-05-24T09:50:00","guid":{"rendered":"http:\/\/diario5.com.ar\/?p=636619"},"modified":"2023-05-24T06:53:32","modified_gmt":"2023-05-24T09:53:32","slug":"636619","status":"publish","type":"post","link":"https:\/\/www.diario5.com.ar\/es\/636619\/","title":{"rendered":"La v\u00edspera"},"content":{"rendered":"<h2 class=\"sub-title-primary\"><\/h2> <p><img decoding=\"async\" loading=\"lazy\" class=\"aligncenter size-full wp-image-669841\" src=\"https:\/\/www.diario5.com.ar\/wp-content\/uploads\/2023\/05\/0000115161-1-324x16020230524-1.png\" width=\"324\" height=\"160\" alt=\"Nicol\u00e1s Rodr\u00edguez Pe\u00f1a\" srcset=\"https:\/\/www.diario5.com.ar\/wp-content\/uploads\/2023\/05\/0000115161-1-324x16020230524-1.png 324w, https:\/\/www.diario5.com.ar\/wp-content\/uploads\/2023\/05\/0000115161-1-324x16020230524-1-300x148.png 300w\" sizes=\"(max-width: 324px) 100vw, 324px\" \/><\/p>\n<p>El 24 de mayo no tiene estatus oficial en el calendario nacional; sin embargo, marca la v\u00edspera de la Revoluci\u00f3n del 25, que jug\u00f3 un papel crucial en los hechos de esa semana de mayo. Fue durante este tiempo que se estableci\u00f3 el primer gobierno patri\u00f3tico y el poder pas\u00f3 del virrey a esta nueva autoridad.<\/p>\n<p>Si las circunstancias hubieran sido diferentes, el 24 de mayo podr\u00eda haber sido la conclusi\u00f3n de la campa\u00f1a independentista. Ese d\u00eda, luego de una reuni\u00f3n de Cabildo Abierto de dos d\u00edas, se form\u00f3 una junta de gobierno seg\u00fan lo exigido por los manifestantes. Sin embargo, esta junta estuvo presidida por el virrey Cisneros, m\u00e1xima autoridad espa\u00f1ola, lo que provoc\u00f3 fuertes protestas y llamamientos a un cambio de r\u00e9gimen.<\/p>\n<p>Las tensiones ven\u00edan escalando en la metr\u00f3poli desde el 18 de mayo, cuando lleg\u00f3 la noticia de la ca\u00edda de las \u00faltimas autoridades espa\u00f1olas a manos de las tropas napole\u00f3nicas en Europa. Las opiniones estaban divididas entre quienes buscaban mantener el statu quo y quienes vieron una oportunidad en la ausencia de liderazgo para solicitar una asamblea, conocida como Cabildo Abierto, para votar por un gobierno encabezado por criollos, individuos nacidos en el Virreinato.<\/p>\n<p>Bajo la presi\u00f3n de figuras como Manuel Belgrano, Cisneros finalmente cedi\u00f3 y convoc\u00f3 al Cabildo Abierto el 22 de mayo de 1810. Si bien su intenci\u00f3n inicial era invitar solo a los residentes con puntos de vista favorables, se distribuyeron 450 invitaciones a personas con opiniones diversas. Ese d\u00eda, las personas convocadas se reunieron en el Cabildo y, luego de largas discusiones, emitieron sus votos. Dado que cada persona expres\u00f3 su opini\u00f3n personal, el proceso de conteo de votos continu\u00f3 durante todo el d\u00eda 23 de mayo.<\/p>\n<p>El Cabildo Abierto del 22 de mayo est\u00e1 representado en un \u00f3leo del artista chileno Pedro Subercaseaux. El Cabildo Abierto del 22 de mayo est\u00e1 representado en un \u00f3leo del artista chileno Pedro Subercaseaux.<\/p>\n<p>A ra\u00edz de estos hechos, lleg\u00f3 un d\u00eda como hoy, durante el cual Cisneros busc\u00f3 interpretar la votaci\u00f3n de manera favorable para \u00e9l y sus seguidores. Se acord\u00f3 constituir una Junta de Gobierno mixta integrada por cinco miembros: el diputado espa\u00f1ol Jos\u00e9 Santos Inch\u00e1urregui (en representaci\u00f3n del comercio) y los criollos Juan Nepomuceno Sola (en representaci\u00f3n de la Iglesia), Castelli (en representaci\u00f3n de las Leyes) y Saavedra (en representaci\u00f3n de los militares). El punto de discordia fue el quinto miembro, Cisneros, quien asumi\u00f3 el cargo de presidente.<\/p>\n<p>La Junta fue juramentada el mismo d\u00eda, pero por la noche, Saavedra y Castelli, que hab\u00edan abogado por un gobierno exclusivamente criollo, enfrentaron las cr\u00edticas de los patriotas en la residencia de Nicol\u00e1s Rodr\u00edguez Pe\u00f1a, un ferviente partidario de la independencia. Poco tiempo despu\u00e9s, estos miembros presentaron sus renuncias, dando paso a los hechos que ocurrir\u00edan al d\u00eda siguiente.<\/p>\n<p><!--googleoff: index--><br \/>\n<!--googleon: index--><br \/>\n<img decoding=\"async\" loading=\"lazy\" class=\"aligncenter size-full wp-image-669842\" src=\"https:\/\/www.diario5.com.ar\/wp-content\/uploads\/2023\/05\/ar_capital_rosario20230524.jpg\" width=\"700\" height=\"921\" srcset=\"https:\/\/www.diario5.com.ar\/wp-content\/uploads\/2023\/05\/ar_capital_rosario20230524.jpg 700w, https:\/\/www.diario5.com.ar\/wp-content\/uploads\/2023\/05\/ar_capital_rosario20230524-228x300.jpg 228w\" sizes=\"(max-width: 700px) 100vw, 700px\" \/><\/p>\n<p><img decoding=\"async\" src=\"https:\/\/img.kiosko.net\/2023\/05\/24\/ar\/ar_nueva_provincia.jpg\" \/><\/p>\n<p><img decoding=\"async\" src=\"https:\/\/img.kiosko.net\/2023\/05\/24\/ar\/ar_ambito.jpg\" \/><\/p>\n<p><img decoding=\"async\" loading=\"lazy\" class=\"aligncenter size-full wp-image-669843\" src=\"https:\/\/www.diario5.com.ar\/wp-content\/uploads\/2023\/05\/esquiu20230524.jpg\" width=\"700\" height=\"920\" srcset=\"https:\/\/www.diario5.com.ar\/wp-content\/uploads\/2023\/05\/esquiu20230524.jpg 700w, https:\/\/www.diario5.com.ar\/wp-content\/uploads\/2023\/05\/esquiu20230524-228x300.jpg 228w\" sizes=\"(max-width: 700px) 100vw, 700px\" \/><\/p>\n<p><img decoding=\"async\" loading=\"lazy\" class=\"aligncenter size-full wp-image-669844\" src=\"https:\/\/www.diario5.com.ar\/wp-content\/uploads\/2023\/05\/ar_diario_norte20230524.jpg\" width=\"700\" height=\"891\" srcset=\"https:\/\/www.diario5.com.ar\/wp-content\/uploads\/2023\/05\/ar_diario_norte20230524.jpg 700w, https:\/\/www.diario5.com.ar\/wp-content\/uploads\/2023\/05\/ar_diario_norte20230524-236x300.jpg 236w\" sizes=\"(max-width: 700px) 100vw, 700px\" \/><\/p>\n<p><img decoding=\"async\" loading=\"lazy\" class=\"aligncenter size-full wp-image-669845\" src=\"https:\/\/www.diario5.com.ar\/wp-content\/uploads\/2023\/05\/voz_chaco20230524.jpg\" width=\"700\" height=\"822\" srcset=\"https:\/\/www.diario5.com.ar\/wp-content\/uploads\/2023\/05\/voz_chaco20230524.jpg 700w, https:\/\/www.diario5.com.ar\/wp-content\/uploads\/2023\/05\/voz_chaco20230524-255x300.jpg 255w\" sizes=\"(max-width: 700px) 100vw, 700px\" \/><\/p>\n<p><img decoding=\"async\" src=\"https:\/\/img.kiosko.net\/2023\/05\/24\/ar\/ar_diario_madryn.jpg\" \/><\/p>\n<p><img decoding=\"async\" src=\"https:\/\/img.kiosko.net\/2023\/05\/24\/ar\/ar_laprensa.jpg\" \/><\/p>\n<p><img decoding=\"async\" loading=\"lazy\" class=\"aligncenter size-full wp-image-669846\" src=\"https:\/\/www.diario5.com.ar\/wp-content\/uploads\/2023\/05\/ar_cronista20230524.jpg\" width=\"700\" height=\"1008\" srcset=\"https:\/\/www.diario5.com.ar\/wp-content\/uploads\/2023\/05\/ar_cronista20230524.jpg 700w, https:\/\/www.diario5.com.ar\/wp-content\/uploads\/2023\/05\/ar_cronista20230524-208x300.jpg 208w\" sizes=\"(max-width: 700px) 100vw, 700px\" \/><\/p>\n<p><img decoding=\"async\" src=\"https:\/\/img.kiosko.net\/2023\/05\/24\/ar\/buenosaires_economico.jpg\" \/><\/p>\n<p><img decoding=\"async\" src=\"https:\/\/img.kiosko.net\/2023\/05\/24\/ar\/ar_perfil.jpg\" \/><\/p>\n<p><img decoding=\"async\" loading=\"lazy\" class=\"aligncenter size-full wp-image-669847\" src=\"https:\/\/www.diario5.com.ar\/wp-content\/uploads\/2023\/05\/ar_eldia20230524.jpg\" width=\"700\" height=\"1045\" srcset=\"https:\/\/www.diario5.com.ar\/wp-content\/uploads\/2023\/05\/ar_eldia20230524.jpg 700w, https:\/\/www.diario5.com.ar\/wp-content\/uploads\/2023\/05\/ar_eldia20230524-201x300.jpg 201w, https:\/\/www.diario5.com.ar\/wp-content\/uploads\/2023\/05\/ar_eldia20230524-686x1024.jpg 686w\" sizes=\"(max-width: 700px) 100vw, 700px\" \/><\/p>\n<p><img decoding=\"async\" loading=\"lazy\" class=\"aligncenter size-full wp-image-669848\" src=\"https:\/\/www.diario5.com.ar\/wp-content\/uploads\/2023\/05\/ar_hoy20230524.jpg\" width=\"700\" height=\"919\" srcset=\"https:\/\/www.diario5.com.ar\/wp-content\/uploads\/2023\/05\/ar_hoy20230524.jpg 700w, https:\/\/www.diario5.com.ar\/wp-content\/uploads\/2023\/05\/ar_hoy20230524-229x300.jpg 229w\" sizes=\"(max-width: 700px) 100vw, 700px\" \/><\/p>\n<p><img decoding=\"async\" src=\"https:\/\/img.kiosko.net\/2023\/05\/24\/ar\/ar_democracia.jpg\" \/><\/p>\n<p><img decoding=\"async\" loading=\"lazy\" class=\"aligncenter size-full wp-image-669849\" src=\"https:\/\/www.diario5.com.ar\/wp-content\/uploads\/2023\/05\/ar_chubut20230524.jpg\" width=\"700\" height=\"902\" srcset=\"https:\/\/www.diario5.com.ar\/wp-content\/uploads\/2023\/05\/ar_chubut20230524.jpg 700w, https:\/\/www.diario5.com.ar\/wp-content\/uploads\/2023\/05\/ar_chubut20230524-233x300.jpg 233w\" sizes=\"(max-width: 700px) 100vw, 700px\" \/><\/p>\n<p><img decoding=\"async\" loading=\"lazy\" class=\"aligncenter size-full wp-image-669850\" src=\"https:\/\/www.diario5.com.ar\/wp-content\/uploads\/2023\/05\/ar_epoca20230524.jpg\" width=\"700\" height=\"909\" srcset=\"https:\/\/www.diario5.com.ar\/wp-content\/uploads\/2023\/05\/ar_epoca20230524.jpg 700w, https:\/\/www.diario5.com.ar\/wp-content\/uploads\/2023\/05\/ar_epoca20230524-231x300.jpg 231w\" sizes=\"(max-width: 700px) 100vw, 700px\" \/><\/p>\n<p><img decoding=\"async\" loading=\"lazy\" class=\"aligncenter size-full wp-image-669851\" src=\"https:\/\/www.diario5.com.ar\/wp-content\/uploads\/2023\/05\/ar_litoral20230524.jpg\" width=\"700\" height=\"908\" srcset=\"https:\/\/www.diario5.com.ar\/wp-content\/uploads\/2023\/05\/ar_litoral20230524.jpg 700w, https:\/\/www.diario5.com.ar\/wp-content\/uploads\/2023\/05\/ar_litoral20230524-231x300.jpg 231w\" sizes=\"(max-width: 700px) 100vw, 700px\" \/><\/p>\n<p><img decoding=\"async\" loading=\"lazy\" class=\"aligncenter size-full wp-image-669852\" src=\"https:\/\/www.diario5.com.ar\/wp-content\/uploads\/2023\/05\/ar_heraldo20230524.jpg\" width=\"700\" height=\"846\" srcset=\"https:\/\/www.diario5.com.ar\/wp-content\/uploads\/2023\/05\/ar_heraldo20230524.jpg 700w, https:\/\/www.diario5.com.ar\/wp-content\/uploads\/2023\/05\/ar_heraldo20230524-248x300.jpg 248w\" sizes=\"(max-width: 700px) 100vw, 700px\" \/><\/p>\n<p><img decoding=\"async\" src=\"https:\/\/img.kiosko.net\/2023\/05\/24\/ar\/ar_manana_formosa.jpg\" \/><\/p>\n<p><img decoding=\"async\" src=\"https:\/\/img.kiosko.net\/2023\/05\/24\/ar\/ar_diario_pampa.jpg\" \/><\/p>\n<p><img decoding=\"async\" src=\"https:\/\/img.kiosko.net\/2023\/05\/24\/ar\/ar_pagina12.jpg\" \/><\/p>\n<p><img decoding=\"async\" src=\"https:\/\/img.kiosko.net\/2023\/05\/24\/ar\/ar_arena.jpg\" \/><\/p>\n<p><img decoding=\"async\" src=\"https:\/\/img.kiosko.net\/2023\/05\/24\/ar\/independiente.jpg\" \/><\/p>\n<p><img decoding=\"async\" src=\"https:\/\/img.kiosko.net\/2023\/05\/24\/ar\/nueva_rioja.jpg\" \/><\/p>\n<p><img decoding=\"async\" loading=\"lazy\" class=\"aligncenter size-full wp-image-669853\" src=\"https:\/\/www.diario5.com.ar\/wp-content\/uploads\/2023\/05\/ar_losandes20230524.jpg\" width=\"700\" height=\"971\" srcset=\"https:\/\/www.diario5.com.ar\/wp-content\/uploads\/2023\/05\/ar_losandes20230524.jpg 700w, https:\/\/www.diario5.com.ar\/wp-content\/uploads\/2023\/05\/ar_losandes20230524-216x300.jpg 216w\" sizes=\"(max-width: 700px) 100vw, 700px\" \/><\/p>\n<p><img decoding=\"async\" loading=\"lazy\" class=\"aligncenter size-full wp-image-669854\" src=\"https:\/\/www.diario5.com.ar\/wp-content\/uploads\/2023\/05\/ar_tribuno20230524.jpg\" width=\"700\" height=\"952\" srcset=\"https:\/\/www.diario5.com.ar\/wp-content\/uploads\/2023\/05\/ar_tribuno20230524.jpg 700w, https:\/\/www.diario5.com.ar\/wp-content\/uploads\/2023\/05\/ar_tribuno20230524-221x300.jpg 221w\" sizes=\"(max-width: 700px) 100vw, 700px\" \/><\/p>\n<p><img decoding=\"async\" src=\"https:\/\/img.kiosko.net\/2023\/05\/24\/ar\/lea.jpg\" \/><\/p>\n<p><img decoding=\"async\" loading=\"lazy\" class=\"aligncenter size-full wp-image-669855\" src=\"https:\/\/www.diario5.com.ar\/wp-content\/uploads\/2023\/05\/ar_rio_negro20230524.jpg\" width=\"700\" height=\"1070\" srcset=\"https:\/\/www.diario5.com.ar\/wp-content\/uploads\/2023\/05\/ar_rio_negro20230524.jpg 700w, https:\/\/www.diario5.com.ar\/wp-content\/uploads\/2023\/05\/ar_rio_negro20230524-196x300.jpg 196w, https:\/\/www.diario5.com.ar\/wp-content\/uploads\/2023\/05\/ar_rio_negro20230524-670x1024.jpg 670w\" sizes=\"(max-width: 700px) 100vw, 700px\" \/><\/p>\n<p><img decoding=\"async\" src=\"https:\/\/img.kiosko.net\/2023\/05\/24\/ar\/ar_diario_cuyo.jpg\" \/><\/p>\n<p><img decoding=\"async\" src=\"https:\/\/img.kiosko.net\/2023\/05\/24\/ar\/huarpe.jpg\" \/><\/p>\n<p><img decoding=\"async\" src=\"https:\/\/img.kiosko.net\/2023\/05\/24\/ar\/ar_diario_republica.jpg\" \/><\/p>\n<p><img decoding=\"async\" src=\"https:\/\/img.kiosko.net\/2023\/05\/24\/ar\/ar_litoral_sfe.jpg\" \/><\/p>\n<p><img decoding=\"async\" loading=\"lazy\" class=\"aligncenter size-full wp-image-669856\" src=\"https:\/\/www.diario5.com.ar\/wp-content\/uploads\/2023\/05\/ciudadano20230524.jpg\" width=\"700\" height=\"929\" srcset=\"https:\/\/www.diario5.com.ar\/wp-content\/uploads\/2023\/05\/ciudadano20230524.jpg 700w, https:\/\/www.diario5.com.ar\/wp-content\/uploads\/2023\/05\/ciudadano20230524-226x300.jpg 226w\" sizes=\"(max-width: 700px) 100vw, 700px\" \/><\/p>\n<p><img decoding=\"async\" src=\"https:\/\/img.kiosko.net\/2023\/05\/24\/ar\/ar_mirador_provincial.jpg\" \/><\/p>\n<p><img decoding=\"async\" loading=\"lazy\" class=\"aligncenter size-full wp-image-669857\" src=\"https:\/\/www.diario5.com.ar\/wp-content\/uploads\/2023\/05\/ar_gaceta20230524.jpg\" width=\"700\" height=\"1147\" srcset=\"https:\/\/www.diario5.com.ar\/wp-content\/uploads\/2023\/05\/ar_gaceta20230524.jpg 700w, https:\/\/www.diario5.com.ar\/wp-content\/uploads\/2023\/05\/ar_gaceta20230524-183x300.jpg 183w, https:\/\/www.diario5.com.ar\/wp-content\/uploads\/2023\/05\/ar_gaceta20230524-625x1024.jpg 625w\" sizes=\"(max-width: 700px) 100vw, 700px\" \/><\/p>\n<p><img decoding=\"async\" src=\"https:\/\/img.kiosko.net\/2023\/05\/24\/ar\/ar_cronica.jpg\" \/><\/p>\n<p><img decoding=\"async\" src=\"https:\/\/img.kiosko.net\/2023\/05\/24\/ar\/ar_clarin.jpg\" \/><\/p>\n<p><img decoding=\"async\" loading=\"lazy\" class=\"aligncenter size-full wp-image-669858\" src=\"https:\/\/www.diario5.com.ar\/wp-content\/uploads\/2023\/05\/nacion20230524.jpg\" width=\"700\" height=\"1061\" srcset=\"https:\/\/www.diario5.com.ar\/wp-content\/uploads\/2023\/05\/nacion20230524.jpg 700w, https:\/\/www.diario5.com.ar\/wp-content\/uploads\/2023\/05\/nacion20230524-198x300.jpg 198w, https:\/\/www.diario5.com.ar\/wp-content\/uploads\/2023\/05\/nacion20230524-676x1024.jpg 676w\" sizes=\"(max-width: 700px) 100vw, 700px\" \/><\/p>\n<p><img decoding=\"async\" src=\"https:\/\/img.kiosko.net\/2023\/05\/24\/ar\/ar_eco.jpg\" \/><\/p>\n<p><img decoding=\"async\" loading=\"lazy\" class=\"aligncenter size-full wp-image-669859\" src=\"https:\/\/www.diario5.com.ar\/wp-content\/uploads\/2023\/05\/nuevo_diario20230524.jpg\" width=\"700\" height=\"1047\" srcset=\"https:\/\/www.diario5.com.ar\/wp-content\/uploads\/2023\/05\/nuevo_diario20230524.jpg 700w, https:\/\/www.diario5.com.ar\/wp-content\/uploads\/2023\/05\/nuevo_diario20230524-201x300.jpg 201w, https:\/\/www.diario5.com.ar\/wp-content\/uploads\/2023\/05\/nuevo_diario20230524-685x1024.jpg 685w\" sizes=\"(max-width: 700px) 100vw, 700px\" \/><\/p>\n<p><img decoding=\"async\" loading=\"lazy\" class=\"aligncenter size-full wp-image-669860\" src=\"https:\/\/www.diario5.com.ar\/wp-content\/uploads\/2023\/05\/ar_sureno20230524.jpg\" width=\"700\" height=\"918\" srcset=\"https:\/\/www.diario5.com.ar\/wp-content\/uploads\/2023\/05\/ar_sureno20230524.jpg 700w, https:\/\/www.diario5.com.ar\/wp-content\/uploads\/2023\/05\/ar_sureno20230524-229x300.jpg 229w\" sizes=\"(max-width: 700px) 100vw, 700px\" \/><\/p>\n<p><img decoding=\"async\" loading=\"lazy\" class=\"aligncenter size-full wp-image-669861\" src=\"https:\/\/www.diario5.com.ar\/wp-content\/uploads\/2023\/05\/120230524.jpg\" width=\"500\" height=\"652\" srcset=\"https:\/\/www.diario5.com.ar\/wp-content\/uploads\/2023\/05\/120230524.jpg 500w, https:\/\/www.diario5.com.ar\/wp-content\/uploads\/2023\/05\/120230524-230x300.jpg 230w\" sizes=\"(max-width: 500px) 100vw, 500px\" \/><\/p>\n<p><img decoding=\"async\" loading=\"lazy\" class=\"aligncenter size-full wp-image-669862\" src=\"https:\/\/www.diario5.com.ar\/wp-content\/uploads\/2023\/05\/ar_ancasti20230524.jpg\" width=\"700\" height=\"921\" srcset=\"https:\/\/www.diario5.com.ar\/wp-content\/uploads\/2023\/05\/ar_ancasti20230524.jpg 700w, https:\/\/www.diario5.com.ar\/wp-content\/uploads\/2023\/05\/ar_ancasti20230524-228x300.jpg 228w\" sizes=\"(max-width: 700px) 100vw, 700px\" \/><\/p>\n<p><img decoding=\"async\" src=\"https:\/\/img.kiosko.net\/2023\/05\/24\/ar\/tiempo_sur\" \/><\/p>","protected":false},"excerpt":{"rendered":"<p>El 24 de mayo no tiene estatus oficial en el calendario nacional; sin embargo, marca la v\u00edspera de la Revoluci\u00f3n del 25, que jug\u00f3 un papel crucial en los hechos de esa semana de mayo. Fue durante este tiempo que se estableci\u00f3 el primer gobierno patri\u00f3tico y el poder pas\u00f3 del virrey a esta nueva [&hellip;]<\/p>","protected":false},"author":1,"featured_media":669841,"comment_status":"open","ping_status":"open","sticky":false,"template":"","format":"standard","meta":[],"categories":[161,56],"tags":[403],"series":[],"_links":{"self":[{"href":"https:\/\/www.diario5.com.ar\/es\/wp-json\/wp\/v2\/posts\/636619"}],"collection":[{"href":"https:\/\/www.diario5.com.ar\/es\/wp-json\/wp\/v2\/posts"}],"about":[{"href":"https:\/\/www.diario5.com.ar\/es\/wp-json\/wp\/v2\/types\/post"}],"author":[{"embeddable":true,"href":"https:\/\/www.diario5.com.ar\/es\/wp-json\/wp\/v2\/users\/1"}],"replies":[{"embeddable":true,"href":"https:\/\/www.diario5.com.ar\/es\/wp-json\/wp\/v2\/comments?post=636619"}],"version-history":[{"count":2,"href":"https:\/\/www.diario5.com.ar\/es\/wp-json\/wp\/v2\/posts\/636619\/revisions"}],"predecessor-version":[{"id":669840,"href":"https:\/\/www.diario5.com.ar\/es\/wp-json\/wp\/v2\/posts\/636619\/revisions\/669840"}],"wp:featuredmedia":[{"embeddable":true,"href":"https:\/\/www.diario5.com.ar\/es\/wp-json\/wp\/v2\/media\/669841"}],"wp:attachment":[{"href":"https:\/\/www.diario5.com.ar\/es\/wp-json\/wp\/v2\/media?parent=636619"}],"wp:term":[{"taxonomy":"category","embeddable":true,"href":"https:\/\/www.diario5.com.ar\/es\/wp-json\/wp\/v2\/categories?post=636619"},{"taxonomy":"post_tag","embeddable":true,"href":"https:\/\/www.diario5.com.ar\/es\/wp-json\/wp\/v2\/tags?post=636619"},{"taxonomy":"series","embeddable":true,"href":"https:\/\/www.diario5.com.ar\/es\/wp-json\/wp\/v2\/series?post=636619"}],"curies":[{"name":"wp","href":"https:\/\/api.w.org\/{rel}","templated":true}]}}