{"id":636594,"date":"2023-04-29T06:50:00","date_gmt":"2023-04-29T09:50:00","guid":{"rendered":"http:\/\/diario5.com.ar\/?p=636594"},"modified":"2023-05-07T00:27:50","modified_gmt":"2023-05-07T03:27:50","slug":"636594","status":"publish","type":"post","link":"https:\/\/www.diario5.com.ar\/es\/636594\/","title":{"rendered":"El libro indie en la Feria"},"content":{"rendered":"<h2 class=\"sub-title-primary\"><\/h2> <p><img decoding=\"async\" loading=\"lazy\" class=\"aligncenter size-full wp-image-668881\" src=\"https:\/\/www.diario5.com.ar\/wp-content\/uploads\/2023\/04\/cam20230429.jpeg\" width=\"700\" height=\"525\" srcset=\"https:\/\/www.diario5.com.ar\/wp-content\/uploads\/2023\/04\/cam20230429.jpeg 700w, https:\/\/www.diario5.com.ar\/wp-content\/uploads\/2023\/04\/cam20230429-300x225.jpeg 300w\" sizes=\"(max-width: 700px) 100vw, 700px\" \/><br \/>\nUnas 33 editoriales independientes exhiben sus ediciones y tiene un centro operativo de actividades en la Feria Internacional del Libro (47\u00b0 edici\u00f3n) en La Rural.. La posibilidad la abri\u00f3 el Stand de la Ciudad de Buenos Aires.<\/p>\n<p>En ese \u00e1mbito, todos los d\u00edas y durante estas tres semanas, el cronograma incluye mucha actividad literaria y conciertos hasta el lunes 15 de mayo<\/p>\n<p>All\u00ed opera el \u00c1rea Editorial de Impulso Cultural. \u00bfPor qu\u00e9 es importante este cl\u00e1sico Stand, el N\u00b0 1400, en Pabell\u00f3n amarillo?,<\/p>\n<p>Porque al dar visibilidad a las editoriales independientes seleccionadas por la convocatoria abierta en marzo, muchos autores noveles quedar\u00e1n, durante la feria, en igualdad de condiciones con los reconocidos frente al p\u00fablico, los lectores y los medios de comunicaci\u00f3n.<\/p>\n<p>Aparte, las cl\u00e1sicas charlas con autores, como Mart\u00edn Kohan, Claudia Pi\u00f1eiro y Florencia Canale, talleres, \u00abjams\u00bb de poes\u00eda y escritura, un ciclo de cine chileno, una suelta de libros, un concurso de cuentos breves y el mundial de escritura en vivo.<\/p>\n<p>Ser\u00e1 el \u00fanico stand que tendr\u00e1 la posibilidad de extenderse hacia fuera del predio ferial, llevando los espacios culturales al Ecoparque y los Subtes.<\/p>\n<p>En el stand del Ministerio de Cultura del GCBA participar\u00e1n estas editoriales independientes:<\/p>\n<p>\u25cf Ediciones Pontevedra<br \/>\n\u25cf Bianca Ediciones<br \/>\n\u25cf Bocas Pintadas Editorial<br \/>\n\u25cf \u00c1lvarez Castillo Editor<br \/>\n\u25cf Ediciones Paco\/Bucarest<br \/>\n\u25cf Qeja Ediciones<br \/>\n\u25cf Clara Beter Ediciones<br \/>\n\u25cf Comunidad Editora Latinoamericana + Editorial Curcur\u00ed<br \/>\n\u25cf Viajera Editorial<br \/>\n\u25cf Ediciones Atuel<br \/>\n\u25cf Ediciones Diotima<br \/>\n\u25cf Amauta &amp; Yaguar<br \/>\n\u25cf Los Cuadernos del Destierro<br \/>\n\u25cf Ediciones El Hacedor<br \/>\n\u25cf El Gui\u00f3n Ediciones<br \/>\n\u25cf Omn\u00edvora Editora<br \/>\n\u25cf Editorial Thelema<br \/>\n\u25cf H\u00edbrida Editora<br \/>\n\u25cf Ni\u00f1a Pez Ediciones<br \/>\n\u25cf RGC Libros<br \/>\n\u25cf Ayesha Literatura Ediciones<br \/>\n\u25cf Cuarto Menguante<br \/>\n\u25cf Mil Trazos<br \/>\n\u25cf PI Ediciones<br \/>\n\u25cf Ethos Traductora<br \/>\n\u25cf Hex\u00e1gono Editoras<br \/>\n\u25cf Larr\u00eda Ediciones<br \/>\n\u25cf Editorial B\u00e4renhaus<br \/>\n\u25cf Editorial De La Fosa<br \/>\n\u25cf Las Furias Editora<br \/>\n\u25cf Elemento Disruptivo<br \/>\n\u25cf Ediciones KA-BA<br \/>\n\u25cf Boris Ediciones<\/p>\n<p><!--googleoff: index--><br \/>\n<!--googleon: index--><br \/>\n<img decoding=\"async\" loading=\"lazy\" class=\"aligncenter size-full wp-image-668882\" src=\"https:\/\/www.diario5.com.ar\/wp-content\/uploads\/2023\/04\/ar_capital_rosario20230429.jpg\" width=\"700\" height=\"918\" srcset=\"https:\/\/www.diario5.com.ar\/wp-content\/uploads\/2023\/04\/ar_capital_rosario20230429.jpg 700w, https:\/\/www.diario5.com.ar\/wp-content\/uploads\/2023\/04\/ar_capital_rosario20230429-229x300.jpg 229w\" sizes=\"(max-width: 700px) 100vw, 700px\" \/><\/p>\n<p><img decoding=\"async\" loading=\"lazy\" class=\"aligncenter size-full wp-image-668883\" src=\"https:\/\/www.diario5.com.ar\/wp-content\/uploads\/2023\/04\/ar_nueva_provincia20230429.jpg\" width=\"700\" height=\"969\" srcset=\"https:\/\/www.diario5.com.ar\/wp-content\/uploads\/2023\/04\/ar_nueva_provincia20230429.jpg 700w, https:\/\/www.diario5.com.ar\/wp-content\/uploads\/2023\/04\/ar_nueva_provincia20230429-217x300.jpg 217w\" sizes=\"(max-width: 700px) 100vw, 700px\" \/><\/p>\n<p><img decoding=\"async\" loading=\"lazy\" class=\"aligncenter size-full wp-image-668884\" src=\"https:\/\/www.diario5.com.ar\/wp-content\/uploads\/2023\/04\/esquiu20230429.jpg\" width=\"700\" height=\"920\" srcset=\"https:\/\/www.diario5.com.ar\/wp-content\/uploads\/2023\/04\/esquiu20230429.jpg 700w, https:\/\/www.diario5.com.ar\/wp-content\/uploads\/2023\/04\/esquiu20230429-228x300.jpg 228w\" sizes=\"(max-width: 700px) 100vw, 700px\" \/><\/p>\n<p><img decoding=\"async\" loading=\"lazy\" class=\"aligncenter size-full wp-image-668885\" src=\"https:\/\/www.diario5.com.ar\/wp-content\/uploads\/2023\/04\/ar_eldia20230429.jpg\" width=\"700\" height=\"1045\" srcset=\"https:\/\/www.diario5.com.ar\/wp-content\/uploads\/2023\/04\/ar_eldia20230429.jpg 700w, https:\/\/www.diario5.com.ar\/wp-content\/uploads\/2023\/04\/ar_eldia20230429-201x300.jpg 201w, https:\/\/www.diario5.com.ar\/wp-content\/uploads\/2023\/04\/ar_eldia20230429-686x1024.jpg 686w\" sizes=\"(max-width: 700px) 100vw, 700px\" \/><\/p>\n<p><img decoding=\"async\" loading=\"lazy\" class=\"aligncenter size-full wp-image-668886\" src=\"https:\/\/www.diario5.com.ar\/wp-content\/uploads\/2023\/04\/ar_hoy20230429.jpg\" width=\"700\" height=\"925\" srcset=\"https:\/\/www.diario5.com.ar\/wp-content\/uploads\/2023\/04\/ar_hoy20230429.jpg 700w, https:\/\/www.diario5.com.ar\/wp-content\/uploads\/2023\/04\/ar_hoy20230429-227x300.jpg 227w\" sizes=\"(max-width: 700px) 100vw, 700px\" \/><\/p>\n<p><img decoding=\"async\" loading=\"lazy\" class=\"aligncenter size-full wp-image-668887\" src=\"https:\/\/www.diario5.com.ar\/wp-content\/uploads\/2023\/04\/ar_chubut20230429.jpg\" width=\"700\" height=\"903\" srcset=\"https:\/\/www.diario5.com.ar\/wp-content\/uploads\/2023\/04\/ar_chubut20230429.jpg 700w, https:\/\/www.diario5.com.ar\/wp-content\/uploads\/2023\/04\/ar_chubut20230429-233x300.jpg 233w\" sizes=\"(max-width: 700px) 100vw, 700px\" \/><\/p>\n<p><img decoding=\"async\" loading=\"lazy\" class=\"aligncenter size-full wp-image-668888\" src=\"https:\/\/www.diario5.com.ar\/wp-content\/uploads\/2023\/04\/ar_epoca20230429.jpg\" width=\"700\" height=\"908\" srcset=\"https:\/\/www.diario5.com.ar\/wp-content\/uploads\/2023\/04\/ar_epoca20230429.jpg 700w, https:\/\/www.diario5.com.ar\/wp-content\/uploads\/2023\/04\/ar_epoca20230429-231x300.jpg 231w\" sizes=\"(max-width: 700px) 100vw, 700px\" \/><\/p>\n<p><img decoding=\"async\" loading=\"lazy\" class=\"aligncenter size-full wp-image-668889\" src=\"https:\/\/www.diario5.com.ar\/wp-content\/uploads\/2023\/04\/ar_litoral20230429.jpg\" width=\"700\" height=\"913\" srcset=\"https:\/\/www.diario5.com.ar\/wp-content\/uploads\/2023\/04\/ar_litoral20230429.jpg 700w, https:\/\/www.diario5.com.ar\/wp-content\/uploads\/2023\/04\/ar_litoral20230429-230x300.jpg 230w\" sizes=\"(max-width: 700px) 100vw, 700px\" \/><\/p>\n<p><img decoding=\"async\" loading=\"lazy\" class=\"aligncenter size-full wp-image-668890\" src=\"https:\/\/www.diario5.com.ar\/wp-content\/uploads\/2023\/04\/ar_heraldo20230429.jpg\" width=\"700\" height=\"846\" srcset=\"https:\/\/www.diario5.com.ar\/wp-content\/uploads\/2023\/04\/ar_heraldo20230429.jpg 700w, https:\/\/www.diario5.com.ar\/wp-content\/uploads\/2023\/04\/ar_heraldo20230429-248x300.jpg 248w\" sizes=\"(max-width: 700px) 100vw, 700px\" \/><\/p>\n<p><img decoding=\"async\" loading=\"lazy\" class=\"aligncenter size-full wp-image-668891\" src=\"https:\/\/www.diario5.com.ar\/wp-content\/uploads\/2023\/04\/ar_pagina1220230429.jpg\" width=\"700\" height=\"873\" srcset=\"https:\/\/www.diario5.com.ar\/wp-content\/uploads\/2023\/04\/ar_pagina1220230429.jpg 700w, https:\/\/www.diario5.com.ar\/wp-content\/uploads\/2023\/04\/ar_pagina1220230429-241x300.jpg 241w\" sizes=\"(max-width: 700px) 100vw, 700px\" \/><\/p>\n<p><img decoding=\"async\" loading=\"lazy\" class=\"aligncenter size-full wp-image-668892\" src=\"https:\/\/www.diario5.com.ar\/wp-content\/uploads\/2023\/04\/ar_losandes20230429.jpg\" width=\"700\" height=\"961\" srcset=\"https:\/\/www.diario5.com.ar\/wp-content\/uploads\/2023\/04\/ar_losandes20230429.jpg 700w, https:\/\/www.diario5.com.ar\/wp-content\/uploads\/2023\/04\/ar_losandes20230429-219x300.jpg 219w\" sizes=\"(max-width: 700px) 100vw, 700px\" \/><\/p>\n<p><img decoding=\"async\" loading=\"lazy\" class=\"aligncenter size-full wp-image-668893\" src=\"https:\/\/www.diario5.com.ar\/wp-content\/uploads\/2023\/04\/ar_rio_negro20230429.jpg\" width=\"700\" height=\"1038\" srcset=\"https:\/\/www.diario5.com.ar\/wp-content\/uploads\/2023\/04\/ar_rio_negro20230429.jpg 700w, https:\/\/www.diario5.com.ar\/wp-content\/uploads\/2023\/04\/ar_rio_negro20230429-202x300.jpg 202w, https:\/\/www.diario5.com.ar\/wp-content\/uploads\/2023\/04\/ar_rio_negro20230429-691x1024.jpg 691w\" sizes=\"(max-width: 700px) 100vw, 700px\" \/><\/p>\n<p><img decoding=\"async\" loading=\"lazy\" class=\"aligncenter size-full wp-image-668894\" src=\"https:\/\/www.diario5.com.ar\/wp-content\/uploads\/2023\/04\/ar_litoral_sfe20230429.jpg\" width=\"700\" height=\"933\" srcset=\"https:\/\/www.diario5.com.ar\/wp-content\/uploads\/2023\/04\/ar_litoral_sfe20230429.jpg 700w, https:\/\/www.diario5.com.ar\/wp-content\/uploads\/2023\/04\/ar_litoral_sfe20230429-225x300.jpg 225w\" sizes=\"(max-width: 700px) 100vw, 700px\" \/><\/p>\n<p><img decoding=\"async\" loading=\"lazy\" class=\"aligncenter size-full wp-image-668895\" src=\"https:\/\/www.diario5.com.ar\/wp-content\/uploads\/2023\/04\/ar_mirador_provincial20230429.jpg\" width=\"700\" height=\"934\" srcset=\"https:\/\/www.diario5.com.ar\/wp-content\/uploads\/2023\/04\/ar_mirador_provincial20230429.jpg 700w, https:\/\/www.diario5.com.ar\/wp-content\/uploads\/2023\/04\/ar_mirador_provincial20230429-225x300.jpg 225w\" sizes=\"(max-width: 700px) 100vw, 700px\" \/><\/p>\n<p><img decoding=\"async\" loading=\"lazy\" class=\"aligncenter size-full wp-image-668896\" src=\"https:\/\/www.diario5.com.ar\/wp-content\/uploads\/2023\/04\/ar_gaceta20230429.jpg\" width=\"699\" height=\"1163\" srcset=\"https:\/\/www.diario5.com.ar\/wp-content\/uploads\/2023\/04\/ar_gaceta20230429.jpg 699w, https:\/\/www.diario5.com.ar\/wp-content\/uploads\/2023\/04\/ar_gaceta20230429-180x300.jpg 180w, https:\/\/www.diario5.com.ar\/wp-content\/uploads\/2023\/04\/ar_gaceta20230429-615x1024.jpg 615w\" sizes=\"(max-width: 699px) 100vw, 699px\" \/><\/p>\n<p><img decoding=\"async\" loading=\"lazy\" class=\"aligncenter size-full wp-image-668897\" src=\"https:\/\/www.diario5.com.ar\/wp-content\/uploads\/2023\/04\/ar_cronica20230429.jpg\" width=\"700\" height=\"818\" srcset=\"https:\/\/www.diario5.com.ar\/wp-content\/uploads\/2023\/04\/ar_cronica20230429.jpg 700w, https:\/\/www.diario5.com.ar\/wp-content\/uploads\/2023\/04\/ar_cronica20230429-257x300.jpg 257w\" sizes=\"(max-width: 700px) 100vw, 700px\" \/><\/p>\n<p><img decoding=\"async\" loading=\"lazy\" class=\"aligncenter size-full wp-image-668898\" src=\"https:\/\/www.diario5.com.ar\/wp-content\/uploads\/2023\/04\/120230429.jpg\" width=\"500\" height=\"652\" srcset=\"https:\/\/www.diario5.com.ar\/wp-content\/uploads\/2023\/04\/120230429.jpg 500w, https:\/\/www.diario5.com.ar\/wp-content\/uploads\/2023\/04\/120230429-230x300.jpg 230w\" sizes=\"(max-width: 500px) 100vw, 500px\" \/><\/p>","protected":false},"excerpt":{"rendered":"<p>Unas 33 editoriales independientes exhiben sus ediciones y tiene un centro operativo de actividades en la Feria Internacional del Libro (47\u00b0 edici\u00f3n) en La Rural.. La posibilidad la abri\u00f3 el Stand de la Ciudad de Buenos Aires. En ese \u00e1mbito, todos los d\u00edas y durante estas tres semanas, el cronograma incluye mucha actividad literaria y [&hellip;]<\/p>","protected":false},"author":9,"featured_media":668881,"comment_status":"open","ping_status":"open","sticky":false,"template":"","format":"standard","meta":[],"categories":[5,8,56],"tags":[474],"series":[],"_links":{"self":[{"href":"https:\/\/www.diario5.com.ar\/es\/wp-json\/wp\/v2\/posts\/636594"}],"collection":[{"href":"https:\/\/www.diario5.com.ar\/es\/wp-json\/wp\/v2\/posts"}],"about":[{"href":"https:\/\/www.diario5.com.ar\/es\/wp-json\/wp\/v2\/types\/post"}],"author":[{"embeddable":true,"href":"https:\/\/www.diario5.com.ar\/es\/wp-json\/wp\/v2\/users\/9"}],"replies":[{"embeddable":true,"href":"https:\/\/www.diario5.com.ar\/es\/wp-json\/wp\/v2\/comments?post=636594"}],"version-history":[{"count":3,"href":"https:\/\/www.diario5.com.ar\/es\/wp-json\/wp\/v2\/posts\/636594\/revisions"}],"predecessor-version":[{"id":669173,"href":"https:\/\/www.diario5.com.ar\/es\/wp-json\/wp\/v2\/posts\/636594\/revisions\/669173"}],"wp:featuredmedia":[{"embeddable":true,"href":"https:\/\/www.diario5.com.ar\/es\/wp-json\/wp\/v2\/media\/668881"}],"wp:attachment":[{"href":"https:\/\/www.diario5.com.ar\/es\/wp-json\/wp\/v2\/media?parent=636594"}],"wp:term":[{"taxonomy":"category","embeddable":true,"href":"https:\/\/www.diario5.com.ar\/es\/wp-json\/wp\/v2\/categories?post=636594"},{"taxonomy":"post_tag","embeddable":true,"href":"https:\/\/www.diario5.com.ar\/es\/wp-json\/wp\/v2\/tags?post=636594"},{"taxonomy":"series","embeddable":true,"href":"https:\/\/www.diario5.com.ar\/es\/wp-json\/wp\/v2\/series?post=636594"}],"curies":[{"name":"wp","href":"https:\/\/api.w.org\/{rel}","templated":true}]}}