{"id":636592,"date":"2023-04-27T06:50:00","date_gmt":"2023-04-27T09:50:00","guid":{"rendered":"http:\/\/diario5.com.ar\/?p=636592"},"modified":"2023-05-07T00:38:26","modified_gmt":"2023-05-07T03:38:26","slug":"636592","status":"publish","type":"post","link":"https:\/\/www.diario5.com.ar\/es\/636592\/","title":{"rendered":"Situaci\u00f3n ideal: campa\u00f1a permanente"},"content":{"rendered":"<h2 class=\"sub-title-primary\"><\/h2> <p><img decoding=\"async\" loading=\"lazy\" class=\"alignnone size-full wp-image-668781\" src=\"https:\/\/www.diario5.com.ar\/wp-content\/uploads\/2023\/04\/WhatsApp-Image-2023-04-26-at-22.31.35.jpeg\" alt=\"\" width=\"1280\" height=\"720\" srcset=\"https:\/\/www.diario5.com.ar\/wp-content\/uploads\/2023\/04\/WhatsApp-Image-2023-04-26-at-22.31.35.jpeg 1280w, https:\/\/www.diario5.com.ar\/wp-content\/uploads\/2023\/04\/WhatsApp-Image-2023-04-26-at-22.31.35-300x169.jpeg 300w, https:\/\/www.diario5.com.ar\/wp-content\/uploads\/2023\/04\/WhatsApp-Image-2023-04-26-at-22.31.35-1024x576.jpeg 1024w, https:\/\/www.diario5.com.ar\/wp-content\/uploads\/2023\/04\/WhatsApp-Image-2023-04-26-at-22.31.35-768x432.jpeg 768w\" sizes=\"(max-width: 1280px) 100vw, 1280px\" \/><\/p>\n<p><img decoding=\"async\" loading=\"lazy\" class=\"alignnone size-full wp-image-668780\" src=\"https:\/\/www.diario5.com.ar\/wp-content\/uploads\/2023\/04\/WhatsApp-Image-2023-04-26-at-22.31.27.jpeg\" alt=\"\" width=\"1280\" height=\"720\" srcset=\"https:\/\/www.diario5.com.ar\/wp-content\/uploads\/2023\/04\/WhatsApp-Image-2023-04-26-at-22.31.27.jpeg 1280w, https:\/\/www.diario5.com.ar\/wp-content\/uploads\/2023\/04\/WhatsApp-Image-2023-04-26-at-22.31.27-300x169.jpeg 300w, https:\/\/www.diario5.com.ar\/wp-content\/uploads\/2023\/04\/WhatsApp-Image-2023-04-26-at-22.31.27-1024x576.jpeg 1024w, https:\/\/www.diario5.com.ar\/wp-content\/uploads\/2023\/04\/WhatsApp-Image-2023-04-26-at-22.31.27-768x432.jpeg 768w\" sizes=\"(max-width: 1280px) 100vw, 1280px\" \/><br \/>\n<!--googleoff: index-->Un vecino del barrio de San Crist\u00f3bal, al ver que le se acelera satisfactoriamente el ritmo de arreglos de veredas en varias calles, apel\u00f3 a una antigua y nada desde\u00f1able premisa: Si todo el tiempo estuvi\u00e9ramos a las puertas de elecciones con la presi\u00f3n de tener que estar en campa\u00f1a tanto para los dirigentes \u00abasentados\u00bb, como para los nuevos aspirantes a cargos, \u00abnadie se relajar\u00eda y todo funcionar\u00eda mucho mejor\u00bb.<\/p>\n<p>Ya hemos hecho referencia a la planta de fabricaci\u00f3n de baldosas con materiales reciclados del Gobierno de la Ciudad de Buenos Aires.<\/p>\n<p>La fabricaci\u00f3n de baldosas con materiales reciclados es un enfoque sostenible y ecol\u00f3gico para la producci\u00f3n de baldosas. Los materiales reciclados, como el vidrio, la cer\u00e1mica y los pl\u00e1sticos, se pueden usar para crear mosaicos que no s\u00f3lo sean duraderos, sino que tambi\u00e9n ayuden a reducir los desechos y preservar los recursos naturales.<\/p>\n<div class=\"group w-full text-gray-800 dark:text-gray-100 border-b border-black\/10 dark:border-gray-900\/50 bg-gray-50 dark:bg-[#444654]\">\n<div class=\"text-base gap-4 md:gap-6 md:max-w-2xl lg:max-w-xl xl:max-w-3xl p-4 md:py-6 flex lg:px-0 m-auto\">\n<div class=\"relative flex w-[calc(100%-50px)] flex-col gap-1 md:gap-3 lg:w-[calc(100%-115px)]\">\n<div class=\"flex flex-grow flex-col gap-3\">\n<div class=\"min-h-[20px] flex flex-col items-start gap-4 whitespace-pre-wrap break-words\">\n<div class=\"markdown prose w-full break-words dark:prose-invert light\">\n<p><span>Estos son los pasos involucrados en la fabricaci\u00f3n de baldosas con materiales reciclados:<\/span><\/p>\n<p><span>El primer paso es recoger los materiales reciclados que se utilizar\u00e1n para fabricar las baldosas. Estos materiales pueden provenir de una variedad de fuentes, incluidos los desechos posconsumo y los desechos industriales.<\/span><\/p>\n<p><span>Los materiales reciclados se clasifican y limpian para eliminar cualquier impureza como suciedad, escombros y otros contaminantes.<\/span><\/p>\n<p><span>Se procede a la trituraci\u00f3n y molienda en peque\u00f1as part\u00edculas de tama\u00f1o uniforme.<\/span><\/p>\n<p><span>Se mezcla todo con un aglutinante, que suele ser un material a base de cemento para mantener unidas las part\u00edculas.<\/span><\/p>\n<p><span>La mezcla se prensa en moldes de baldosas mediante prensas hidr\u00e1ulicas. La presi\u00f3n ayuda a compactar la mezcla y eliminar las bolsas de aire.<\/span><\/p>\n<p><span>Las baldosas prensadas se curan en un horno a altas temperaturas para endurecerlas y fortalecerlas.<\/span><\/p>\n<p><span>Una vez que las baldosas est\u00e1n curadas, se recortan y terminan para lograr el tama\u00f1o, la forma y la textura deseados.<\/span><\/p>\n<p><span>El uso de materiales reciclados en la fabricaci\u00f3n de baldosas ayuda a reducir residuos, conserva recursos naturales, evita nuevas materias primas y deja la posibilidad de establecer texturas y colores para aumentar su atractivo est\u00e9tico.<\/span><\/p>\n<\/div>\n<\/div>\n<\/div>\n<div class=\"flex justify-between lg:block\"><\/div>\n<\/div>\n<\/div>\n<\/div>\n<div class=\"group w-full text-gray-800 dark:text-gray-100 border-b border-black\/10 dark:border-gray-900\/50 bg-gray-50 dark:bg-[#444654]\">\n<div class=\"text-base gap-4 md:gap-6 md:max-w-2xl lg:max-w-xl xl:max-w-3xl p-4 md:py-6 flex lg:px-0 m-auto\">\n<div class=\"relative flex w-[calc(100%-50px)] flex-col gap-1 md:gap-3 lg:w-[calc(100%-115px)]\">\n<div class=\"flex flex-grow flex-col gap-3\">\n<div class=\"min-h-[20px] flex flex-col items-start gap-4 whitespace-pre-wrap break-words\">\n<div class=\"markdown prose w-full break-words dark:prose-invert light\">\n<p><span>El vidrio se incluye en la fabricaci\u00f3n de baldosas, ladrillos y tejas con materiales reciclados. El vidrio reciclado se tritura y utiliza como agregado en el proceso de fabricaci\u00f3n de baldosas. Las part\u00edculas de vidrio pueden proporcionar una textura \u00fanica y tambi\u00e9n pueden agregar color a las baldosas. Este proceso es absolutamente compatible con las t\u00e9cnicas del cuidado del medio ambiente. Por otro lado, el vidrio reciclado en la producci\u00f3n de baldosas termina ofreci\u00e9ndose como una alternativa ultra rentable frente al uso de materias primas nuevas.<\/span><\/p>\n<\/div>\n<\/div>\n<\/div>\n<\/div>\n<\/div>\n<\/div>\n<p><!--googleon: index--><br \/>\n<img decoding=\"async\" loading=\"lazy\" class=\"aligncenter size-full wp-image-668784\" src=\"https:\/\/www.diario5.com.ar\/wp-content\/uploads\/2023\/04\/ar_capital_rosario20230427.jpg\" width=\"700\" height=\"922\" srcset=\"https:\/\/www.diario5.com.ar\/wp-content\/uploads\/2023\/04\/ar_capital_rosario20230427.jpg 700w, https:\/\/www.diario5.com.ar\/wp-content\/uploads\/2023\/04\/ar_capital_rosario20230427-228x300.jpg 228w\" sizes=\"(max-width: 700px) 100vw, 700px\" \/><\/p>\n<p><img decoding=\"async\" loading=\"lazy\" class=\"aligncenter size-full wp-image-668785\" src=\"https:\/\/www.diario5.com.ar\/wp-content\/uploads\/2023\/04\/ar_ambito20230427.jpg\" width=\"700\" height=\"922\" srcset=\"https:\/\/www.diario5.com.ar\/wp-content\/uploads\/2023\/04\/ar_ambito20230427.jpg 700w, https:\/\/www.diario5.com.ar\/wp-content\/uploads\/2023\/04\/ar_ambito20230427-228x300.jpg 228w\" sizes=\"(max-width: 700px) 100vw, 700px\" \/><\/p>\n<p><img decoding=\"async\" loading=\"lazy\" class=\"aligncenter size-full wp-image-668786\" src=\"https:\/\/www.diario5.com.ar\/wp-content\/uploads\/2023\/04\/esquiu20230427.jpg\" width=\"700\" height=\"920\" srcset=\"https:\/\/www.diario5.com.ar\/wp-content\/uploads\/2023\/04\/esquiu20230427.jpg 700w, https:\/\/www.diario5.com.ar\/wp-content\/uploads\/2023\/04\/esquiu20230427-228x300.jpg 228w\" sizes=\"(max-width: 700px) 100vw, 700px\" \/><\/p>\n<p><img decoding=\"async\" loading=\"lazy\" class=\"aligncenter size-full wp-image-668787\" src=\"https:\/\/www.diario5.com.ar\/wp-content\/uploads\/2023\/04\/voz_chaco20230427.jpg\" width=\"700\" height=\"822\" srcset=\"https:\/\/www.diario5.com.ar\/wp-content\/uploads\/2023\/04\/voz_chaco20230427.jpg 700w, https:\/\/www.diario5.com.ar\/wp-content\/uploads\/2023\/04\/voz_chaco20230427-255x300.jpg 255w\" sizes=\"(max-width: 700px) 100vw, 700px\" \/><\/p>\n<p><img decoding=\"async\" loading=\"lazy\" class=\"aligncenter size-full wp-image-668788\" src=\"https:\/\/www.diario5.com.ar\/wp-content\/uploads\/2023\/04\/ar_eldia20230427.jpg\" width=\"700\" height=\"1042\" srcset=\"https:\/\/www.diario5.com.ar\/wp-content\/uploads\/2023\/04\/ar_eldia20230427.jpg 700w, https:\/\/www.diario5.com.ar\/wp-content\/uploads\/2023\/04\/ar_eldia20230427-202x300.jpg 202w, https:\/\/www.diario5.com.ar\/wp-content\/uploads\/2023\/04\/ar_eldia20230427-688x1024.jpg 688w\" sizes=\"(max-width: 700px) 100vw, 700px\" \/><\/p>\n<p><img decoding=\"async\" loading=\"lazy\" class=\"aligncenter size-full wp-image-668789\" src=\"https:\/\/www.diario5.com.ar\/wp-content\/uploads\/2023\/04\/ar_hoy20230427.jpg\" width=\"700\" height=\"923\" srcset=\"https:\/\/www.diario5.com.ar\/wp-content\/uploads\/2023\/04\/ar_hoy20230427.jpg 700w, https:\/\/www.diario5.com.ar\/wp-content\/uploads\/2023\/04\/ar_hoy20230427-228x300.jpg 228w\" sizes=\"(max-width: 700px) 100vw, 700px\" \/><\/p>\n<p><img decoding=\"async\" loading=\"lazy\" class=\"aligncenter size-full wp-image-668790\" src=\"https:\/\/www.diario5.com.ar\/wp-content\/uploads\/2023\/04\/ar_chubut20230427.jpg\" width=\"700\" height=\"899\" srcset=\"https:\/\/www.diario5.com.ar\/wp-content\/uploads\/2023\/04\/ar_chubut20230427.jpg 700w, https:\/\/www.diario5.com.ar\/wp-content\/uploads\/2023\/04\/ar_chubut20230427-234x300.jpg 234w\" sizes=\"(max-width: 700px) 100vw, 700px\" \/><\/p>\n<p><img decoding=\"async\" loading=\"lazy\" class=\"aligncenter size-full wp-image-668791\" src=\"https:\/\/www.diario5.com.ar\/wp-content\/uploads\/2023\/04\/ar_epoca20230427.jpg\" width=\"700\" height=\"915\" srcset=\"https:\/\/www.diario5.com.ar\/wp-content\/uploads\/2023\/04\/ar_epoca20230427.jpg 700w, https:\/\/www.diario5.com.ar\/wp-content\/uploads\/2023\/04\/ar_epoca20230427-230x300.jpg 230w\" sizes=\"(max-width: 700px) 100vw, 700px\" \/><\/p>\n<p><img decoding=\"async\" loading=\"lazy\" class=\"aligncenter size-full wp-image-668792\" src=\"https:\/\/www.diario5.com.ar\/wp-content\/uploads\/2023\/04\/ar_litoral20230427.jpg\" width=\"700\" height=\"914\" srcset=\"https:\/\/www.diario5.com.ar\/wp-content\/uploads\/2023\/04\/ar_litoral20230427.jpg 700w, https:\/\/www.diario5.com.ar\/wp-content\/uploads\/2023\/04\/ar_litoral20230427-230x300.jpg 230w\" sizes=\"(max-width: 700px) 100vw, 700px\" \/><\/p>\n<p><img decoding=\"async\" loading=\"lazy\" class=\"aligncenter size-full wp-image-668793\" src=\"https:\/\/www.diario5.com.ar\/wp-content\/uploads\/2023\/04\/ar_heraldo20230427.jpg\" width=\"700\" height=\"846\" srcset=\"https:\/\/www.diario5.com.ar\/wp-content\/uploads\/2023\/04\/ar_heraldo20230427.jpg 700w, https:\/\/www.diario5.com.ar\/wp-content\/uploads\/2023\/04\/ar_heraldo20230427-248x300.jpg 248w\" sizes=\"(max-width: 700px) 100vw, 700px\" \/><\/p>\n<p><img decoding=\"async\" loading=\"lazy\" class=\"aligncenter size-full wp-image-668794\" src=\"https:\/\/www.diario5.com.ar\/wp-content\/uploads\/2023\/04\/ar_pagina1220230427.jpg\" width=\"700\" height=\"879\" srcset=\"https:\/\/www.diario5.com.ar\/wp-content\/uploads\/2023\/04\/ar_pagina1220230427.jpg 700w, https:\/\/www.diario5.com.ar\/wp-content\/uploads\/2023\/04\/ar_pagina1220230427-239x300.jpg 239w\" sizes=\"(max-width: 700px) 100vw, 700px\" \/><\/p>\n<p><img decoding=\"async\" loading=\"lazy\" class=\"aligncenter size-full wp-image-668795\" src=\"https:\/\/www.diario5.com.ar\/wp-content\/uploads\/2023\/04\/ar_rio_negro20230427.jpg\" width=\"700\" height=\"1044\" srcset=\"https:\/\/www.diario5.com.ar\/wp-content\/uploads\/2023\/04\/ar_rio_negro20230427.jpg 700w, https:\/\/www.diario5.com.ar\/wp-content\/uploads\/2023\/04\/ar_rio_negro20230427-201x300.jpg 201w, https:\/\/www.diario5.com.ar\/wp-content\/uploads\/2023\/04\/ar_rio_negro20230427-687x1024.jpg 687w\" sizes=\"(max-width: 700px) 100vw, 700px\" \/><\/p>\n<p><img decoding=\"async\" loading=\"lazy\" class=\"aligncenter size-full wp-image-668796\" src=\"https:\/\/www.diario5.com.ar\/wp-content\/uploads\/2023\/04\/ar_diario_republica20230427.jpg\" width=\"700\" height=\"973\" srcset=\"https:\/\/www.diario5.com.ar\/wp-content\/uploads\/2023\/04\/ar_diario_republica20230427.jpg 700w, https:\/\/www.diario5.com.ar\/wp-content\/uploads\/2023\/04\/ar_diario_republica20230427-216x300.jpg 216w\" sizes=\"(max-width: 700px) 100vw, 700px\" \/><\/p>\n<p><img decoding=\"async\" loading=\"lazy\" class=\"aligncenter size-full wp-image-668797\" src=\"https:\/\/www.diario5.com.ar\/wp-content\/uploads\/2023\/04\/ciudadano20230427.jpg\" width=\"700\" height=\"945\" srcset=\"https:\/\/www.diario5.com.ar\/wp-content\/uploads\/2023\/04\/ciudadano20230427.jpg 700w, https:\/\/www.diario5.com.ar\/wp-content\/uploads\/2023\/04\/ciudadano20230427-222x300.jpg 222w\" sizes=\"(max-width: 700px) 100vw, 700px\" \/><\/p>\n<p><img decoding=\"async\" loading=\"lazy\" class=\"aligncenter size-full wp-image-668798\" src=\"https:\/\/www.diario5.com.ar\/wp-content\/uploads\/2023\/04\/ar_cronica20230427.jpg\" width=\"700\" height=\"826\" srcset=\"https:\/\/www.diario5.com.ar\/wp-content\/uploads\/2023\/04\/ar_cronica20230427.jpg 700w, https:\/\/www.diario5.com.ar\/wp-content\/uploads\/2023\/04\/ar_cronica20230427-254x300.jpg 254w\" sizes=\"(max-width: 700px) 100vw, 700px\" \/><\/p>\n<p><img decoding=\"async\" loading=\"lazy\" class=\"aligncenter size-full wp-image-668799\" src=\"https:\/\/www.diario5.com.ar\/wp-content\/uploads\/2023\/04\/nacion20230427.jpg\" width=\"700\" height=\"1050\" srcset=\"https:\/\/www.diario5.com.ar\/wp-content\/uploads\/2023\/04\/nacion20230427.jpg 700w, https:\/\/www.diario5.com.ar\/wp-content\/uploads\/2023\/04\/nacion20230427-200x300.jpg 200w, https:\/\/www.diario5.com.ar\/wp-content\/uploads\/2023\/04\/nacion20230427-683x1024.jpg 683w\" sizes=\"(max-width: 700px) 100vw, 700px\" \/><\/p>\n<p><img decoding=\"async\" loading=\"lazy\" class=\"aligncenter size-full wp-image-668800\" src=\"https:\/\/www.diario5.com.ar\/wp-content\/uploads\/2023\/04\/nuevo_diario20230427.jpg\" width=\"700\" height=\"965\" srcset=\"https:\/\/www.diario5.com.ar\/wp-content\/uploads\/2023\/04\/nuevo_diario20230427.jpg 700w, https:\/\/www.diario5.com.ar\/wp-content\/uploads\/2023\/04\/nuevo_diario20230427-218x300.jpg 218w\" sizes=\"(max-width: 700px) 100vw, 700px\" \/><\/p>\n<p><img decoding=\"async\" loading=\"lazy\" class=\"aligncenter size-full wp-image-668801\" src=\"https:\/\/www.diario5.com.ar\/wp-content\/uploads\/2023\/04\/ar_sureno20230427.jpg\" width=\"700\" height=\"921\" srcset=\"https:\/\/www.diario5.com.ar\/wp-content\/uploads\/2023\/04\/ar_sureno20230427.jpg 700w, https:\/\/www.diario5.com.ar\/wp-content\/uploads\/2023\/04\/ar_sureno20230427-228x300.jpg 228w\" sizes=\"(max-width: 700px) 100vw, 700px\" \/><\/p>\n<p><img decoding=\"async\" loading=\"lazy\" class=\"aligncenter size-full wp-image-668802\" src=\"https:\/\/www.diario5.com.ar\/wp-content\/uploads\/2023\/04\/120230427.jpg\" width=\"500\" height=\"652\" srcset=\"https:\/\/www.diario5.com.ar\/wp-content\/uploads\/2023\/04\/120230427.jpg 500w, https:\/\/www.diario5.com.ar\/wp-content\/uploads\/2023\/04\/120230427-230x300.jpg 230w\" sizes=\"(max-width: 500px) 100vw, 500px\" \/><\/p>","protected":false},"excerpt":{"rendered":"<p>Un vecino del barrio de San Crist\u00f3bal, al ver que le se acelera satisfactoriamente el ritmo de arreglos de veredas en varias calles, apel\u00f3 a una antigua y nada desde\u00f1able premisa: Si todo el tiempo estuvi\u00e9ramos a las puertas de elecciones con la presi\u00f3n de tener que estar en campa\u00f1a tanto para los dirigentes \u00abasentados\u00bb, [&hellip;]<\/p>","protected":false},"author":5,"featured_media":668781,"comment_status":"open","ping_status":"open","sticky":false,"template":"","format":"standard","meta":[],"categories":[3,56,6],"tags":[595,596,474,274,275],"series":[],"_links":{"self":[{"href":"https:\/\/www.diario5.com.ar\/es\/wp-json\/wp\/v2\/posts\/636592"}],"collection":[{"href":"https:\/\/www.diario5.com.ar\/es\/wp-json\/wp\/v2\/posts"}],"about":[{"href":"https:\/\/www.diario5.com.ar\/es\/wp-json\/wp\/v2\/types\/post"}],"author":[{"embeddable":true,"href":"https:\/\/www.diario5.com.ar\/es\/wp-json\/wp\/v2\/users\/5"}],"replies":[{"embeddable":true,"href":"https:\/\/www.diario5.com.ar\/es\/wp-json\/wp\/v2\/comments?post=636592"}],"version-history":[{"count":4,"href":"https:\/\/www.diario5.com.ar\/es\/wp-json\/wp\/v2\/posts\/636592\/revisions"}],"predecessor-version":[{"id":669175,"href":"https:\/\/www.diario5.com.ar\/es\/wp-json\/wp\/v2\/posts\/636592\/revisions\/669175"}],"wp:featuredmedia":[{"embeddable":true,"href":"https:\/\/www.diario5.com.ar\/es\/wp-json\/wp\/v2\/media\/668781"}],"wp:attachment":[{"href":"https:\/\/www.diario5.com.ar\/es\/wp-json\/wp\/v2\/media?parent=636592"}],"wp:term":[{"taxonomy":"category","embeddable":true,"href":"https:\/\/www.diario5.com.ar\/es\/wp-json\/wp\/v2\/categories?post=636592"},{"taxonomy":"post_tag","embeddable":true,"href":"https:\/\/www.diario5.com.ar\/es\/wp-json\/wp\/v2\/tags?post=636592"},{"taxonomy":"series","embeddable":true,"href":"https:\/\/www.diario5.com.ar\/es\/wp-json\/wp\/v2\/series?post=636592"}],"curies":[{"name":"wp","href":"https:\/\/api.w.org\/{rel}","templated":true}]}}