{"id":636591,"date":"2023-04-26T06:50:00","date_gmt":"2023-04-26T09:50:00","guid":{"rendered":"http:\/\/diario5.com.ar\/?p=636591"},"modified":"2023-04-26T22:28:47","modified_gmt":"2023-04-27T01:28:47","slug":"636591","status":"publish","type":"post","link":"https:\/\/www.diario5.com.ar\/es\/636591\/","title":{"rendered":"Shhh!"},"content":{"rendered":"<h2 class=\"sub-title-primary\"><\/h2> <p><img decoding=\"async\" loading=\"lazy\" class=\"aligncenter size-full wp-image-668729\" src=\"https:\/\/www.diario5.com.ar\/wp-content\/uploads\/2023\/04\/woman-suffering-with-tinnitus-1200x67520230426-1.jpg\" width=\"700\" height=\"393\" srcset=\"https:\/\/www.diario5.com.ar\/wp-content\/uploads\/2023\/04\/woman-suffering-with-tinnitus-1200x67520230426-1.jpg 700w, https:\/\/www.diario5.com.ar\/wp-content\/uploads\/2023\/04\/woman-suffering-with-tinnitus-1200x67520230426-1-300x168.jpg 300w\" sizes=\"(max-width: 700px) 100vw, 700px\" \/><\/p>\n<p>&nbsp;<\/p>\n<p>No porque la campa\u00f1a de 1974 llamada \u00abEl Silencio es Salud\u00bb haya sido perge\u00f1ada por los equipos de comunicaci\u00f3n de Jos\u00e9 L\u00f3pez Rega, el nefast\u00edsimo ministro de Bienestar Social del gobierno de Isabel Per\u00f3n, apodado \u00abel brujo\u00bb, tenemos que evitar esa frase, ya que nunca deja de ser cierta.<\/p>\n<p>Aunque el funcionario m\u00e1s odiado de la historia argentina, pr\u00f3fugo de la justicia durante 10 a\u00f1os y <em>fact\u00f3tum f\u00e1ctor<\/em> de la Triple A, haya quedado asociado pol\u00edticamente con la frase que indirectamente apuntaba al silenciamiento de las voces cr\u00edticas de su propio violento poder, desde el punto de vista de la salud, se trata de una expresi\u00f3n harto valedera. Y alguna vez deber\u00e1 ser reivindicada.<\/p>\n<p>Hoy podr\u00eda ser ese d\u00eda.<\/p>\n<p>El D\u00eda Internacional de la Concientizaci\u00f3n (o Concienciaci\u00f3n) sobre el Ruido se celebra cada a\u00f1o el \u00faltimo mi\u00e9rcoles de abril, desde hace 24 a\u00f1os. Ayuda a concienciar sobre los efectos del ruido en nuestro bienestar y salud. En el d\u00eda, se llevan a cabo varios eventos relacionados con la contaminaci\u00f3n ac\u00fastica en todo el pa\u00eds. Incluyen conferencias que tienen como objetivo ense\u00f1ar a las personas sobre los efectos del ruido en la salud p\u00fablica.<\/p>\n<p>HISTORIA<br \/>\nFundado por el Centro para la Audici\u00f3n y la Comunicaci\u00f3n (Center for Hearing and Communication, CHC) en 1996, el D\u00eda Internacional de Concientizaci\u00f3n sobre el Ruido es una oportunidad para reflexionar sobre los efectos de la contaminaci\u00f3n ac\u00fastica en nuestra salud mental y f\u00edsica. La campa\u00f1a global se observa en todo el mundo, como en Alemania, Italia, Brasil, Chile, Espa\u00f1a y los Estados Unidos.<\/p>\n<p>Un efecto com\u00fan de la contaminaci\u00f3n ac\u00fastica es la p\u00e9rdida de audici\u00f3n. Varias actividades y eventos cotidianos generan mucho ruido. Por ejemplo, la m\u00fasica alta de los tel\u00e9fonos inteligentes y otros dispositivos de escucha puede causar da\u00f1os auditivos. Del mismo modo, las clases de gimnasia, los lugares de entretenimiento, los conciertos, los restaurantes ruidosos y los bares deportivos generan mucho ruido.<\/p>\n<p>La p\u00e9rdida de audici\u00f3n se produce cuando estamos constantemente expuestos a sonidos fuertes. Cuanto m\u00e1s fuertes son los sonidos, m\u00e1s r\u00e1pido se produce el da\u00f1o auditivo. La duraci\u00f3n de la exposici\u00f3n a sonidos fuertes tambi\u00e9n afecta la cantidad de da\u00f1o. Sin embargo, los dispositivos personales de protecci\u00f3n auditiva, como tapones para los o\u00eddos u orejeras con cancelaci\u00f3n de ruido, pueden proteger los o\u00eddos de da\u00f1os.<\/p>\n<p>Por lo tanto, el ruido afecta la salud, el bienestar, la seguridad y la comodidad de las personas. Sin embargo, la mayor\u00eda de las personas ni siquiera se dan cuenta del impacto del ruido en su bienestar mental o f\u00edsico hasta que es demasiado tarde. El D\u00eda Internacional de Concientizaci\u00f3n sobre el Ruido tiene como objetivo ense\u00f1ar a las personas lo que necesitan saber para proteger su audici\u00f3n y mantenerse f\u00edsica y mentalmente en forma. La festividad tambi\u00e9n muestra que las personas pueden mantener una audici\u00f3n saludable en la vejez tomando ciertas precauciones y evitando situaciones espec\u00edficas.<\/p>\n<p>CRONOLOG\u00cdA DEL D\u00cdA INTERNACIONAL DE CONCIENTIZACI\u00d3N SOBRE EL RUIDO<br \/>\n1970<br \/>\nPol\u00edticas de contaminaci\u00f3n ac\u00fastica<br \/>\nEstados Unidos establece pol\u00edticas p\u00fablicas para abordar la contaminaci\u00f3n ac\u00fastica.<\/p>\n<p>1972<br \/>\nLa Ley de Control de Ruido<br \/>\nEl Congreso aprueba la Ley de Control de Ruido para proteger la salud p\u00fablica de la contaminaci\u00f3n ac\u00fastica.<\/p>\n<p>1978<br \/>\nEstadounidenses Experimentan P\u00e9rdida Auditiva<br \/>\nAlrededor de 20 millones de estadounidenses experimentan p\u00e9rdida auditiva permanente.<\/p>\n<p>2001<br \/>\nLos alemanes experimentan la contaminaci\u00f3n ac\u00fastica<br \/>\nAlrededor del 12% al 15% de las personas en Alemania experimentan niveles de ruido de 85 decibelios o m\u00e1s, lo que provoca p\u00e9rdidas auditivas significativas.<\/p>\n<p>PREGUNTAS FRECUENTES SOBRE EL D\u00cdA INTERNACIONAL DE CONCIENTIZACI\u00d3N SOBRE EL RUIDO<br \/>\n\u00bfC\u00f3mo afecta el ruido a los ni\u00f1os?<br \/>\nVivir en un \u00e1rea ruidosa puede afectar el desarrollo del cerebro y las habilidades de adquisici\u00f3n del lenguaje de los chicos.<\/p>\n<p>\u00bfLa contaminaci\u00f3n ac\u00fastica es un delito?<br \/>\nEn varios pa\u00edses hubos personas que ganaron demandas por la contaminaci\u00f3n ac\u00fastica. Sin embargo, no es un delito.<\/p>\n<p>\u00bfEl ruido causa dolores de cabeza?<br \/>\nLa contaminaci\u00f3n ac\u00fastica puede provocar dolores de cabeza cr\u00f3nicos.<\/p>\n<p>ACCIONES PERSONALES<br \/>\nCompruebe su audici\u00f3n pidiendo a su m\u00e9dico cl\u00ednico una derivaci\u00f3n al otorrinolaring\u00f3logo . Siempre es bueno saber el estado de su salud de los \u00f3rganos que controlan nuestros sentidos.<\/p>\n<p>Reducir el volumen<br \/>\nPodemos dejarnos llevar cuando escuchamos m\u00fasica. Es importante recordar proteger la salud de nuestros o\u00eddos bajando el volumen. No es necesario que hagas mucho ruido para entrar en el ritmo.<\/p>\n<p>no hagas mucho ruido<br \/>\nPuedes celebrar la festividad evitando actividades en las que contribuyas a la contaminaci\u00f3n ac\u00fastica. Esto puede incluir gritar o tocar la bocina.<\/p>\n<p>5 DATOS INTERESANTES SOBRE LA P\u00c9RDIDA AUDITIVA<br \/>\nAfecta a m\u00e1s del 8% de la poblaci\u00f3n.<br \/>\nEn los EE. UU., alrededor de 48 millones de personas experimentan p\u00e9rdida de audici\u00f3n inducida por el ruido.<br \/>\nEn la Argentina, el 18 por ciento de las discapacidades existentes corresponden a dificultades auditivas o sorderas.<\/p>\n<p>&nbsp;<\/p>\n<p>No existe cura<br \/>\nLa p\u00e9rdida de audici\u00f3n actualmente no tiene cura. S\u00f3lo se puede administrar o definir la aplicaci\u00f3n de dispositivos, seg\u00fan el nivel de afecci\u00f3n de los t\u00edmpanos.<\/p>\n<p>Puede ser causado por una enfermedad<br \/>\nMuchos pacientes\u00a0 han informado de p\u00e9rdida de la audici\u00f3n debido a la diabetes o al c\u00e1ncer.<\/p>\n<p>afecta a todos<br \/>\nLas investigaciones han demostrado que la p\u00e9rdida auditiva afecta a personas de 12 a 64 a\u00f1os.<\/p>\n<p>No mucha gente usa aud\u00edfonos<br \/>\nSolo una de cada cinco personas con p\u00e9rdida auditiva usa aud\u00edfonos.<\/p>\n<p>Para conocer m\u00e1s sobre c\u00f3mo se trat\u00f3 este importante tema e convivencia en la Argentina, hagamos un seguimiento de las novedades que fueron, oportunamente ofrecidas desde la pol\u00edtica y las instituciones autorizadas.<\/p>\n<blockquote class=\"wp-embedded-content\" data-secret=\"AtX3H5Df0G\"><p><a href=\"https:\/\/estrucplan.com.ar\/modernizacion-de-las-disposiciones-legales-sobre-ruido-en-la-republica-argentina-parte-ii\/\">Modernizaci\u00f3n de las disposiciones legales sobre Ruido en la Rep\u00fablica Argentina- Parte II<\/a><\/p><\/blockquote>\n<p><iframe class=\"wp-embedded-content\" sandbox=\"allow-scripts\" security=\"restricted\" style=\"position: absolute; clip: rect(1px, 1px, 1px, 1px);\" title=\"&#8220;Modernizaci\u00f3n de las disposiciones legales sobre Ruido en la Rep\u00fablica Argentina- Parte II&#8221; &#8212; Estrucplan\" src=\"https:\/\/estrucplan.com.ar\/modernizacion-de-las-disposiciones-legales-sobre-ruido-en-la-republica-argentina-parte-ii\/embed\/#?secret=AtX3H5Df0G\" data-secret=\"AtX3H5Df0G\" width=\"600\" height=\"338\" frameborder=\"0\" marginwidth=\"0\" marginheight=\"0\" scrolling=\"no\"><\/iframe><\/p>\n<p>Facultad de Ciencias M\u00e1dicas de la Universidad de C\u00f3rdoba, 2017<\/p>\n<blockquote class=\"wp-embedded-content\" data-secret=\"iUFtA6utdX\"><p><a href=\"https:\/\/fcm.unc.edu.ar\/26-de-abril-dia-internacional-de-la-concientizacion-sobre-el-ruido\/\">26 de abril  \u201cD\u00eda internacional de la concientizaci\u00f3n sobre el ruido\u201d<\/a><\/p><\/blockquote>\n<p><iframe class=\"wp-embedded-content\" sandbox=\"allow-scripts\" security=\"restricted\" style=\"position: absolute; clip: rect(1px, 1px, 1px, 1px);\" title=\"\u00ab26 de abril  \u201cD\u00eda internacional de la concientizaci\u00f3n sobre el ruido\u201d\u00bb \u2014 Facultad de Ciencias M\u00e9dicas\" src=\"https:\/\/fcm.unc.edu.ar\/26-de-abril-dia-internacional-de-la-concientizacion-sobre-el-ruido\/embed\/#?secret=iUFtA6utdX\" data-secret=\"iUFtA6utdX\" width=\"600\" height=\"338\" frameborder=\"0\" marginwidth=\"0\" marginheight=\"0\" scrolling=\"no\"><\/iframe><\/p>\n<p>&nbsp;<\/p>\n<p><img decoding=\"async\" loading=\"lazy\" class=\"aligncenter size-full wp-image-668730\" src=\"https:\/\/www.diario5.com.ar\/wp-content\/uploads\/2023\/04\/ar_ambito20230426.jpg\" width=\"700\" height=\"967\" srcset=\"https:\/\/www.diario5.com.ar\/wp-content\/uploads\/2023\/04\/ar_ambito20230426.jpg 700w, https:\/\/www.diario5.com.ar\/wp-content\/uploads\/2023\/04\/ar_ambito20230426-217x300.jpg 217w\" sizes=\"(max-width: 700px) 100vw, 700px\" \/><\/p>\n<p><img decoding=\"async\" loading=\"lazy\" class=\"aligncenter size-full wp-image-668731\" src=\"https:\/\/www.diario5.com.ar\/wp-content\/uploads\/2023\/04\/esquiu20230426.jpg\" width=\"700\" height=\"920\" srcset=\"https:\/\/www.diario5.com.ar\/wp-content\/uploads\/2023\/04\/esquiu20230426.jpg 700w, https:\/\/www.diario5.com.ar\/wp-content\/uploads\/2023\/04\/esquiu20230426-228x300.jpg 228w\" sizes=\"(max-width: 700px) 100vw, 700px\" \/><\/p>\n<p><img decoding=\"async\" loading=\"lazy\" class=\"aligncenter size-full wp-image-668732\" src=\"https:\/\/www.diario5.com.ar\/wp-content\/uploads\/2023\/04\/ar_diario_norte20230426.jpg\" width=\"700\" height=\"908\" srcset=\"https:\/\/www.diario5.com.ar\/wp-content\/uploads\/2023\/04\/ar_diario_norte20230426.jpg 700w, https:\/\/www.diario5.com.ar\/wp-content\/uploads\/2023\/04\/ar_diario_norte20230426-231x300.jpg 231w\" sizes=\"(max-width: 700px) 100vw, 700px\" \/><\/p>\n<p><img decoding=\"async\" loading=\"lazy\" class=\"aligncenter size-full wp-image-668733\" src=\"https:\/\/www.diario5.com.ar\/wp-content\/uploads\/2023\/04\/voz_chaco20230426.jpg\" width=\"700\" height=\"835\" srcset=\"https:\/\/www.diario5.com.ar\/wp-content\/uploads\/2023\/04\/voz_chaco20230426.jpg 700w, https:\/\/www.diario5.com.ar\/wp-content\/uploads\/2023\/04\/voz_chaco20230426-251x300.jpg 251w\" sizes=\"(max-width: 700px) 100vw, 700px\" \/><\/p>\n<p><img decoding=\"async\" loading=\"lazy\" class=\"aligncenter size-full wp-image-668773\" src=\"https:\/\/www.diario5.com.ar\/wp-content\/uploads\/2023\/04\/ar_cronista20230426.jpg\" width=\"700\" height=\"1001\" srcset=\"https:\/\/www.diario5.com.ar\/wp-content\/uploads\/2023\/04\/ar_cronista20230426.jpg 700w, https:\/\/www.diario5.com.ar\/wp-content\/uploads\/2023\/04\/ar_cronista20230426-210x300.jpg 210w\" sizes=\"(max-width: 700px) 100vw, 700px\" \/><\/p>\n<p><img decoding=\"async\" loading=\"lazy\" class=\"aligncenter size-full wp-image-668734\" src=\"https:\/\/www.diario5.com.ar\/wp-content\/uploads\/2023\/04\/ar_eldia20230426.jpg\" width=\"700\" height=\"1047\" srcset=\"https:\/\/www.diario5.com.ar\/wp-content\/uploads\/2023\/04\/ar_eldia20230426.jpg 700w, https:\/\/www.diario5.com.ar\/wp-content\/uploads\/2023\/04\/ar_eldia20230426-201x300.jpg 201w, https:\/\/www.diario5.com.ar\/wp-content\/uploads\/2023\/04\/ar_eldia20230426-685x1024.jpg 685w\" sizes=\"(max-width: 700px) 100vw, 700px\" \/><\/p>\n<p><img decoding=\"async\" loading=\"lazy\" class=\"aligncenter size-full wp-image-668735\" src=\"https:\/\/www.diario5.com.ar\/wp-content\/uploads\/2023\/04\/ar_hoy20230426.jpg\" width=\"700\" height=\"923\" srcset=\"https:\/\/www.diario5.com.ar\/wp-content\/uploads\/2023\/04\/ar_hoy20230426.jpg 700w, https:\/\/www.diario5.com.ar\/wp-content\/uploads\/2023\/04\/ar_hoy20230426-228x300.jpg 228w\" sizes=\"(max-width: 700px) 100vw, 700px\" \/><\/p>\n<p><img decoding=\"async\" loading=\"lazy\" class=\"aligncenter size-full wp-image-668736\" src=\"https:\/\/www.diario5.com.ar\/wp-content\/uploads\/2023\/04\/ar_chubut20230426.jpg\" width=\"700\" height=\"905\" srcset=\"https:\/\/www.diario5.com.ar\/wp-content\/uploads\/2023\/04\/ar_chubut20230426.jpg 700w, https:\/\/www.diario5.com.ar\/wp-content\/uploads\/2023\/04\/ar_chubut20230426-232x300.jpg 232w\" sizes=\"(max-width: 700px) 100vw, 700px\" \/><\/p>\n<p><img decoding=\"async\" loading=\"lazy\" class=\"aligncenter size-full wp-image-668737\" src=\"https:\/\/www.diario5.com.ar\/wp-content\/uploads\/2023\/04\/ar_epoca20230426.jpg\" width=\"700\" height=\"911\" srcset=\"https:\/\/www.diario5.com.ar\/wp-content\/uploads\/2023\/04\/ar_epoca20230426.jpg 700w, https:\/\/www.diario5.com.ar\/wp-content\/uploads\/2023\/04\/ar_epoca20230426-231x300.jpg 231w\" sizes=\"(max-width: 700px) 100vw, 700px\" \/><\/p>\n<p><img decoding=\"async\" loading=\"lazy\" class=\"aligncenter size-full wp-image-668738\" src=\"https:\/\/www.diario5.com.ar\/wp-content\/uploads\/2023\/04\/ar_litoral20230426.jpg\" width=\"700\" height=\"923\" srcset=\"https:\/\/www.diario5.com.ar\/wp-content\/uploads\/2023\/04\/ar_litoral20230426.jpg 700w, https:\/\/www.diario5.com.ar\/wp-content\/uploads\/2023\/04\/ar_litoral20230426-228x300.jpg 228w\" sizes=\"(max-width: 700px) 100vw, 700px\" \/><\/p>\n<p><img decoding=\"async\" loading=\"lazy\" class=\"aligncenter size-full wp-image-668739\" src=\"https:\/\/www.diario5.com.ar\/wp-content\/uploads\/2023\/04\/ar_heraldo20230426.jpg\" width=\"700\" height=\"846\" srcset=\"https:\/\/www.diario5.com.ar\/wp-content\/uploads\/2023\/04\/ar_heraldo20230426.jpg 700w, https:\/\/www.diario5.com.ar\/wp-content\/uploads\/2023\/04\/ar_heraldo20230426-248x300.jpg 248w\" sizes=\"(max-width: 700px) 100vw, 700px\" \/><\/p>\n<p><img decoding=\"async\" loading=\"lazy\" class=\"aligncenter size-full wp-image-668740\" src=\"https:\/\/www.diario5.com.ar\/wp-content\/uploads\/2023\/04\/ar_pagina1220230426.jpg\" width=\"700\" height=\"880\" srcset=\"https:\/\/www.diario5.com.ar\/wp-content\/uploads\/2023\/04\/ar_pagina1220230426.jpg 700w, https:\/\/www.diario5.com.ar\/wp-content\/uploads\/2023\/04\/ar_pagina1220230426-239x300.jpg 239w\" sizes=\"(max-width: 700px) 100vw, 700px\" \/><\/p>\n<p><img decoding=\"async\" loading=\"lazy\" class=\"aligncenter size-full wp-image-668741\" src=\"https:\/\/www.diario5.com.ar\/wp-content\/uploads\/2023\/04\/ar_losandes20230426.jpg\" width=\"700\" height=\"966\" srcset=\"https:\/\/www.diario5.com.ar\/wp-content\/uploads\/2023\/04\/ar_losandes20230426.jpg 700w, https:\/\/www.diario5.com.ar\/wp-content\/uploads\/2023\/04\/ar_losandes20230426-217x300.jpg 217w\" sizes=\"(max-width: 700px) 100vw, 700px\" \/><\/p>\n<p><img decoding=\"async\" loading=\"lazy\" class=\"aligncenter size-full wp-image-668742\" src=\"https:\/\/www.diario5.com.ar\/wp-content\/uploads\/2023\/04\/ar_rio_negro20230426.jpg\" width=\"699\" height=\"1068\" srcset=\"https:\/\/www.diario5.com.ar\/wp-content\/uploads\/2023\/04\/ar_rio_negro20230426.jpg 699w, https:\/\/www.diario5.com.ar\/wp-content\/uploads\/2023\/04\/ar_rio_negro20230426-196x300.jpg 196w, https:\/\/www.diario5.com.ar\/wp-content\/uploads\/2023\/04\/ar_rio_negro20230426-670x1024.jpg 670w\" sizes=\"(max-width: 699px) 100vw, 699px\" \/><\/p>\n<p><img decoding=\"async\" loading=\"lazy\" class=\"aligncenter size-full wp-image-668774\" src=\"https:\/\/www.diario5.com.ar\/wp-content\/uploads\/2023\/04\/ar_diario_cuyo20230426.jpg\" width=\"700\" height=\"1052\" srcset=\"https:\/\/www.diario5.com.ar\/wp-content\/uploads\/2023\/04\/ar_diario_cuyo20230426.jpg 700w, https:\/\/www.diario5.com.ar\/wp-content\/uploads\/2023\/04\/ar_diario_cuyo20230426-200x300.jpg 200w, https:\/\/www.diario5.com.ar\/wp-content\/uploads\/2023\/04\/ar_diario_cuyo20230426-681x1024.jpg 681w\" sizes=\"(max-width: 700px) 100vw, 700px\" \/><\/p>\n<p><img decoding=\"async\" loading=\"lazy\" class=\"aligncenter size-full wp-image-668743\" src=\"https:\/\/www.diario5.com.ar\/wp-content\/uploads\/2023\/04\/ar_diario_republica20230426.jpg\" width=\"700\" height=\"990\" srcset=\"https:\/\/www.diario5.com.ar\/wp-content\/uploads\/2023\/04\/ar_diario_republica20230426.jpg 700w, https:\/\/www.diario5.com.ar\/wp-content\/uploads\/2023\/04\/ar_diario_republica20230426-212x300.jpg 212w\" sizes=\"(max-width: 700px) 100vw, 700px\" \/><\/p>\n<p><img decoding=\"async\" loading=\"lazy\" class=\"aligncenter size-full wp-image-668775\" src=\"https:\/\/www.diario5.com.ar\/wp-content\/uploads\/2023\/04\/ar_litoral_sfe20230426.jpg\" width=\"700\" height=\"934\" srcset=\"https:\/\/www.diario5.com.ar\/wp-content\/uploads\/2023\/04\/ar_litoral_sfe20230426.jpg 700w, https:\/\/www.diario5.com.ar\/wp-content\/uploads\/2023\/04\/ar_litoral_sfe20230426-225x300.jpg 225w\" sizes=\"(max-width: 700px) 100vw, 700px\" \/><\/p>\n<p><img decoding=\"async\" loading=\"lazy\" class=\"aligncenter size-full wp-image-668744\" src=\"https:\/\/www.diario5.com.ar\/wp-content\/uploads\/2023\/04\/ciudadano20230426.jpg\" width=\"700\" height=\"945\" srcset=\"https:\/\/www.diario5.com.ar\/wp-content\/uploads\/2023\/04\/ciudadano20230426.jpg 700w, https:\/\/www.diario5.com.ar\/wp-content\/uploads\/2023\/04\/ciudadano20230426-222x300.jpg 222w\" sizes=\"(max-width: 700px) 100vw, 700px\" \/><\/p>\n<p><img decoding=\"async\" loading=\"lazy\" class=\"aligncenter size-full wp-image-668776\" src=\"https:\/\/www.diario5.com.ar\/wp-content\/uploads\/2023\/04\/ar_mirador_provincial20230426.jpg\" width=\"700\" height=\"934\" srcset=\"https:\/\/www.diario5.com.ar\/wp-content\/uploads\/2023\/04\/ar_mirador_provincial20230426.jpg 700w, https:\/\/www.diario5.com.ar\/wp-content\/uploads\/2023\/04\/ar_mirador_provincial20230426-225x300.jpg 225w\" sizes=\"(max-width: 700px) 100vw, 700px\" \/><\/p>\n<p><img decoding=\"async\" loading=\"lazy\" class=\"aligncenter size-full wp-image-668745\" src=\"https:\/\/www.diario5.com.ar\/wp-content\/uploads\/2023\/04\/ar_gaceta20230426.jpg\" width=\"700\" height=\"1143\" srcset=\"https:\/\/www.diario5.com.ar\/wp-content\/uploads\/2023\/04\/ar_gaceta20230426.jpg 700w, https:\/\/www.diario5.com.ar\/wp-content\/uploads\/2023\/04\/ar_gaceta20230426-184x300.jpg 184w, https:\/\/www.diario5.com.ar\/wp-content\/uploads\/2023\/04\/ar_gaceta20230426-627x1024.jpg 627w\" sizes=\"(max-width: 700px) 100vw, 700px\" \/><\/p>\n<p><img decoding=\"async\" loading=\"lazy\" class=\"aligncenter size-full wp-image-668746\" src=\"https:\/\/www.diario5.com.ar\/wp-content\/uploads\/2023\/04\/ar_cronica20230426.jpg\" width=\"700\" height=\"818\" srcset=\"https:\/\/www.diario5.com.ar\/wp-content\/uploads\/2023\/04\/ar_cronica20230426.jpg 700w, https:\/\/www.diario5.com.ar\/wp-content\/uploads\/2023\/04\/ar_cronica20230426-257x300.jpg 257w\" sizes=\"(max-width: 700px) 100vw, 700px\" \/><\/p>\n<p><img decoding=\"async\" loading=\"lazy\" class=\"aligncenter size-full wp-image-668777\" src=\"https:\/\/www.diario5.com.ar\/wp-content\/uploads\/2023\/04\/ar_clarin20230426.jpg\" width=\"700\" height=\"971\" srcset=\"https:\/\/www.diario5.com.ar\/wp-content\/uploads\/2023\/04\/ar_clarin20230426.jpg 700w, https:\/\/www.diario5.com.ar\/wp-content\/uploads\/2023\/04\/ar_clarin20230426-216x300.jpg 216w\" sizes=\"(max-width: 700px) 100vw, 700px\" \/><\/p>\n<p><img decoding=\"async\" loading=\"lazy\" class=\"aligncenter size-full wp-image-668747\" src=\"https:\/\/www.diario5.com.ar\/wp-content\/uploads\/2023\/04\/nacion20230426.jpg\" width=\"700\" height=\"1050\" srcset=\"https:\/\/www.diario5.com.ar\/wp-content\/uploads\/2023\/04\/nacion20230426.jpg 700w, https:\/\/www.diario5.com.ar\/wp-content\/uploads\/2023\/04\/nacion20230426-200x300.jpg 200w, https:\/\/www.diario5.com.ar\/wp-content\/uploads\/2023\/04\/nacion20230426-683x1024.jpg 683w\" sizes=\"(max-width: 700px) 100vw, 700px\" \/><\/p>\n<p><img decoding=\"async\" loading=\"lazy\" class=\"aligncenter size-full wp-image-668748\" src=\"https:\/\/www.diario5.com.ar\/wp-content\/uploads\/2023\/04\/nuevo_diario20230426.jpg\" width=\"700\" height=\"965\" srcset=\"https:\/\/www.diario5.com.ar\/wp-content\/uploads\/2023\/04\/nuevo_diario20230426.jpg 700w, https:\/\/www.diario5.com.ar\/wp-content\/uploads\/2023\/04\/nuevo_diario20230426-218x300.jpg 218w\" sizes=\"(max-width: 700px) 100vw, 700px\" \/><\/p>\n<p><img decoding=\"async\" loading=\"lazy\" class=\"aligncenter size-full wp-image-668749\" src=\"https:\/\/www.diario5.com.ar\/wp-content\/uploads\/2023\/04\/ar_sureno20230426.jpg\" width=\"700\" height=\"919\" srcset=\"https:\/\/www.diario5.com.ar\/wp-content\/uploads\/2023\/04\/ar_sureno20230426.jpg 700w, https:\/\/www.diario5.com.ar\/wp-content\/uploads\/2023\/04\/ar_sureno20230426-229x300.jpg 229w\" sizes=\"(max-width: 700px) 100vw, 700px\" \/><\/p>\n<p><img decoding=\"async\" loading=\"lazy\" class=\"aligncenter size-full wp-image-668750\" src=\"https:\/\/www.diario5.com.ar\/wp-content\/uploads\/2023\/04\/120230426.jpg\" width=\"500\" height=\"652\" srcset=\"https:\/\/www.diario5.com.ar\/wp-content\/uploads\/2023\/04\/120230426.jpg 500w, https:\/\/www.diario5.com.ar\/wp-content\/uploads\/2023\/04\/120230426-230x300.jpg 230w\" sizes=\"(max-width: 500px) 100vw, 500px\" \/><\/p>\n<p>&nbsp;<\/p>","protected":false},"excerpt":{"rendered":"<p>&nbsp; No porque la campa\u00f1a de 1974 llamada \u00abEl Silencio es Salud\u00bb haya sido perge\u00f1ada por los equipos de comunicaci\u00f3n de Jos\u00e9 L\u00f3pez Rega, el nefast\u00edsimo ministro de Bienestar Social del gobierno de Isabel Per\u00f3n, apodado \u00abel brujo\u00bb, tenemos que evitar esa frase, ya que nunca deja de ser cierta. Aunque el funcionario m\u00e1s odiado [&hellip;]<\/p>","protected":false},"author":19,"featured_media":668729,"comment_status":"open","ping_status":"open","sticky":false,"template":"","format":"standard","meta":[],"categories":[4,22,56],"tags":[537],"series":[],"_links":{"self":[{"href":"https:\/\/www.diario5.com.ar\/es\/wp-json\/wp\/v2\/posts\/636591"}],"collection":[{"href":"https:\/\/www.diario5.com.ar\/es\/wp-json\/wp\/v2\/posts"}],"about":[{"href":"https:\/\/www.diario5.com.ar\/es\/wp-json\/wp\/v2\/types\/post"}],"author":[{"embeddable":true,"href":"https:\/\/www.diario5.com.ar\/es\/wp-json\/wp\/v2\/users\/19"}],"replies":[{"embeddable":true,"href":"https:\/\/www.diario5.com.ar\/es\/wp-json\/wp\/v2\/comments?post=636591"}],"version-history":[{"count":6,"href":"https:\/\/www.diario5.com.ar\/es\/wp-json\/wp\/v2\/posts\/636591\/revisions"}],"predecessor-version":[{"id":668778,"href":"https:\/\/www.diario5.com.ar\/es\/wp-json\/wp\/v2\/posts\/636591\/revisions\/668778"}],"wp:featuredmedia":[{"embeddable":true,"href":"https:\/\/www.diario5.com.ar\/es\/wp-json\/wp\/v2\/media\/668729"}],"wp:attachment":[{"href":"https:\/\/www.diario5.com.ar\/es\/wp-json\/wp\/v2\/media?parent=636591"}],"wp:term":[{"taxonomy":"category","embeddable":true,"href":"https:\/\/www.diario5.com.ar\/es\/wp-json\/wp\/v2\/categories?post=636591"},{"taxonomy":"post_tag","embeddable":true,"href":"https:\/\/www.diario5.com.ar\/es\/wp-json\/wp\/v2\/tags?post=636591"},{"taxonomy":"series","embeddable":true,"href":"https:\/\/www.diario5.com.ar\/es\/wp-json\/wp\/v2\/series?post=636591"}],"curies":[{"name":"wp","href":"https:\/\/api.w.org\/{rel}","templated":true}]}}