{"id":636590,"date":"2023-04-25T06:50:00","date_gmt":"2023-04-25T09:50:00","guid":{"rendered":"http:\/\/diario5.com.ar\/?p=636590"},"modified":"2023-04-25T22:37:16","modified_gmt":"2023-04-26T01:37:16","slug":"636590","status":"publish","type":"post","link":"https:\/\/www.diario5.com.ar\/es\/636590\/","title":{"rendered":"Justificada desconfianza"},"content":{"rendered":"<h2 class=\"sub-title-primary\">Iron Mountain II \"parece aparecer\" para recordarnos una tragedia con nauseabundo olor a justicia corrupta. <\/h2> <div class=\"group w-full text-gray-800 dark:text-gray-100 border-b border-black\/10 dark:border-gray-900\/50 dark:bg-gray-800\">\n<div class=\"text-base gap-4 md:gap-6 md:max-w-2xl lg:max-w-xl xl:max-w-3xl p-4 md:py-6 flex lg:px-0 m-auto\">\n<div class=\"relative flex w-[calc(100%-50px)] flex-col gap-1 md:gap-3 lg:w-[calc(100%-115px)]\">\n<div class=\"flex flex-grow flex-col gap-3\"><\/div>\n<\/div>\n<\/div>\n<\/div>\n<div class=\"group w-full text-gray-800 dark:text-gray-100 border-b border-black\/10 dark:border-gray-900\/50 bg-gray-50 dark:bg-[#444654]\">\n<div class=\"text-base gap-4 md:gap-6 md:max-w-2xl lg:max-w-xl xl:max-w-3xl p-4 md:py-6 flex lg:px-0 m-auto\">\n<div class=\"relative flex w-[calc(100%-50px)] flex-col gap-1 md:gap-3 lg:w-[calc(100%-115px)]\">\n<div class=\"flex flex-grow flex-col gap-3\">\n<div class=\"min-h-[20px] flex flex-col items-start gap-4 whitespace-pre-wrap\">\n<div class=\"markdown prose w-full break-words dark:prose-invert light\">\n<p><img decoding=\"async\" loading=\"lazy\" class=\"aligncenter size-full wp-image-668695\" src=\"https:\/\/www.diario5.com.ar\/wp-content\/uploads\/2023\/04\/iron-mountain-155345620230425.jpg\" width=\"700\" height=\"393\" srcset=\"https:\/\/www.diario5.com.ar\/wp-content\/uploads\/2023\/04\/iron-mountain-155345620230425.jpg 700w, https:\/\/www.diario5.com.ar\/wp-content\/uploads\/2023\/04\/iron-mountain-155345620230425-300x168.jpg 300w\" sizes=\"(max-width: 700px) 100vw, 700px\" \/><\/p>\n<p>Hasta el momento, poco se sabe sobre el incendio de Iron Mountain del 24 de abril de 2023.\u00a0Pero s\u00ed podemos encontrar que miles de medios de comunicaci\u00f3n podr\u00edan aportar alguna informaci\u00f3n sobre el incendio en el mismo lugar, en 2014.<\/p>\n<div class=\"group w-full text-gray-800 dark:text-gray-100 border-b border-black\/10 dark:border-gray-900\/50 bg-gray-50 dark:bg-[#444654]\">\n<div class=\"text-base gap-4 md:gap-6 md:max-w-2xl lg:max-w-xl xl:max-w-3xl p-4 md:py-6 flex lg:px-0 m-auto\">\n<div class=\"relative flex w-[calc(100%-50px)] flex-col gap-1 md:gap-3 lg:w-[calc(100%-115px)]\">\n<div class=\"flex justify-between lg:block\">Lamentablemente hubo muchas v\u00edctimas en aquel siniestro. Ocho bomberos perdieron la vida mientras luchaban contra las llamas y varios m\u00e1s resultaron heridos. Los fallecidos formaban parte del Cuerpo de Bomberos de la Ciudad de Buenos Aires y Bomberos de la Polic\u00eda Federal, quienes trabajaban en conjunto para sofocar el incendio. Murieron cuando una pared se derrumb\u00f3 sobre ellos.<\/div>\n<\/div>\n<\/div>\n<\/div>\n<div class=\"group w-full text-gray-800 dark:text-gray-100 border-b border-black\/10 dark:border-gray-900\/50 bg-gray-50 dark:bg-[#444654]\">\n<div class=\"text-base gap-4 md:gap-6 md:max-w-2xl lg:max-w-xl xl:max-w-3xl p-4 md:py-6 flex lg:px-0 m-auto\">\n<div class=\"relative flex w-[calc(100%-50px)] flex-col gap-1 md:gap-3 lg:w-[calc(100%-115px)]\">\n<div class=\"flex flex-grow flex-col gap-3\">\n<div class=\"min-h-[20px] flex flex-col items-start gap-4 whitespace-pre-wrap\">\n<div class=\"markdown prose w-full break-words dark:prose-invert light\">\n<p>La p\u00e9rdida de vidas fue un resultado tr\u00e1gico del incendio y desde entonces cambi\u00f3 la mirada de la sociedad acerca de los riesgos que enfrentan los bomberos al responder a emergencias. El incidente gener\u00f3 una gran cantidad de apoyo y condolencias para las familias de las v\u00edctimas y para la comunidad de bomberos en Argentina.<\/p>\n<\/div>\n<\/div>\n<\/div>\n<\/div>\n<\/div>\n<\/div>\n<p>El 5 de febrero de aquel a\u00f1o se produjo un incendio en las instalaciones de Iron Mountain en Buenos Aires. La instalaci\u00f3n se utilizaba para el almacenamiento de datos, por lo que el incendio provoc\u00f3 la p\u00e9rdida de miles de registros y documentos tanto de empresas privadas como de agencias gubernamentales.<\/p>\n<p>El fuego dur\u00f3 varios d\u00edas y fue dif\u00edcil de extinguir debido a la gran cantidad de papel y otros materiales inflamables almacenados en el edificio. La causa exacta del incendio a\u00fan no est\u00e1 clara, pero se cree que comenz\u00f3 en el s\u00f3tano del edificio.<\/p>\n<p>La p\u00e9rdida de documentos y registros fue un duro golpe tanto para las empresas privadas como para las agencias gubernamentales, ya que muchos de los documentos almacenados en las instalaciones eran importantes registros legales y financieros. El incendio tambi\u00e9n gener\u00f3 cr\u00edticas sobre las pr\u00e1cticas de seguridad de Iron Mountain y la idoneidad de las medidas de protecci\u00f3n contra incendios en el s\u00faper galp\u00f3n.<\/p>\n<p>La investigaci\u00f3n sobre la causa del incendio est\u00e1 en curso y se han presentado demandas contra IM por parte de empresas y personas que perdieron documentos importantes en el incendio.<\/p>\n<\/div>\n<\/div>\n<\/div>\n<\/div>\n<\/div>\n<\/div>\n<div class=\"group w-full text-gray-800 dark:text-gray-100 border-b border-black\/10 dark:border-gray-900\/50 bg-gray-50 dark:bg-[#444654]\">\n<div class=\"text-base gap-4 md:gap-6 md:max-w-2xl lg:max-w-xl xl:max-w-3xl p-4 md:py-6 flex lg:px-0 m-auto\">\n<div class=\"relative flex w-[calc(100%-50px)] flex-col gap-1 md:gap-3 lg:w-[calc(100%-115px)]\">\n<div class=\"flex flex-grow flex-col gap-3\">\n<div class=\"min-h-[20px] flex flex-col items-start gap-4 whitespace-pre-wrap\">\n<div class=\"markdown prose w-full break-words dark:prose-invert light\">\n<p>&nbsp;<\/p>\n<\/div>\n<\/div>\n<\/div>\n<div class=\"flex justify-between lg:block\">En cuanto al rol de la justicia, persisten las cr\u00edticas a la investigaci\u00f3n y algunas personas alegan que el juzgado no hizo lo suficiente para determinar la causa del incendio o responsabilizar a los responsables.<\/div>\n<\/div>\n<\/div>\n<\/div>\n<div class=\"group w-full text-gray-800 dark:text-gray-100 border-b border-black\/10 dark:border-gray-900\/50 bg-gray-50 dark:bg-[#444654]\">\n<div class=\"text-base gap-4 md:gap-6 md:max-w-2xl lg:max-w-xl xl:max-w-3xl p-4 md:py-6 flex lg:px-0 m-auto\">\n<div class=\"relative flex w-[calc(100%-50px)] flex-col gap-1 md:gap-3 lg:w-[calc(100%-115px)]\">\n<div class=\"flex flex-grow flex-col gap-3\">\n<div class=\"min-h-[20px] flex flex-col items-start gap-4 whitespace-pre-wrap\">\n<div class=\"markdown prose w-full break-words dark:prose-invert light\">\n<p>La principal cr\u00edtica es que la investigaci\u00f3n toma demasiado tiempo y nunca fue lo suficientemente exhaustiva. Las autoridades tardaron varios meses en publicar un informe preliminar sobre el incendio y el informe final no se public\u00f3 hasta m\u00e1s de un a\u00f1o despu\u00e9s del incidente. Esta demora hizo m\u00e1s dif\u00edcil determinar la causa del incendio y responsabilizar a los que corresponde.<\/p>\n<p>La independencia de la investigaci\u00f3n sigue altamente cuestionada. A Iron Mountain se le permiti\u00f3 participar en la investigaci\u00f3n y no se le exigi\u00f3 que entregara todos sus registros relacionados con el incendio.<\/p>\n<p>El suceso fue tan impactante e importante, que inspir\u00f3 a Jorge Gallero la realizaci\u00f3n del documental cinematogr\u00e1fico \u00abEn cumplimiento del deber\u00bb, en la que se narra el desgarro humano que dej\u00f3 como saldo la tragedia del incendio del dep\u00f3sito de Barracas. En el filme se pueden conocer testimonios de familiares de los bomberos y agentes de Defensa Civil que perdieron la vida aquel 5 de febrero de 2014. La pel\u00edcula honra al comisario inspector Leonardo Day, la subinspectora Anah\u00ed Garnica, los cabos Carlos Veliz, Eduardo Adri\u00e1n Conesa y Maximiliano Mart\u00ednez, el agente Juan Mat\u00edas Monticelli (Cuartel I de BPFl), los bomberos voluntarios Sebasti\u00e1n Ezequiel Campos y Facundo Ricardo Ambrosi (cuartel Vuelta de Rocha) y los rescatistas de Defensa Civil Jos\u00e9 M\u00e9ndez Araujo y Pedro Esteban Bar\u00edcola.<\/p>\n<p>Hoy, al sumarse un nuevo incendio en el mismo lugar, con otro derrumbe y a 12 d\u00edas del tard\u00edo anuncio de la jueza Fabiana Palmaghini de enviar a juicio oral a los 18 acusados por el primer incendio del dep\u00f3sito, millones de ojos argentinos miran todo el panorama con justificada desconfianza.<\/p>\n<\/div>\n<\/div>\n<\/div>\n<\/div>\n<\/div>\n<\/div>\n<p><!--googleoff: index--><br \/>\n<!--googleon: index--><br \/>\n<img decoding=\"async\" loading=\"lazy\" class=\"aligncenter size-full wp-image-668696\" src=\"https:\/\/www.diario5.com.ar\/wp-content\/uploads\/2023\/04\/ar_capital_rosario20230425.jpg\" width=\"700\" height=\"929\" srcset=\"https:\/\/www.diario5.com.ar\/wp-content\/uploads\/2023\/04\/ar_capital_rosario20230425.jpg 700w, https:\/\/www.diario5.com.ar\/wp-content\/uploads\/2023\/04\/ar_capital_rosario20230425-226x300.jpg 226w\" sizes=\"(max-width: 700px) 100vw, 700px\" \/><\/p>\n<p><img decoding=\"async\" loading=\"lazy\" class=\"aligncenter size-full wp-image-668697\" src=\"https:\/\/www.diario5.com.ar\/wp-content\/uploads\/2023\/04\/ar_ambito20230425.jpg\" width=\"700\" height=\"961\" srcset=\"https:\/\/www.diario5.com.ar\/wp-content\/uploads\/2023\/04\/ar_ambito20230425.jpg 700w, https:\/\/www.diario5.com.ar\/wp-content\/uploads\/2023\/04\/ar_ambito20230425-219x300.jpg 219w\" sizes=\"(max-width: 700px) 100vw, 700px\" \/><\/p>\n<p><img decoding=\"async\" loading=\"lazy\" class=\"aligncenter size-full wp-image-668698\" src=\"https:\/\/www.diario5.com.ar\/wp-content\/uploads\/2023\/04\/esquiu20230425.jpg\" width=\"700\" height=\"920\" srcset=\"https:\/\/www.diario5.com.ar\/wp-content\/uploads\/2023\/04\/esquiu20230425.jpg 700w, https:\/\/www.diario5.com.ar\/wp-content\/uploads\/2023\/04\/esquiu20230425-228x300.jpg 228w\" sizes=\"(max-width: 700px) 100vw, 700px\" \/><\/p>\n<p><img decoding=\"async\" loading=\"lazy\" class=\"aligncenter size-full wp-image-668699\" src=\"https:\/\/www.diario5.com.ar\/wp-content\/uploads\/2023\/04\/voz_chaco20230425.jpg\" width=\"700\" height=\"815\" srcset=\"https:\/\/www.diario5.com.ar\/wp-content\/uploads\/2023\/04\/voz_chaco20230425.jpg 700w, https:\/\/www.diario5.com.ar\/wp-content\/uploads\/2023\/04\/voz_chaco20230425-258x300.jpg 258w\" sizes=\"(max-width: 700px) 100vw, 700px\" \/><\/p>\n<p><img decoding=\"async\" loading=\"lazy\" class=\"aligncenter size-full wp-image-668700\" src=\"https:\/\/www.diario5.com.ar\/wp-content\/uploads\/2023\/04\/ar_cronista20230425.jpg\" width=\"700\" height=\"1011\" srcset=\"https:\/\/www.diario5.com.ar\/wp-content\/uploads\/2023\/04\/ar_cronista20230425.jpg 700w, https:\/\/www.diario5.com.ar\/wp-content\/uploads\/2023\/04\/ar_cronista20230425-208x300.jpg 208w\" sizes=\"(max-width: 700px) 100vw, 700px\" \/><\/p>\n<p><img decoding=\"async\" loading=\"lazy\" class=\"aligncenter size-full wp-image-668722\" src=\"https:\/\/www.diario5.com.ar\/wp-content\/uploads\/2023\/04\/ar_eldia20230425.jpg\" width=\"700\" height=\"1045\" srcset=\"https:\/\/www.diario5.com.ar\/wp-content\/uploads\/2023\/04\/ar_eldia20230425.jpg 700w, https:\/\/www.diario5.com.ar\/wp-content\/uploads\/2023\/04\/ar_eldia20230425-201x300.jpg 201w, https:\/\/www.diario5.com.ar\/wp-content\/uploads\/2023\/04\/ar_eldia20230425-686x1024.jpg 686w\" sizes=\"(max-width: 700px) 100vw, 700px\" \/><\/p>\n<p><img decoding=\"async\" loading=\"lazy\" class=\"aligncenter size-full wp-image-668701\" src=\"https:\/\/www.diario5.com.ar\/wp-content\/uploads\/2023\/04\/ar_hoy20230425.jpg\" width=\"700\" height=\"907\" srcset=\"https:\/\/www.diario5.com.ar\/wp-content\/uploads\/2023\/04\/ar_hoy20230425.jpg 700w, https:\/\/www.diario5.com.ar\/wp-content\/uploads\/2023\/04\/ar_hoy20230425-232x300.jpg 232w\" sizes=\"(max-width: 700px) 100vw, 700px\" \/><\/p>\n<p><img decoding=\"async\" loading=\"lazy\" class=\"aligncenter size-full wp-image-668702\" src=\"https:\/\/www.diario5.com.ar\/wp-content\/uploads\/2023\/04\/ar_chubut20230425.jpg\" width=\"700\" height=\"905\" srcset=\"https:\/\/www.diario5.com.ar\/wp-content\/uploads\/2023\/04\/ar_chubut20230425.jpg 700w, https:\/\/www.diario5.com.ar\/wp-content\/uploads\/2023\/04\/ar_chubut20230425-232x300.jpg 232w\" sizes=\"(max-width: 700px) 100vw, 700px\" \/><\/p>\n<p><img decoding=\"async\" loading=\"lazy\" class=\"aligncenter size-full wp-image-668703\" src=\"https:\/\/www.diario5.com.ar\/wp-content\/uploads\/2023\/04\/ar_epoca20230425.jpg\" width=\"700\" height=\"911\" srcset=\"https:\/\/www.diario5.com.ar\/wp-content\/uploads\/2023\/04\/ar_epoca20230425.jpg 700w, https:\/\/www.diario5.com.ar\/wp-content\/uploads\/2023\/04\/ar_epoca20230425-231x300.jpg 231w\" sizes=\"(max-width: 700px) 100vw, 700px\" \/><\/p>\n<p><img decoding=\"async\" loading=\"lazy\" class=\"aligncenter size-full wp-image-668704\" src=\"https:\/\/www.diario5.com.ar\/wp-content\/uploads\/2023\/04\/ar_litoral20230425.jpg\" width=\"700\" height=\"923\" srcset=\"https:\/\/www.diario5.com.ar\/wp-content\/uploads\/2023\/04\/ar_litoral20230425.jpg 700w, https:\/\/www.diario5.com.ar\/wp-content\/uploads\/2023\/04\/ar_litoral20230425-228x300.jpg 228w\" sizes=\"(max-width: 700px) 100vw, 700px\" \/><\/p>\n<p><img decoding=\"async\" loading=\"lazy\" class=\"aligncenter size-full wp-image-668705\" src=\"https:\/\/www.diario5.com.ar\/wp-content\/uploads\/2023\/04\/ar_heraldo20230425.jpg\" width=\"700\" height=\"846\" srcset=\"https:\/\/www.diario5.com.ar\/wp-content\/uploads\/2023\/04\/ar_heraldo20230425.jpg 700w, https:\/\/www.diario5.com.ar\/wp-content\/uploads\/2023\/04\/ar_heraldo20230425-248x300.jpg 248w\" sizes=\"(max-width: 700px) 100vw, 700px\" \/><\/p>\n<p><img decoding=\"async\" loading=\"lazy\" class=\"aligncenter size-full wp-image-668706\" src=\"https:\/\/www.diario5.com.ar\/wp-content\/uploads\/2023\/04\/ar_pagina1220230425.jpg\" width=\"700\" height=\"875\" srcset=\"https:\/\/www.diario5.com.ar\/wp-content\/uploads\/2023\/04\/ar_pagina1220230425.jpg 700w, https:\/\/www.diario5.com.ar\/wp-content\/uploads\/2023\/04\/ar_pagina1220230425-240x300.jpg 240w\" sizes=\"(max-width: 700px) 100vw, 700px\" \/><\/p>\n<p><img decoding=\"async\" loading=\"lazy\" class=\"aligncenter size-full wp-image-668707\" src=\"https:\/\/www.diario5.com.ar\/wp-content\/uploads\/2023\/04\/ar_losandes20230425.jpg\" width=\"700\" height=\"965\" srcset=\"https:\/\/www.diario5.com.ar\/wp-content\/uploads\/2023\/04\/ar_losandes20230425.jpg 700w, https:\/\/www.diario5.com.ar\/wp-content\/uploads\/2023\/04\/ar_losandes20230425-218x300.jpg 218w\" sizes=\"(max-width: 700px) 100vw, 700px\" \/><\/p>\n<p><img decoding=\"async\" loading=\"lazy\" class=\"aligncenter size-full wp-image-668708\" src=\"https:\/\/www.diario5.com.ar\/wp-content\/uploads\/2023\/04\/ar_rio_negro20230425.jpg\" width=\"700\" height=\"1056\" srcset=\"https:\/\/www.diario5.com.ar\/wp-content\/uploads\/2023\/04\/ar_rio_negro20230425.jpg 700w, https:\/\/www.diario5.com.ar\/wp-content\/uploads\/2023\/04\/ar_rio_negro20230425-199x300.jpg 199w, https:\/\/www.diario5.com.ar\/wp-content\/uploads\/2023\/04\/ar_rio_negro20230425-679x1024.jpg 679w\" sizes=\"(max-width: 700px) 100vw, 700px\" \/><\/p>\n<p><img decoding=\"async\" loading=\"lazy\" class=\"aligncenter size-full wp-image-668723\" src=\"https:\/\/www.diario5.com.ar\/wp-content\/uploads\/2023\/04\/ar_diario_cuyo20230425.jpg\" width=\"700\" height=\"1052\" srcset=\"https:\/\/www.diario5.com.ar\/wp-content\/uploads\/2023\/04\/ar_diario_cuyo20230425.jpg 700w, https:\/\/www.diario5.com.ar\/wp-content\/uploads\/2023\/04\/ar_diario_cuyo20230425-200x300.jpg 200w, https:\/\/www.diario5.com.ar\/wp-content\/uploads\/2023\/04\/ar_diario_cuyo20230425-681x1024.jpg 681w\" sizes=\"(max-width: 700px) 100vw, 700px\" \/><\/p>\n<p><img decoding=\"async\" loading=\"lazy\" class=\"aligncenter size-full wp-image-668709\" src=\"https:\/\/www.diario5.com.ar\/wp-content\/uploads\/2023\/04\/ar_diario_republica20230425.jpg\" width=\"700\" height=\"980\" srcset=\"https:\/\/www.diario5.com.ar\/wp-content\/uploads\/2023\/04\/ar_diario_republica20230425.jpg 700w, https:\/\/www.diario5.com.ar\/wp-content\/uploads\/2023\/04\/ar_diario_republica20230425-214x300.jpg 214w\" sizes=\"(max-width: 700px) 100vw, 700px\" \/><\/p>\n<p><img decoding=\"async\" loading=\"lazy\" class=\"aligncenter size-full wp-image-668724\" src=\"https:\/\/www.diario5.com.ar\/wp-content\/uploads\/2023\/04\/ar_litoral_sfe20230425.jpg\" width=\"700\" height=\"934\" srcset=\"https:\/\/www.diario5.com.ar\/wp-content\/uploads\/2023\/04\/ar_litoral_sfe20230425.jpg 700w, https:\/\/www.diario5.com.ar\/wp-content\/uploads\/2023\/04\/ar_litoral_sfe20230425-225x300.jpg 225w\" sizes=\"(max-width: 700px) 100vw, 700px\" \/><\/p>\n<p><img decoding=\"async\" loading=\"lazy\" class=\"aligncenter size-full wp-image-668710\" src=\"https:\/\/www.diario5.com.ar\/wp-content\/uploads\/2023\/04\/ciudadano20230425.jpg\" width=\"700\" height=\"942\" srcset=\"https:\/\/www.diario5.com.ar\/wp-content\/uploads\/2023\/04\/ciudadano20230425.jpg 700w, https:\/\/www.diario5.com.ar\/wp-content\/uploads\/2023\/04\/ciudadano20230425-223x300.jpg 223w\" sizes=\"(max-width: 700px) 100vw, 700px\" \/><\/p>\n<p><img decoding=\"async\" loading=\"lazy\" class=\"aligncenter size-full wp-image-668725\" src=\"https:\/\/www.diario5.com.ar\/wp-content\/uploads\/2023\/04\/ar_mirador_provincial20230425.jpg\" width=\"700\" height=\"940\" srcset=\"https:\/\/www.diario5.com.ar\/wp-content\/uploads\/2023\/04\/ar_mirador_provincial20230425.jpg 700w, https:\/\/www.diario5.com.ar\/wp-content\/uploads\/2023\/04\/ar_mirador_provincial20230425-223x300.jpg 223w\" sizes=\"(max-width: 700px) 100vw, 700px\" \/><\/p>\n<p><img decoding=\"async\" loading=\"lazy\" class=\"aligncenter size-full wp-image-668711\" src=\"https:\/\/www.diario5.com.ar\/wp-content\/uploads\/2023\/04\/ar_gaceta20230425.jpg\" width=\"700\" height=\"1146\" srcset=\"https:\/\/www.diario5.com.ar\/wp-content\/uploads\/2023\/04\/ar_gaceta20230425.jpg 700w, https:\/\/www.diario5.com.ar\/wp-content\/uploads\/2023\/04\/ar_gaceta20230425-183x300.jpg 183w, https:\/\/www.diario5.com.ar\/wp-content\/uploads\/2023\/04\/ar_gaceta20230425-625x1024.jpg 625w\" sizes=\"(max-width: 700px) 100vw, 700px\" \/><\/p>\n<p><img decoding=\"async\" loading=\"lazy\" class=\"aligncenter size-full wp-image-668712\" src=\"https:\/\/www.diario5.com.ar\/wp-content\/uploads\/2023\/04\/ar_cronica20230425.jpg\" width=\"700\" height=\"857\" srcset=\"https:\/\/www.diario5.com.ar\/wp-content\/uploads\/2023\/04\/ar_cronica20230425.jpg 700w, https:\/\/www.diario5.com.ar\/wp-content\/uploads\/2023\/04\/ar_cronica20230425-245x300.jpg 245w\" sizes=\"(max-width: 700px) 100vw, 700px\" \/><\/p>\n<p><img decoding=\"async\" loading=\"lazy\" class=\"aligncenter size-full wp-image-668726\" src=\"https:\/\/www.diario5.com.ar\/wp-content\/uploads\/2023\/04\/ar_clarin20230425.jpg\" width=\"700\" height=\"971\" srcset=\"https:\/\/www.diario5.com.ar\/wp-content\/uploads\/2023\/04\/ar_clarin20230425.jpg 700w, https:\/\/www.diario5.com.ar\/wp-content\/uploads\/2023\/04\/ar_clarin20230425-216x300.jpg 216w\" sizes=\"(max-width: 700px) 100vw, 700px\" \/><\/p>\n<p><img decoding=\"async\" loading=\"lazy\" class=\"aligncenter size-full wp-image-668713\" src=\"https:\/\/www.diario5.com.ar\/wp-content\/uploads\/2023\/04\/nacion20230425.jpg\" width=\"700\" height=\"1061\" srcset=\"https:\/\/www.diario5.com.ar\/wp-content\/uploads\/2023\/04\/nacion20230425.jpg 700w, https:\/\/www.diario5.com.ar\/wp-content\/uploads\/2023\/04\/nacion20230425-198x300.jpg 198w, https:\/\/www.diario5.com.ar\/wp-content\/uploads\/2023\/04\/nacion20230425-676x1024.jpg 676w\" sizes=\"(max-width: 700px) 100vw, 700px\" \/><\/p>\n<p><img decoding=\"async\" loading=\"lazy\" class=\"aligncenter size-full wp-image-668714\" src=\"https:\/\/www.diario5.com.ar\/wp-content\/uploads\/2023\/04\/nuevo_diario20230425.jpg\" width=\"700\" height=\"967\" srcset=\"https:\/\/www.diario5.com.ar\/wp-content\/uploads\/2023\/04\/nuevo_diario20230425.jpg 700w, https:\/\/www.diario5.com.ar\/wp-content\/uploads\/2023\/04\/nuevo_diario20230425-217x300.jpg 217w\" sizes=\"(max-width: 700px) 100vw, 700px\" \/><\/p>\n<p><img decoding=\"async\" loading=\"lazy\" class=\"aligncenter size-full wp-image-668715\" src=\"https:\/\/www.diario5.com.ar\/wp-content\/uploads\/2023\/04\/ar_sureno20230425.jpg\" width=\"700\" height=\"918\" srcset=\"https:\/\/www.diario5.com.ar\/wp-content\/uploads\/2023\/04\/ar_sureno20230425.jpg 700w, https:\/\/www.diario5.com.ar\/wp-content\/uploads\/2023\/04\/ar_sureno20230425-229x300.jpg 229w\" sizes=\"(max-width: 700px) 100vw, 700px\" \/><\/p>\n<p><img decoding=\"async\" loading=\"lazy\" class=\"aligncenter size-full wp-image-668716\" src=\"https:\/\/www.diario5.com.ar\/wp-content\/uploads\/2023\/04\/120230425.jpg\" width=\"500\" height=\"652\" srcset=\"https:\/\/www.diario5.com.ar\/wp-content\/uploads\/2023\/04\/120230425.jpg 500w, https:\/\/www.diario5.com.ar\/wp-content\/uploads\/2023\/04\/120230425-230x300.jpg 230w\" sizes=\"(max-width: 500px) 100vw, 500px\" \/><\/p>\n<p>&nbsp;<\/p>","protected":false},"excerpt":{"rendered":"<p>Iron Mountain II \u00abparece aparecer\u00bb para recordarnos una tragedia con nauseabundo olor a justicia corrupta. Hasta el momento, poco se sabe sobre el incendio de Iron Mountain del 24 de abril de 2023.\u00a0Pero s\u00ed podemos encontrar que miles de medios de comunicaci\u00f3n podr\u00edan aportar alguna informaci\u00f3n sobre el incendio en el mismo lugar, en 2014. [&hellip;]<\/p>","protected":false},"author":5,"featured_media":668695,"comment_status":"open","ping_status":"open","sticky":false,"template":"","format":"standard","meta":[],"categories":[482,28,56],"tags":[585,474,582,583,584,580,587,590,592,589,593,594,588,586,591,537,581],"series":[],"_links":{"self":[{"href":"https:\/\/www.diario5.com.ar\/es\/wp-json\/wp\/v2\/posts\/636590"}],"collection":[{"href":"https:\/\/www.diario5.com.ar\/es\/wp-json\/wp\/v2\/posts"}],"about":[{"href":"https:\/\/www.diario5.com.ar\/es\/wp-json\/wp\/v2\/types\/post"}],"author":[{"embeddable":true,"href":"https:\/\/www.diario5.com.ar\/es\/wp-json\/wp\/v2\/users\/5"}],"replies":[{"embeddable":true,"href":"https:\/\/www.diario5.com.ar\/es\/wp-json\/wp\/v2\/comments?post=636590"}],"version-history":[{"count":7,"href":"https:\/\/www.diario5.com.ar\/es\/wp-json\/wp\/v2\/posts\/636590\/revisions"}],"predecessor-version":[{"id":668728,"href":"https:\/\/www.diario5.com.ar\/es\/wp-json\/wp\/v2\/posts\/636590\/revisions\/668728"}],"wp:featuredmedia":[{"embeddable":true,"href":"https:\/\/www.diario5.com.ar\/es\/wp-json\/wp\/v2\/media\/668695"}],"wp:attachment":[{"href":"https:\/\/www.diario5.com.ar\/es\/wp-json\/wp\/v2\/media?parent=636590"}],"wp:term":[{"taxonomy":"category","embeddable":true,"href":"https:\/\/www.diario5.com.ar\/es\/wp-json\/wp\/v2\/categories?post=636590"},{"taxonomy":"post_tag","embeddable":true,"href":"https:\/\/www.diario5.com.ar\/es\/wp-json\/wp\/v2\/tags?post=636590"},{"taxonomy":"series","embeddable":true,"href":"https:\/\/www.diario5.com.ar\/es\/wp-json\/wp\/v2\/series?post=636590"}],"curies":[{"name":"wp","href":"https:\/\/api.w.org\/{rel}","templated":true}]}}