{"id":636563,"date":"2023-03-29T06:50:00","date_gmt":"2023-03-29T09:50:00","guid":{"rendered":"http:\/\/diario5.com.ar\/?p=636563"},"modified":"2023-03-30T11:23:55","modified_gmt":"2023-03-30T14:23:55","slug":"636563","status":"publish","type":"post","link":"https:\/\/www.diario5.com.ar\/es\/636563\/","title":{"rendered":"Listo para el delito"},"content":{"rendered":"<h2 class=\"sub-title-primary\"><\/h2> <p><img decoding=\"async\" loading=\"lazy\" class=\"alignnone size-full wp-image-667517\" src=\"https:\/\/www.diario5.com.ar\/wp-content\/uploads\/2023\/03\/pza_anguita_agujero.jpg\" alt=\"\" width=\"1040\" height=\"480\" srcset=\"https:\/\/www.diario5.com.ar\/wp-content\/uploads\/2023\/03\/pza_anguita_agujero.jpg 1040w, https:\/\/www.diario5.com.ar\/wp-content\/uploads\/2023\/03\/pza_anguita_agujero-300x138.jpg 300w, https:\/\/www.diario5.com.ar\/wp-content\/uploads\/2023\/03\/pza_anguita_agujero-1024x473.jpg 1024w, https:\/\/www.diario5.com.ar\/wp-content\/uploads\/2023\/03\/pza_anguita_agujero-768x354.jpg 768w\" sizes=\"(max-width: 1040px) 100vw, 1040px\" \/><\/p>\n<p>Plaza Anguita, barrio de San Crist\u00f3bal, marzo de 2023.<\/p>\n<p>Al agujero que se observa en el alambrado que da a la d\u00e1rsena de bajada de la Autopista 25 de Mayo (sentido al bajo) y que desemboca en la calle Sarand\u00ed, se le conoce m\u00e1s de un mes de existencia, sin perjuicio de que pueda hacer m\u00e1s tiempo que lo hayan generado.<\/p>\n<p>Este tipo de pasadizos suelen ser preparados para fugas tras un robo. Lo que se puede asegurar acerca de este tejido de alambre ahuecado, es que coincide con algunos que se ya conoc\u00edan en la zona y otros puntos de las autopistas, donde se arman estos caminos de salida, para facilitarle al ladr\u00f3n el acceso a un punto de encuentro con c\u00f3mplices, casi siempre en moto.<\/p>\n<p>Ya registrada la existencia del problema y con algunos precedentes para ubicarnos en tiempo y circunstancia, s\u00f3lo queda la acci\u00f3n.<\/p>\n<p>\u00bfLe corresponde esta reparaci\u00f3n a las autoridades del Ministerio de Espacio P\u00fablico o a la Comuna 3, que tiene sus oficinas de la filial Sarand\u00ed, exactamente enfrente de la \u00abpuertita de fuga\u00bb?<\/p>\n<p>Sea a quien fuere que le corresponda realizar el\u00a0 trabajo, el barrio est\u00e1 a la espera. Consultados algunos vecinos que notaron el riesgo que implica \u00abel agujerito\u00bb (no es f\u00e1cil percibirlo y puede sorprender), todos coinciden con la urgente necesidad de que se proceda a arreglar el alambrado da\u00f1ado y bloquearle ciertos \u00abbeneficios\u00bb a los delincuentes, asunto tan tratado y repetido en los encuentros de los funcionarios con los vecinos.<\/p>\n<p>Precisamente, consideramos estar cumpliendo con la tem\u00e1tica global propuesta en las convocatorias a los vecinos, particularmente \u00abComisar\u00edas Cercanas\u00bb, uno de los programas en los que se invita a los ciudadanos para dar testimonios y aportar ideas hacia normativas que eleven los niveles de seguridad en la Ciudad de Buenos Aires e -incluso- poder hacer replicar en otras ciudades argentinas.<\/p>\n<p><img decoding=\"async\" loading=\"lazy\" class=\"alignnone size-full wp-image-667526\" title=\"Listo para el delito\" src=\"https:\/\/www.diario5.com.ar\/wp-content\/uploads\/2023\/03\/ar_capital_rosario20230329.jpg\" alt=\"Listo para el delito\" width=\"700\" height=\"921\" srcset=\"https:\/\/www.diario5.com.ar\/wp-content\/uploads\/2023\/03\/ar_capital_rosario20230329.jpg 700w, https:\/\/www.diario5.com.ar\/wp-content\/uploads\/2023\/03\/ar_capital_rosario20230329-228x300.jpg 228w\" sizes=\"(max-width: 700px) 100vw, 700px\" \/><\/p>\n<p><img decoding=\"async\" loading=\"lazy\" class=\"alignnone size-full wp-image-667527\" title=\"Listo para el delito\" src=\"https:\/\/www.diario5.com.ar\/wp-content\/uploads\/2023\/03\/ar_ambito20230329.jpg\" alt=\"Listo para el delito\" width=\"700\" height=\"971\" srcset=\"https:\/\/www.diario5.com.ar\/wp-content\/uploads\/2023\/03\/ar_ambito20230329.jpg 700w, https:\/\/www.diario5.com.ar\/wp-content\/uploads\/2023\/03\/ar_ambito20230329-216x300.jpg 216w\" sizes=\"(max-width: 700px) 100vw, 700px\" \/><\/p>\n<p><img decoding=\"async\" loading=\"lazy\" class=\"alignnone size-full wp-image-667528\" title=\"Listo para el delito\" src=\"https:\/\/www.diario5.com.ar\/wp-content\/uploads\/2023\/03\/esquiu20230329.jpg\" alt=\"Listo para el delito\" width=\"700\" height=\"920\" srcset=\"https:\/\/www.diario5.com.ar\/wp-content\/uploads\/2023\/03\/esquiu20230329.jpg 700w, https:\/\/www.diario5.com.ar\/wp-content\/uploads\/2023\/03\/esquiu20230329-228x300.jpg 228w\" sizes=\"(max-width: 700px) 100vw, 700px\" \/><\/p>\n<p><img decoding=\"async\" loading=\"lazy\" class=\"alignnone size-full wp-image-667529\" title=\"Listo para el delito\" src=\"https:\/\/www.diario5.com.ar\/wp-content\/uploads\/2023\/03\/ar_diario_norte20230329.jpg\" alt=\"Listo para el delito\" width=\"700\" height=\"907\" srcset=\"https:\/\/www.diario5.com.ar\/wp-content\/uploads\/2023\/03\/ar_diario_norte20230329.jpg 700w, https:\/\/www.diario5.com.ar\/wp-content\/uploads\/2023\/03\/ar_diario_norte20230329-232x300.jpg 232w\" sizes=\"(max-width: 700px) 100vw, 700px\" \/><\/p>\n<p><img decoding=\"async\" loading=\"lazy\" class=\"alignnone size-full wp-image-667530\" title=\"Listo para el delito\" src=\"https:\/\/www.diario5.com.ar\/wp-content\/uploads\/2023\/03\/voz_chaco20230329.jpg\" alt=\"Listo para el delito\" width=\"700\" height=\"825\" srcset=\"https:\/\/www.diario5.com.ar\/wp-content\/uploads\/2023\/03\/voz_chaco20230329.jpg 700w, https:\/\/www.diario5.com.ar\/wp-content\/uploads\/2023\/03\/voz_chaco20230329-255x300.jpg 255w\" sizes=\"(max-width: 700px) 100vw, 700px\" \/><\/p>\n<p><img decoding=\"async\" loading=\"lazy\" class=\"alignnone size-full wp-image-667531\" title=\"Listo para el delito\" src=\"https:\/\/www.diario5.com.ar\/wp-content\/uploads\/2023\/03\/ar_hoy20230329.jpg\" alt=\"Listo para el delito\" width=\"700\" height=\"912\" srcset=\"https:\/\/www.diario5.com.ar\/wp-content\/uploads\/2023\/03\/ar_hoy20230329.jpg 700w, https:\/\/www.diario5.com.ar\/wp-content\/uploads\/2023\/03\/ar_hoy20230329-230x300.jpg 230w\" sizes=\"(max-width: 700px) 100vw, 700px\" \/><\/p>\n<p><img decoding=\"async\" loading=\"lazy\" class=\"alignnone size-full wp-image-667532\" title=\"Listo para el delito\" src=\"https:\/\/www.diario5.com.ar\/wp-content\/uploads\/2023\/03\/ar_chubut20230329.jpg\" alt=\"Listo para el delito\" width=\"700\" height=\"901\" srcset=\"https:\/\/www.diario5.com.ar\/wp-content\/uploads\/2023\/03\/ar_chubut20230329.jpg 700w, https:\/\/www.diario5.com.ar\/wp-content\/uploads\/2023\/03\/ar_chubut20230329-233x300.jpg 233w\" sizes=\"(max-width: 700px) 100vw, 700px\" \/><\/p>\n<p><img decoding=\"async\" loading=\"lazy\" class=\"alignnone size-full wp-image-667533\" title=\"Listo para el delito\" src=\"https:\/\/www.diario5.com.ar\/wp-content\/uploads\/2023\/03\/ar_epoca20230329.jpg\" alt=\"Listo para el delito\" width=\"700\" height=\"908\" srcset=\"https:\/\/www.diario5.com.ar\/wp-content\/uploads\/2023\/03\/ar_epoca20230329.jpg 700w, https:\/\/www.diario5.com.ar\/wp-content\/uploads\/2023\/03\/ar_epoca20230329-231x300.jpg 231w\" sizes=\"(max-width: 700px) 100vw, 700px\" \/><\/p>\n<p><img decoding=\"async\" loading=\"lazy\" class=\"alignnone size-full wp-image-667534\" title=\"Listo para el delito\" src=\"https:\/\/www.diario5.com.ar\/wp-content\/uploads\/2023\/03\/ar_litoral20230329.jpg\" alt=\"Listo para el delito\" width=\"700\" height=\"912\" srcset=\"https:\/\/www.diario5.com.ar\/wp-content\/uploads\/2023\/03\/ar_litoral20230329.jpg 700w, https:\/\/www.diario5.com.ar\/wp-content\/uploads\/2023\/03\/ar_litoral20230329-230x300.jpg 230w\" sizes=\"(max-width: 700px) 100vw, 700px\" \/><\/p>\n<p><img decoding=\"async\" loading=\"lazy\" class=\"alignnone size-full wp-image-667535\" title=\"Listo para el delito\" src=\"https:\/\/www.diario5.com.ar\/wp-content\/uploads\/2023\/03\/ar_heraldo20230329.jpg\" alt=\"Listo para el delito\" width=\"700\" height=\"846\" srcset=\"https:\/\/www.diario5.com.ar\/wp-content\/uploads\/2023\/03\/ar_heraldo20230329.jpg 700w, https:\/\/www.diario5.com.ar\/wp-content\/uploads\/2023\/03\/ar_heraldo20230329-248x300.jpg 248w\" sizes=\"(max-width: 700px) 100vw, 700px\" \/><\/p>\n<p><img decoding=\"async\" loading=\"lazy\" class=\"alignnone size-full wp-image-667536\" title=\"Listo para el delito\" src=\"https:\/\/www.diario5.com.ar\/wp-content\/uploads\/2023\/03\/ar_pagina1220230329.jpg\" alt=\"Listo para el delito\" width=\"700\" height=\"879\" srcset=\"https:\/\/www.diario5.com.ar\/wp-content\/uploads\/2023\/03\/ar_pagina1220230329.jpg 700w, https:\/\/www.diario5.com.ar\/wp-content\/uploads\/2023\/03\/ar_pagina1220230329-239x300.jpg 239w\" sizes=\"(max-width: 700px) 100vw, 700px\" \/><\/p>\n<p><img decoding=\"async\" loading=\"lazy\" class=\"alignnone size-full wp-image-667537\" title=\"Listo para el delito\" src=\"https:\/\/www.diario5.com.ar\/wp-content\/uploads\/2023\/03\/ar_losandes20230329.jpg\" alt=\"Listo para el delito\" width=\"700\" height=\"963\" srcset=\"https:\/\/www.diario5.com.ar\/wp-content\/uploads\/2023\/03\/ar_losandes20230329.jpg 700w, https:\/\/www.diario5.com.ar\/wp-content\/uploads\/2023\/03\/ar_losandes20230329-218x300.jpg 218w\" sizes=\"(max-width: 700px) 100vw, 700px\" \/><\/p>\n<p><img decoding=\"async\" loading=\"lazy\" class=\"alignnone size-full wp-image-667538\" title=\"Listo para el delito\" src=\"https:\/\/www.diario5.com.ar\/wp-content\/uploads\/2023\/03\/ar_tribuno20230329.jpg\" alt=\"Listo para el delito\" width=\"700\" height=\"929\" srcset=\"https:\/\/www.diario5.com.ar\/wp-content\/uploads\/2023\/03\/ar_tribuno20230329.jpg 700w, https:\/\/www.diario5.com.ar\/wp-content\/uploads\/2023\/03\/ar_tribuno20230329-226x300.jpg 226w\" sizes=\"(max-width: 700px) 100vw, 700px\" \/><\/p>\n<p><img decoding=\"async\" loading=\"lazy\" class=\"alignnone size-large wp-image-667539\" title=\"Listo para el delito\" src=\"https:\/\/www.diario5.com.ar\/wp-content\/uploads\/2023\/03\/ar_rio_negro20230329-681x1024.jpg\" alt=\"Listo para el delito\" width=\"681\" height=\"1024\" srcset=\"https:\/\/www.diario5.com.ar\/wp-content\/uploads\/2023\/03\/ar_rio_negro20230329-681x1024.jpg 681w, https:\/\/www.diario5.com.ar\/wp-content\/uploads\/2023\/03\/ar_rio_negro20230329-200x300.jpg 200w, https:\/\/www.diario5.com.ar\/wp-content\/uploads\/2023\/03\/ar_rio_negro20230329.jpg 700w\" sizes=\"(max-width: 681px) 100vw, 681px\" \/><\/p>\n<p><img decoding=\"async\" loading=\"lazy\" class=\"alignnone size-full wp-image-667540\" title=\"Listo para el delito\" src=\"https:\/\/www.diario5.com.ar\/wp-content\/uploads\/2023\/03\/ciudadano20230329.jpg\" alt=\"Listo para el delito\" width=\"700\" height=\"932\" srcset=\"https:\/\/www.diario5.com.ar\/wp-content\/uploads\/2023\/03\/ciudadano20230329.jpg 700w, https:\/\/www.diario5.com.ar\/wp-content\/uploads\/2023\/03\/ciudadano20230329-225x300.jpg 225w\" sizes=\"(max-width: 700px) 100vw, 700px\" \/><\/p>\n<p><img decoding=\"async\" loading=\"lazy\" class=\"alignnone size-large wp-image-667541\" title=\"Listo para el delito\" src=\"https:\/\/www.diario5.com.ar\/wp-content\/uploads\/2023\/03\/ar_gaceta20230329-621x1024.jpg\" alt=\"Listo para el delito\" width=\"621\" height=\"1024\" srcset=\"https:\/\/www.diario5.com.ar\/wp-content\/uploads\/2023\/03\/ar_gaceta20230329-621x1024.jpg 621w, https:\/\/www.diario5.com.ar\/wp-content\/uploads\/2023\/03\/ar_gaceta20230329-182x300.jpg 182w, https:\/\/www.diario5.com.ar\/wp-content\/uploads\/2023\/03\/ar_gaceta20230329.jpg 700w\" sizes=\"(max-width: 621px) 100vw, 621px\" \/><\/p>\n<p><img decoding=\"async\" loading=\"lazy\" class=\"alignnone size-full wp-image-667542\" title=\"Listo para el delito\" src=\"https:\/\/www.diario5.com.ar\/wp-content\/uploads\/2023\/03\/ar_cronica20230329.jpg\" alt=\"Listo para el delito\" width=\"700\" height=\"826\" srcset=\"https:\/\/www.diario5.com.ar\/wp-content\/uploads\/2023\/03\/ar_cronica20230329.jpg 700w, https:\/\/www.diario5.com.ar\/wp-content\/uploads\/2023\/03\/ar_cronica20230329-254x300.jpg 254w\" sizes=\"(max-width: 700px) 100vw, 700px\" \/><\/p>\n<p><img decoding=\"async\" loading=\"lazy\" class=\"alignnone size-large wp-image-667543\" title=\"Listo para el delito\" src=\"https:\/\/www.diario5.com.ar\/wp-content\/uploads\/2023\/03\/nacion20230329-676x1024.jpg\" alt=\"Listo para el delito\" width=\"676\" height=\"1024\" srcset=\"https:\/\/www.diario5.com.ar\/wp-content\/uploads\/2023\/03\/nacion20230329-676x1024.jpg 676w, https:\/\/www.diario5.com.ar\/wp-content\/uploads\/2023\/03\/nacion20230329-198x300.jpg 198w, https:\/\/www.diario5.com.ar\/wp-content\/uploads\/2023\/03\/nacion20230329.jpg 700w\" sizes=\"(max-width: 676px) 100vw, 676px\" \/><\/p>\n<p><img decoding=\"async\" loading=\"lazy\" class=\"alignnone size-full wp-image-667544\" title=\"Listo para el delito\" src=\"https:\/\/www.diario5.com.ar\/wp-content\/uploads\/2023\/03\/nuevo_diario20230329.jpg\" alt=\"Listo para el delito\" width=\"700\" height=\"965\" srcset=\"https:\/\/www.diario5.com.ar\/wp-content\/uploads\/2023\/03\/nuevo_diario20230329.jpg 700w, https:\/\/www.diario5.com.ar\/wp-content\/uploads\/2023\/03\/nuevo_diario20230329-218x300.jpg 218w\" sizes=\"(max-width: 700px) 100vw, 700px\" \/><\/p>\n<p><img decoding=\"async\" loading=\"lazy\" class=\"alignnone size-full wp-image-667545\" title=\"Listo para el delito\" src=\"https:\/\/www.diario5.com.ar\/wp-content\/uploads\/2023\/03\/ar_sureno20230329.jpg\" alt=\"Listo para el delito\" width=\"700\" height=\"921\" srcset=\"https:\/\/www.diario5.com.ar\/wp-content\/uploads\/2023\/03\/ar_sureno20230329.jpg 700w, https:\/\/www.diario5.com.ar\/wp-content\/uploads\/2023\/03\/ar_sureno20230329-228x300.jpg 228w\" sizes=\"(max-width: 700px) 100vw, 700px\" \/><\/p>\n<p><img decoding=\"async\" loading=\"lazy\" class=\"alignnone size-full wp-image-667546\" title=\"Listo para el delito\" src=\"https:\/\/www.diario5.com.ar\/wp-content\/uploads\/2023\/03\/120230329.jpg\" alt=\"Listo para el delito\" width=\"500\" height=\"652\" srcset=\"https:\/\/www.diario5.com.ar\/wp-content\/uploads\/2023\/03\/120230329.jpg 500w, https:\/\/www.diario5.com.ar\/wp-content\/uploads\/2023\/03\/120230329-230x300.jpg 230w\" sizes=\"(max-width: 500px) 100vw, 500px\" \/><\/p>\n<p>&nbsp;<\/p>","protected":false},"excerpt":{"rendered":"<p>Plaza Anguita, barrio de San Crist\u00f3bal, marzo de 2023. Al agujero que se observa en el alambrado que da a la d\u00e1rsena de bajada de la Autopista 25 de Mayo (sentido al bajo) y que desemboca en la calle Sarand\u00ed, se le conoce m\u00e1s de un mes de existencia, sin perjuicio de que pueda hacer [&hellip;]<\/p>","protected":false},"author":9,"featured_media":667517,"comment_status":"open","ping_status":"open","sticky":false,"template":"","format":"standard","meta":[],"categories":[4,28,56],"tags":[],"series":[],"_links":{"self":[{"href":"https:\/\/www.diario5.com.ar\/es\/wp-json\/wp\/v2\/posts\/636563"}],"collection":[{"href":"https:\/\/www.diario5.com.ar\/es\/wp-json\/wp\/v2\/posts"}],"about":[{"href":"https:\/\/www.diario5.com.ar\/es\/wp-json\/wp\/v2\/types\/post"}],"author":[{"embeddable":true,"href":"https:\/\/www.diario5.com.ar\/es\/wp-json\/wp\/v2\/users\/9"}],"replies":[{"embeddable":true,"href":"https:\/\/www.diario5.com.ar\/es\/wp-json\/wp\/v2\/comments?post=636563"}],"version-history":[{"count":5,"href":"https:\/\/www.diario5.com.ar\/es\/wp-json\/wp\/v2\/posts\/636563\/revisions"}],"predecessor-version":[{"id":667592,"href":"https:\/\/www.diario5.com.ar\/es\/wp-json\/wp\/v2\/posts\/636563\/revisions\/667592"}],"wp:featuredmedia":[{"embeddable":true,"href":"https:\/\/www.diario5.com.ar\/es\/wp-json\/wp\/v2\/media\/667517"}],"wp:attachment":[{"href":"https:\/\/www.diario5.com.ar\/es\/wp-json\/wp\/v2\/media?parent=636563"}],"wp:term":[{"taxonomy":"category","embeddable":true,"href":"https:\/\/www.diario5.com.ar\/es\/wp-json\/wp\/v2\/categories?post=636563"},{"taxonomy":"post_tag","embeddable":true,"href":"https:\/\/www.diario5.com.ar\/es\/wp-json\/wp\/v2\/tags?post=636563"},{"taxonomy":"series","embeddable":true,"href":"https:\/\/www.diario5.com.ar\/es\/wp-json\/wp\/v2\/series?post=636563"}],"curies":[{"name":"wp","href":"https:\/\/api.w.org\/{rel}","templated":true}]}}