{"id":636562,"date":"2023-03-28T06:50:00","date_gmt":"2023-03-28T09:50:00","guid":{"rendered":"http:\/\/diario5.com.ar\/?p=636562"},"modified":"2023-03-28T15:37:28","modified_gmt":"2023-03-28T18:37:28","slug":"636562","status":"publish","type":"post","link":"https:\/\/www.diario5.com.ar\/es\/636562\/","title":{"rendered":"Descubriendo a Emiliano Messiez"},"content":{"rendered":"<h2 class=\"sub-title-primary\">El pianista del tr\u00edo que se completa con Horacio Romo y Pablo Agri y que esta noche cierra sus presentaciones en Buenos Aires, carga con un bagaje art\u00edstico internacional que no parece ser igualado por otros argentinos de su generaci\u00f3n.<\/h2> <p><img decoding=\"async\" loading=\"lazy\" class=\"alignnone size-full wp-image-667481\" src=\"https:\/\/www.diario5.com.ar\/wp-content\/uploads\/2023\/03\/emiliano_messiez_02.jpg\" alt=\"\" width=\"839\" height=\"555\" srcset=\"https:\/\/www.diario5.com.ar\/wp-content\/uploads\/2023\/03\/emiliano_messiez_02.jpg 839w, https:\/\/www.diario5.com.ar\/wp-content\/uploads\/2023\/03\/emiliano_messiez_02-300x198.jpg 300w, https:\/\/www.diario5.com.ar\/wp-content\/uploads\/2023\/03\/emiliano_messiez_02-768x508.jpg 768w\" sizes=\"(max-width: 839px) 100vw, 839px\" \/><\/p>\n<p>Emiliano Messiez es un m\u00fasico argentino a\u00fan a medio descubrir. Y, quiz\u00e1s, decir \u00abmedio\u00bb es ponerle demasiado cr\u00e9dito al p\u00fablico m\u00e1s distra\u00eddo.<\/p>\n<p>Como talentoso pianista, Emiliano se calz\u00f3 las armaduras de gladiador y comenz\u00f3 a recorrer los g\u00e9neros mayores desde temprana edad: tanto la m\u00fasica cl\u00e1sica como la proyecci\u00f3n folkl\u00f3rica, el rock nacional, el jazz y el tango los recorri\u00f3 con energ\u00eda de conquistador. Su historia\u00a0 personal es apasionante y su carrera se condice con ese devenir.<\/p>\n<p>Como el amor por la m\u00fasica est\u00e1 primero, los g\u00e9neros pueden estar segundos. Pero esa misma sensibilidad lleva a que cada g\u00e9nero gane presencia y protagonismo en el momento en que el m\u00fasico lo disponga.<\/p>\n<p>Por eso hablamos de un artista que se mostr\u00f3 como pez en el agua en el Infantino Grupo, arreglando -con pulso vanguardista- zambas y chacareras hasta munirlas de la energ\u00eda original que se percibe en la producci\u00f3n discogr\u00e1fica de la que Messiez particip\u00f3 en 2004.<\/p>\n<p>Por eso hablamos de un paladar negro del rock, s\u00f3lido tecladista de Celeste Carballo hasta 2006.<\/p>\n<p>Decidido a nadar en aguas profundas en su carrera musical, se convirti\u00f3, tambi\u00e9n en Broadwayman: compositor del musical Bordello, Nueva York ya lo incluye entre los influyentes y a los que hay que estar siempre atentos.<\/p>\n<p>Y hablamos del guerrero que acept\u00f3 el desaf\u00edo de ingresar al mundo del tango y transformarse, sucesivamente, en el director musical de Tango Buenos Aires, la producci\u00f3n que dio mil veces la vuelta al mundo en la Royal Caribbean, crear su propia orquesta de tango, la T\u00edpica Messiez, con m\u00fasicos de or\u00edgenes caleidosc\u00f3picos, apasionados del 2&#215;4 y a los que el propio Emiliano gu\u00eda en el sagrado tempo para que el sonido porte\u00f1o explote en cada interpretaci\u00f3n.<\/p>\n<p>La demanda de este extraordinario y carism\u00e1tico todo terreno creci\u00f3 a l\u00edmites insospechados, de tal modo que artistas como los espa\u00f1oles Diego El Cigala y Concha Buika o los inconmensurables Dino Saluzzi y Paquito D&#8217;Rivera lo convocaran para participar de sendos proyectos.<\/p>\n<p>Lleg\u00f3 entonces la reuni\u00f3n de Messiez con Pablo Agri y Horacio Romo, para armar en un tr\u00edo la estructura musical que bien cualquiera podr\u00eda creer que se tratara de una agrupaci\u00f3n de mayir n\u00f1uero de instrumentistas. El talento cualitativo lo transfieren a cuantitativo, ya que la experiencia de hacer tango sin contrabajo es una experiencia que s\u00f3lo estos tres monstruos pueden lograr en estos tiempos.<\/p>\n<p>Tocan hoy en el Bebop presentando su disco Ahora., que incluye cl\u00e1sicos y composiciones de Romo y Messiez.<\/p>\n<p>Arrasan.<br \/>\n<iframe loading=\"lazy\" title=\"YouTube video player\" src=\"https:\/\/www.youtube.com\/embed\/cETwK5HUtQk\" width=\"560\" height=\"315\" frameborder=\"0\" allowfullscreen=\"allowfullscreen\"><\/iframe><\/p>\n<hr \/>\n<p>As\u00ed presenta BROADWAY WORLD, en su web, la biograf\u00eda del pianista argentino que nos ocupa:<\/p>\n<p>Nacido en Buenos Aires, Argentina y radicado en la ciudad de Nueva York desde 2016, Emiliano Messiez se ha convertido en uno de los pianistas de tango m\u00e1s solicitados en los Estados Unidos.\u00a0Con un estilo vers\u00e1til y \u00fanico, es igualmente experto en m\u00fasica cl\u00e1sica, jazz, tango, rock y ritmos latinoamericanos.\u00a0Ha actuado en todo el mundo y en los Estados Unidos en lugares como el Lincoln Center, el Museo Metropolitano de Arte de Nueva York y el Teatro de la \u00d3pera de Houston, entre otros.<\/p>\n<p>Si bien Messiez es el pianista del espect\u00e1culo \u201cForever Tango\u201d en Broadway y Londres (cuando regrese a los escenarios), tambi\u00e9n es compositor y director musical.\u00a0Dirige su propia orquesta llamada T\u00edpica Messiez.\u00a0Es el pianista de Underground Tango Ensemble, un cuarteto de tango con sede en la ciudad de Nueva York, que acaba de lanzar una nueva grabaci\u00f3n llamada \u00abEl Charr\u00faa\u00bb, un tributo de tango a la m\u00fasica del legendario compositor y maestro bandoneonista Ra\u00fal Jaurena.\u00a0Toda la m\u00fasica del disco fue compuesta por Jaurena.<\/p>\n<p>Un prol\u00edfico compositor de m\u00fasica original, Messiez ha creado la m\u00fasica para dos espect\u00e1culos: \u00abThe Guava Tree\u00bb, que fue encargado por Creede Repertory Theatre en Colorado y \u00abBordello The Musical\u00bb, que a\u00fan est\u00e1 en desarrollo pero ya recibi\u00f3 el reconocimiento de la Alianza Nacional de Teatro Musical con el Premio de Escritores en Residencia 2020, el Festival del Centro de Teatro Eugene O&#8217;Neil 2021 y el Festival de Teatro Bound de Broadway.<\/p>\n<p>Messiez, un pianista muy solicitado, ha actuado con algunos de los mejores m\u00fasicos del mundo, como Paquito de Rivera, Diego El Cigala, Dino Saluzzi, Concha Buika, Ra\u00fal Jaurena, Fernando Otero y Pedro Giraudo, entre otros.<\/p>\n<p><!--googleon: index--><br \/>\n<img decoding=\"async\" loading=\"lazy\" class=\"alignnone size-full wp-image-667485\" title=\"Descubriendo a Emiliano Messiez\" src=\"https:\/\/www.diario5.com.ar\/wp-content\/uploads\/2023\/03\/ar_capital_rosario20230328.jpg\" alt=\"Descubriendo a Emiliano Messiez\" width=\"700\" height=\"922\" srcset=\"https:\/\/www.diario5.com.ar\/wp-content\/uploads\/2023\/03\/ar_capital_rosario20230328.jpg 700w, https:\/\/www.diario5.com.ar\/wp-content\/uploads\/2023\/03\/ar_capital_rosario20230328-228x300.jpg 228w\" sizes=\"(max-width: 700px) 100vw, 700px\" \/><\/p>\n<p><img decoding=\"async\" loading=\"lazy\" class=\"alignnone size-full wp-image-667486\" title=\"Descubriendo a Emiliano Messiez\" src=\"https:\/\/www.diario5.com.ar\/wp-content\/uploads\/2023\/03\/ar_ambito20230328.jpg\" alt=\"Descubriendo a Emiliano Messiez\" width=\"700\" height=\"973\" srcset=\"https:\/\/www.diario5.com.ar\/wp-content\/uploads\/2023\/03\/ar_ambito20230328.jpg 700w, https:\/\/www.diario5.com.ar\/wp-content\/uploads\/2023\/03\/ar_ambito20230328-216x300.jpg 216w\" sizes=\"(max-width: 700px) 100vw, 700px\" \/><\/p>\n<p><img decoding=\"async\" loading=\"lazy\" class=\"alignnone size-full wp-image-667487\" title=\"Descubriendo a Emiliano Messiez\" src=\"https:\/\/www.diario5.com.ar\/wp-content\/uploads\/2023\/03\/esquiu20230328.jpg\" alt=\"Descubriendo a Emiliano Messiez\" width=\"700\" height=\"920\" srcset=\"https:\/\/www.diario5.com.ar\/wp-content\/uploads\/2023\/03\/esquiu20230328.jpg 700w, https:\/\/www.diario5.com.ar\/wp-content\/uploads\/2023\/03\/esquiu20230328-228x300.jpg 228w\" sizes=\"(max-width: 700px) 100vw, 700px\" \/><\/p>\n<p><img decoding=\"async\" loading=\"lazy\" class=\"alignnone size-full wp-image-667488\" title=\"Descubriendo a Emiliano Messiez\" src=\"https:\/\/www.diario5.com.ar\/wp-content\/uploads\/2023\/03\/ar_diario_norte20230328.jpg\" alt=\"Descubriendo a Emiliano Messiez\" width=\"700\" height=\"911\" srcset=\"https:\/\/www.diario5.com.ar\/wp-content\/uploads\/2023\/03\/ar_diario_norte20230328.jpg 700w, https:\/\/www.diario5.com.ar\/wp-content\/uploads\/2023\/03\/ar_diario_norte20230328-231x300.jpg 231w\" sizes=\"(max-width: 700px) 100vw, 700px\" \/><\/p>\n<p><img decoding=\"async\" loading=\"lazy\" class=\"alignnone size-full wp-image-667489\" title=\"Descubriendo a Emiliano Messiez\" src=\"https:\/\/www.diario5.com.ar\/wp-content\/uploads\/2023\/03\/voz_chaco20230328.jpg\" alt=\"Descubriendo a Emiliano Messiez\" width=\"700\" height=\"825\" srcset=\"https:\/\/www.diario5.com.ar\/wp-content\/uploads\/2023\/03\/voz_chaco20230328.jpg 700w, https:\/\/www.diario5.com.ar\/wp-content\/uploads\/2023\/03\/voz_chaco20230328-255x300.jpg 255w\" sizes=\"(max-width: 700px) 100vw, 700px\" \/><\/p>\n<p><img decoding=\"async\" loading=\"lazy\" class=\"alignnone size-full wp-image-667490\" title=\"Descubriendo a Emiliano Messiez\" src=\"https:\/\/www.diario5.com.ar\/wp-content\/uploads\/2023\/03\/ar_cronista20230328.jpg\" alt=\"Descubriendo a Emiliano Messiez\" width=\"700\" height=\"1001\" srcset=\"https:\/\/www.diario5.com.ar\/wp-content\/uploads\/2023\/03\/ar_cronista20230328.jpg 700w, https:\/\/www.diario5.com.ar\/wp-content\/uploads\/2023\/03\/ar_cronista20230328-210x300.jpg 210w\" sizes=\"(max-width: 700px) 100vw, 700px\" \/><\/p>\n<p><img decoding=\"async\" loading=\"lazy\" class=\"alignnone size-large wp-image-667506\" title=\"Descubriendo a Emiliano Messiez\" src=\"https:\/\/www.diario5.com.ar\/wp-content\/uploads\/2023\/03\/ar_eldia20230328-686x1024.jpg\" alt=\"Descubriendo a Emiliano Messiez\" width=\"686\" height=\"1024\" srcset=\"https:\/\/www.diario5.com.ar\/wp-content\/uploads\/2023\/03\/ar_eldia20230328-686x1024.jpg 686w, https:\/\/www.diario5.com.ar\/wp-content\/uploads\/2023\/03\/ar_eldia20230328-201x300.jpg 201w, https:\/\/www.diario5.com.ar\/wp-content\/uploads\/2023\/03\/ar_eldia20230328.jpg 700w\" sizes=\"(max-width: 686px) 100vw, 686px\" \/><\/p>\n<p><img decoding=\"async\" loading=\"lazy\" class=\"alignnone size-full wp-image-667491\" title=\"Descubriendo a Emiliano Messiez\" src=\"https:\/\/www.diario5.com.ar\/wp-content\/uploads\/2023\/03\/ar_hoy20230328.jpg\" alt=\"Descubriendo a Emiliano Messiez\" width=\"700\" height=\"910\" srcset=\"https:\/\/www.diario5.com.ar\/wp-content\/uploads\/2023\/03\/ar_hoy20230328.jpg 700w, https:\/\/www.diario5.com.ar\/wp-content\/uploads\/2023\/03\/ar_hoy20230328-231x300.jpg 231w\" sizes=\"(max-width: 700px) 100vw, 700px\" \/><\/p>\n<p><img decoding=\"async\" loading=\"lazy\" class=\"alignnone size-full wp-image-667492\" title=\"Descubriendo a Emiliano Messiez\" src=\"https:\/\/www.diario5.com.ar\/wp-content\/uploads\/2023\/03\/ar_chubut20230328.jpg\" alt=\"Descubriendo a Emiliano Messiez\" width=\"700\" height=\"902\" srcset=\"https:\/\/www.diario5.com.ar\/wp-content\/uploads\/2023\/03\/ar_chubut20230328.jpg 700w, https:\/\/www.diario5.com.ar\/wp-content\/uploads\/2023\/03\/ar_chubut20230328-233x300.jpg 233w\" sizes=\"(max-width: 700px) 100vw, 700px\" \/><\/p>\n<p><img decoding=\"async\" loading=\"lazy\" class=\"alignnone size-full wp-image-667493\" title=\"Descubriendo a Emiliano Messiez\" src=\"https:\/\/www.diario5.com.ar\/wp-content\/uploads\/2023\/03\/ar_epoca20230328.jpg\" alt=\"Descubriendo a Emiliano Messiez\" width=\"700\" height=\"908\" srcset=\"https:\/\/www.diario5.com.ar\/wp-content\/uploads\/2023\/03\/ar_epoca20230328.jpg 700w, https:\/\/www.diario5.com.ar\/wp-content\/uploads\/2023\/03\/ar_epoca20230328-231x300.jpg 231w\" sizes=\"(max-width: 700px) 100vw, 700px\" \/><\/p>\n<p><img decoding=\"async\" loading=\"lazy\" class=\"alignnone size-full wp-image-667494\" title=\"Descubriendo a Emiliano Messiez\" src=\"https:\/\/www.diario5.com.ar\/wp-content\/uploads\/2023\/03\/ar_litoral20230328.jpg\" alt=\"Descubriendo a Emiliano Messiez\" width=\"700\" height=\"919\" srcset=\"https:\/\/www.diario5.com.ar\/wp-content\/uploads\/2023\/03\/ar_litoral20230328.jpg 700w, https:\/\/www.diario5.com.ar\/wp-content\/uploads\/2023\/03\/ar_litoral20230328-229x300.jpg 229w\" sizes=\"(max-width: 700px) 100vw, 700px\" \/><\/p>\n<p><img decoding=\"async\" loading=\"lazy\" class=\"alignnone size-full wp-image-667495\" title=\"Descubriendo a Emiliano Messiez\" src=\"https:\/\/www.diario5.com.ar\/wp-content\/uploads\/2023\/03\/ar_heraldo20230328.jpg\" alt=\"Descubriendo a Emiliano Messiez\" width=\"700\" height=\"846\" srcset=\"https:\/\/www.diario5.com.ar\/wp-content\/uploads\/2023\/03\/ar_heraldo20230328.jpg 700w, https:\/\/www.diario5.com.ar\/wp-content\/uploads\/2023\/03\/ar_heraldo20230328-248x300.jpg 248w\" sizes=\"(max-width: 700px) 100vw, 700px\" \/><\/p>\n<p><img decoding=\"async\" loading=\"lazy\" class=\"alignnone size-full wp-image-667496\" title=\"Descubriendo a Emiliano Messiez\" src=\"https:\/\/www.diario5.com.ar\/wp-content\/uploads\/2023\/03\/ar_pagina1220230328.jpg\" alt=\"Descubriendo a Emiliano Messiez\" width=\"700\" height=\"876\" srcset=\"https:\/\/www.diario5.com.ar\/wp-content\/uploads\/2023\/03\/ar_pagina1220230328.jpg 700w, https:\/\/www.diario5.com.ar\/wp-content\/uploads\/2023\/03\/ar_pagina1220230328-240x300.jpg 240w\" sizes=\"(max-width: 700px) 100vw, 700px\" \/><\/p>\n<p><img decoding=\"async\" loading=\"lazy\" class=\"alignnone size-full wp-image-667497\" title=\"Descubriendo a Emiliano Messiez\" src=\"https:\/\/www.diario5.com.ar\/wp-content\/uploads\/2023\/03\/ar_losandes20230328.jpg\" alt=\"Descubriendo a Emiliano Messiez\" width=\"700\" height=\"966\" srcset=\"https:\/\/www.diario5.com.ar\/wp-content\/uploads\/2023\/03\/ar_losandes20230328.jpg 700w, https:\/\/www.diario5.com.ar\/wp-content\/uploads\/2023\/03\/ar_losandes20230328-217x300.jpg 217w\" sizes=\"(max-width: 700px) 100vw, 700px\" \/><\/p>\n<p><img decoding=\"async\" loading=\"lazy\" class=\"alignnone size-large wp-image-667498\" title=\"Descubriendo a Emiliano Messiez\" src=\"https:\/\/www.diario5.com.ar\/wp-content\/uploads\/2023\/03\/ar_rio_negro20230328-689x1024.jpg\" alt=\"Descubriendo a Emiliano Messiez\" width=\"689\" height=\"1024\" srcset=\"https:\/\/www.diario5.com.ar\/wp-content\/uploads\/2023\/03\/ar_rio_negro20230328-689x1024.jpg 689w, https:\/\/www.diario5.com.ar\/wp-content\/uploads\/2023\/03\/ar_rio_negro20230328-202x300.jpg 202w, https:\/\/www.diario5.com.ar\/wp-content\/uploads\/2023\/03\/ar_rio_negro20230328.jpg 700w\" sizes=\"(max-width: 689px) 100vw, 689px\" \/><\/p>\n<p><img decoding=\"async\" loading=\"lazy\" class=\"alignnone size-large wp-image-667507\" title=\"Descubriendo a Emiliano Messiez\" src=\"https:\/\/www.diario5.com.ar\/wp-content\/uploads\/2023\/03\/ar_diario_cuyo20230328-682x1024.jpg\" alt=\"Descubriendo a Emiliano Messiez\" width=\"682\" height=\"1024\" srcset=\"https:\/\/www.diario5.com.ar\/wp-content\/uploads\/2023\/03\/ar_diario_cuyo20230328-682x1024.jpg 682w, https:\/\/www.diario5.com.ar\/wp-content\/uploads\/2023\/03\/ar_diario_cuyo20230328-200x300.jpg 200w, https:\/\/www.diario5.com.ar\/wp-content\/uploads\/2023\/03\/ar_diario_cuyo20230328.jpg 700w\" sizes=\"(max-width: 682px) 100vw, 682px\" \/><\/p>\n<p><img decoding=\"async\" loading=\"lazy\" class=\"alignnone size-full wp-image-667508\" title=\"Descubriendo a Emiliano Messiez\" src=\"https:\/\/www.diario5.com.ar\/wp-content\/uploads\/2023\/03\/ar_diario_republica20230328.jpg\" alt=\"Descubriendo a Emiliano Messiez\" width=\"700\" height=\"976\" srcset=\"https:\/\/www.diario5.com.ar\/wp-content\/uploads\/2023\/03\/ar_diario_republica20230328.jpg 700w, https:\/\/www.diario5.com.ar\/wp-content\/uploads\/2023\/03\/ar_diario_republica20230328-215x300.jpg 215w\" sizes=\"(max-width: 700px) 100vw, 700px\" \/><\/p>\n<p><img decoding=\"async\" loading=\"lazy\" class=\"alignnone size-full wp-image-667509\" title=\"Descubriendo a Emiliano Messiez\" src=\"https:\/\/www.diario5.com.ar\/wp-content\/uploads\/2023\/03\/ar_litoral_sfe20230328.jpg\" alt=\"Descubriendo a Emiliano Messiez\" width=\"700\" height=\"934\" srcset=\"https:\/\/www.diario5.com.ar\/wp-content\/uploads\/2023\/03\/ar_litoral_sfe20230328.jpg 700w, https:\/\/www.diario5.com.ar\/wp-content\/uploads\/2023\/03\/ar_litoral_sfe20230328-225x300.jpg 225w\" sizes=\"(max-width: 700px) 100vw, 700px\" \/><\/p>\n<p><img decoding=\"async\" loading=\"lazy\" class=\"alignnone size-full wp-image-667499\" title=\"Descubriendo a Emiliano Messiez\" src=\"https:\/\/www.diario5.com.ar\/wp-content\/uploads\/2023\/03\/ciudadano20230328.jpg\" alt=\"Descubriendo a Emiliano Messiez\" width=\"700\" height=\"914\" srcset=\"https:\/\/www.diario5.com.ar\/wp-content\/uploads\/2023\/03\/ciudadano20230328.jpg 700w, https:\/\/www.diario5.com.ar\/wp-content\/uploads\/2023\/03\/ciudadano20230328-230x300.jpg 230w\" sizes=\"(max-width: 700px) 100vw, 700px\" \/><\/p>\n<p><img decoding=\"async\" loading=\"lazy\" class=\"alignnone size-full wp-image-667510\" title=\"Descubriendo a Emiliano Messiez\" src=\"https:\/\/www.diario5.com.ar\/wp-content\/uploads\/2023\/03\/ar_mirador_provincial20230328.jpg\" alt=\"Descubriendo a Emiliano Messiez\" width=\"700\" height=\"934\" srcset=\"https:\/\/www.diario5.com.ar\/wp-content\/uploads\/2023\/03\/ar_mirador_provincial20230328.jpg 700w, https:\/\/www.diario5.com.ar\/wp-content\/uploads\/2023\/03\/ar_mirador_provincial20230328-225x300.jpg 225w\" sizes=\"(max-width: 700px) 100vw, 700px\" \/><\/p>\n<p><img decoding=\"async\" loading=\"lazy\" class=\"alignnone size-large wp-image-667500\" title=\"Descubriendo a Emiliano Messiez\" src=\"https:\/\/www.diario5.com.ar\/wp-content\/uploads\/2023\/03\/ar_gaceta20230328-621x1024.jpg\" alt=\"Descubriendo a Emiliano Messiez\" width=\"621\" height=\"1024\" srcset=\"https:\/\/www.diario5.com.ar\/wp-content\/uploads\/2023\/03\/ar_gaceta20230328-621x1024.jpg 621w, https:\/\/www.diario5.com.ar\/wp-content\/uploads\/2023\/03\/ar_gaceta20230328-182x300.jpg 182w, https:\/\/www.diario5.com.ar\/wp-content\/uploads\/2023\/03\/ar_gaceta20230328.jpg 700w\" sizes=\"(max-width: 621px) 100vw, 621px\" \/><\/p>\n<p><img decoding=\"async\" loading=\"lazy\" class=\"alignnone size-full wp-image-667501\" title=\"Descubriendo a Emiliano Messiez\" src=\"https:\/\/www.diario5.com.ar\/wp-content\/uploads\/2023\/03\/ar_cronica20230328.jpg\" alt=\"Descubriendo a Emiliano Messiez\" width=\"700\" height=\"822\" srcset=\"https:\/\/www.diario5.com.ar\/wp-content\/uploads\/2023\/03\/ar_cronica20230328.jpg 700w, https:\/\/www.diario5.com.ar\/wp-content\/uploads\/2023\/03\/ar_cronica20230328-255x300.jpg 255w\" sizes=\"(max-width: 700px) 100vw, 700px\" \/><\/p>\n<p><img decoding=\"async\" loading=\"lazy\" class=\"alignnone size-full wp-image-667511\" title=\"Descubriendo a Emiliano Messiez\" src=\"https:\/\/www.diario5.com.ar\/wp-content\/uploads\/2023\/03\/ar_clarin20230328.jpg\" alt=\"Descubriendo a Emiliano Messiez\" width=\"700\" height=\"971\" srcset=\"https:\/\/www.diario5.com.ar\/wp-content\/uploads\/2023\/03\/ar_clarin20230328.jpg 700w, https:\/\/www.diario5.com.ar\/wp-content\/uploads\/2023\/03\/ar_clarin20230328-216x300.jpg 216w\" sizes=\"(max-width: 700px) 100vw, 700px\" \/><\/p>\n<p><img decoding=\"async\" loading=\"lazy\" class=\"alignnone size-large wp-image-667502\" title=\"Descubriendo a Emiliano Messiez\" src=\"https:\/\/www.diario5.com.ar\/wp-content\/uploads\/2023\/03\/nacion20230328-676x1024.jpg\" alt=\"Descubriendo a Emiliano Messiez\" width=\"676\" height=\"1024\" srcset=\"https:\/\/www.diario5.com.ar\/wp-content\/uploads\/2023\/03\/nacion20230328-676x1024.jpg 676w, https:\/\/www.diario5.com.ar\/wp-content\/uploads\/2023\/03\/nacion20230328-198x300.jpg 198w, https:\/\/www.diario5.com.ar\/wp-content\/uploads\/2023\/03\/nacion20230328.jpg 700w\" sizes=\"(max-width: 676px) 100vw, 676px\" \/><\/p>\n<p><img decoding=\"async\" loading=\"lazy\" class=\"alignnone size-full wp-image-667503\" title=\"Descubriendo a Emiliano Messiez\" src=\"https:\/\/www.diario5.com.ar\/wp-content\/uploads\/2023\/03\/nuevo_diario20230328.jpg\" alt=\"Descubriendo a Emiliano Messiez\" width=\"700\" height=\"969\" srcset=\"https:\/\/www.diario5.com.ar\/wp-content\/uploads\/2023\/03\/nuevo_diario20230328.jpg 700w, https:\/\/www.diario5.com.ar\/wp-content\/uploads\/2023\/03\/nuevo_diario20230328-217x300.jpg 217w\" sizes=\"(max-width: 700px) 100vw, 700px\" \/><\/p>\n<p><img decoding=\"async\" loading=\"lazy\" class=\"alignnone size-full wp-image-667504\" title=\"Descubriendo a Emiliano Messiez\" src=\"https:\/\/www.diario5.com.ar\/wp-content\/uploads\/2023\/03\/ar_sureno20230328.jpg\" alt=\"Descubriendo a Emiliano Messiez\" width=\"700\" height=\"918\" srcset=\"https:\/\/www.diario5.com.ar\/wp-content\/uploads\/2023\/03\/ar_sureno20230328.jpg 700w, https:\/\/www.diario5.com.ar\/wp-content\/uploads\/2023\/03\/ar_sureno20230328-229x300.jpg 229w\" sizes=\"(max-width: 700px) 100vw, 700px\" \/><\/p>\n<p><img decoding=\"async\" loading=\"lazy\" class=\"alignnone size-full wp-image-667505\" title=\"Descubriendo a Emiliano Messiez\" src=\"https:\/\/www.diario5.com.ar\/wp-content\/uploads\/2023\/03\/120230328.jpg\" alt=\"Descubriendo a Emiliano Messiez\" width=\"500\" height=\"652\" srcset=\"https:\/\/www.diario5.com.ar\/wp-content\/uploads\/2023\/03\/120230328.jpg 500w, https:\/\/www.diario5.com.ar\/wp-content\/uploads\/2023\/03\/120230328-230x300.jpg 230w\" sizes=\"(max-width: 500px) 100vw, 500px\" \/><\/p>\n<p>&nbsp;<\/p>","protected":false},"excerpt":{"rendered":"<p>El pianista del tr\u00edo que se completa con Horacio Romo y Pablo Agri y que esta noche cierra sus presentaciones en Buenos Aires, carga con un bagaje art\u00edstico internacional que no parece ser igualado por otros argentinos de su generaci\u00f3n. Emiliano Messiez es un m\u00fasico argentino a\u00fan a medio descubrir. Y, quiz\u00e1s, decir \u00abmedio\u00bb es [&hellip;]<\/p>","protected":false},"author":1,"featured_media":667481,"comment_status":"open","ping_status":"open","sticky":false,"template":"","format":"standard","meta":[],"categories":[5,16,56],"tags":[],"series":[],"_links":{"self":[{"href":"https:\/\/www.diario5.com.ar\/es\/wp-json\/wp\/v2\/posts\/636562"}],"collection":[{"href":"https:\/\/www.diario5.com.ar\/es\/wp-json\/wp\/v2\/posts"}],"about":[{"href":"https:\/\/www.diario5.com.ar\/es\/wp-json\/wp\/v2\/types\/post"}],"author":[{"embeddable":true,"href":"https:\/\/www.diario5.com.ar\/es\/wp-json\/wp\/v2\/users\/1"}],"replies":[{"embeddable":true,"href":"https:\/\/www.diario5.com.ar\/es\/wp-json\/wp\/v2\/comments?post=636562"}],"version-history":[{"count":8,"href":"https:\/\/www.diario5.com.ar\/es\/wp-json\/wp\/v2\/posts\/636562\/revisions"}],"predecessor-version":[{"id":667516,"href":"https:\/\/www.diario5.com.ar\/es\/wp-json\/wp\/v2\/posts\/636562\/revisions\/667516"}],"wp:featuredmedia":[{"embeddable":true,"href":"https:\/\/www.diario5.com.ar\/es\/wp-json\/wp\/v2\/media\/667481"}],"wp:attachment":[{"href":"https:\/\/www.diario5.com.ar\/es\/wp-json\/wp\/v2\/media?parent=636562"}],"wp:term":[{"taxonomy":"category","embeddable":true,"href":"https:\/\/www.diario5.com.ar\/es\/wp-json\/wp\/v2\/categories?post=636562"},{"taxonomy":"post_tag","embeddable":true,"href":"https:\/\/www.diario5.com.ar\/es\/wp-json\/wp\/v2\/tags?post=636562"},{"taxonomy":"series","embeddable":true,"href":"https:\/\/www.diario5.com.ar\/es\/wp-json\/wp\/v2\/series?post=636562"}],"curies":[{"name":"wp","href":"https:\/\/api.w.org\/{rel}","templated":true}]}}