{"id":636551,"date":"2023-03-17T06:50:00","date_gmt":"2023-03-17T09:50:00","guid":{"rendered":"http:\/\/diario5.com.ar\/?p=636551"},"modified":"2023-03-17T06:56:32","modified_gmt":"2023-03-17T09:56:32","slug":"636551","status":"publish","type":"post","link":"https:\/\/www.diario5.com.ar\/es\/636551\/","title":{"rendered":"El San Patricio del Fin del Mundo"},"content":{"rendered":"<h2 class=\"sub-title-primary\">El D\u00eda de San Patricio se celebra en la Argentina, particularmente en Buenos Aires, desde fines del S XIX, donde se congreg\u00f3 una importante comunidad irlandesa, de la que hoy sus descendientes sostienen la tradici\u00f3n. Naturalmente, no es feriado nacional en nuestro pa\u00eds pero es reconocido y celebrado por muchas personas de ascendencia irlandesa y otras que disfrutan de su cultura.<\/h2> <p><img decoding=\"async\" loading=\"lazy\" class=\"alignnone size-full wp-image-667026\" src=\"https:\/\/www.diario5.com.ar\/wp-content\/uploads\/2023\/03\/shamrocks-120230317.jpg\" width=\"424\" height=\"283\" alt=\"El San Patricio del Fin del Mundo\" title=\"El San Patricio del Fin del Mundo\" srcset=\"https:\/\/www.diario5.com.ar\/wp-content\/uploads\/2023\/03\/shamrocks-120230317.jpg 424w, https:\/\/www.diario5.com.ar\/wp-content\/uploads\/2023\/03\/shamrocks-120230317-300x200.jpg 300w\" sizes=\"(max-width: 424px) 100vw, 424px\" \/><\/p>\n<p>El D\u00eda de San Patricio es una fiesta cultural y religiosa que se celebra el 17 de marzo de cada a\u00f1o. Lleva el nombre de San Patricio, que es el santo patr\u00f3n de Irlanda. Patricio fue un misionero cristiano al que se le atribuye haber llevado el cristianismo a Irlanda en el siglo quinto.<\/p>\n<p>El D\u00eda de San Patricio es celebrado por personas de ascendencia irlandesa en todo el mundo y tambi\u00e9n se ha convertido en una fiesta popular secular. Por lo general, se asocia con el color verde, los tr\u00e9boles, los duendes y la cultura irlandesa en general.<\/p>\n<p>En Irlanda es un d\u00eda festivo y se celebra con desfiles, festivales y otros eventos. En otros pa\u00edses, incluidos los Estados Unidos, Canad\u00e1 y Australia, tambi\u00e9n se celebra con desfiles y otras festividades, que a menudo involucran comidas y bebidas irlandesas tradicionales, como carne en conserva y repollo y cerveza.<\/p>\n<p>Sin embargo, cabe se\u00f1alar que en los \u00faltimos a\u00f1os ha habido una creciente preocupaci\u00f3n por la comercializaci\u00f3n del D\u00eda de San Patricio y la perpetuaci\u00f3n de estereotipos negativos sobre los irlandeses. Algunas personas han pedido un regreso a las ra\u00edces m\u00e1s tradicionales de la festividad y un enfoque en la celebraci\u00f3n de la cultura y el patrimonio irland\u00e9s de una manera respetuosa y significativa.<\/p>\n<p>Quien fue San Patricio<\/p>\n<p>San Patricio fue un misionero cristiano y obispo a quien se le atribuye haber tra\u00eddo el cristianismo a Irlanda. Naci\u00f3 en Gran Breta\u00f1a a finales del siglo IV y fue secuestrado por asaltantes irlandeses cuando era un adolescente. Lo llevaron a Irlanda y lo obligaron a trabajar como esclavo, pero finalmente escap\u00f3 y regres\u00f3 a Gran Breta\u00f1a.<\/p>\n<p>Despu\u00e9s de convertirse en cristiano, Patrick se sinti\u00f3 llamado a regresar a Irlanda como misionero para difundir el mensaje del cristianismo al pueblo irland\u00e9s. Pas\u00f3 muchos a\u00f1os viajando por todo el pa\u00eds, predicando y bautizando conversos y estableciendo iglesias y monasterios.<\/p>\n<p>Una de las leyendas m\u00e1s famosas asociadas con San Patricio es que us\u00f3 el tr\u00e9bol de tres hojas para explicar el concepto de la Sant\u00edsima Trinidad (el Padre, el Hijo y el Esp\u00edritu Santo) al pueblo irland\u00e9s. Es por eso que el tr\u00e9bol se ha convertido en un s\u00edmbolo del D\u00eda de San Patricio y de Irlanda en general.<\/p>\n<p>San Patricio muri\u00f3 el 17 de marzo, probablemente en el a\u00f1o 461. Ahora es el santo patr\u00f3n de Irlanda y su fiesta, el D\u00eda de San Patricio, se celebra el 17 de marzo de cada a\u00f1o.<\/p>\n<p>\u00bfPor qu\u00e9 el verde es el color s\u00edmbolo de San Patricio?<\/p>\n<p>El color verde est\u00e1 asociado con el D\u00eda de San Patricio porque es el color nacional de Irlanda. El verde se ha utilizado como s\u00edmbolo del nacionalismo y orgullo irland\u00e9s durante siglos, desde el siglo XVII, cuando se adopt\u00f3 la bandera del arpa verde como s\u00edmbolo de la resistencia irlandesa al dominio brit\u00e1nico.<\/p>\n<p>Adem\u00e1s, el verde tambi\u00e9n se asocia con el exuberante paisaje verde de Irlanda, que a menudo se llama la \u00abIsla Esmeralda\u00bb. El color tambi\u00e9n se asocia com\u00fanmente con la primavera y el renacimiento, lo que lo convierte en un color apropiado para una festividad que cae cerca del equinoccio de primavera.<\/p>\n<p>Con el tiempo, el color verde se ha asociado fuertemente con el D\u00eda de San Patricio y ahora es el color dominante que se usa en las decoraciones y la ropa para la festividad. Las personas a menudo usan ropa o accesorios verdes, decoran sus hogares y negocios con adornos verdes e incluso ti\u00f1en los alimentos y las bebidas de verde en honor a la festividad.<\/p>\n<p>&nbsp;<\/p>\n<p><strong>\u00bfQu\u00e9 pasa con la relaci\u00f3n entre el d\u00eda de San Patricio y las bebidas?<\/strong><\/p>\n<p>A lo largo de los a\u00f1os, el D\u00eda de San Patricio se ha asociado con el consumo de alcohol, en particular con la cerveza o el whisky. Esta asociaci\u00f3n puede haberse originado por el hecho de que el D\u00eda de San Patricio cae durante la temporada cristiana de Cuaresma, cuando tradicionalmente se abstiene del alcohol. Sin embargo, el D\u00eda de San Patricio no es una festividad religiosa de la misma manera que lo son la Navidad o la Pascua y no es un requisito de la festividad consumir alcohol.<\/p>\n<p>En los \u00faltimos a\u00f1os, ha habido un movimiento creciente para centrarse en celebrar el significado cultural e hist\u00f3rico del D\u00eda de San Patricio, en lugar de usarlo simplemente plemente como una excusa para beber y para que los adictos a la diversi\u00f3n vac\u00eda se emborrachen en los pubs..<\/p>\n<p>Muchas comunidades ahora est\u00e1n organizando eventos familiares que destacan la m\u00fasica, el baile, la comida y otras tradiciones irlandesas.<\/p>\n<p>&nbsp;<\/p>\n<p>Es importante recordar que el consumo excesivo de alcohol puede ser perjudicial para la salud y la seguridad y es importante beber con responsabilidad y evitar conducir bajo los efectos del alcohol. Si elige beber alcohol el D\u00eda de San Patricio o cualquier otro d\u00eda, h\u00e1galo con moderaci\u00f3n y aseg\u00farese de planificar con anticipaci\u00f3n una manera segura y responsable de llegar a casa.<\/p>\n<p>La cerveza Guinness Se import\u00f3 por primera vez a los EE. UU. en 1817, mientras que en Irlanda, la tradici\u00f3n de beber Guinness el\u00a0d\u00eda de San Patricio se remonta a 1759, seg\u00fan la compa\u00f1\u00eda cervecera, en un alarde extraordinario de amalgama de los rituales populares casi irrefutables con el marketing m\u00e1s rancio y salvaje.<\/p>\n<p><strong>Aqu\u00ed<\/strong><\/p>\n<p>En Buenos Aires, hay un desfile anual del D\u00eda de San Patricio que atrae a miles de personas cada a\u00f1o. El desfile presenta m\u00fasica y bailes irlandeses tradicionales, as\u00ed como carrozas y otras exhibiciones. Muchos bares y restaurantes en Buenos Aires tambi\u00e9n celebran la festividad ofreciendo comidas y bebidas especiales de tem\u00e1tica irlandesa.<\/p>\n<p>Fuera de Buenos Aires, tambi\u00e9n hay otras comunidades en Argentina que celebran el D\u00eda de San Patricio, particularmente en la provincia de Tucum\u00e1n, donde existe un pueblo llamado \u00abSan Patricio del Cha\u00f1ar\u00bb que fue fundado por irlandeses inmigrantes en el siglo XIX.<\/p>\n<p>En general, el D\u00eda de San Patricio no se celebra tanto en Argentina como en otros pa\u00edses, como Estados Unidos o Irlanda, pero sigue siendo una fiesta importante para muchas personas de ascendencia irlandesa y una ocasi\u00f3n divertida y festiva para todos. que participan.<\/p>\n<p>La cultura irlandesa, expandida por efecto efecto de las masivas emigraciones de su pueblo en diversas etapas, lleg\u00f3 al Sur del Sur de Am\u00e9rica y se insert\u00f3 como parte de la combinaci\u00f3n de costumbres populares que conformaron la vida social del Fin del Mundo, es decir, la Rep\u00fablica Argentina.<\/p>\n<p><!--googleoff: index--><br \/>\n<!--googleon: index--><br \/>\n<img decoding=\"async\" src=\"https:\/\/img.kiosko.net\/2023\/03\/17\/ar\/ar_capital_rosario.jpg\" \/><\/p>\n<p><img decoding=\"async\" src=\"https:\/\/img.kiosko.net\/2023\/03\/17\/ar\/ar_nueva_provincia.jpg\" \/><\/p>\n<p><img decoding=\"async\" loading=\"lazy\" class=\"alignnone size-full wp-image-667027\" src=\"https:\/\/www.diario5.com.ar\/wp-content\/uploads\/2023\/03\/ar_ambito20230317.jpg\" width=\"700\" height=\"955\" alt=\"El San Patricio del Fin del Mundo\" title=\"El San Patricio del Fin del Mundo\" srcset=\"https:\/\/www.diario5.com.ar\/wp-content\/uploads\/2023\/03\/ar_ambito20230317.jpg 700w, https:\/\/www.diario5.com.ar\/wp-content\/uploads\/2023\/03\/ar_ambito20230317-220x300.jpg 220w\" sizes=\"(max-width: 700px) 100vw, 700px\" \/><\/p>\n<p><img decoding=\"async\" loading=\"lazy\" class=\"alignnone size-full wp-image-667028\" src=\"https:\/\/www.diario5.com.ar\/wp-content\/uploads\/2023\/03\/esquiu20230317.jpg\" width=\"700\" height=\"924\" alt=\"El San Patricio del Fin del Mundo\" title=\"El San Patricio del Fin del Mundo\" srcset=\"https:\/\/www.diario5.com.ar\/wp-content\/uploads\/2023\/03\/esquiu20230317.jpg 700w, https:\/\/www.diario5.com.ar\/wp-content\/uploads\/2023\/03\/esquiu20230317-227x300.jpg 227w\" sizes=\"(max-width: 700px) 100vw, 700px\" \/><\/p>\n<p><img decoding=\"async\" src=\"https:\/\/img.kiosko.net\/2023\/03\/17\/ar\/ar_diario_norte.jpg\" \/><\/p>\n<p><img decoding=\"async\" src=\"https:\/\/img.kiosko.net\/2023\/03\/17\/ar\/voz_chaco.jpg\" \/><\/p>\n<p><img decoding=\"async\" src=\"https:\/\/img.kiosko.net\/2023\/03\/17\/ar\/ar_diario_madryn.jpg\" \/><\/p>\n<p><img decoding=\"async\" src=\"https:\/\/img.kiosko.net\/2023\/03\/17\/ar\/ar_laprensa.jpg\" \/><\/p>\n<p><img decoding=\"async\" loading=\"lazy\" class=\"alignnone size-full wp-image-667029\" src=\"https:\/\/www.diario5.com.ar\/wp-content\/uploads\/2023\/03\/ar_cronista20230317.jpg\" width=\"700\" height=\"1025\" alt=\"El San Patricio del Fin del Mundo\" title=\"El San Patricio del Fin del Mundo\" srcset=\"https:\/\/www.diario5.com.ar\/wp-content\/uploads\/2023\/03\/ar_cronista20230317.jpg 700w, https:\/\/www.diario5.com.ar\/wp-content\/uploads\/2023\/03\/ar_cronista20230317-205x300.jpg 205w\" sizes=\"(max-width: 700px) 100vw, 700px\" \/><\/p>\n<p><img decoding=\"async\" src=\"https:\/\/img.kiosko.net\/2023\/03\/17\/ar\/buenosaires_economico.jpg\" \/><\/p>\n<p><img decoding=\"async\" src=\"https:\/\/img.kiosko.net\/2023\/03\/17\/ar\/ar_perfil.jpg\" \/><\/p>\n<p><img decoding=\"async\" loading=\"lazy\" class=\"alignnone size-large wp-image-667030\" src=\"https:\/\/www.diario5.com.ar\/wp-content\/uploads\/2023\/03\/ar_eldia20230317-686x1024.jpg\" width=\"686\" height=\"1024\" alt=\"El San Patricio del Fin del Mundo\" title=\"El San Patricio del Fin del Mundo\" srcset=\"https:\/\/www.diario5.com.ar\/wp-content\/uploads\/2023\/03\/ar_eldia20230317-686x1024.jpg 686w, https:\/\/www.diario5.com.ar\/wp-content\/uploads\/2023\/03\/ar_eldia20230317-201x300.jpg 201w, https:\/\/www.diario5.com.ar\/wp-content\/uploads\/2023\/03\/ar_eldia20230317.jpg 700w\" sizes=\"(max-width: 686px) 100vw, 686px\" \/><\/p>\n<p><img decoding=\"async\" loading=\"lazy\" class=\"alignnone size-full wp-image-667031\" src=\"https:\/\/www.diario5.com.ar\/wp-content\/uploads\/2023\/03\/ar_hoy20230317.jpg\" width=\"700\" height=\"922\" alt=\"El San Patricio del Fin del Mundo\" title=\"El San Patricio del Fin del Mundo\" srcset=\"https:\/\/www.diario5.com.ar\/wp-content\/uploads\/2023\/03\/ar_hoy20230317.jpg 700w, https:\/\/www.diario5.com.ar\/wp-content\/uploads\/2023\/03\/ar_hoy20230317-228x300.jpg 228w\" sizes=\"(max-width: 700px) 100vw, 700px\" \/><\/p>\n<p><img decoding=\"async\" src=\"https:\/\/img.kiosko.net\/2023\/03\/17\/ar\/ar_democracia.jpg\" \/><\/p>\n<p><img decoding=\"async\" loading=\"lazy\" class=\"alignnone size-full wp-image-667032\" src=\"https:\/\/www.diario5.com.ar\/wp-content\/uploads\/2023\/03\/ar_chubut20230317.jpg\" width=\"700\" height=\"902\" alt=\"El San Patricio del Fin del Mundo\" title=\"El San Patricio del Fin del Mundo\" srcset=\"https:\/\/www.diario5.com.ar\/wp-content\/uploads\/2023\/03\/ar_chubut20230317.jpg 700w, https:\/\/www.diario5.com.ar\/wp-content\/uploads\/2023\/03\/ar_chubut20230317-233x300.jpg 233w\" sizes=\"(max-width: 700px) 100vw, 700px\" \/><\/p>\n<p><img decoding=\"async\" loading=\"lazy\" class=\"alignnone size-full wp-image-667033\" src=\"https:\/\/www.diario5.com.ar\/wp-content\/uploads\/2023\/03\/ar_epoca20230317.jpg\" width=\"700\" height=\"908\" alt=\"El San Patricio del Fin del Mundo\" title=\"El San Patricio del Fin del Mundo\" srcset=\"https:\/\/www.diario5.com.ar\/wp-content\/uploads\/2023\/03\/ar_epoca20230317.jpg 700w, https:\/\/www.diario5.com.ar\/wp-content\/uploads\/2023\/03\/ar_epoca20230317-231x300.jpg 231w\" sizes=\"(max-width: 700px) 100vw, 700px\" \/><\/p>\n<p><img decoding=\"async\" loading=\"lazy\" class=\"alignnone size-full wp-image-667034\" src=\"https:\/\/www.diario5.com.ar\/wp-content\/uploads\/2023\/03\/ar_litoral20230317.jpg\" width=\"700\" height=\"921\" alt=\"El San Patricio del Fin del Mundo\" title=\"El San Patricio del Fin del Mundo\" srcset=\"https:\/\/www.diario5.com.ar\/wp-content\/uploads\/2023\/03\/ar_litoral20230317.jpg 700w, https:\/\/www.diario5.com.ar\/wp-content\/uploads\/2023\/03\/ar_litoral20230317-228x300.jpg 228w\" sizes=\"(max-width: 700px) 100vw, 700px\" \/><\/p>\n<p><img decoding=\"async\" loading=\"lazy\" class=\"alignnone size-full wp-image-667035\" src=\"https:\/\/www.diario5.com.ar\/wp-content\/uploads\/2023\/03\/ar_heraldo20230317.jpg\" width=\"700\" height=\"846\" alt=\"El San Patricio del Fin del Mundo\" title=\"El San Patricio del Fin del Mundo\" srcset=\"https:\/\/www.diario5.com.ar\/wp-content\/uploads\/2023\/03\/ar_heraldo20230317.jpg 700w, https:\/\/www.diario5.com.ar\/wp-content\/uploads\/2023\/03\/ar_heraldo20230317-248x300.jpg 248w\" sizes=\"(max-width: 700px) 100vw, 700px\" \/><\/p>\n<p><img decoding=\"async\" src=\"https:\/\/img.kiosko.net\/2023\/03\/17\/ar\/ar_manana_formosa.jpg\" \/><\/p>\n<p><img decoding=\"async\" src=\"https:\/\/img.kiosko.net\/2023\/03\/17\/ar\/ar_diario_pampa.jpg\" \/><\/p>\n<p><img decoding=\"async\" loading=\"lazy\" class=\"alignnone size-full wp-image-667036\" src=\"https:\/\/www.diario5.com.ar\/wp-content\/uploads\/2023\/03\/ar_pagina1220230317.jpg\" width=\"700\" height=\"874\" alt=\"El San Patricio del Fin del Mundo\" title=\"El San Patricio del Fin del Mundo\" srcset=\"https:\/\/www.diario5.com.ar\/wp-content\/uploads\/2023\/03\/ar_pagina1220230317.jpg 700w, https:\/\/www.diario5.com.ar\/wp-content\/uploads\/2023\/03\/ar_pagina1220230317-240x300.jpg 240w\" sizes=\"(max-width: 700px) 100vw, 700px\" \/><\/p>\n<p><img decoding=\"async\" src=\"https:\/\/img.kiosko.net\/2023\/03\/17\/ar\/ar_arena.jpg\" \/><\/p>\n<p><img decoding=\"async\" src=\"https:\/\/img.kiosko.net\/2023\/03\/17\/ar\/independiente.jpg\" \/><\/p>\n<p><img decoding=\"async\" src=\"https:\/\/img.kiosko.net\/2023\/03\/17\/ar\/nueva_rioja.jpg\" \/><\/p>\n<p><img decoding=\"async\" loading=\"lazy\" class=\"alignnone size-full wp-image-667037\" src=\"https:\/\/www.diario5.com.ar\/wp-content\/uploads\/2023\/03\/ar_losandes20230317.jpg\" width=\"700\" height=\"966\" alt=\"El San Patricio del Fin del Mundo\" title=\"El San Patricio del Fin del Mundo\" srcset=\"https:\/\/www.diario5.com.ar\/wp-content\/uploads\/2023\/03\/ar_losandes20230317.jpg 700w, https:\/\/www.diario5.com.ar\/wp-content\/uploads\/2023\/03\/ar_losandes20230317-217x300.jpg 217w\" sizes=\"(max-width: 700px) 100vw, 700px\" \/><\/p>\n<p><img decoding=\"async\" src=\"https:\/\/img.kiosko.net\/2023\/03\/17\/ar\/ar_tribuno.jpg\" \/><\/p>\n<p><img decoding=\"async\" src=\"https:\/\/img.kiosko.net\/2023\/03\/17\/ar\/lea.jpg\" \/><\/p>\n<p><img decoding=\"async\" loading=\"lazy\" class=\"alignnone size-large wp-image-667038\" src=\"https:\/\/www.diario5.com.ar\/wp-content\/uploads\/2023\/03\/ar_rio_negro20230317-678x1024.jpg\" width=\"678\" height=\"1024\" alt=\"El San Patricio del Fin del Mundo\" title=\"El San Patricio del Fin del Mundo\" srcset=\"https:\/\/www.diario5.com.ar\/wp-content\/uploads\/2023\/03\/ar_rio_negro20230317-678x1024.jpg 678w, https:\/\/www.diario5.com.ar\/wp-content\/uploads\/2023\/03\/ar_rio_negro20230317-198x300.jpg 198w, https:\/\/www.diario5.com.ar\/wp-content\/uploads\/2023\/03\/ar_rio_negro20230317.jpg 700w\" sizes=\"(max-width: 678px) 100vw, 678px\" \/><\/p>\n<p><img decoding=\"async\" src=\"https:\/\/img.kiosko.net\/2023\/03\/17\/ar\/ar_diario_cuyo.jpg\" \/><\/p>\n<p><img decoding=\"async\" src=\"https:\/\/img.kiosko.net\/2023\/03\/17\/ar\/huarpe.jpg\" \/><\/p>\n<p><img decoding=\"async\" src=\"https:\/\/img.kiosko.net\/2023\/03\/17\/ar\/ar_diario_republica.jpg\" \/><\/p>\n<p><img decoding=\"async\" src=\"https:\/\/img.kiosko.net\/2023\/03\/17\/ar\/ar_litoral_sfe.jpg\" \/><\/p>\n<p><img decoding=\"async\" loading=\"lazy\" class=\"alignnone size-full wp-image-667039\" src=\"https:\/\/www.diario5.com.ar\/wp-content\/uploads\/2023\/03\/ciudadano20230317.jpg\" width=\"700\" height=\"944\" alt=\"El San Patricio del Fin del Mundo\" title=\"El San Patricio del Fin del Mundo\" srcset=\"https:\/\/www.diario5.com.ar\/wp-content\/uploads\/2023\/03\/ciudadano20230317.jpg 700w, https:\/\/www.diario5.com.ar\/wp-content\/uploads\/2023\/03\/ciudadano20230317-222x300.jpg 222w\" sizes=\"(max-width: 700px) 100vw, 700px\" \/><\/p>\n<p><img decoding=\"async\" src=\"https:\/\/img.kiosko.net\/2023\/03\/17\/ar\/ar_mirador_provincial.jpg\" \/><\/p>\n<p><img decoding=\"async\" loading=\"lazy\" class=\"alignnone size-large wp-image-667040\" src=\"https:\/\/www.diario5.com.ar\/wp-content\/uploads\/2023\/03\/ar_gaceta20230317-618x1024.jpg\" width=\"618\" height=\"1024\" alt=\"El San Patricio del Fin del Mundo\" title=\"El San Patricio del Fin del Mundo\" srcset=\"https:\/\/www.diario5.com.ar\/wp-content\/uploads\/2023\/03\/ar_gaceta20230317-618x1024.jpg 618w, https:\/\/www.diario5.com.ar\/wp-content\/uploads\/2023\/03\/ar_gaceta20230317-181x300.jpg 181w, https:\/\/www.diario5.com.ar\/wp-content\/uploads\/2023\/03\/ar_gaceta20230317.jpg 700w\" sizes=\"(max-width: 618px) 100vw, 618px\" \/><\/p>\n<p><img decoding=\"async\" loading=\"lazy\" class=\"alignnone size-full wp-image-667041\" src=\"https:\/\/www.diario5.com.ar\/wp-content\/uploads\/2023\/03\/ar_cronica20230317.jpg\" width=\"700\" height=\"818\" alt=\"El San Patricio del Fin del Mundo\" title=\"El San Patricio del Fin del Mundo\" srcset=\"https:\/\/www.diario5.com.ar\/wp-content\/uploads\/2023\/03\/ar_cronica20230317.jpg 700w, https:\/\/www.diario5.com.ar\/wp-content\/uploads\/2023\/03\/ar_cronica20230317-257x300.jpg 257w\" sizes=\"(max-width: 700px) 100vw, 700px\" \/><\/p>\n<p><img decoding=\"async\" src=\"https:\/\/img.kiosko.net\/2023\/03\/17\/ar\/ar_clarin.jpg\" \/><\/p>\n<p><img decoding=\"async\" loading=\"lazy\" class=\"alignnone size-large wp-image-667042\" src=\"https:\/\/www.diario5.com.ar\/wp-content\/uploads\/2023\/03\/nacion20230317-676x1024.jpg\" width=\"676\" height=\"1024\" alt=\"El San Patricio del Fin del Mundo\" title=\"El San Patricio del Fin del Mundo\" srcset=\"https:\/\/www.diario5.com.ar\/wp-content\/uploads\/2023\/03\/nacion20230317-676x1024.jpg 676w, https:\/\/www.diario5.com.ar\/wp-content\/uploads\/2023\/03\/nacion20230317-198x300.jpg 198w, https:\/\/www.diario5.com.ar\/wp-content\/uploads\/2023\/03\/nacion20230317.jpg 700w\" sizes=\"(max-width: 676px) 100vw, 676px\" \/><\/p>\n<p><img decoding=\"async\" src=\"https:\/\/img.kiosko.net\/2023\/03\/17\/ar\/ar_eco.jpg\" \/><\/p>\n<p><img decoding=\"async\" src=\"https:\/\/img.kiosko.net\/2023\/03\/17\/ar\/nuevo_diario.jpg\" \/><\/p>\n<p><img decoding=\"async\" loading=\"lazy\" class=\"alignnone size-full wp-image-667043\" src=\"https:\/\/www.diario5.com.ar\/wp-content\/uploads\/2023\/03\/ar_sureno20230317.jpg\" width=\"700\" height=\"917\" alt=\"El San Patricio del Fin del Mundo\" title=\"El San Patricio del Fin del Mundo\" srcset=\"https:\/\/www.diario5.com.ar\/wp-content\/uploads\/2023\/03\/ar_sureno20230317.jpg 700w, https:\/\/www.diario5.com.ar\/wp-content\/uploads\/2023\/03\/ar_sureno20230317-229x300.jpg 229w\" sizes=\"(max-width: 700px) 100vw, 700px\" \/><\/p>\n<p><img decoding=\"async\" loading=\"lazy\" class=\"alignnone size-full wp-image-667044\" src=\"https:\/\/www.diario5.com.ar\/wp-content\/uploads\/2023\/03\/120230317.jpg\" width=\"500\" height=\"652\" alt=\"El San Patricio del Fin del Mundo\" title=\"El San Patricio del Fin del Mundo\" srcset=\"https:\/\/www.diario5.com.ar\/wp-content\/uploads\/2023\/03\/120230317.jpg 500w, https:\/\/www.diario5.com.ar\/wp-content\/uploads\/2023\/03\/120230317-230x300.jpg 230w\" sizes=\"(max-width: 500px) 100vw, 500px\" \/><\/p>\n<p>URUGUAY<br \/>\n<img decoding=\"async\" src=\"https:\/\/img.kiosko.net\/2023\/03\/17\/ar\/ar_duplicado.jpg\" \/><\/p>\n<p><img decoding=\"async\" loading=\"lazy\" class=\"alignnone size-full wp-image-667045\" src=\"https:\/\/www.diario5.com.ar\/wp-content\/uploads\/2023\/03\/uy_ladiaria20230317.jpg\" width=\"700\" height=\"866\" alt=\"El San Patricio del Fin del Mundo\" title=\"El San Patricio del Fin del Mundo\" srcset=\"https:\/\/www.diario5.com.ar\/wp-content\/uploads\/2023\/03\/uy_ladiaria20230317.jpg 700w, https:\/\/www.diario5.com.ar\/wp-content\/uploads\/2023\/03\/uy_ladiaria20230317-242x300.jpg 242w\" sizes=\"(max-width: 700px) 100vw, 700px\" \/><\/p>\n<p><img decoding=\"async\" src=\"https:\/\/img.kiosko.net\/2023\/03\/17\/uy\/uy_observador.jpg\" \/><\/p>\n<p>BRASIL<br \/>\n<img decoding=\"async\" loading=\"lazy\" class=\"alignnone size-large wp-image-667046\" src=\"https:\/\/www.diario5.com.ar\/wp-content\/uploads\/2023\/03\/br_folha_spaulo20230317-588x1024.jpg\" width=\"588\" height=\"1024\" alt=\"El San Patricio del Fin del Mundo\" title=\"El San Patricio del Fin del Mundo\" srcset=\"https:\/\/www.diario5.com.ar\/wp-content\/uploads\/2023\/03\/br_folha_spaulo20230317-588x1024.jpg 588w, https:\/\/www.diario5.com.ar\/wp-content\/uploads\/2023\/03\/br_folha_spaulo20230317-172x300.jpg 172w, https:\/\/www.diario5.com.ar\/wp-content\/uploads\/2023\/03\/br_folha_spaulo20230317.jpg 700w\" sizes=\"(max-width: 588px) 100vw, 588px\" \/><\/p>\n<p><img decoding=\"async\" loading=\"lazy\" class=\"alignnone size-large wp-image-667047\" src=\"https:\/\/www.diario5.com.ar\/wp-content\/uploads\/2023\/03\/br_estado_spaulo20230317-662x1024.jpg\" width=\"662\" height=\"1024\" alt=\"El San Patricio del Fin del Mundo\" title=\"El San Patricio del Fin del Mundo\" srcset=\"https:\/\/www.diario5.com.ar\/wp-content\/uploads\/2023\/03\/br_estado_spaulo20230317-662x1024.jpg 662w, https:\/\/www.diario5.com.ar\/wp-content\/uploads\/2023\/03\/br_estado_spaulo20230317-194x300.jpg 194w, https:\/\/www.diario5.com.ar\/wp-content\/uploads\/2023\/03\/br_estado_spaulo20230317.jpg 700w\" sizes=\"(max-width: 662px) 100vw, 662px\" \/><\/p>\n<p><img decoding=\"async\" loading=\"lazy\" class=\"alignnone size-large wp-image-667048\" src=\"https:\/\/www.diario5.com.ar\/wp-content\/uploads\/2023\/03\/o_dia20230317-593x1024.jpg\" width=\"593\" height=\"1024\" alt=\"El San Patricio del Fin del Mundo\" title=\"El San Patricio del Fin del Mundo\" srcset=\"https:\/\/www.diario5.com.ar\/wp-content\/uploads\/2023\/03\/o_dia20230317-593x1024.jpg 593w, https:\/\/www.diario5.com.ar\/wp-content\/uploads\/2023\/03\/o_dia20230317-174x300.jpg 174w, https:\/\/www.diario5.com.ar\/wp-content\/uploads\/2023\/03\/o_dia20230317.jpg 700w\" sizes=\"(max-width: 593px) 100vw, 593px\" \/><\/p>\n<p><img decoding=\"async\" loading=\"lazy\" class=\"alignnone size-large wp-image-667049\" src=\"https:\/\/www.diario5.com.ar\/wp-content\/uploads\/2023\/03\/br_oglobo20230317-580x1024.jpg\" width=\"580\" height=\"1024\" alt=\"El San Patricio del Fin del Mundo\" title=\"El San Patricio del Fin del Mundo\" srcset=\"https:\/\/www.diario5.com.ar\/wp-content\/uploads\/2023\/03\/br_oglobo20230317-580x1024.jpg 580w, https:\/\/www.diario5.com.ar\/wp-content\/uploads\/2023\/03\/br_oglobo20230317-170x300.jpg 170w, https:\/\/www.diario5.com.ar\/wp-content\/uploads\/2023\/03\/br_oglobo20230317.jpg 700w\" sizes=\"(max-width: 580px) 100vw, 580px\" \/><\/p>\n<p><img decoding=\"async\" src=\"https:\/\/img.kiosko.net\/2023\/03\/17\/br\/br_correio_braziliense.jpg\" \/><\/p>\n<p><img decoding=\"async\" src=\"https:\/\/img.kiosko.net\/2023\/03\/17\/br\/br_tribuna_bahia.jpg\" \/><\/p>\n<p><img decoding=\"async\" src=\"https:\/\/img.kiosko.net\/2023\/03\/17\/br\/br_extra.jpg\" \/><\/p>\n<p>PARAGUAY<br \/>\n<img decoding=\"async\" src=\"https:\/\/img.kiosko.net\/2023\/03\/17\/py\/abccolor.jpg\" \/><\/p>\n<p><img decoding=\"async\" loading=\"lazy\" class=\"alignnone size-full wp-image-667050\" src=\"https:\/\/www.diario5.com.ar\/wp-content\/uploads\/2023\/03\/nacion20230317-1.jpg\" width=\"700\" height=\"919\" alt=\"El San Patricio del Fin del Mundo\" title=\"El San Patricio del Fin del Mundo\" srcset=\"https:\/\/www.diario5.com.ar\/wp-content\/uploads\/2023\/03\/nacion20230317-1.jpg 700w, https:\/\/www.diario5.com.ar\/wp-content\/uploads\/2023\/03\/nacion20230317-1-229x300.jpg 229w\" sizes=\"(max-width: 700px) 100vw, 700px\" \/><\/p>\n<p><img decoding=\"async\" src=\"https:\/\/img.kiosko.net\/2023\/03\/17\/py\/py_ultimahora.jpg\" \/><\/p>\n<p><img decoding=\"async\" src=\"https:\/\/img.kiosko.net\/2023\/03\/17\/py\/cronica.jpg\" \/><\/p>\n<p><img decoding=\"async\" src=\"https:\/\/img.kiosko.net\/2023\/03\/17\/py\/py_5dias.jpg\" \/><\/p>\n<p><img decoding=\"async\" src=\"https:\/\/img.kiosko.net\/2023\/03\/17\/py\/py_independiente.jpg\" \/><\/p>\n<p>CHILE<br \/>\n<img decoding=\"async\" loading=\"lazy\" class=\"alignnone size-large wp-image-667051\" src=\"https:\/\/www.diario5.com.ar\/wp-content\/uploads\/2023\/03\/cl_mercurio20230317-565x1024.jpg\" width=\"565\" height=\"1024\" alt=\"El San Patricio del Fin del Mundo\" title=\"El San Patricio del Fin del Mundo\" srcset=\"https:\/\/www.diario5.com.ar\/wp-content\/uploads\/2023\/03\/cl_mercurio20230317-565x1024.jpg 565w, https:\/\/www.diario5.com.ar\/wp-content\/uploads\/2023\/03\/cl_mercurio20230317-165x300.jpg 165w, https:\/\/www.diario5.com.ar\/wp-content\/uploads\/2023\/03\/cl_mercurio20230317.jpg 700w\" sizes=\"(max-width: 565px) 100vw, 565px\" \/><\/p>\n<p><img decoding=\"async\" loading=\"lazy\" class=\"alignnone size-full wp-image-667052\" src=\"https:\/\/www.diario5.com.ar\/wp-content\/uploads\/2023\/03\/cl_ultimas_noticias20230317.jpg\" width=\"700\" height=\"867\" alt=\"El San Patricio del Fin del Mundo\" title=\"El San Patricio del Fin del Mundo\" srcset=\"https:\/\/www.diario5.com.ar\/wp-content\/uploads\/2023\/03\/cl_ultimas_noticias20230317.jpg 700w, https:\/\/www.diario5.com.ar\/wp-content\/uploads\/2023\/03\/cl_ultimas_noticias20230317-242x300.jpg 242w\" sizes=\"(max-width: 700px) 100vw, 700px\" \/><\/p>\n<p><img decoding=\"async\" loading=\"lazy\" class=\"alignnone size-full wp-image-667053\" src=\"https:\/\/www.diario5.com.ar\/wp-content\/uploads\/2023\/03\/cl_diario_financiero20230317.jpg\" width=\"700\" height=\"902\" alt=\"El San Patricio del Fin del Mundo\" title=\"El San Patricio del Fin del Mundo\" srcset=\"https:\/\/www.diario5.com.ar\/wp-content\/uploads\/2023\/03\/cl_diario_financiero20230317.jpg 700w, https:\/\/www.diario5.com.ar\/wp-content\/uploads\/2023\/03\/cl_diario_financiero20230317-233x300.jpg 233w\" sizes=\"(max-width: 700px) 100vw, 700px\" \/><\/p>\n<p><img decoding=\"async\" loading=\"lazy\" class=\"alignnone size-full wp-image-667054\" src=\"https:\/\/www.diario5.com.ar\/wp-content\/uploads\/2023\/03\/estrella_iquique20230317.jpg\" width=\"700\" height=\"880\" alt=\"El San Patricio del Fin del Mundo\" title=\"El San Patricio del Fin del Mundo\" srcset=\"https:\/\/www.diario5.com.ar\/wp-content\/uploads\/2023\/03\/estrella_iquique20230317.jpg 700w, https:\/\/www.diario5.com.ar\/wp-content\/uploads\/2023\/03\/estrella_iquique20230317-239x300.jpg 239w\" sizes=\"(max-width: 700px) 100vw, 700px\" \/><\/p>\n<p><img decoding=\"async\" loading=\"lazy\" class=\"alignnone size-large wp-image-667055\" src=\"https:\/\/www.diario5.com.ar\/wp-content\/uploads\/2023\/03\/mercurio_antofagasta20230317-691x1024.jpg\" width=\"691\" height=\"1024\" alt=\"El San Patricio del Fin del Mundo\" title=\"El San Patricio del Fin del Mundo\" srcset=\"https:\/\/www.diario5.com.ar\/wp-content\/uploads\/2023\/03\/mercurio_antofagasta20230317-691x1024.jpg 691w, https:\/\/www.diario5.com.ar\/wp-content\/uploads\/2023\/03\/mercurio_antofagasta20230317-203x300.jpg 203w, https:\/\/www.diario5.com.ar\/wp-content\/uploads\/2023\/03\/mercurio_antofagasta20230317.jpg 700w\" sizes=\"(max-width: 691px) 100vw, 691px\" \/><\/p>\n<p><img decoding=\"async\" src=\"https:\/\/img.kiosko.net\/2023\/03\/17\/cl\/cl_eldia.jpg\" \/><\/p>\n<p><img decoding=\"async\" loading=\"lazy\" class=\"alignnone size-full wp-image-667056\" src=\"https:\/\/www.diario5.com.ar\/wp-content\/uploads\/2023\/03\/mercurio_valpo20230317.jpg\" width=\"700\" height=\"985\" alt=\"El San Patricio del Fin del Mundo\" title=\"El San Patricio del Fin del Mundo\" srcset=\"https:\/\/www.diario5.com.ar\/wp-content\/uploads\/2023\/03\/mercurio_valpo20230317.jpg 700w, https:\/\/www.diario5.com.ar\/wp-content\/uploads\/2023\/03\/mercurio_valpo20230317-213x300.jpg 213w\" sizes=\"(max-width: 700px) 100vw, 700px\" \/><\/p>\n<p><img decoding=\"async\" loading=\"lazy\" class=\"alignnone size-full wp-image-667057\" src=\"https:\/\/www.diario5.com.ar\/wp-content\/uploads\/2023\/03\/estrella_valpo20230317.jpg\" width=\"700\" height=\"897\" alt=\"El San Patricio del Fin del Mundo\" title=\"El San Patricio del Fin del Mundo\" srcset=\"https:\/\/www.diario5.com.ar\/wp-content\/uploads\/2023\/03\/estrella_valpo20230317.jpg 700w, https:\/\/www.diario5.com.ar\/wp-content\/uploads\/2023\/03\/estrella_valpo20230317-234x300.jpg 234w\" sizes=\"(max-width: 700px) 100vw, 700px\" \/><\/p>\n<p><img decoding=\"async\" src=\"https:\/\/img.kiosko.net\/2023\/03\/17\/cl\/diario_concepcion.jpg\" \/><\/p>\n<p><img decoding=\"async\" loading=\"lazy\" class=\"alignnone size-full wp-image-667058\" src=\"https:\/\/www.diario5.com.ar\/wp-content\/uploads\/2023\/03\/austral_temuco20230317.jpg\" width=\"700\" height=\"1004\" alt=\"El San Patricio del Fin del Mundo\" title=\"El San Patricio del Fin del Mundo\" srcset=\"https:\/\/www.diario5.com.ar\/wp-content\/uploads\/2023\/03\/austral_temuco20230317.jpg 700w, https:\/\/www.diario5.com.ar\/wp-content\/uploads\/2023\/03\/austral_temuco20230317-209x300.jpg 209w\" sizes=\"(max-width: 700px) 100vw, 700px\" \/><\/p>\n<p><img decoding=\"async\" loading=\"lazy\" class=\"alignnone size-full wp-image-667059\" src=\"https:\/\/www.diario5.com.ar\/wp-content\/uploads\/2023\/03\/estrella_arica20230317.jpg\" width=\"700\" height=\"893\" alt=\"El San Patricio del Fin del Mundo\" title=\"El San Patricio del Fin del Mundo\" srcset=\"https:\/\/www.diario5.com.ar\/wp-content\/uploads\/2023\/03\/estrella_arica20230317.jpg 700w, https:\/\/www.diario5.com.ar\/wp-content\/uploads\/2023\/03\/estrella_arica20230317-235x300.jpg 235w\" sizes=\"(max-width: 700px) 100vw, 700px\" \/><\/p>\n<p>COLOMBIA<br \/>\n<img decoding=\"async\" loading=\"lazy\" class=\"alignnone size-full wp-image-667060\" src=\"https:\/\/www.diario5.com.ar\/wp-content\/uploads\/2023\/03\/co_espectador20230317.jpg\" width=\"700\" height=\"987\" alt=\"El San Patricio del Fin del Mundo\" title=\"El San Patricio del Fin del Mundo\" srcset=\"https:\/\/www.diario5.com.ar\/wp-content\/uploads\/2023\/03\/co_espectador20230317.jpg 700w, https:\/\/www.diario5.com.ar\/wp-content\/uploads\/2023\/03\/co_espectador20230317-213x300.jpg 213w\" sizes=\"(max-width: 700px) 100vw, 700px\" \/><\/p>\n<p><img decoding=\"async\" loading=\"lazy\" class=\"alignnone size-full wp-image-667061\" src=\"https:\/\/www.diario5.com.ar\/wp-content\/uploads\/2023\/03\/co_heraldo20230317.jpg\" width=\"700\" height=\"929\" alt=\"El San Patricio del Fin del Mundo\" title=\"El San Patricio del Fin del Mundo\" srcset=\"https:\/\/www.diario5.com.ar\/wp-content\/uploads\/2023\/03\/co_heraldo20230317.jpg 700w, https:\/\/www.diario5.com.ar\/wp-content\/uploads\/2023\/03\/co_heraldo20230317-226x300.jpg 226w\" sizes=\"(max-width: 700px) 100vw, 700px\" \/><\/p>\n<p><img decoding=\"async\" loading=\"lazy\" class=\"alignnone size-large wp-image-667062\" src=\"https:\/\/www.diario5.com.ar\/wp-content\/uploads\/2023\/03\/co_elpais20230317-557x1024.jpg\" width=\"557\" height=\"1024\" alt=\"El San Patricio del Fin del Mundo\" title=\"El San Patricio del Fin del Mundo\" srcset=\"https:\/\/www.diario5.com.ar\/wp-content\/uploads\/2023\/03\/co_elpais20230317-557x1024.jpg 557w, https:\/\/www.diario5.com.ar\/wp-content\/uploads\/2023\/03\/co_elpais20230317-163x300.jpg 163w, https:\/\/www.diario5.com.ar\/wp-content\/uploads\/2023\/03\/co_elpais20230317.jpg 700w\" sizes=\"(max-width: 557px) 100vw, 557px\" \/><\/p>\n<p><img decoding=\"async\" loading=\"lazy\" class=\"alignnone size-full wp-image-667063\" src=\"https:\/\/www.diario5.com.ar\/wp-content\/uploads\/2023\/03\/co_universal20230317.jpg\" width=\"700\" height=\"930\" alt=\"El San Patricio del Fin del Mundo\" title=\"El San Patricio del Fin del Mundo\" srcset=\"https:\/\/www.diario5.com.ar\/wp-content\/uploads\/2023\/03\/co_universal20230317.jpg 700w, https:\/\/www.diario5.com.ar\/wp-content\/uploads\/2023\/03\/co_universal20230317-226x300.jpg 226w\" sizes=\"(max-width: 700px) 100vw, 700px\" \/><\/p>\n<p><img decoding=\"async\" src=\"https:\/\/img.kiosko.net\/2023\/03\/17\/co\/co_elcolombiano.jpg\" \/><\/p>\n<p>PERU<br \/>\n<img decoding=\"async\" src=\"https:\/\/img.kiosko.net\/2023\/03\/17\/pe\/pe_comercio.jpg\" \/><\/p>\n<p><img decoding=\"async\" src=\"https:\/\/img.kiosko.net\/2023\/03\/17\/pe\/pe_peru21.jpg\" \/><\/p>\n<p><img decoding=\"async\" src=\"https:\/\/img.kiosko.net\/2023\/03\/17\/pe\/pe_correo.jpg\" \/><\/p>\n<p><img decoding=\"async\" src=\"https:\/\/img.kiosko.net\/2023\/03\/17\/pe\/pe_expreso.jpg\" \/><\/p>\n<p><img decoding=\"async\" src=\"https:\/\/img.kiosko.net\/2023\/03\/17\/pe\/pe_ojo.jpg\" \/><\/p>\n<p><img decoding=\"async\" loading=\"lazy\" class=\"alignnone size-full wp-image-667064\" src=\"https:\/\/www.diario5.com.ar\/wp-content\/uploads\/2023\/03\/pe_gestion20230317.jpg\" width=\"700\" height=\"705\" alt=\"El San Patricio del Fin del Mundo\" title=\"El San Patricio del Fin del Mundo\" srcset=\"https:\/\/www.diario5.com.ar\/wp-content\/uploads\/2023\/03\/pe_gestion20230317.jpg 700w, https:\/\/www.diario5.com.ar\/wp-content\/uploads\/2023\/03\/pe_gestion20230317-298x300.jpg 298w, https:\/\/www.diario5.com.ar\/wp-content\/uploads\/2023\/03\/pe_gestion20230317-150x150.jpg 150w\" sizes=\"(max-width: 700px) 100vw, 700px\" \/><\/p>\n<p>BOLIVIA<br \/>\n<img decoding=\"async\" src=\"https:\/\/img.kiosko.net\/2023\/03\/17\/bo\/bo_elmundo.jpg\" \/><\/p>\n<p><img decoding=\"async\" src=\"https:\/\/img.kiosko.net\/2023\/03\/17\/bo\/bo_razon.jpg\" \/><\/p>\n<p>&nbsp;<\/p>","protected":false},"excerpt":{"rendered":"<p>El D\u00eda de San Patricio se celebra en la Argentina, particularmente en Buenos Aires, desde fines del S XIX, donde se congreg\u00f3 una importante comunidad irlandesa, de la que hoy sus descendientes sostienen la tradici\u00f3n. Naturalmente, no es feriado nacional en nuestro pa\u00eds pero es reconocido y celebrado por muchas personas de ascendencia irlandesa y [&hellip;]<\/p>","protected":false},"author":1,"featured_media":667026,"comment_status":"open","ping_status":"open","sticky":false,"template":"","format":"standard","meta":[],"categories":[452,5,56],"tags":[],"series":[],"_links":{"self":[{"href":"https:\/\/www.diario5.com.ar\/es\/wp-json\/wp\/v2\/posts\/636551"}],"collection":[{"href":"https:\/\/www.diario5.com.ar\/es\/wp-json\/wp\/v2\/posts"}],"about":[{"href":"https:\/\/www.diario5.com.ar\/es\/wp-json\/wp\/v2\/types\/post"}],"author":[{"embeddable":true,"href":"https:\/\/www.diario5.com.ar\/es\/wp-json\/wp\/v2\/users\/1"}],"replies":[{"embeddable":true,"href":"https:\/\/www.diario5.com.ar\/es\/wp-json\/wp\/v2\/comments?post=636551"}],"version-history":[{"count":5,"href":"https:\/\/www.diario5.com.ar\/es\/wp-json\/wp\/v2\/posts\/636551\/revisions"}],"predecessor-version":[{"id":667025,"href":"https:\/\/www.diario5.com.ar\/es\/wp-json\/wp\/v2\/posts\/636551\/revisions\/667025"}],"wp:featuredmedia":[{"embeddable":true,"href":"https:\/\/www.diario5.com.ar\/es\/wp-json\/wp\/v2\/media\/667026"}],"wp:attachment":[{"href":"https:\/\/www.diario5.com.ar\/es\/wp-json\/wp\/v2\/media?parent=636551"}],"wp:term":[{"taxonomy":"category","embeddable":true,"href":"https:\/\/www.diario5.com.ar\/es\/wp-json\/wp\/v2\/categories?post=636551"},{"taxonomy":"post_tag","embeddable":true,"href":"https:\/\/www.diario5.com.ar\/es\/wp-json\/wp\/v2\/tags?post=636551"},{"taxonomy":"series","embeddable":true,"href":"https:\/\/www.diario5.com.ar\/es\/wp-json\/wp\/v2\/series?post=636551"}],"curies":[{"name":"wp","href":"https:\/\/api.w.org\/{rel}","templated":true}]}}