{"id":636537,"date":"2023-03-03T06:50:00","date_gmt":"2023-03-03T09:50:00","guid":{"rendered":"http:\/\/diario5.com.ar\/?p=636537"},"modified":"2023-04-07T13:57:15","modified_gmt":"2023-04-07T16:57:15","slug":"636537","status":"publish","type":"post","link":"https:\/\/www.diario5.com.ar\/es\/636537\/","title":{"rendered":"Cualquiera puede inscribirse"},"content":{"rendered":"<h2 class=\"sub-title-primary\">Es absolutamente libre la participaci\u00f3n de cualquier persona en la Novena edici\u00f3n del Congreso Internacional de la Lengua Espa\u00f1ola (CILE).<\/h2> <p><img decoding=\"async\" loading=\"lazy\" class=\"alignnone size-full wp-image-666266\" title=\"Inscripciones al CILE 2023\" src=\"https:\/\/www.diario5.com.ar\/wp-content\/uploads\/2023\/03\/Cadiz-sede-cita-marzo_1770133049_178048803_667x37520230302.jpg\" alt=\"Inscripciones al CILE 2023\" width=\"667\" height=\"375\" srcset=\"https:\/\/www.diario5.com.ar\/wp-content\/uploads\/2023\/03\/Cadiz-sede-cita-marzo_1770133049_178048803_667x37520230302.jpg 667w, https:\/\/www.diario5.com.ar\/wp-content\/uploads\/2023\/03\/Cadiz-sede-cita-marzo_1770133049_178048803_667x37520230302-300x169.jpg 300w\" sizes=\"(max-width: 667px) 100vw, 667px\" \/><\/p>\n<p>De Arequipa a C\u00e1diz<\/p>\n<p>Desde ayer est\u00e1 disponible la p\u00e1gina del <strong><a title=\"IX CILE\" href=\"https:\/\/www.congresolenguacadiz.es\/\" target=\"_blank\" rel=\"noopener\"><span class=\"versalitas\">IX\u00a0<\/span>Congreso Internacional de la Lengua Espa\u00f1ola (CILE)<\/a><\/strong>\u00a0 tanto para la inscripci\u00f3n de los congresistas como para la acreditaci\u00f3n a la prensa. Se incluye el programa acad\u00e9mico del taller ling\u00fc\u00edstico m\u00e1s importante del mundo, que se llevar\u00e1 a cabo en la ciudad de C\u00e1diz, Espa\u00f1a, del 27 al 30 de marzo.<\/p>\n<p>Cualquier interesado podr\u00e1 asistir al congreso. La inscripci\u00f3n se realiza en <strong><a title=\"Congreso de la Lengua C\u00e1diz\" href=\"https:\/\/www.congresolenguacadiz.es\/\" target=\"_blank\" rel=\"noopener\">www.congresolenguacadiz.es<\/a><\/strong>.<\/p>\n<p>Este encuentro siempre cuenta con la presencia de destacados escritores, acad\u00e9micos, expertos en ling\u00fc\u00edstica y personalidades del mundo hispanohablante. Habr\u00e1 conferencias, mesas redondas y debates sobre diversos temas relacionados con la lengua espa\u00f1ola, incluyendo su evoluci\u00f3n, su situaci\u00f3n actual en el mundo, su influencia en la cultura y la literatura y su papel en la educaci\u00f3n y la tecnolog\u00eda.<\/p>\n<p>Se ofrecen exposiciones, conciertos, proyecciones de pel\u00edculas y espect\u00e1culos teatrales para los participantes.<\/p>\n<p>El Congreso Internacional de la Lengua Espa\u00f1ola, hoy trienal, se celebra en diferentes pa\u00edses hispanohablantes y tiene como objetivo promover y difundir la lengua y la cultura espa\u00f1olas en todo el mundo.<\/p>\n<p>Es organizado por el Instituto Cervantes, la Real Academia Espa\u00f1ola y la Asociaci\u00f3n de Academias de la Lengua Espa\u00f1ola.<\/p>\n<p>Hace poco m\u00e1s de dos meses, las autoridades\u00a0\u00a0de las academias de la lengua tomaron la decisi\u00f3n de que el Congreso de la Lengua Espa\u00f1ola ser\u00e1 en C\u00e1diz en lugar de Arequipa, la ciudad originalmente asignada ante la situaci\u00f3n que vive el Per\u00fa.\u00a0La decisi\u00f3n fue tomada por unanimidad y el 22 de diciembre \u00faltimo se inform\u00f3 a los acad\u00e9micos de la RAE.<\/p>\n<p>La espa\u00f1ola no s\u00f3lo  es la lengua m\u00e1s difundida y hablada de occidente, sino que se trata de la segunda m\u00e1s hablada del mundo, despu\u00e9s del chino mandar\u00edn. Cuenta con m\u00e1s de 577 millones de hablantes, seg\u00fan datos de 2021.<\/p>\n<p>Conocida por nosotros como castellano, evoluciona como lengua romance durante el dominio del Imperio Romano en gran parte de Europa. Las romances son lenguas que se basan en estructuras gramaticales similares, con un mecanismo de conjugaci\u00f3n verbal basado en modo, tiempos y personas, que no deja ninguna duda acerca de qui\u00e9n, d\u00f3nde y cu\u00e1ndo protagoniza un hecho, sea como sujeto activo o pasivo.<\/p>\n<p>Las lenguas romances incluyen al espa\u00f1ol, el portugu\u00e9s, el franc\u00e9s, el italiano, el rumano, el catal\u00e1n, el gallego y los dialectos que de ellos se desprenden. Comparten ese origen com\u00fan del lat\u00edn y fueron estableci\u00e9ndose como idiomas a trav\u00e9s de los siglos, desarrollando sus caracter\u00edsticas \u00fanicas y distintivas.<\/p>\n<p>En la pen\u00ednsula ib\u00e9rica, las autoridades que representaban al Imperio y los soldados se manejaban con el lat\u00edn vulgar. Al paso de las generaciones, la forma de hablarlo, al paso de generaciones, fue incorporando sus caracter\u00edsticas propias, para terminar influenciado por las lenguas de los pueblos que habitaron la regi\u00f3n, como el \u00e1rabe y las lenguas celtas.<\/p>\n<p>A pesar de sus diferencias, las lenguas romances comparten una gran cantidad de palabras y estructuras gramaticales, lo que facilita su aprendizaje y permite a los hablantes de estas lenguas comunicarse entre s\u00ed con relativa facilidad.<\/p>\n<p>El espa\u00f1ol se habla principalmente en Espa\u00f1a y en la mayor\u00eda de Am\u00e9rica Latina. Integra las lenguas oficiales de la Uni\u00f3n Europea y es ampliamente estudiada y hablada en muchos otros lugares, incluyendo los Estados Unidos y el norte de \u00c1frica.<\/p>\n<p>El CILE toma en cuenta -dentro de lo rica y diversa que es la lengua espa\u00f1ola- la gran variedad de dialectos y acentos. Los aportes argentinos a la lengua son parte de esa riqueza. En nuestro pa\u00eds se \u00abforz\u00f3\u00bb el uso del voseo original castizo -que se diferenciaba del tuteo que dominaba el resto de Espa\u00f1a- y lo cambi\u00f3 por uno propio, sumando -especialmente en el AMBA y las Provincias de Buenos Aires y Santa F\u00e9 el acento actual, definitivamente influ\u00eddo por la inmigraci\u00f3n italiana.<\/p>\n<p>El solo sistema de conjugaci\u00f3n verbal de nuestra lengua y su amplio vocabulario ya la ubican entre las de mayores recursos idiom\u00e1ticos. Ya<br \/>\nlas formas gramaticales para comunica con precisi\u00f3n, tiempo, lugar, g\u00e9nero y n\u00famero, dimensi\u00f3n. Por el lado de las instancias subjetivas la lengua espa\u00f1ola provee de elementos suficientes como para construir infinitas formas que trasnsmitan las emociones, sensaciones y puntos de vista humanos con una disponibilidad de expresiones que superan ampliamente a las que se pueden encontrar en la mayor\u00eda de las lenguas conocidas.<\/p>\n<p>El espa\u00f1ol ha influido -e influye- permanentemente en muchas otras lenguas, especialmente en el ingl\u00e9s y -naturalmente- en las lenguas de los pueblos originarios de Am\u00e9rica Latina.<\/p>\n<p><img decoding=\"async\" loading=\"lazy\" class=\"alignnone size-full wp-image-666347\" title=\"Cualquiera puede inscribirse\" src=\"https:\/\/www.diario5.com.ar\/wp-content\/uploads\/2023\/03\/ar_diario_popular20230303.jpg\" alt=\"Cualquiera puede inscribirse\" width=\"700\" height=\"856\" srcset=\"https:\/\/www.diario5.com.ar\/wp-content\/uploads\/2023\/03\/ar_diario_popular20230303.jpg 700w, https:\/\/www.diario5.com.ar\/wp-content\/uploads\/2023\/03\/ar_diario_popular20230303-245x300.jpg 245w\" sizes=\"(max-width: 700px) 100vw, 700px\" \/><\/p>\n<p><img decoding=\"async\" loading=\"lazy\" class=\"alignnone size-full wp-image-666348\" title=\"Cualquiera puede inscribirse\" src=\"https:\/\/www.diario5.com.ar\/wp-content\/uploads\/2023\/03\/ar_capital_rosario20230303.jpg\" alt=\"Cualquiera puede inscribirse\" width=\"700\" height=\"922\" srcset=\"https:\/\/www.diario5.com.ar\/wp-content\/uploads\/2023\/03\/ar_capital_rosario20230303.jpg 700w, https:\/\/www.diario5.com.ar\/wp-content\/uploads\/2023\/03\/ar_capital_rosario20230303-228x300.jpg 228w\" sizes=\"(max-width: 700px) 100vw, 700px\" \/><\/p>\n<p><img decoding=\"async\" loading=\"lazy\" class=\"alignnone size-full wp-image-666309\" title=\"Cualquiera puede inscribirse\" src=\"https:\/\/www.diario5.com.ar\/wp-content\/uploads\/2023\/03\/ar_ambito20230303.jpg\" alt=\"Cualquiera puede inscribirse\" width=\"700\" height=\"964\" srcset=\"https:\/\/www.diario5.com.ar\/wp-content\/uploads\/2023\/03\/ar_ambito20230303.jpg 700w, https:\/\/www.diario5.com.ar\/wp-content\/uploads\/2023\/03\/ar_ambito20230303-218x300.jpg 218w\" sizes=\"(max-width: 700px) 100vw, 700px\" \/><\/p>\n<p><img decoding=\"async\" loading=\"lazy\" class=\"alignnone size-full wp-image-666310\" title=\"Cualquiera puede inscribirse\" src=\"https:\/\/www.diario5.com.ar\/wp-content\/uploads\/2023\/03\/esquiu20230303.jpg\" alt=\"Cualquiera puede inscribirse\" width=\"700\" height=\"920\" srcset=\"https:\/\/www.diario5.com.ar\/wp-content\/uploads\/2023\/03\/esquiu20230303.jpg 700w, https:\/\/www.diario5.com.ar\/wp-content\/uploads\/2023\/03\/esquiu20230303-228x300.jpg 228w\" sizes=\"(max-width: 700px) 100vw, 700px\" \/><\/p>\n<p><img decoding=\"async\" loading=\"lazy\" class=\"alignnone size-full wp-image-666349\" title=\"Cualquiera puede inscribirse\" src=\"https:\/\/www.diario5.com.ar\/wp-content\/uploads\/2023\/03\/ar_cronista20230303.jpg\" alt=\"Cualquiera puede inscribirse\" width=\"700\" height=\"1010\" srcset=\"https:\/\/www.diario5.com.ar\/wp-content\/uploads\/2023\/03\/ar_cronista20230303.jpg 700w, https:\/\/www.diario5.com.ar\/wp-content\/uploads\/2023\/03\/ar_cronista20230303-208x300.jpg 208w\" sizes=\"(max-width: 700px) 100vw, 700px\" \/><\/p>\n<p><img decoding=\"async\" loading=\"lazy\" class=\"alignnone size-large wp-image-666350\" title=\"Cualquiera puede inscribirse\" src=\"https:\/\/www.diario5.com.ar\/wp-content\/uploads\/2023\/03\/ar_eldia20230303-686x1024.jpg\" alt=\"Cualquiera puede inscribirse\" width=\"686\" height=\"1024\" srcset=\"https:\/\/www.diario5.com.ar\/wp-content\/uploads\/2023\/03\/ar_eldia20230303-686x1024.jpg 686w, https:\/\/www.diario5.com.ar\/wp-content\/uploads\/2023\/03\/ar_eldia20230303-201x300.jpg 201w, https:\/\/www.diario5.com.ar\/wp-content\/uploads\/2023\/03\/ar_eldia20230303.jpg 700w\" sizes=\"(max-width: 686px) 100vw, 686px\" \/><\/p>\n<p><img decoding=\"async\" loading=\"lazy\" class=\"alignnone size-full wp-image-666311\" title=\"Cualquiera puede inscribirse\" src=\"https:\/\/www.diario5.com.ar\/wp-content\/uploads\/2023\/03\/ar_hoy20230303.jpg\" alt=\"Cualquiera puede inscribirse\" width=\"700\" height=\"922\" srcset=\"https:\/\/www.diario5.com.ar\/wp-content\/uploads\/2023\/03\/ar_hoy20230303.jpg 700w, https:\/\/www.diario5.com.ar\/wp-content\/uploads\/2023\/03\/ar_hoy20230303-228x300.jpg 228w\" sizes=\"(max-width: 700px) 100vw, 700px\" \/><\/p>\n<p><img decoding=\"async\" loading=\"lazy\" class=\"alignnone size-full wp-image-666312\" title=\"Cualquiera puede inscribirse\" src=\"https:\/\/www.diario5.com.ar\/wp-content\/uploads\/2023\/03\/ar_chubut20230303.jpg\" alt=\"Cualquiera puede inscribirse\" width=\"700\" height=\"906\" srcset=\"https:\/\/www.diario5.com.ar\/wp-content\/uploads\/2023\/03\/ar_chubut20230303.jpg 700w, https:\/\/www.diario5.com.ar\/wp-content\/uploads\/2023\/03\/ar_chubut20230303-232x300.jpg 232w\" sizes=\"(max-width: 700px) 100vw, 700px\" \/><\/p>\n<p><img decoding=\"async\" loading=\"lazy\" class=\"alignnone size-full wp-image-666313\" title=\"Cualquiera puede inscribirse\" src=\"https:\/\/www.diario5.com.ar\/wp-content\/uploads\/2023\/03\/ar_epoca20230303.jpg\" alt=\"Cualquiera puede inscribirse\" width=\"700\" height=\"908\" srcset=\"https:\/\/www.diario5.com.ar\/wp-content\/uploads\/2023\/03\/ar_epoca20230303.jpg 700w, https:\/\/www.diario5.com.ar\/wp-content\/uploads\/2023\/03\/ar_epoca20230303-231x300.jpg 231w\" sizes=\"(max-width: 700px) 100vw, 700px\" \/><\/p>\n<p><img decoding=\"async\" loading=\"lazy\" class=\"alignnone size-full wp-image-666314\" title=\"Cualquiera puede inscribirse\" src=\"https:\/\/www.diario5.com.ar\/wp-content\/uploads\/2023\/03\/ar_litoral20230303.jpg\" alt=\"Cualquiera puede inscribirse\" width=\"700\" height=\"919\" srcset=\"https:\/\/www.diario5.com.ar\/wp-content\/uploads\/2023\/03\/ar_litoral20230303.jpg 700w, https:\/\/www.diario5.com.ar\/wp-content\/uploads\/2023\/03\/ar_litoral20230303-229x300.jpg 229w\" sizes=\"(max-width: 700px) 100vw, 700px\" \/><\/p>\n<p><img decoding=\"async\" loading=\"lazy\" class=\"alignnone size-full wp-image-666315\" title=\"Cualquiera puede inscribirse\" src=\"https:\/\/www.diario5.com.ar\/wp-content\/uploads\/2023\/03\/ar_pagina1220230303.jpg\" alt=\"Cualquiera puede inscribirse\" width=\"700\" height=\"879\" srcset=\"https:\/\/www.diario5.com.ar\/wp-content\/uploads\/2023\/03\/ar_pagina1220230303.jpg 700w, https:\/\/www.diario5.com.ar\/wp-content\/uploads\/2023\/03\/ar_pagina1220230303-239x300.jpg 239w\" sizes=\"(max-width: 700px) 100vw, 700px\" \/><\/p>\n<p><img decoding=\"async\" loading=\"lazy\" class=\"alignnone size-full wp-image-666316\" title=\"Cualquiera puede inscribirse\" src=\"https:\/\/www.diario5.com.ar\/wp-content\/uploads\/2023\/03\/ar_losandes20230303.jpg\" alt=\"Cualquiera puede inscribirse\" width=\"700\" height=\"960\" srcset=\"https:\/\/www.diario5.com.ar\/wp-content\/uploads\/2023\/03\/ar_losandes20230303.jpg 700w, https:\/\/www.diario5.com.ar\/wp-content\/uploads\/2023\/03\/ar_losandes20230303-219x300.jpg 219w\" sizes=\"(max-width: 700px) 100vw, 700px\" \/><\/p>\n<p><img decoding=\"async\" loading=\"lazy\" class=\"alignnone size-full wp-image-666351\" title=\"Cualquiera puede inscribirse\" src=\"https:\/\/www.diario5.com.ar\/wp-content\/uploads\/2023\/03\/lea20230303.jpg\" alt=\"Cualquiera puede inscribirse\" width=\"700\" height=\"903\" srcset=\"https:\/\/www.diario5.com.ar\/wp-content\/uploads\/2023\/03\/lea20230303.jpg 700w, https:\/\/www.diario5.com.ar\/wp-content\/uploads\/2023\/03\/lea20230303-233x300.jpg 233w\" sizes=\"(max-width: 700px) 100vw, 700px\" \/><\/p>\n<p><img decoding=\"async\" loading=\"lazy\" class=\"alignnone size-large wp-image-666317\" title=\"Cualquiera puede inscribirse\" src=\"https:\/\/www.diario5.com.ar\/wp-content\/uploads\/2023\/03\/ar_rio_negro20230303-678x1024.jpg\" alt=\"Cualquiera puede inscribirse\" width=\"678\" height=\"1024\" srcset=\"https:\/\/www.diario5.com.ar\/wp-content\/uploads\/2023\/03\/ar_rio_negro20230303-678x1024.jpg 678w, https:\/\/www.diario5.com.ar\/wp-content\/uploads\/2023\/03\/ar_rio_negro20230303-199x300.jpg 199w, https:\/\/www.diario5.com.ar\/wp-content\/uploads\/2023\/03\/ar_rio_negro20230303.jpg 700w\" sizes=\"(max-width: 678px) 100vw, 678px\" \/><\/p>\n<p><img decoding=\"async\" loading=\"lazy\" class=\"alignnone size-large wp-image-666352\" title=\"Cualquiera puede inscribirse\" src=\"https:\/\/www.diario5.com.ar\/wp-content\/uploads\/2023\/03\/ar_diario_cuyo20230303-681x1024.jpg\" alt=\"Cualquiera puede inscribirse\" width=\"681\" height=\"1024\" srcset=\"https:\/\/www.diario5.com.ar\/wp-content\/uploads\/2023\/03\/ar_diario_cuyo20230303-681x1024.jpg 681w, https:\/\/www.diario5.com.ar\/wp-content\/uploads\/2023\/03\/ar_diario_cuyo20230303-200x300.jpg 200w, https:\/\/www.diario5.com.ar\/wp-content\/uploads\/2023\/03\/ar_diario_cuyo20230303.jpg 700w\" sizes=\"(max-width: 681px) 100vw, 681px\" \/><\/p>\n<p><img decoding=\"async\" loading=\"lazy\" class=\"alignnone size-full wp-image-666353\" title=\"Cualquiera puede inscribirse\" src=\"https:\/\/www.diario5.com.ar\/wp-content\/uploads\/2023\/03\/ar_diario_republica20230303.jpg\" alt=\"Cualquiera puede inscribirse\" width=\"700\" height=\"976\" srcset=\"https:\/\/www.diario5.com.ar\/wp-content\/uploads\/2023\/03\/ar_diario_republica20230303.jpg 700w, https:\/\/www.diario5.com.ar\/wp-content\/uploads\/2023\/03\/ar_diario_republica20230303-215x300.jpg 215w\" sizes=\"(max-width: 700px) 100vw, 700px\" \/><\/p>\n<p><img decoding=\"async\" loading=\"lazy\" class=\"alignnone size-full wp-image-666354\" title=\"Cualquiera puede inscribirse\" src=\"https:\/\/www.diario5.com.ar\/wp-content\/uploads\/2023\/03\/ar_litoral_sfe20230303.jpg\" alt=\"Cualquiera puede inscribirse\" width=\"700\" height=\"934\" srcset=\"https:\/\/www.diario5.com.ar\/wp-content\/uploads\/2023\/03\/ar_litoral_sfe20230303.jpg 700w, https:\/\/www.diario5.com.ar\/wp-content\/uploads\/2023\/03\/ar_litoral_sfe20230303-225x300.jpg 225w\" sizes=\"(max-width: 700px) 100vw, 700px\" \/><\/p>\n<p><img decoding=\"async\" loading=\"lazy\" class=\"alignnone size-full wp-image-666318\" title=\"Cualquiera puede inscribirse\" src=\"https:\/\/www.diario5.com.ar\/wp-content\/uploads\/2023\/03\/ciudadano20230303.jpg\" alt=\"Cualquiera puede inscribirse\" width=\"700\" height=\"939\" srcset=\"https:\/\/www.diario5.com.ar\/wp-content\/uploads\/2023\/03\/ciudadano20230303.jpg 700w, https:\/\/www.diario5.com.ar\/wp-content\/uploads\/2023\/03\/ciudadano20230303-224x300.jpg 224w\" sizes=\"(max-width: 700px) 100vw, 700px\" \/><\/p>\n<p><img decoding=\"async\" loading=\"lazy\" class=\"alignnone size-full wp-image-666355\" title=\"Cualquiera puede inscribirse\" src=\"https:\/\/www.diario5.com.ar\/wp-content\/uploads\/2023\/03\/ar_mirador_provincial20230303.jpg\" alt=\"Cualquiera puede inscribirse\" width=\"700\" height=\"940\" srcset=\"https:\/\/www.diario5.com.ar\/wp-content\/uploads\/2023\/03\/ar_mirador_provincial20230303.jpg 700w, https:\/\/www.diario5.com.ar\/wp-content\/uploads\/2023\/03\/ar_mirador_provincial20230303-223x300.jpg 223w\" sizes=\"(max-width: 700px) 100vw, 700px\" \/><\/p>\n<p><img decoding=\"async\" loading=\"lazy\" class=\"alignnone size-large wp-image-666319\" title=\"Cualquiera puede inscribirse\" src=\"https:\/\/www.diario5.com.ar\/wp-content\/uploads\/2023\/03\/ar_gaceta20230303-625x1024.jpg\" alt=\"Cualquiera puede inscribirse\" width=\"625\" height=\"1024\" srcset=\"https:\/\/www.diario5.com.ar\/wp-content\/uploads\/2023\/03\/ar_gaceta20230303-625x1024.jpg 625w, https:\/\/www.diario5.com.ar\/wp-content\/uploads\/2023\/03\/ar_gaceta20230303-183x300.jpg 183w, https:\/\/www.diario5.com.ar\/wp-content\/uploads\/2023\/03\/ar_gaceta20230303.jpg 700w\" sizes=\"(max-width: 625px) 100vw, 625px\" \/><\/p>\n<p><img decoding=\"async\" loading=\"lazy\" class=\"alignnone size-full wp-image-666320\" title=\"Cualquiera puede inscribirse\" src=\"https:\/\/www.diario5.com.ar\/wp-content\/uploads\/2023\/03\/ar_cronica20230303.jpg\" alt=\"Cualquiera puede inscribirse\" width=\"700\" height=\"815\" srcset=\"https:\/\/www.diario5.com.ar\/wp-content\/uploads\/2023\/03\/ar_cronica20230303.jpg 700w, https:\/\/www.diario5.com.ar\/wp-content\/uploads\/2023\/03\/ar_cronica20230303-258x300.jpg 258w\" sizes=\"(max-width: 700px) 100vw, 700px\" \/><\/p>\n<p><img decoding=\"async\" loading=\"lazy\" class=\"alignnone size-full wp-image-666356\" title=\"Cualquiera puede inscribirse\" src=\"https:\/\/www.diario5.com.ar\/wp-content\/uploads\/2023\/03\/ar_clarin20230303.jpg\" alt=\"Cualquiera puede inscribirse\" width=\"700\" height=\"971\" srcset=\"https:\/\/www.diario5.com.ar\/wp-content\/uploads\/2023\/03\/ar_clarin20230303.jpg 700w, https:\/\/www.diario5.com.ar\/wp-content\/uploads\/2023\/03\/ar_clarin20230303-216x300.jpg 216w\" sizes=\"(max-width: 700px) 100vw, 700px\" \/><\/p>\n<p><img decoding=\"async\" loading=\"lazy\" class=\"alignnone size-large wp-image-666321\" title=\"Cualquiera puede inscribirse\" src=\"https:\/\/www.diario5.com.ar\/wp-content\/uploads\/2023\/03\/nacion20230303-683x1024.jpg\" alt=\"Cualquiera puede inscribirse\" width=\"683\" height=\"1024\" srcset=\"https:\/\/www.diario5.com.ar\/wp-content\/uploads\/2023\/03\/nacion20230303-683x1024.jpg 683w, https:\/\/www.diario5.com.ar\/wp-content\/uploads\/2023\/03\/nacion20230303-200x300.jpg 200w, https:\/\/www.diario5.com.ar\/wp-content\/uploads\/2023\/03\/nacion20230303.jpg 700w\" sizes=\"(max-width: 683px) 100vw, 683px\" \/><\/p>\n<p><img decoding=\"async\" loading=\"lazy\" class=\"alignnone size-full wp-image-666322\" title=\"Cualquiera puede inscribirse\" src=\"https:\/\/www.diario5.com.ar\/wp-content\/uploads\/2023\/03\/nuevo_diario20230303.jpg\" alt=\"Cualquiera puede inscribirse\" width=\"700\" height=\"969\" srcset=\"https:\/\/www.diario5.com.ar\/wp-content\/uploads\/2023\/03\/nuevo_diario20230303.jpg 700w, https:\/\/www.diario5.com.ar\/wp-content\/uploads\/2023\/03\/nuevo_diario20230303-217x300.jpg 217w\" sizes=\"(max-width: 700px) 100vw, 700px\" \/><\/p>\n<p><img decoding=\"async\" loading=\"lazy\" class=\"alignnone size-full wp-image-666323\" title=\"Cualquiera puede inscribirse\" src=\"https:\/\/www.diario5.com.ar\/wp-content\/uploads\/2023\/03\/ar_sureno20230303.jpg\" alt=\"Cualquiera puede inscribirse\" width=\"700\" height=\"919\" srcset=\"https:\/\/www.diario5.com.ar\/wp-content\/uploads\/2023\/03\/ar_sureno20230303.jpg 700w, https:\/\/www.diario5.com.ar\/wp-content\/uploads\/2023\/03\/ar_sureno20230303-229x300.jpg 229w\" sizes=\"(max-width: 700px) 100vw, 700px\" \/><\/p>\n<p><img decoding=\"async\" loading=\"lazy\" class=\"alignnone size-full wp-image-666324\" title=\"Cualquiera puede inscribirse\" src=\"https:\/\/www.diario5.com.ar\/wp-content\/uploads\/2023\/03\/120230303.jpg\" alt=\"Cualquiera puede inscribirse\" width=\"500\" height=\"652\" srcset=\"https:\/\/www.diario5.com.ar\/wp-content\/uploads\/2023\/03\/120230303.jpg 500w, https:\/\/www.diario5.com.ar\/wp-content\/uploads\/2023\/03\/120230303-230x300.jpg 230w\" sizes=\"(max-width: 500px) 100vw, 500px\" \/><\/p>\n<p>&nbsp;<\/p>","protected":false},"excerpt":{"rendered":"<p>Es absolutamente libre la participaci\u00f3n de cualquier persona en la Novena edici\u00f3n del Congreso Internacional de la Lengua Espa\u00f1ola (CILE). De Arequipa a C\u00e1diz Desde ayer est\u00e1 disponible la p\u00e1gina del IX\u00a0Congreso Internacional de la Lengua Espa\u00f1ola (CILE)\u00a0 tanto para la inscripci\u00f3n de los congresistas como para la acreditaci\u00f3n a la prensa. Se incluye el [&hellip;]<\/p>","protected":false},"author":18,"featured_media":668004,"comment_status":"open","ping_status":"open","sticky":false,"template":"","format":"standard","meta":[],"categories":[5,56],"tags":[515,506,514,474,508,504,509,27,510,511,505,507,286,517,512,516,513,401],"series":[],"_links":{"self":[{"href":"https:\/\/www.diario5.com.ar\/es\/wp-json\/wp\/v2\/posts\/636537"}],"collection":[{"href":"https:\/\/www.diario5.com.ar\/es\/wp-json\/wp\/v2\/posts"}],"about":[{"href":"https:\/\/www.diario5.com.ar\/es\/wp-json\/wp\/v2\/types\/post"}],"author":[{"embeddable":true,"href":"https:\/\/www.diario5.com.ar\/es\/wp-json\/wp\/v2\/users\/18"}],"replies":[{"embeddable":true,"href":"https:\/\/www.diario5.com.ar\/es\/wp-json\/wp\/v2\/comments?post=636537"}],"version-history":[{"count":5,"href":"https:\/\/www.diario5.com.ar\/es\/wp-json\/wp\/v2\/posts\/636537\/revisions"}],"predecessor-version":[{"id":667806,"href":"https:\/\/www.diario5.com.ar\/es\/wp-json\/wp\/v2\/posts\/636537\/revisions\/667806"}],"wp:featuredmedia":[{"embeddable":true,"href":"https:\/\/www.diario5.com.ar\/es\/wp-json\/wp\/v2\/media\/668004"}],"wp:attachment":[{"href":"https:\/\/www.diario5.com.ar\/es\/wp-json\/wp\/v2\/media?parent=636537"}],"wp:term":[{"taxonomy":"category","embeddable":true,"href":"https:\/\/www.diario5.com.ar\/es\/wp-json\/wp\/v2\/categories?post=636537"},{"taxonomy":"post_tag","embeddable":true,"href":"https:\/\/www.diario5.com.ar\/es\/wp-json\/wp\/v2\/tags?post=636537"},{"taxonomy":"series","embeddable":true,"href":"https:\/\/www.diario5.com.ar\/es\/wp-json\/wp\/v2\/series?post=636537"}],"curies":[{"name":"wp","href":"https:\/\/api.w.org\/{rel}","templated":true}]}}