{"id":636520,"date":"2023-02-14T06:50:00","date_gmt":"2023-02-14T09:50:00","guid":{"rendered":"http:\/\/diario5.com.ar\/?p=636520"},"modified":"2023-02-14T14:25:38","modified_gmt":"2023-02-14T17:25:38","slug":"636520","status":"publish","type":"post","link":"https:\/\/www.diario5.com.ar\/es\/636520\/","title":{"rendered":"Los tres San Valent\u00edn"},"content":{"rendered":"<h2 class=\"sub-title-primary\"><\/h2> <p><img decoding=\"async\" src=\"https:\/\/cdn.languagesunited.com\/images\/languages_united\/blog\/hearts.webp\" \/><\/p>\n<p>Suele sorprender lo poco rom\u00e1ntica que es la historia del D\u00eda de San Valent\u00edn<\/p>\n<p>Hay muchos amantes del amor, emocionados ante la perspectiva de pasar un d\u00eda entero celebr\u00e1ndolo. Muchas personas sienten que la versi\u00f3n popular del amor ha sido comercializada y confundida. Pero independientemente de c\u00f3mo te sientas acerca del D\u00eda de San Valent\u00edn, la \u201cfiesta del amor\u201d es una de las tradiciones m\u00e1s populares en la cultura occidental. A lo largo de la historia del D\u00eda de San Valent\u00edn, la gente ha utilizado la festividad como una excusa para celebrar el amor y la pasi\u00f3n rom\u00e1nticos. En estos d\u00edas, tambi\u00e9n es un momento para celebrar el amor plat\u00f3nico, con todos, desde ni\u00f1os de primaria hasta ancianos, compartiendo San Valent\u00edn.<\/p>\n<p>Pero esta festividad no apareci\u00f3 m\u00e1gicamente de la nada y, contrariamente a la creencia popular, no fue inventada por las compa\u00f1\u00edas de tarjetas de felicitaci\u00f3n. El D\u00eda de San Valent\u00edn tiene una historia rica (y un poco morbosa) que quiz\u00e1s no conozcas. Siga leyendo para conocer la historia del D\u00eda de San Valent\u00edn, c\u00f3mo se celebra la festividad (con algunas curiosidades fascinantes del D\u00eda de San Valent\u00edn ) y qui\u00e9n diablos era realmente San Valent\u00edn. (Spoiler: \u00a1No fue solo una persona!)<\/p>\n<p>\u00bfQu\u00e9 es el d\u00eda de San Valent\u00edn?<\/p>\n<p>El D\u00eda de San Valent\u00edn es una fiesta anual que se celebra en muchos pa\u00edses del mundo. Hist\u00f3ricamente, ha conmemorado el amor rom\u00e1ntico, pero recientemente se ha ampliado para incluir todo tipo de amor. Solo mire el D\u00eda de Galentine, que justo ayer celebr\u00f3 las amistades femeninas.<\/p>\n<p>\u00bfPor qui\u00e9n es el nombre de la celebraci\u00f3n de San Valent\u00edn?<\/p>\n<p>Primero, la respuesta simple: el D\u00eda de San Valent\u00edn lleva el nombre de San Valent\u00edn. Pero se vuelve m\u00e1s complicado a partir de aqu\u00ed. Resulta que al menos <strong>tres San Valent\u00edn fueron santificados por la Iglesia Cat\u00f3lica<\/strong> y cada uno tiene su propio grupo de simpatizantes que afirman que est\u00e1 detr\u00e1s de la festividad.<\/p>\n<p><strong>El primer San Valent\u00edn<\/strong> fue un rebelde, desafiando un decreto del emperador romano Claudio II, que dec\u00eda que a los hombres j\u00f3venes no se les permit\u00eda casarse y en su lugar deb\u00edan servir en el ej\u00e9rcito. (Los romanos cre\u00edan que los hombres solteros eran mejores soldados). San\u00a0 Valent\u00edn continu\u00f3 casando amantes en secreto.<\/p>\n<p><strong>El segundo San Valent\u00edn<\/strong> ayud\u00f3 a los prisioneros cristianos a escapar de las c\u00e1rceles romanas, hasta que \u00e9l mismo fue capturado y encarcelado. Su \u00faltimo acto antes de morir fue curar milagrosamente a la hija de su carcelero, convirtiendo as\u00ed a toda la familia al cristianismo. En algunas versiones de la historia, San Valent\u00edn II incluso estaba enamorado de la hija, pero su amor se trunc\u00f3 tr\u00e1gicamente.<\/p>\n<p><strong>El tercer San Valent\u00edn<\/strong> fue un obispo cat\u00f3lico en Terni. La historia no ha recordado mucho sobre \u00e9l y las historias de los tres santos se han entrelazado a lo largo de los siglos. La historia se volvi\u00f3 tan turbia y confusa que, en 1969, la Iglesia Cat\u00f3lica elimin\u00f3 la fiesta de San Valent\u00edn del calendario lit\u00fargico cristiano.<\/p>\n<p>Pero hab\u00eda una cosa desafortunada: los tres hombres ten\u00edan en com\u00fan adem\u00e1s de su nombre y te har\u00e1 pensar antes de pronunciar tu pr\u00f3ximo \u00bb Feliz d\u00eda de San Valent\u00edn \u00ab. En un giro muy poco rom\u00e1ntico, los tres fueron martirizados por decapitaci\u00f3n por diferentes emperadores romanos. En algunas versiones de las historias, todos los hombres fueron ejecutados el 14 de febrero o cerca de esa fecha (en a\u00f1os diferentes), pero los historiadores no han podido verificar ese detalle.<\/p>\n<p>\u00bfCu\u00e1l es la historia del D\u00eda de San Valent\u00edn?<\/p>\n<p>Como muchas festividades modernas que se han celebrado durante siglos, el D\u00eda de San Valent\u00edn tiene sus ra\u00edces en el paganismo. Lupercalia era un festival de fertilidad pagano que se celebraba t\u00edpicamente en febrero. Al igual que Cupido, el s\u00edmbolo del D\u00eda de San Valent\u00edn , ten\u00eda v\u00ednculos con un dios romano. El festival estaba dedicado a Faunus, el dios romano de la agricultura y a R\u00f3mulo y Remo, los fundadores romanos.<\/p>\n<p>Lupercalia ten\u00eda que ver con la fertilidad, pero no en el sentido moderno de amor y romance. Los sacerdotes de una orden llamada Luperci sacrificaron una cabra y un perro, los desollaron, empaparon sus pieles en sangre y luego las usaron para \u201cazotar\u201d suavemente a las mujeres j\u00f3venes, una tradici\u00f3n destinada a hacerlas m\u00e1s f\u00e9rtiles. Despu\u00e9s de eso, los nombres de las mujeres se pusieron en un frasco y cada joven elegible sac\u00f3 un nombre, formando una pareja para el pr\u00f3ximo a\u00f1o (y posiblemente conduciendo al matrimonio si funcionaba).<\/p>\n<p>En un esfuerzo por limpiar la fiesta pagana, el Papa Gelasio I integr\u00f3 Lupercalia con el d\u00eda de San Valent\u00edn en el siglo quinto. La nueva fiesta se extendi\u00f3 r\u00e1pidamente a todos los pa\u00edses que practicaban el cristianismo. Chaucer y Shakespeare tambi\u00e9n jugaron un papel en el cambio de la festividad de un sangriento festival de sexo a una historia de amor moderna al escribir sobre ella de una manera dulce, alegre y decididamente menos lasciva.<\/p>\n<p>Los colonos cristianos trajeron la festividad con ellos al Nuevo Mundo, donde se convirti\u00f3 en una de las festividades m\u00e1s populares durante la \u00e9poca victoriana. En la d\u00e9cada de 1900, la gente comenz\u00f3 a regalarse tarjetas del D\u00eda de San Valent\u00edn  y Hallmark comenz\u00f3 a ofrecerlas en 1913. La tradici\u00f3n creci\u00f3 a partir de ah\u00ed y hoy Hallmark estima que se intercambian 145 millones de tarjetas del D\u00eda de San Valent\u00edn cada a\u00f1o.<\/p>\n<p>El D\u00eda de San Valent\u00edn est\u00e1 lleno de tradiciones divertidas, que incluyen decorar con corazones de papel, colorear todo de rojo y rosa y dar regalos de San Valent\u00edn para \u00e9l y regalos de San Valent\u00edn para ella .<\/p>\n<p>Con forma de coraz\u00f3n e impresos con dichos cortos, estos dulces calc\u00e1reos (pero igualmente deliciosos) son exclusivos del D\u00eda de San Valent\u00edn. Pero de donde vinieron?<\/p>\n<p>Los corazones de caramelo se originaron a fines del siglo XIX con un farmac\u00e9utico de Boston que fabricaba obleas Necco como \u00abpastillas\u00bb. Su hermano tuvo la brillante idea de imprimir dichos en ellos para muchas ocasiones, pero fueron los mensajes de amor los que realmente despegaron. Uno de los primeros mensajes de San Valent\u00edn fue \u201c\u00bfCu\u00e1nto tendr\u00e9 que esperar? Por favor, sea considerado. \u00bfQu\u00e9 rom\u00e1ntico?<\/p>\n<p>En la d\u00e9cada de 1910, eran un elemento fijo de la festividad. Eventualmente, Brach los hizo m\u00e1s peque\u00f1os, les dio forma de corazones y agreg\u00f3 los dichos de corazones dulces que todos conocemos y amamos hoy.<\/p>\n<p>Seg\u00fan la tradici\u00f3n, el segundo San Valent\u00edn no s\u00f3lo se enamor\u00f3 de la hija de su carcelero. Tambi\u00e9n le envi\u00f3 una \u00faltima carta de despedida, firmada \u00abde tu Valent\u00edn\u00bb. Los victorianos rom\u00e1nticos usaron esta frase y la firmaron en elaboradas tarjetas del D\u00eda de San Valent\u00edn profesando su amor durante la festividad. En 1913, cuando Hallmark comenz\u00f3 a producir en masa tarjetas de San Valent\u00edn oficiales, consolid\u00f3 la tradici\u00f3n, que contin\u00faa hasta el d\u00eda de hoy.<\/p>\n<p>Env\u00edo de ramos de rosas rojas<\/p>\n<p>Las flores del D\u00eda de San Valent\u00edn simbolizan universalmente el amor rom\u00e1ntico y en estos d\u00edas, un ramo de rosas rojas es uno de los regalos m\u00e1s populares para dar a un ser querido en el D\u00eda de San Valent\u00edn. \u00bfPero por qu\u00e9? Bueno, ayuda a entender el significado detr\u00e1s de los colores de las rosas .<\/p>\n<p>El rojo ha representado durante mucho tiempo el amor y la pasi\u00f3n, quiz\u00e1s porque es el color de la sangre que se bombea a trav\u00e9s del coraz\u00f3n. La rosa proviene de la mitolog\u00eda romana: la rosa roja (que simboliza la sangre de Adonis, el dios del amor) estaba dedicada espec\u00edficamente a Venus, la diosa del amor. Del mismo modo, las rosas blancas simbolizan la pureza. Las rosas rosadas entrelazan pureza y romance, por lo que muchos amantes eligen ramos con los tres colores.<\/p>\n<p>Regalar una caja de bombones en forma de coraz\u00f3n<\/p>\n<p>Esta tradici\u00f3n, como gran parte de la historia del D\u00eda de San Valent\u00edn, tiene ra\u00edces en un pasado lejano. Varias culturas antiguas, incluida la azteca, consideraban el chocolate un afrodis\u00edaco. Eso, combinado con la relativa escasez de az\u00facar, hizo del chocolate un regalo popular para simbolizar el amor y la devoci\u00f3n.<\/p>\n<p>Las cosas cambiaron para el comercio a principios del siglo XX, cuando Cadbury cre\u00f3 una caja en forma de coraz\u00f3n para sus chocolates. A partir de ah\u00ed, se dispar\u00f3 un cap\u00edtulo de la historia rom\u00e1ntica de la humanidad. Hasta el d\u00eda de hoy, los chocolates del D\u00eda de San Valent\u00edn son el regalo n\u00famero 1 m\u00e1s popular cada 14 de febrero.<\/p>\n<p>Los corazones son el s\u00edmbolo del amor, quiz\u00e1s porque el coraz\u00f3n ha sido considerado durante mucho tiempo el centro de la emoci\u00f3n y la pasi\u00f3n. Cuando estamos enamorados, a menudo lo \u201csentimos\u201d en el pecho. Despu\u00e9s de una ruptura, experimentamos angustia. De hecho, tenemos muchas palabras vinculadas a muchas emociones centradas en nuestro registro: sincero, conmovedor, desgarrador, etc.<\/p>\n<p>Pero, \u00bfpor qu\u00e9, exactamente, nuestro s\u00edmbolo de amor se ve tan diferente de la forma de un coraz\u00f3n humano real? Un concepto err\u00f3neo anat\u00f3mico de siglos de antig\u00fcedad puede ser el culpable. Al describir un coraz\u00f3n humano, Arist\u00f3teles se\u00f1al\u00f3 que \u201cel coraz\u00f3n tiene tres cavidades\u201d y dijo que \u201cel extremo redondeado del coraz\u00f3n est\u00e1 en la parte superior. El extremo puntiagudo es en gran parte carnoso y de textura firme\u201d. Si intentamos dibujar esa descripci\u00f3n, obtendremos algo cercano a la imagen de los corazones que nos acompa\u00f1aron durante toda nuestra vida y que tambi\u00e9n vemos pegados a todo, desde principios de febrero.<\/p>\n<p><img decoding=\"async\" loading=\"lazy\" class=\"alignnone size-full wp-image-665411\" title=\"14 de febrero de 2023\" src=\"https:\/\/www.diario5.com.ar\/wp-content\/uploads\/2023\/02\/ar_capital_rosario20230214.jpg\" alt=\"14 de febrero de 2023\" width=\"700\" height=\"901\" srcset=\"https:\/\/www.diario5.com.ar\/wp-content\/uploads\/2023\/02\/ar_capital_rosario20230214.jpg 700w, https:\/\/www.diario5.com.ar\/wp-content\/uploads\/2023\/02\/ar_capital_rosario20230214-233x300.jpg 233w\" sizes=\"(max-width: 700px) 100vw, 700px\" \/><\/p>\n<p><img decoding=\"async\" loading=\"lazy\" class=\"alignnone size-full wp-image-665412\" title=\"14 de febrero de 2023\" src=\"https:\/\/www.diario5.com.ar\/wp-content\/uploads\/2023\/02\/ar_ambito20230214.jpg\" alt=\"14 de febrero de 2023\" width=\"700\" height=\"994\" srcset=\"https:\/\/www.diario5.com.ar\/wp-content\/uploads\/2023\/02\/ar_ambito20230214.jpg 700w, https:\/\/www.diario5.com.ar\/wp-content\/uploads\/2023\/02\/ar_ambito20230214-211x300.jpg 211w\" sizes=\"(max-width: 700px) 100vw, 700px\" \/><\/p>\n<p><img decoding=\"async\" loading=\"lazy\" class=\"alignnone size-full wp-image-665413\" title=\"14 de febrero de 2023\" src=\"https:\/\/www.diario5.com.ar\/wp-content\/uploads\/2023\/02\/esquiu20230214.jpg\" alt=\"14 de febrero de 2023\" width=\"700\" height=\"920\" srcset=\"https:\/\/www.diario5.com.ar\/wp-content\/uploads\/2023\/02\/esquiu20230214.jpg 700w, https:\/\/www.diario5.com.ar\/wp-content\/uploads\/2023\/02\/esquiu20230214-228x300.jpg 228w\" sizes=\"(max-width: 700px) 100vw, 700px\" \/><\/p>\n<p><img decoding=\"async\" loading=\"lazy\" class=\"alignnone size-full wp-image-665414\" title=\"14 de febrero de 2023\" src=\"https:\/\/www.diario5.com.ar\/wp-content\/uploads\/2023\/02\/ar_diario_norte20230214.jpg\" alt=\"14 de febrero de 2023\" width=\"700\" height=\"879\" srcset=\"https:\/\/www.diario5.com.ar\/wp-content\/uploads\/2023\/02\/ar_diario_norte20230214.jpg 700w, https:\/\/www.diario5.com.ar\/wp-content\/uploads\/2023\/02\/ar_diario_norte20230214-239x300.jpg 239w\" sizes=\"(max-width: 700px) 100vw, 700px\" \/><\/p>\n<p><img decoding=\"async\" loading=\"lazy\" class=\"alignnone size-full wp-image-665415\" title=\"14 de febrero de 2023\" src=\"https:\/\/www.diario5.com.ar\/wp-content\/uploads\/2023\/02\/ar_laprensa20230214.jpg\" alt=\"14 de febrero de 2023\" width=\"700\" height=\"952\" srcset=\"https:\/\/www.diario5.com.ar\/wp-content\/uploads\/2023\/02\/ar_laprensa20230214.jpg 700w, https:\/\/www.diario5.com.ar\/wp-content\/uploads\/2023\/02\/ar_laprensa20230214-221x300.jpg 221w\" sizes=\"(max-width: 700px) 100vw, 700px\" \/><\/p>\n<p><img decoding=\"async\" loading=\"lazy\" class=\"alignnone size-full wp-image-665416\" title=\"14 de febrero de 2023\" src=\"https:\/\/www.diario5.com.ar\/wp-content\/uploads\/2023\/02\/ar_cronista20230214.jpg\" alt=\"14 de febrero de 2023\" width=\"700\" height=\"1016\" srcset=\"https:\/\/www.diario5.com.ar\/wp-content\/uploads\/2023\/02\/ar_cronista20230214.jpg 700w, https:\/\/www.diario5.com.ar\/wp-content\/uploads\/2023\/02\/ar_cronista20230214-207x300.jpg 207w\" sizes=\"(max-width: 700px) 100vw, 700px\" \/><\/p>\n<p><img decoding=\"async\" loading=\"lazy\" class=\"alignnone size-large wp-image-665417\" title=\"14 de febrero de 2023\" src=\"https:\/\/www.diario5.com.ar\/wp-content\/uploads\/2023\/02\/ar_eldia20230214-688x1024.jpg\" alt=\"14 de febrero de 2023\" width=\"688\" height=\"1024\" srcset=\"https:\/\/www.diario5.com.ar\/wp-content\/uploads\/2023\/02\/ar_eldia20230214-688x1024.jpg 688w, https:\/\/www.diario5.com.ar\/wp-content\/uploads\/2023\/02\/ar_eldia20230214-201x300.jpg 201w, https:\/\/www.diario5.com.ar\/wp-content\/uploads\/2023\/02\/ar_eldia20230214.jpg 699w\" sizes=\"(max-width: 688px) 100vw, 688px\" \/><\/p>\n<p><img decoding=\"async\" loading=\"lazy\" class=\"alignnone size-full wp-image-665418\" title=\"14 de febrero de 2023\" src=\"https:\/\/www.diario5.com.ar\/wp-content\/uploads\/2023\/02\/ar_hoy20230214.jpg\" alt=\"14 de febrero de 2023\" width=\"700\" height=\"911\" srcset=\"https:\/\/www.diario5.com.ar\/wp-content\/uploads\/2023\/02\/ar_hoy20230214.jpg 700w, https:\/\/www.diario5.com.ar\/wp-content\/uploads\/2023\/02\/ar_hoy20230214-231x300.jpg 231w\" sizes=\"(max-width: 700px) 100vw, 700px\" \/><\/p>\n<p><img decoding=\"async\" loading=\"lazy\" class=\"alignnone size-full wp-image-665419\" title=\"14 de febrero de 2023\" src=\"https:\/\/www.diario5.com.ar\/wp-content\/uploads\/2023\/02\/ar_chubut20230214.jpg\" alt=\"14 de febrero de 2023\" width=\"700\" height=\"896\" srcset=\"https:\/\/www.diario5.com.ar\/wp-content\/uploads\/2023\/02\/ar_chubut20230214.jpg 700w, https:\/\/www.diario5.com.ar\/wp-content\/uploads\/2023\/02\/ar_chubut20230214-234x300.jpg 234w\" sizes=\"(max-width: 700px) 100vw, 700px\" \/><\/p>\n<p><img decoding=\"async\" loading=\"lazy\" class=\"alignnone size-full wp-image-665420\" title=\"14 de febrero de 2023\" src=\"https:\/\/www.diario5.com.ar\/wp-content\/uploads\/2023\/02\/ar_epoca20230214.jpg\" alt=\"14 de febrero de 2023\" width=\"700\" height=\"905\" srcset=\"https:\/\/www.diario5.com.ar\/wp-content\/uploads\/2023\/02\/ar_epoca20230214.jpg 700w, https:\/\/www.diario5.com.ar\/wp-content\/uploads\/2023\/02\/ar_epoca20230214-232x300.jpg 232w\" sizes=\"(max-width: 700px) 100vw, 700px\" \/><\/p>\n<p><img decoding=\"async\" loading=\"lazy\" class=\"alignnone size-full wp-image-665421\" title=\"14 de febrero de 2023\" src=\"https:\/\/www.diario5.com.ar\/wp-content\/uploads\/2023\/02\/ar_litoral20230214.jpg\" alt=\"14 de febrero de 2023\" width=\"700\" height=\"917\" srcset=\"https:\/\/www.diario5.com.ar\/wp-content\/uploads\/2023\/02\/ar_litoral20230214.jpg 700w, https:\/\/www.diario5.com.ar\/wp-content\/uploads\/2023\/02\/ar_litoral20230214-229x300.jpg 229w\" sizes=\"(max-width: 700px) 100vw, 700px\" \/><\/p>\n<p><img decoding=\"async\" loading=\"lazy\" class=\"alignnone size-full wp-image-665422\" title=\"14 de febrero de 2023\" src=\"https:\/\/www.diario5.com.ar\/wp-content\/uploads\/2023\/02\/ar_heraldo20230214.jpg\" alt=\"14 de febrero de 2023\" width=\"700\" height=\"846\" srcset=\"https:\/\/www.diario5.com.ar\/wp-content\/uploads\/2023\/02\/ar_heraldo20230214.jpg 700w, https:\/\/www.diario5.com.ar\/wp-content\/uploads\/2023\/02\/ar_heraldo20230214-248x300.jpg 248w\" sizes=\"(max-width: 700px) 100vw, 700px\" \/><\/p>\n<p><img decoding=\"async\" loading=\"lazy\" class=\"alignnone size-full wp-image-665423\" title=\"14 de febrero de 2023\" src=\"https:\/\/www.diario5.com.ar\/wp-content\/uploads\/2023\/02\/ar_pagina1220230214.jpg\" alt=\"14 de febrero de 2023\" width=\"700\" height=\"865\" srcset=\"https:\/\/www.diario5.com.ar\/wp-content\/uploads\/2023\/02\/ar_pagina1220230214.jpg 700w, https:\/\/www.diario5.com.ar\/wp-content\/uploads\/2023\/02\/ar_pagina1220230214-243x300.jpg 243w\" sizes=\"(max-width: 700px) 100vw, 700px\" \/><\/p>\n<p><img decoding=\"async\" loading=\"lazy\" class=\"alignnone size-full wp-image-665424\" title=\"14 de febrero de 2023\" src=\"https:\/\/www.diario5.com.ar\/wp-content\/uploads\/2023\/02\/independiente20230214.jpg\" alt=\"14 de febrero de 2023\" width=\"700\" height=\"878\" srcset=\"https:\/\/www.diario5.com.ar\/wp-content\/uploads\/2023\/02\/independiente20230214.jpg 700w, https:\/\/www.diario5.com.ar\/wp-content\/uploads\/2023\/02\/independiente20230214-239x300.jpg 239w\" sizes=\"(max-width: 700px) 100vw, 700px\" \/><\/p>\n<p><img decoding=\"async\" loading=\"lazy\" class=\"alignnone size-full wp-image-665425\" title=\"14 de febrero de 2023\" src=\"https:\/\/www.diario5.com.ar\/wp-content\/uploads\/2023\/02\/ar_losandes20230214.jpg\" alt=\"14 de febrero de 2023\" width=\"700\" height=\"963\" srcset=\"https:\/\/www.diario5.com.ar\/wp-content\/uploads\/2023\/02\/ar_losandes20230214.jpg 700w, https:\/\/www.diario5.com.ar\/wp-content\/uploads\/2023\/02\/ar_losandes20230214-218x300.jpg 218w\" sizes=\"(max-width: 700px) 100vw, 700px\" \/><\/p>\n<p><img decoding=\"async\" loading=\"lazy\" class=\"alignnone size-large wp-image-665426\" title=\"14 de febrero de 2023\" src=\"https:\/\/www.diario5.com.ar\/wp-content\/uploads\/2023\/02\/ar_rio_negro20230214-677x1024.jpg\" alt=\"14 de febrero de 2023\" width=\"677\" height=\"1024\" srcset=\"https:\/\/www.diario5.com.ar\/wp-content\/uploads\/2023\/02\/ar_rio_negro20230214-677x1024.jpg 677w, https:\/\/www.diario5.com.ar\/wp-content\/uploads\/2023\/02\/ar_rio_negro20230214-198x300.jpg 198w, https:\/\/www.diario5.com.ar\/wp-content\/uploads\/2023\/02\/ar_rio_negro20230214.jpg 700w\" sizes=\"(max-width: 677px) 100vw, 677px\" \/><\/p>\n<p><img decoding=\"async\" loading=\"lazy\" class=\"alignnone size-large wp-image-665427\" title=\"14 de febrero de 2023\" src=\"https:\/\/www.diario5.com.ar\/wp-content\/uploads\/2023\/02\/ar_diario_cuyo20230214-682x1024.jpg\" alt=\"14 de febrero de 2023\" width=\"682\" height=\"1024\" srcset=\"https:\/\/www.diario5.com.ar\/wp-content\/uploads\/2023\/02\/ar_diario_cuyo20230214-682x1024.jpg 682w, https:\/\/www.diario5.com.ar\/wp-content\/uploads\/2023\/02\/ar_diario_cuyo20230214-200x300.jpg 200w, https:\/\/www.diario5.com.ar\/wp-content\/uploads\/2023\/02\/ar_diario_cuyo20230214.jpg 700w\" sizes=\"(max-width: 682px) 100vw, 682px\" \/><\/p>\n<p><img decoding=\"async\" loading=\"lazy\" class=\"alignnone size-full wp-image-665428\" title=\"14 de febrero de 2023\" src=\"https:\/\/www.diario5.com.ar\/wp-content\/uploads\/2023\/02\/ar_diario_republica20230214.jpg\" alt=\"14 de febrero de 2023\" width=\"700\" height=\"971\" srcset=\"https:\/\/www.diario5.com.ar\/wp-content\/uploads\/2023\/02\/ar_diario_republica20230214.jpg 700w, https:\/\/www.diario5.com.ar\/wp-content\/uploads\/2023\/02\/ar_diario_republica20230214-216x300.jpg 216w\" sizes=\"(max-width: 700px) 100vw, 700px\" \/><\/p>\n<p><img decoding=\"async\" loading=\"lazy\" class=\"alignnone size-full wp-image-665429\" title=\"14 de febrero de 2023\" src=\"https:\/\/www.diario5.com.ar\/wp-content\/uploads\/2023\/02\/ar_litoral_sfe20230214.jpg\" alt=\"14 de febrero de 2023\" width=\"700\" height=\"934\" srcset=\"https:\/\/www.diario5.com.ar\/wp-content\/uploads\/2023\/02\/ar_litoral_sfe20230214.jpg 700w, https:\/\/www.diario5.com.ar\/wp-content\/uploads\/2023\/02\/ar_litoral_sfe20230214-225x300.jpg 225w\" sizes=\"(max-width: 700px) 100vw, 700px\" \/><\/p>\n<p><img decoding=\"async\" loading=\"lazy\" class=\"alignnone size-full wp-image-665430\" title=\"14 de febrero de 2023\" src=\"https:\/\/www.diario5.com.ar\/wp-content\/uploads\/2023\/02\/ciudadano20230214.jpg\" alt=\"14 de febrero de 2023\" width=\"700\" height=\"932\" srcset=\"https:\/\/www.diario5.com.ar\/wp-content\/uploads\/2023\/02\/ciudadano20230214.jpg 700w, https:\/\/www.diario5.com.ar\/wp-content\/uploads\/2023\/02\/ciudadano20230214-225x300.jpg 225w\" sizes=\"(max-width: 700px) 100vw, 700px\" \/><\/p>\n<p><img decoding=\"async\" loading=\"lazy\" class=\"alignnone size-full wp-image-665431\" title=\"14 de febrero de 2023\" src=\"https:\/\/www.diario5.com.ar\/wp-content\/uploads\/2023\/02\/ar_mirador_provincial20230214.jpg\" alt=\"14 de febrero de 2023\" width=\"700\" height=\"939\" srcset=\"https:\/\/www.diario5.com.ar\/wp-content\/uploads\/2023\/02\/ar_mirador_provincial20230214.jpg 700w, https:\/\/www.diario5.com.ar\/wp-content\/uploads\/2023\/02\/ar_mirador_provincial20230214-224x300.jpg 224w\" sizes=\"(max-width: 700px) 100vw, 700px\" \/><\/p>\n<p><img decoding=\"async\" loading=\"lazy\" class=\"alignnone size-large wp-image-665432\" title=\"14 de febrero de 2023\" src=\"https:\/\/www.diario5.com.ar\/wp-content\/uploads\/2023\/02\/ar_gaceta20230214-625x1024.jpg\" alt=\"14 de febrero de 2023\" width=\"625\" height=\"1024\" srcset=\"https:\/\/www.diario5.com.ar\/wp-content\/uploads\/2023\/02\/ar_gaceta20230214-625x1024.jpg 625w, https:\/\/www.diario5.com.ar\/wp-content\/uploads\/2023\/02\/ar_gaceta20230214-183x300.jpg 183w, https:\/\/www.diario5.com.ar\/wp-content\/uploads\/2023\/02\/ar_gaceta20230214.jpg 700w\" sizes=\"(max-width: 625px) 100vw, 625px\" \/><\/p>\n<p><img decoding=\"async\" loading=\"lazy\" class=\"alignnone size-full wp-image-665433\" title=\"14 de febrero de 2023\" src=\"https:\/\/www.diario5.com.ar\/wp-content\/uploads\/2023\/02\/ar_cronica20230214.jpg\" alt=\"14 de febrero de 2023\" width=\"700\" height=\"805\" srcset=\"https:\/\/www.diario5.com.ar\/wp-content\/uploads\/2023\/02\/ar_cronica20230214.jpg 700w, https:\/\/www.diario5.com.ar\/wp-content\/uploads\/2023\/02\/ar_cronica20230214-261x300.jpg 261w\" sizes=\"(max-width: 700px) 100vw, 700px\" \/><\/p>\n<p><img decoding=\"async\" loading=\"lazy\" class=\"alignnone size-full wp-image-665434\" title=\"14 de febrero de 2023\" src=\"https:\/\/www.diario5.com.ar\/wp-content\/uploads\/2023\/02\/ar_clarin20230214.jpg\" alt=\"14 de febrero de 2023\" width=\"700\" height=\"971\" srcset=\"https:\/\/www.diario5.com.ar\/wp-content\/uploads\/2023\/02\/ar_clarin20230214.jpg 700w, https:\/\/www.diario5.com.ar\/wp-content\/uploads\/2023\/02\/ar_clarin20230214-216x300.jpg 216w\" sizes=\"(max-width: 700px) 100vw, 700px\" \/><\/p>\n<p><img decoding=\"async\" loading=\"lazy\" class=\"alignnone size-large wp-image-665435\" title=\"14 de febrero de 2023\" src=\"https:\/\/www.diario5.com.ar\/wp-content\/uploads\/2023\/02\/nacion20230214-676x1024.jpg\" alt=\"14 de febrero de 2023\" width=\"676\" height=\"1024\" srcset=\"https:\/\/www.diario5.com.ar\/wp-content\/uploads\/2023\/02\/nacion20230214-676x1024.jpg 676w, https:\/\/www.diario5.com.ar\/wp-content\/uploads\/2023\/02\/nacion20230214-198x300.jpg 198w, https:\/\/www.diario5.com.ar\/wp-content\/uploads\/2023\/02\/nacion20230214.jpg 700w\" sizes=\"(max-width: 676px) 100vw, 676px\" \/><\/p>\n<p><img decoding=\"async\" loading=\"lazy\" class=\"alignnone size-full wp-image-665436\" title=\"14 de febrero de 2023\" src=\"https:\/\/www.diario5.com.ar\/wp-content\/uploads\/2023\/02\/ar_sureno20230214.jpg\" alt=\"14 de febrero de 2023\" width=\"700\" height=\"922\" srcset=\"https:\/\/www.diario5.com.ar\/wp-content\/uploads\/2023\/02\/ar_sureno20230214.jpg 700w, https:\/\/www.diario5.com.ar\/wp-content\/uploads\/2023\/02\/ar_sureno20230214-228x300.jpg 228w\" sizes=\"(max-width: 700px) 100vw, 700px\" \/><\/p>\n<p><img decoding=\"async\" loading=\"lazy\" class=\"alignnone size-full wp-image-665437\" title=\"14 de febrero de 2023\" src=\"https:\/\/www.diario5.com.ar\/wp-content\/uploads\/2023\/02\/120230214.jpg\" alt=\"14 de febrero de 2023\" width=\"500\" height=\"652\" srcset=\"https:\/\/www.diario5.com.ar\/wp-content\/uploads\/2023\/02\/120230214.jpg 500w, https:\/\/www.diario5.com.ar\/wp-content\/uploads\/2023\/02\/120230214-230x300.jpg 230w\" sizes=\"(max-width: 500px) 100vw, 500px\" \/><\/p>\n<p>&nbsp;<\/p>","protected":false},"excerpt":{"rendered":"<p>Suele sorprender lo poco rom\u00e1ntica que es la historia del D\u00eda de San Valent\u00edn Hay muchos amantes del amor, emocionados ante la perspectiva de pasar un d\u00eda entero celebr\u00e1ndolo. Muchas personas sienten que la versi\u00f3n popular del amor ha sido comercializada y confundida. Pero independientemente de c\u00f3mo te sientas acerca del D\u00eda de San Valent\u00edn, [&hellip;]<\/p>","protected":false},"author":1,"featured_media":665467,"comment_status":"open","ping_status":"open","sticky":false,"template":"","format":"standard","meta":[],"categories":[5,52,56],"tags":[],"series":[],"_links":{"self":[{"href":"https:\/\/www.diario5.com.ar\/es\/wp-json\/wp\/v2\/posts\/636520"}],"collection":[{"href":"https:\/\/www.diario5.com.ar\/es\/wp-json\/wp\/v2\/posts"}],"about":[{"href":"https:\/\/www.diario5.com.ar\/es\/wp-json\/wp\/v2\/types\/post"}],"author":[{"embeddable":true,"href":"https:\/\/www.diario5.com.ar\/es\/wp-json\/wp\/v2\/users\/1"}],"replies":[{"embeddable":true,"href":"https:\/\/www.diario5.com.ar\/es\/wp-json\/wp\/v2\/comments?post=636520"}],"version-history":[{"count":3,"href":"https:\/\/www.diario5.com.ar\/es\/wp-json\/wp\/v2\/posts\/636520\/revisions"}],"predecessor-version":[{"id":665466,"href":"https:\/\/www.diario5.com.ar\/es\/wp-json\/wp\/v2\/posts\/636520\/revisions\/665466"}],"wp:featuredmedia":[{"embeddable":true,"href":"https:\/\/www.diario5.com.ar\/es\/wp-json\/wp\/v2\/media\/665467"}],"wp:attachment":[{"href":"https:\/\/www.diario5.com.ar\/es\/wp-json\/wp\/v2\/media?parent=636520"}],"wp:term":[{"taxonomy":"category","embeddable":true,"href":"https:\/\/www.diario5.com.ar\/es\/wp-json\/wp\/v2\/categories?post=636520"},{"taxonomy":"post_tag","embeddable":true,"href":"https:\/\/www.diario5.com.ar\/es\/wp-json\/wp\/v2\/tags?post=636520"},{"taxonomy":"series","embeddable":true,"href":"https:\/\/www.diario5.com.ar\/es\/wp-json\/wp\/v2\/series?post=636520"}],"curies":[{"name":"wp","href":"https:\/\/api.w.org\/{rel}","templated":true}]}}