{"id":636518,"date":"2023-02-12T06:50:00","date_gmt":"2023-02-12T09:50:00","guid":{"rendered":"http:\/\/diario5.com.ar\/?p=636518"},"modified":"2023-02-11T21:57:09","modified_gmt":"2023-02-12T00:57:09","slug":"636518","status":"publish","type":"post","link":"https:\/\/www.diario5.com.ar\/es\/636518\/","title":{"rendered":"Crecer en Paz"},"content":{"rendered":"<h2 class=\"sub-title-primary\">Contra el reclutamiento infantil en todos los \u00f3rdenes. <\/h2> <p><img decoding=\"async\" src=\"https:\/\/suisse.coopi.org\/media\/2018\/11\/image1.jpeg\" \/><\/p>\n<p>El drama de los ni\u00f1os soldados es un problema que en la Argentina no parec\u00eda tener demasiada presencia, hasta que el concepto \u00abSoldaditos\u00bb, conocido en la compleja lucha contra el narcotr\u00e1fico, qued\u00f3 de relieve desde hace unos 7 a\u00f1os en las Ciudades de Rosario, Buenos Aires, Mar del Plata y C\u00f3rdoba.<\/p>\n<p>El D\u00eda Mundial contra la Utilizaci\u00f3n de Ni\u00f1os Soldados nos pone un poco m\u00e1s enfocados en la conciencia que se necesita tener sobre esta desgraciada realidad<\/p>\n<p>A nivel mundial, la necesidad de actuar a este respecto, fue visibilizada por COOPI Suisse durante el 7\u00ba Foro Mundial por la Paz en julio de 2018, estableci\u00e9ndose jornadas de divulgaci\u00f3n y sensibilizaci\u00f3n en temas de paz y solidaridad, que cada a\u00f1o cuenta con la participaci\u00f3n de cientos de estudiantes de cada comunidad comenz\u00f3 a expandirse, especialmente en escuelas.<\/p>\n<p>Adem\u00e1s de conocer la dram\u00e1tica vida de los ni\u00f1os soldados, cuando se realizan estos talleres, los alumnos pueden ofrecer su aporte activo, como sucedes con la \u201cCampa\u00f1a Mano Roja\u201d: cada a\u00f1o se entregan a las autoridades cientos de l\u00e1minas con la huella de una mano roja a lo largo del mundo, con motivo del D\u00eda Mundial contra la Utilizaci\u00f3n de Ni\u00f1os Soldados. La fecha establecida es el 12 de febrero, para exigir la abolici\u00f3n definitiva de esta aberrante pr\u00e1ctica.<\/p>\n<p>Los estudiantes que participaron de todo el mundo, desde el a\u00f1o de inicio, realizan trabajos art\u00edsticos con las \u00abmanos rojas\u00bb, como ocurri\u00f3 en la primera oportunidad, cuando le fueron enviadas 150 de estas expresiones art\u00edsticas al Consejo Federal Suizo, como una una forma de ejercer su derecho a discrepar pac\u00edficamente y experimentar las luces y sombras de ser parte de un mundo global e interconectado a temprana edad.<\/p>\n<p>Este a\u00f1o no pareci\u00f3 toar demasiada importancia para los medios de difusi\u00f3n mundiales esta campa\u00f1a contra un flagelo que debe ser erradicado con urgencia<\/p>\n<p><img decoding=\"async\" src=\"http:\/\/compromisodiario.com.ar\/wp-content\/uploads\/2023\/02\/Tapacomp-1202.jpg\" \/><\/p>\n<p><img decoding=\"async\" src=\"https:\/\/img.kiosko.net\/2023\/02\/12\/ar\/diario_parana.jpg\" \/><\/p>\n<p><img decoding=\"async\" src=\"https:\/\/img.kiosko.net\/2023\/02\/12\/ar\/ar_capital_rosario.jpg\" \/><\/p>\n<p><img decoding=\"async\" src=\"https:\/\/img.kiosko.net\/2023\/02\/12\/ar\/ar_elsol_concordia.jpg\" \/><\/p>\n<p><img decoding=\"async\" src=\"https:\/\/img.kiosko.net\/2023\/02\/12\/ar\/ar_nueva_provincia.jpg\" \/><\/p>\n<p><img decoding=\"async\" src=\"https:\/\/img.kiosko.net\/2023\/02\/12\/ar\/ar_ambito.jpg\" \/><\/p>\n<p><img decoding=\"async\" src=\"https:\/\/img.kiosko.net\/2023\/02\/12\/ar\/esquiu.jpg\" \/><\/p>\n<p><img decoding=\"async\" src=\"https:\/\/img.kiosko.net\/2023\/02\/12\/ar\/ar_diario_norte.jpg\" \/><\/p>\n<p><img decoding=\"async\" src=\"https:\/\/img.kiosko.net\/2023\/02\/12\/ar\/voz_chaco.jpg\" \/><\/p>\n<p><img decoding=\"async\" src=\"https:\/\/img.kiosko.net\/2023\/02\/12\/ar\/ar_diario_madryn.jpg\" \/><\/p>\n<p><img decoding=\"async\" src=\"https:\/\/img.kiosko.net\/2023\/02\/12\/ar\/ar_laprensa.jpg\" \/><\/p>\n<p><img decoding=\"async\" src=\"https:\/\/img.kiosko.net\/2023\/02\/12\/ar\/ar_cronista.jpg\" \/><\/p>\n<p><img decoding=\"async\" src=\"https:\/\/img.kiosko.net\/2023\/02\/12\/ar\/buenosaires_economico.jpg\" \/><\/p>\n<p><img decoding=\"async\" src=\"https:\/\/img.kiosko.net\/2023\/02\/12\/ar\/ar_perfil.jpg\" \/><\/p>\n<p><img decoding=\"async\" src=\"https:\/\/img.kiosko.net\/2023\/02\/12\/ar\/ar_eldia.jpg\" \/><\/p>\n<p><img decoding=\"async\" src=\"https:\/\/img.kiosko.net\/2023\/02\/12\/ar\/ar_hoy.jpg\" \/><\/p>\n<p><img decoding=\"async\" src=\"https:\/\/img.kiosko.net\/2023\/02\/12\/ar\/ar_democracia.jpg\" \/><\/p>\n<p><img decoding=\"async\" src=\"https:\/\/img.kiosko.net\/2023\/02\/12\/ar\/ar_chubut.jpg\" \/><\/p>\n<p><img decoding=\"async\" src=\"https:\/\/img.kiosko.net\/2023\/02\/12\/ar\/ar_epoca.jpg\" \/><\/p>\n<p><img decoding=\"async\" src=\"https:\/\/img.kiosko.net\/2023\/02\/12\/ar\/ar_litoral.jpg\" \/><\/p>\n<p><img decoding=\"async\" src=\"https:\/\/img.kiosko.net\/2023\/02\/12\/ar\/ar_heraldo.jpg\" \/><\/p>\n<p><img decoding=\"async\" src=\"https:\/\/img.kiosko.net\/2023\/02\/12\/ar\/ar_manana_formosa.jpg\" \/><\/p>\n<p><img decoding=\"async\" src=\"https:\/\/img.kiosko.net\/2023\/02\/12\/ar\/ar_diario_pampa.jpg\" \/><\/p>\n<p><img decoding=\"async\" src=\"https:\/\/img.kiosko.net\/2023\/02\/12\/ar\/ar_pagina12.jpg\" \/><\/p>\n<p><img decoding=\"async\" src=\"https:\/\/img.kiosko.net\/2023\/02\/12\/ar\/ar_arena.jpg\" \/><\/p>\n<p><img decoding=\"async\" src=\"https:\/\/img.kiosko.net\/2023\/02\/12\/ar\/independiente.jpg\" \/><\/p>\n<p><img decoding=\"async\" src=\"https:\/\/img.kiosko.net\/2023\/02\/12\/ar\/nueva_rioja.jpg\" \/><\/p>\n<p><img decoding=\"async\" src=\"https:\/\/img.kiosko.net\/2023\/02\/12\/ar\/ar_losandes.jpg\" \/><\/p>\n<p><img decoding=\"async\" src=\"https:\/\/img.kiosko.net\/2023\/02\/12\/ar\/ar_tribuno.jpg\" \/><\/p>\n<p><img decoding=\"async\" src=\"https:\/\/img.kiosko.net\/2023\/02\/12\/ar\/lea.jpg\" \/><\/p>\n<p><img decoding=\"async\" src=\"https:\/\/img.kiosko.net\/2023\/02\/12\/ar\/ar_rio_negro.jpg\" \/><\/p>\n<p><img decoding=\"async\" src=\"https:\/\/img.kiosko.net\/2023\/02\/12\/ar\/ar_diario_cuyo.jpg\" \/><\/p>\n<p><img decoding=\"async\" src=\"https:\/\/img.kiosko.net\/2023\/02\/12\/ar\/huarpe.jpg\" \/><\/p>\n<p><img decoding=\"async\" src=\"https:\/\/img.kiosko.net\/2023\/02\/12\/ar\/ar_diario_republica.jpg\" \/><\/p>\n<p><img decoding=\"async\" src=\"https:\/\/img.kiosko.net\/2023\/02\/12\/ar\/ar_litoral_sfe.jpg\" \/><\/p>\n<p><img decoding=\"async\" src=\"https:\/\/img.kiosko.net\/2023\/02\/12\/ar\/ciudadano.jpg\" \/><\/p>\n<p><img decoding=\"async\" src=\"https:\/\/img.kiosko.net\/2023\/02\/12\/ar\/ar_mirador_provincial.jpg\" \/><\/p>\n<p><img decoding=\"async\" src=\"https:\/\/img.kiosko.net\/2023\/02\/12\/ar\/ar_gaceta.jpg\" \/><\/p>\n<p><img decoding=\"async\" src=\"https:\/\/img.kiosko.net\/2023\/02\/12\/ar\/ar_cronica.jpg\" \/><\/p>\n<p><img decoding=\"async\" src=\"https:\/\/img.kiosko.net\/2023\/02\/12\/ar\/ar_clarin.jpg\" \/><\/p>\n<p><img decoding=\"async\" src=\"https:\/\/img.kiosko.net\/2023\/02\/12\/ar\/nacion.jpg\" \/><\/p>\n<p><img decoding=\"async\" src=\"https:\/\/img.kiosko.net\/2023\/02\/12\/ar\/ar_eco.jpg\" \/><\/p>\n<p><img decoding=\"async\" src=\"https:\/\/img.kiosko.net\/2023\/02\/12\/ar\/nuevo_diario.jpg\" \/><\/p>\n<p><img decoding=\"async\" src=\"https:\/\/img.kiosko.net\/2023\/02\/12\/ar\/ar_sureno.jpg\" \/><\/p>\n<p><img decoding=\"async\" src=\"http:\/\/edicionimpresa.diariocastellanos.net\/diario\/pages\/1.jpg\" \/><\/p>\n<p>&nbsp;<\/p>","protected":false},"excerpt":{"rendered":"<p>Contra el reclutamiento infantil en todos los \u00f3rdenes. El drama de los ni\u00f1os soldados es un problema que en la Argentina no parec\u00eda tener demasiada presencia, hasta que el concepto \u00abSoldaditos\u00bb, conocido en la compleja lucha contra el narcotr\u00e1fico, qued\u00f3 de relieve desde hace unos 7 a\u00f1os en las Ciudades de Rosario, Buenos Aires, Mar [&hellip;]<\/p>","protected":false},"author":9,"featured_media":665349,"comment_status":"open","ping_status":"open","sticky":false,"template":"","format":"standard","meta":[],"categories":[52,56],"tags":[],"series":[],"_links":{"self":[{"href":"https:\/\/www.diario5.com.ar\/es\/wp-json\/wp\/v2\/posts\/636518"}],"collection":[{"href":"https:\/\/www.diario5.com.ar\/es\/wp-json\/wp\/v2\/posts"}],"about":[{"href":"https:\/\/www.diario5.com.ar\/es\/wp-json\/wp\/v2\/types\/post"}],"author":[{"embeddable":true,"href":"https:\/\/www.diario5.com.ar\/es\/wp-json\/wp\/v2\/users\/9"}],"replies":[{"embeddable":true,"href":"https:\/\/www.diario5.com.ar\/es\/wp-json\/wp\/v2\/comments?post=636518"}],"version-history":[{"count":7,"href":"https:\/\/www.diario5.com.ar\/es\/wp-json\/wp\/v2\/posts\/636518\/revisions"}],"predecessor-version":[{"id":665348,"href":"https:\/\/www.diario5.com.ar\/es\/wp-json\/wp\/v2\/posts\/636518\/revisions\/665348"}],"wp:featuredmedia":[{"embeddable":true,"href":"https:\/\/www.diario5.com.ar\/es\/wp-json\/wp\/v2\/media\/665349"}],"wp:attachment":[{"href":"https:\/\/www.diario5.com.ar\/es\/wp-json\/wp\/v2\/media?parent=636518"}],"wp:term":[{"taxonomy":"category","embeddable":true,"href":"https:\/\/www.diario5.com.ar\/es\/wp-json\/wp\/v2\/categories?post=636518"},{"taxonomy":"post_tag","embeddable":true,"href":"https:\/\/www.diario5.com.ar\/es\/wp-json\/wp\/v2\/tags?post=636518"},{"taxonomy":"series","embeddable":true,"href":"https:\/\/www.diario5.com.ar\/es\/wp-json\/wp\/v2\/series?post=636518"}],"curies":[{"name":"wp","href":"https:\/\/api.w.org\/{rel}","templated":true}]}}