{"id":636514,"date":"2023-02-08T06:50:00","date_gmt":"2023-02-08T09:50:00","guid":{"rendered":"http:\/\/diario5.com.ar\/?p=636514"},"modified":"2023-02-08T16:15:36","modified_gmt":"2023-02-08T19:15:36","slug":"636514","status":"publish","type":"post","link":"https:\/\/www.diario5.com.ar\/es\/636514\/","title":{"rendered":"Nirvana"},"content":{"rendered":"<h2 class=\"sub-title-primary\">Los d\u00edas en que los miembros de la religi\u00f3n Budista celebran el D\u00eda del Nirvana son dos: uno es esta fecha y el pr\u00f3ximo es una semana m\u00e1s tarde.<\/h2> <header>Cada a\u00f1o, el 8 o el 15 de febrero, los budistas mahayana de todo el mundo celebran el D\u00eda del Nirvana.\u00a0El evento, tambi\u00e9n conocido como D\u00eda de Parinirvana,\u00a0<b>conmemora la muerte de Buda y su entrada en el Nirvana completo<\/b>.\u00a0Algunas personas piensan err\u00f3neamente que el Buda hist\u00f3rico era un dios. Como parte del panorama de respeto a los cultos, Diario 5 presenta una peque\u00f1a semblanza de del significado del nirvana en el budismo, del que podemos anticipar que representa un important\u00edsimo acto de elevaci\u00f3n espiritual, en el que se alcanza el final de la codicia, el odio y el enga\u00f1o.<\/p>\n<address>\u00a0<\/address>\n<\/header>\n<section class=\"content\">\n<figure><img decoding=\"async\" loading=\"lazy\" class=\"alignnone size-full wp-image-665179\" title=\"Nirvana\" src=\"https:\/\/www.diario5.com.ar\/wp-content\/uploads\/2023\/02\/BB-Buddha_blue-e1473696047967-1024x57820230208-1.jpg\" alt=\"Nirvana\" width=\"700\" height=\"395\" srcset=\"https:\/\/www.diario5.com.ar\/wp-content\/uploads\/2023\/02\/BB-Buddha_blue-e1473696047967-1024x57820230208-1.jpg 700w, https:\/\/www.diario5.com.ar\/wp-content\/uploads\/2023\/02\/BB-Buddha_blue-e1473696047967-1024x57820230208-1-300x169.jpg 300w\" sizes=\"(max-width: 700px) 100vw, 700px\" \/><\/figure>\n<p>&nbsp;<\/p>\n<div class=\"article-body\">\n<div data-paywall-preview=\"\">\n<p>Nirvana significa literalmente \u00abapagar\u00bb, en la forma en que se apaga la llama de una vela. Pero, \u00bfqu\u00e9 estamos soplando aqu\u00ed? \u00bfEs el alma de uno, el ego de uno, la identidad de uno? No puede ser el alma la que se apaga, ya que el budismo niega que tal cosa exista. Tampoco es el ego o el sentido de identidad de uno lo que desaparece\u00a0, aunque el nirvana ciertamente implica un estado de conciencia radicalmente transformado que est\u00e1 libre de la obsesi\u00f3n con el \u201cyo y lo m\u00edo\u201d.<\/p>\n<p>Lo que se extingue, de hecho, es el fuego triple de la codicia, el odio y la ilusi\u00f3n que conduce al renacimiento.\u00a0De hecho, la definici\u00f3n m\u00e1s simple de nirvana-en-esta-vida es \u00abel fin de la codicia, el odio y el enga\u00f1o\u00bb.\u00a0Est\u00e1 claro que el nirvana-en-esta-vida es una realidad psicol\u00f3gica y \u00e9tica.\u00a0Es un estado transformado de la personalidad caracterizado por la paz, la profunda alegr\u00eda espiritual, la\u00a0compasi\u00f3n\u00a0y una conciencia refinada y sutil.\u00a0Los estados mentales negativos y las emociones como la duda, la preocupaci\u00f3n, la ansiedad y el miedo est\u00e1n ausentes de la mente iluminada.<\/p>\n<p>Los santos en muchas tradiciones religiosas exhiben algunas o todas estas cualidades y la gente com\u00fan tambi\u00e9n las posee hasta cierto punto, aunque imperfectamente desarrolladas.\u00a0Sin embargo, una persona iluminada, como un Buda o un Arhat, los posee a todos por completo.<\/p>\n<h2>\u00bfVida futura?<\/h2>\n<p>\u00bfQu\u00e9 pasa con una persona as\u00ed al morir?\u00a0Es en conexi\u00f3n con el nirvana final que surgen los problemas de comprensi\u00f3n.\u00a0Cuando la llama del deseo se extingue, cesa el renacimiento y una persona iluminada no renace.\u00a0Entonces, \u00bfqu\u00e9 le ha pasado?\u00a0No hay una respuesta clara a esta pregunta en las primeras fuentes.\u00a0El Buda\u00a0dijo que preguntar sobre el paradero de \u201cun iluminado\u201d despu\u00e9s de la muerte es como preguntar ad\u00f3nde va una llama cuando se apaga.<\/p>\n<p>La llama, por supuesto, no se ha \u00abido\u00bb a ninguna parte.\u00a0Es simplemente el proceso de combusti\u00f3n que ha cesado.\u00a0Eliminar el anhelo y la ignorancia es como eliminar el ox\u00edgeno y el combustible que necesita una llama para arder.\u00a0La imagen de la extinci\u00f3n de la llama, sin embargo, no sugiere que el nirvana final sea la aniquilaci\u00f3n.\u00a0Las fuentes dejan bastante claro que esto ser\u00eda un error, al igual que la conclusi\u00f3n de que el nirvana es la existencia eterna de un alma personal.<\/p>\n<h2>Cuestionar al Nirvana<\/h2>\n<p>El Buda desalent\u00f3 la especulaci\u00f3n sobre la naturaleza del nirvana y, en cambio, enfatiz\u00f3 la necesidad de esforzarse por alcanzarlo.\u00a0A los que hicieron preguntas especulativas sobre el nirvana los compar\u00f3 con un hombre herido por una flecha envenenada que, en lugar de sacar la flecha, insiste en pedir informaci\u00f3n irrelevante sobre el hombre que la dispar\u00f3, como su nombre y clan, a qu\u00e9 distancia estaba. de pie, etc.<\/p>\n<p>De acuerdo con esta renuencia por parte de Buda a elaborar la cuesti\u00f3n, las primeras fuentes describen el nirvana en t\u00e9rminos predominantemente negativos.\u00a0Estos van desde \u00abla ausencia de deseo\u00bb y \u00abla extinci\u00f3n de la sed\u00bb hasta \u00absoplar\u00bb y \u00abcese\u00bb.\u00a0Tambi\u00e9n se encuentra un n\u00famero menor de ep\u00edtetos positivos, incluidos \u00ablo auspicioso\u00bb, lo bueno, \u00abpureza\u00bb, paz, \u00abverdad\u00bb y \u00abla otra orilla\u00bb.<\/p>\n<p>Ciertos pasajes sugieren que el nirvana es una realidad trascendente que no nace, no se origina, no se crea ni se forma.\u00a0Es dif\u00edcil saber qu\u00e9 interpretaci\u00f3n dar a tales formulaciones.\u00a0En \u00faltima instancia, la naturaleza del nirvana final sigue siendo un enigma para quienes no lo experimentan.\u00a0Sin embargo, de lo que podemos estar seguros es que significa el fin del sufrimiento y el renacimiento.<\/p>\n<hr \/>\n<p>&nbsp;<\/p>\n<\/div>\n<p>La fuente informativa ha sido la organizaci\u00f3n no gubernamental Tricycle, con la gu\u00eda de Damien Keown.<\/p>\n<p>&nbsp;<\/p>\n<\/div>\n<\/section>\n<hr \/>\n<p><!--googleoff: index--><br \/>\n<!--googleon: index--><br \/>\n<img decoding=\"async\" loading=\"lazy\" class=\"alignnone size-full wp-image-665215\" src=\"https:\/\/www.diario5.com.ar\/wp-content\/uploads\/2023\/02\/ar_capital_rosario20230208.jpg\" width=\"700\" height=\"930\" alt=\"Nirvana\" title=\"Nirvana\" srcset=\"https:\/\/www.diario5.com.ar\/wp-content\/uploads\/2023\/02\/ar_capital_rosario20230208.jpg 700w, https:\/\/www.diario5.com.ar\/wp-content\/uploads\/2023\/02\/ar_capital_rosario20230208-226x300.jpg 226w\" sizes=\"(max-width: 700px) 100vw, 700px\" \/><\/p>\n<p><img decoding=\"async\" loading=\"lazy\" class=\"alignnone size-full wp-image-665180\" title=\"Nirvana\" src=\"https:\/\/www.diario5.com.ar\/wp-content\/uploads\/2023\/02\/esquiu20230208.jpg\" alt=\"Nirvana\" width=\"700\" height=\"921\" srcset=\"https:\/\/www.diario5.com.ar\/wp-content\/uploads\/2023\/02\/esquiu20230208.jpg 700w, https:\/\/www.diario5.com.ar\/wp-content\/uploads\/2023\/02\/esquiu20230208-228x300.jpg 228w\" sizes=\"(max-width: 700px) 100vw, 700px\" \/><\/p>\n<p><img decoding=\"async\" loading=\"lazy\" class=\"alignnone size-full wp-image-665216\" src=\"https:\/\/www.diario5.com.ar\/wp-content\/uploads\/2023\/02\/voz_chaco20230208.jpg\" width=\"700\" height=\"853\" alt=\"Nirvana\" title=\"Nirvana\" srcset=\"https:\/\/www.diario5.com.ar\/wp-content\/uploads\/2023\/02\/voz_chaco20230208.jpg 700w, https:\/\/www.diario5.com.ar\/wp-content\/uploads\/2023\/02\/voz_chaco20230208-246x300.jpg 246w\" sizes=\"(max-width: 700px) 100vw, 700px\" \/><\/p>\n<p><img decoding=\"async\" loading=\"lazy\" class=\"alignnone size-full wp-image-665181\" title=\"Nirvana\" src=\"https:\/\/www.diario5.com.ar\/wp-content\/uploads\/2023\/02\/ar_laprensa20230208.jpg\" alt=\"Nirvana\" width=\"700\" height=\"944\" srcset=\"https:\/\/www.diario5.com.ar\/wp-content\/uploads\/2023\/02\/ar_laprensa20230208.jpg 700w, https:\/\/www.diario5.com.ar\/wp-content\/uploads\/2023\/02\/ar_laprensa20230208-222x300.jpg 222w\" sizes=\"(max-width: 700px) 100vw, 700px\" \/><\/p>\n<p><img decoding=\"async\" loading=\"lazy\" class=\"alignnone size-full wp-image-665182\" title=\"Nirvana\" src=\"https:\/\/www.diario5.com.ar\/wp-content\/uploads\/2023\/02\/ar_cronista20230208.jpg\" alt=\"Nirvana\" width=\"700\" height=\"1023\" srcset=\"https:\/\/www.diario5.com.ar\/wp-content\/uploads\/2023\/02\/ar_cronista20230208.jpg 700w, https:\/\/www.diario5.com.ar\/wp-content\/uploads\/2023\/02\/ar_cronista20230208-205x300.jpg 205w\" sizes=\"(max-width: 700px) 100vw, 700px\" \/><\/p>\n<p><img decoding=\"async\" loading=\"lazy\" class=\"alignnone size-large wp-image-665183\" title=\"Nirvana\" src=\"https:\/\/www.diario5.com.ar\/wp-content\/uploads\/2023\/02\/ar_eldia20230208-685x1024.jpg\" alt=\"Nirvana\" width=\"685\" height=\"1024\" srcset=\"https:\/\/www.diario5.com.ar\/wp-content\/uploads\/2023\/02\/ar_eldia20230208-685x1024.jpg 685w, https:\/\/www.diario5.com.ar\/wp-content\/uploads\/2023\/02\/ar_eldia20230208-201x300.jpg 201w, https:\/\/www.diario5.com.ar\/wp-content\/uploads\/2023\/02\/ar_eldia20230208.jpg 700w\" sizes=\"(max-width: 685px) 100vw, 685px\" \/><\/p>\n<p><img decoding=\"async\" loading=\"lazy\" class=\"alignnone size-full wp-image-665184\" title=\"Nirvana\" src=\"https:\/\/www.diario5.com.ar\/wp-content\/uploads\/2023\/02\/ar_hoy20230208.jpg\" alt=\"Nirvana\" width=\"700\" height=\"920\" srcset=\"https:\/\/www.diario5.com.ar\/wp-content\/uploads\/2023\/02\/ar_hoy20230208.jpg 700w, https:\/\/www.diario5.com.ar\/wp-content\/uploads\/2023\/02\/ar_hoy20230208-228x300.jpg 228w\" sizes=\"(max-width: 700px) 100vw, 700px\" \/><\/p>\n<p><img decoding=\"async\" loading=\"lazy\" class=\"alignnone size-full wp-image-665185\" title=\"Nirvana\" src=\"https:\/\/www.diario5.com.ar\/wp-content\/uploads\/2023\/02\/ar_chubut20230208.jpg\" alt=\"Nirvana\" width=\"700\" height=\"896\" srcset=\"https:\/\/www.diario5.com.ar\/wp-content\/uploads\/2023\/02\/ar_chubut20230208.jpg 700w, https:\/\/www.diario5.com.ar\/wp-content\/uploads\/2023\/02\/ar_chubut20230208-234x300.jpg 234w\" sizes=\"(max-width: 700px) 100vw, 700px\" \/><\/p>\n<p><img decoding=\"async\" loading=\"lazy\" class=\"alignnone size-full wp-image-665186\" title=\"Nirvana\" src=\"https:\/\/www.diario5.com.ar\/wp-content\/uploads\/2023\/02\/ar_epoca20230208.jpg\" alt=\"Nirvana\" width=\"700\" height=\"908\" srcset=\"https:\/\/www.diario5.com.ar\/wp-content\/uploads\/2023\/02\/ar_epoca20230208.jpg 700w, https:\/\/www.diario5.com.ar\/wp-content\/uploads\/2023\/02\/ar_epoca20230208-231x300.jpg 231w\" sizes=\"(max-width: 700px) 100vw, 700px\" \/><\/p>\n<p><img decoding=\"async\" loading=\"lazy\" class=\"alignnone size-full wp-image-665187\" title=\"Nirvana\" src=\"https:\/\/www.diario5.com.ar\/wp-content\/uploads\/2023\/02\/ar_litoral20230208.jpg\" alt=\"Nirvana\" width=\"700\" height=\"920\" srcset=\"https:\/\/www.diario5.com.ar\/wp-content\/uploads\/2023\/02\/ar_litoral20230208.jpg 700w, https:\/\/www.diario5.com.ar\/wp-content\/uploads\/2023\/02\/ar_litoral20230208-228x300.jpg 228w\" sizes=\"(max-width: 700px) 100vw, 700px\" \/><\/p>\n<p><img decoding=\"async\" loading=\"lazy\" class=\"alignnone size-full wp-image-665217\" src=\"https:\/\/www.diario5.com.ar\/wp-content\/uploads\/2023\/02\/ar_heraldo20230208.jpg\" width=\"700\" height=\"846\" alt=\"Nirvana\" title=\"Nirvana\" srcset=\"https:\/\/www.diario5.com.ar\/wp-content\/uploads\/2023\/02\/ar_heraldo20230208.jpg 700w, https:\/\/www.diario5.com.ar\/wp-content\/uploads\/2023\/02\/ar_heraldo20230208-248x300.jpg 248w\" sizes=\"(max-width: 700px) 100vw, 700px\" \/><\/p>\n<p><img decoding=\"async\" loading=\"lazy\" class=\"alignnone size-full wp-image-665188\" title=\"Nirvana\" src=\"https:\/\/www.diario5.com.ar\/wp-content\/uploads\/2023\/02\/independiente20230208.jpg\" alt=\"Nirvana\" width=\"700\" height=\"878\" srcset=\"https:\/\/www.diario5.com.ar\/wp-content\/uploads\/2023\/02\/independiente20230208.jpg 700w, https:\/\/www.diario5.com.ar\/wp-content\/uploads\/2023\/02\/independiente20230208-239x300.jpg 239w\" sizes=\"(max-width: 700px) 100vw, 700px\" \/><\/p>\n<p><img decoding=\"async\" loading=\"lazy\" class=\"alignnone size-full wp-image-665189\" title=\"Nirvana\" src=\"https:\/\/www.diario5.com.ar\/wp-content\/uploads\/2023\/02\/ar_losandes20230208.jpg\" alt=\"Nirvana\" width=\"700\" height=\"963\" srcset=\"https:\/\/www.diario5.com.ar\/wp-content\/uploads\/2023\/02\/ar_losandes20230208.jpg 700w, https:\/\/www.diario5.com.ar\/wp-content\/uploads\/2023\/02\/ar_losandes20230208-218x300.jpg 218w\" sizes=\"(max-width: 700px) 100vw, 700px\" \/><\/p>\n<p><img decoding=\"async\" loading=\"lazy\" class=\"alignnone size-large wp-image-665218\" src=\"https:\/\/www.diario5.com.ar\/wp-content\/uploads\/2023\/02\/ar_diario_cuyo20230208-682x1024.jpg\" width=\"682\" height=\"1024\" alt=\"Nirvana\" title=\"Nirvana\" srcset=\"https:\/\/www.diario5.com.ar\/wp-content\/uploads\/2023\/02\/ar_diario_cuyo20230208-682x1024.jpg 682w, https:\/\/www.diario5.com.ar\/wp-content\/uploads\/2023\/02\/ar_diario_cuyo20230208-200x300.jpg 200w, https:\/\/www.diario5.com.ar\/wp-content\/uploads\/2023\/02\/ar_diario_cuyo20230208.jpg 700w\" sizes=\"(max-width: 682px) 100vw, 682px\" \/><\/p>\n<p><img decoding=\"async\" loading=\"lazy\" class=\"alignnone size-full wp-image-665219\" src=\"https:\/\/www.diario5.com.ar\/wp-content\/uploads\/2023\/02\/ar_diario_republica20230208.jpg\" width=\"700\" height=\"976\" alt=\"Nirvana\" title=\"Nirvana\" srcset=\"https:\/\/www.diario5.com.ar\/wp-content\/uploads\/2023\/02\/ar_diario_republica20230208.jpg 700w, https:\/\/www.diario5.com.ar\/wp-content\/uploads\/2023\/02\/ar_diario_republica20230208-215x300.jpg 215w\" sizes=\"(max-width: 700px) 100vw, 700px\" \/><\/p>\n<p><img decoding=\"async\" loading=\"lazy\" class=\"alignnone size-full wp-image-665220\" src=\"https:\/\/www.diario5.com.ar\/wp-content\/uploads\/2023\/02\/ar_litoral_sfe20230208.jpg\" width=\"700\" height=\"934\" alt=\"Nirvana\" title=\"Nirvana\" srcset=\"https:\/\/www.diario5.com.ar\/wp-content\/uploads\/2023\/02\/ar_litoral_sfe20230208.jpg 700w, https:\/\/www.diario5.com.ar\/wp-content\/uploads\/2023\/02\/ar_litoral_sfe20230208-225x300.jpg 225w\" sizes=\"(max-width: 700px) 100vw, 700px\" \/><\/p>\n<p><img decoding=\"async\" loading=\"lazy\" class=\"alignnone size-full wp-image-665190\" title=\"Nirvana\" src=\"https:\/\/www.diario5.com.ar\/wp-content\/uploads\/2023\/02\/ciudadano20230208.jpg\" alt=\"Nirvana\" width=\"700\" height=\"945\" srcset=\"https:\/\/www.diario5.com.ar\/wp-content\/uploads\/2023\/02\/ciudadano20230208.jpg 700w, https:\/\/www.diario5.com.ar\/wp-content\/uploads\/2023\/02\/ciudadano20230208-222x300.jpg 222w\" sizes=\"(max-width: 700px) 100vw, 700px\" \/><\/p>\n<p><img decoding=\"async\" loading=\"lazy\" class=\"alignnone size-full wp-image-665221\" src=\"https:\/\/www.diario5.com.ar\/wp-content\/uploads\/2023\/02\/ar_mirador_provincial20230208.jpg\" width=\"700\" height=\"933\" alt=\"Nirvana\" title=\"Nirvana\" srcset=\"https:\/\/www.diario5.com.ar\/wp-content\/uploads\/2023\/02\/ar_mirador_provincial20230208.jpg 700w, https:\/\/www.diario5.com.ar\/wp-content\/uploads\/2023\/02\/ar_mirador_provincial20230208-225x300.jpg 225w\" sizes=\"(max-width: 700px) 100vw, 700px\" \/><\/p>\n<p><img decoding=\"async\" loading=\"lazy\" class=\"alignnone size-large wp-image-665191\" title=\"Nirvana\" src=\"https:\/\/www.diario5.com.ar\/wp-content\/uploads\/2023\/02\/ar_gaceta20230208-621x1024.jpg\" alt=\"Nirvana\" width=\"621\" height=\"1024\" srcset=\"https:\/\/www.diario5.com.ar\/wp-content\/uploads\/2023\/02\/ar_gaceta20230208-621x1024.jpg 621w, https:\/\/www.diario5.com.ar\/wp-content\/uploads\/2023\/02\/ar_gaceta20230208-182x300.jpg 182w, https:\/\/www.diario5.com.ar\/wp-content\/uploads\/2023\/02\/ar_gaceta20230208.jpg 700w\" sizes=\"(max-width: 621px) 100vw, 621px\" \/><\/p>\n<p><img decoding=\"async\" loading=\"lazy\" class=\"alignnone size-full wp-image-665222\" src=\"https:\/\/www.diario5.com.ar\/wp-content\/uploads\/2023\/02\/ar_clarin20230208.jpg\" width=\"700\" height=\"971\" alt=\"Nirvana\" title=\"Nirvana\" srcset=\"https:\/\/www.diario5.com.ar\/wp-content\/uploads\/2023\/02\/ar_clarin20230208.jpg 700w, https:\/\/www.diario5.com.ar\/wp-content\/uploads\/2023\/02\/ar_clarin20230208-216x300.jpg 216w\" sizes=\"(max-width: 700px) 100vw, 700px\" \/><\/p>\n<p><img decoding=\"async\" loading=\"lazy\" class=\"alignnone size-large wp-image-665192\" title=\"Nirvana\" src=\"https:\/\/www.diario5.com.ar\/wp-content\/uploads\/2023\/02\/nacion20230208-681x1024.jpg\" alt=\"Nirvana\" width=\"681\" height=\"1024\" srcset=\"https:\/\/www.diario5.com.ar\/wp-content\/uploads\/2023\/02\/nacion20230208-681x1024.jpg 681w, https:\/\/www.diario5.com.ar\/wp-content\/uploads\/2023\/02\/nacion20230208-200x300.jpg 200w, https:\/\/www.diario5.com.ar\/wp-content\/uploads\/2023\/02\/nacion20230208.jpg 700w\" sizes=\"(max-width: 681px) 100vw, 681px\" \/><\/p>\n<p><img decoding=\"async\" loading=\"lazy\" class=\"alignnone size-full wp-image-665193\" title=\"Nirvana\" src=\"https:\/\/www.diario5.com.ar\/wp-content\/uploads\/2023\/02\/nuevo_diario20230208.jpg\" alt=\"Nirvana\" width=\"700\" height=\"939\" srcset=\"https:\/\/www.diario5.com.ar\/wp-content\/uploads\/2023\/02\/nuevo_diario20230208.jpg 700w, https:\/\/www.diario5.com.ar\/wp-content\/uploads\/2023\/02\/nuevo_diario20230208-224x300.jpg 224w\" sizes=\"(max-width: 700px) 100vw, 700px\" \/><\/p>\n<p><img decoding=\"async\" loading=\"lazy\" class=\"alignnone size-full wp-image-665194\" title=\"Nirvana\" src=\"https:\/\/www.diario5.com.ar\/wp-content\/uploads\/2023\/02\/ar_sureno20230208.jpg\" alt=\"Nirvana\" width=\"700\" height=\"921\" srcset=\"https:\/\/www.diario5.com.ar\/wp-content\/uploads\/2023\/02\/ar_sureno20230208.jpg 700w, https:\/\/www.diario5.com.ar\/wp-content\/uploads\/2023\/02\/ar_sureno20230208-228x300.jpg 228w\" sizes=\"(max-width: 700px) 100vw, 700px\" \/><\/p>\n<p><img decoding=\"async\" loading=\"lazy\" class=\"alignnone size-full wp-image-665195\" title=\"Nirvana\" src=\"https:\/\/www.diario5.com.ar\/wp-content\/uploads\/2023\/02\/120230208.jpg\" alt=\"Nirvana\" width=\"500\" height=\"652\" srcset=\"https:\/\/www.diario5.com.ar\/wp-content\/uploads\/2023\/02\/120230208.jpg 500w, https:\/\/www.diario5.com.ar\/wp-content\/uploads\/2023\/02\/120230208-230x300.jpg 230w\" sizes=\"(max-width: 500px) 100vw, 500px\" \/><\/p>\n<p>&nbsp;<\/p>","protected":false},"excerpt":{"rendered":"<p>Los d\u00edas en que los miembros de la religi\u00f3n Budista celebran el D\u00eda del Nirvana son dos: uno es esta fecha y el pr\u00f3ximo es una semana m\u00e1s tarde. Cada a\u00f1o, el 8 o el 15 de febrero, los budistas mahayana de todo el mundo celebran el D\u00eda del Nirvana.\u00a0El evento, tambi\u00e9n conocido como D\u00eda [&hellip;]<\/p>","protected":false},"author":2,"featured_media":665179,"comment_status":"open","ping_status":"open","sticky":false,"template":"","format":"standard","meta":[],"categories":[452,5,56],"tags":[],"series":[],"_links":{"self":[{"href":"https:\/\/www.diario5.com.ar\/es\/wp-json\/wp\/v2\/posts\/636514"}],"collection":[{"href":"https:\/\/www.diario5.com.ar\/es\/wp-json\/wp\/v2\/posts"}],"about":[{"href":"https:\/\/www.diario5.com.ar\/es\/wp-json\/wp\/v2\/types\/post"}],"author":[{"embeddable":true,"href":"https:\/\/www.diario5.com.ar\/es\/wp-json\/wp\/v2\/users\/2"}],"replies":[{"embeddable":true,"href":"https:\/\/www.diario5.com.ar\/es\/wp-json\/wp\/v2\/comments?post=636514"}],"version-history":[{"count":3,"href":"https:\/\/www.diario5.com.ar\/es\/wp-json\/wp\/v2\/posts\/636514\/revisions"}],"predecessor-version":[{"id":665223,"href":"https:\/\/www.diario5.com.ar\/es\/wp-json\/wp\/v2\/posts\/636514\/revisions\/665223"}],"wp:featuredmedia":[{"embeddable":true,"href":"https:\/\/www.diario5.com.ar\/es\/wp-json\/wp\/v2\/media\/665179"}],"wp:attachment":[{"href":"https:\/\/www.diario5.com.ar\/es\/wp-json\/wp\/v2\/media?parent=636514"}],"wp:term":[{"taxonomy":"category","embeddable":true,"href":"https:\/\/www.diario5.com.ar\/es\/wp-json\/wp\/v2\/categories?post=636514"},{"taxonomy":"post_tag","embeddable":true,"href":"https:\/\/www.diario5.com.ar\/es\/wp-json\/wp\/v2\/tags?post=636514"},{"taxonomy":"series","embeddable":true,"href":"https:\/\/www.diario5.com.ar\/es\/wp-json\/wp\/v2\/series?post=636514"}],"curies":[{"name":"wp","href":"https:\/\/api.w.org\/{rel}","templated":true}]}}