{"id":636506,"date":"2023-01-31T06:50:00","date_gmt":"2023-01-31T09:50:00","guid":{"rendered":"http:\/\/diario5.com.ar\/?p=636506"},"modified":"2023-01-31T18:34:06","modified_gmt":"2023-01-31T21:34:06","slug":"636506","status":"publish","type":"post","link":"https:\/\/www.diario5.com.ar\/es\/636506\/","title":{"rendered":"Preparan la temporada de Congresos"},"content":{"rendered":"<h2 class=\"sub-title-primary\"><\/h2> <p><img decoding=\"async\" loading=\"lazy\" class=\"alignnone size-full wp-image-664840\" title=\"Preparan la temporada de Congresos\" src=\"https:\/\/www.diario5.com.ar\/wp-content\/uploads\/2023\/01\/0207ca9729c7b4799b2db0eabf69143bfc377c5720230131.jpg\" alt=\"Preparan la temporada de Congresos\" width=\"700\" height=\"554\" srcset=\"https:\/\/www.diario5.com.ar\/wp-content\/uploads\/2023\/01\/0207ca9729c7b4799b2db0eabf69143bfc377c5720230131.jpg 700w, https:\/\/www.diario5.com.ar\/wp-content\/uploads\/2023\/01\/0207ca9729c7b4799b2db0eabf69143bfc377c5720230131-300x237.jpg 300w\" sizes=\"(max-width: 700px) 100vw, 700px\" \/><\/p>\n<p>El a\u00f1o pasado, la Asociaci\u00f3n Internacional de Congresos y Convenciones (ICCA) ya hab\u00eda dado a conocer el ranking que ubic\u00f3 a la Ciudad de Buenos Aires como el mejor lugar para el turismo de reuniones en <strong>Am\u00e9rica Latina.<\/strong><\/p>\n<p>En ese sentido, Buenos Aires fue la segunda entre las mejores del continente, detr\u00e1s de Montreal (Canad\u00e1).<\/p>\n<p>Hace cuatro a\u00f1os, el la capital argentina ocupaba el puesto 11 a nivel mundial. Se conoce el deseo de autoridades y empresarios vinculados a las actividades de esta especialidad de turismo, de manera que se deber\u00e1 trabajar duro mantener el nivel y continuar mejorando, en medio de una crisis que hace tambalear todo negocio que parece pueda parecer firme.<\/p>\n<p>Desde febrero comienzan en\u00a0 Buenos Aires las agendas a activarse para la recepci\u00f3n de delegaciones profesionales -como es habitual- desde el mes de abril, para realizar los diferentes eventos -en su mayor\u00eda- en los salones especiales de los hoteles m\u00e1s destacados de la Ciudad.<\/p>\n<p><!--googleoff: index--><br \/>\n<!--googleon: index--><br \/>\n<img decoding=\"async\" loading=\"lazy\" class=\"alignnone size-full wp-image-664841\" title=\"Preparan la temporada de Congresos\" src=\"https:\/\/www.diario5.com.ar\/wp-content\/uploads\/2023\/01\/ar_capital_rosario20230131.jpg\" alt=\"Preparan la temporada de Congresos\" width=\"700\" height=\"918\" srcset=\"https:\/\/www.diario5.com.ar\/wp-content\/uploads\/2023\/01\/ar_capital_rosario20230131.jpg 700w, https:\/\/www.diario5.com.ar\/wp-content\/uploads\/2023\/01\/ar_capital_rosario20230131-229x300.jpg 229w\" sizes=\"(max-width: 700px) 100vw, 700px\" \/><\/p>\n<p><img decoding=\"async\" loading=\"lazy\" class=\"alignnone size-full wp-image-664842\" title=\"Preparan la temporada de Congresos\" src=\"https:\/\/www.diario5.com.ar\/wp-content\/uploads\/2023\/01\/esquiu20230131.jpg\" alt=\"Preparan la temporada de Congresos\" width=\"700\" height=\"924\" srcset=\"https:\/\/www.diario5.com.ar\/wp-content\/uploads\/2023\/01\/esquiu20230131.jpg 700w, https:\/\/www.diario5.com.ar\/wp-content\/uploads\/2023\/01\/esquiu20230131-227x300.jpg 227w\" sizes=\"(max-width: 700px) 100vw, 700px\" \/><\/p>\n<p><img decoding=\"async\" loading=\"lazy\" class=\"alignnone size-full wp-image-664843\" title=\"Preparan la temporada de Congresos\" src=\"https:\/\/www.diario5.com.ar\/wp-content\/uploads\/2023\/01\/ar_laprensa20230131.jpg\" alt=\"Preparan la temporada de Congresos\" width=\"700\" height=\"949\" srcset=\"https:\/\/www.diario5.com.ar\/wp-content\/uploads\/2023\/01\/ar_laprensa20230131.jpg 700w, https:\/\/www.diario5.com.ar\/wp-content\/uploads\/2023\/01\/ar_laprensa20230131-221x300.jpg 221w\" sizes=\"(max-width: 700px) 100vw, 700px\" \/><\/p>\n<p><img decoding=\"async\" loading=\"lazy\" class=\"alignnone size-full wp-image-664875\" src=\"https:\/\/www.diario5.com.ar\/wp-content\/uploads\/2023\/01\/ar_cronista20230131.jpg\" width=\"700\" height=\"1015\" alt=\"Preparan la temporada de Congresos\" title=\"Preparan la temporada de Congresos\" srcset=\"https:\/\/www.diario5.com.ar\/wp-content\/uploads\/2023\/01\/ar_cronista20230131.jpg 700w, https:\/\/www.diario5.com.ar\/wp-content\/uploads\/2023\/01\/ar_cronista20230131-207x300.jpg 207w\" sizes=\"(max-width: 700px) 100vw, 700px\" \/><\/p>\n<p><img decoding=\"async\" loading=\"lazy\" class=\"alignnone size-full wp-image-664844\" title=\"Preparan la temporada de Congresos\" src=\"https:\/\/www.diario5.com.ar\/wp-content\/uploads\/2023\/01\/buenosaires_economico20230131.jpg\" alt=\"Preparan la temporada de Congresos\" width=\"700\" height=\"827\" srcset=\"https:\/\/www.diario5.com.ar\/wp-content\/uploads\/2023\/01\/buenosaires_economico20230131.jpg 700w, https:\/\/www.diario5.com.ar\/wp-content\/uploads\/2023\/01\/buenosaires_economico20230131-254x300.jpg 254w\" sizes=\"(max-width: 700px) 100vw, 700px\" \/><\/p>\n<p><img decoding=\"async\" loading=\"lazy\" class=\"alignnone size-large wp-image-664876\" src=\"https:\/\/www.diario5.com.ar\/wp-content\/uploads\/2023\/01\/ar_eldia20230131-686x1024.jpg\" width=\"686\" height=\"1024\" alt=\"Preparan la temporada de Congresos\" title=\"Preparan la temporada de Congresos\" srcset=\"https:\/\/www.diario5.com.ar\/wp-content\/uploads\/2023\/01\/ar_eldia20230131-686x1024.jpg 686w, https:\/\/www.diario5.com.ar\/wp-content\/uploads\/2023\/01\/ar_eldia20230131-201x300.jpg 201w, https:\/\/www.diario5.com.ar\/wp-content\/uploads\/2023\/01\/ar_eldia20230131.jpg 700w\" sizes=\"(max-width: 686px) 100vw, 686px\" \/><\/p>\n<p><img decoding=\"async\" loading=\"lazy\" class=\"alignnone size-full wp-image-664845\" title=\"Preparan la temporada de Congresos\" src=\"https:\/\/www.diario5.com.ar\/wp-content\/uploads\/2023\/01\/ar_hoy20230131.jpg\" alt=\"Preparan la temporada de Congresos\" width=\"700\" height=\"923\" srcset=\"https:\/\/www.diario5.com.ar\/wp-content\/uploads\/2023\/01\/ar_hoy20230131.jpg 700w, https:\/\/www.diario5.com.ar\/wp-content\/uploads\/2023\/01\/ar_hoy20230131-228x300.jpg 228w\" sizes=\"(max-width: 700px) 100vw, 700px\" \/><\/p>\n<p><img decoding=\"async\" loading=\"lazy\" class=\"alignnone size-full wp-image-664846\" title=\"Preparan la temporada de Congresos\" src=\"https:\/\/www.diario5.com.ar\/wp-content\/uploads\/2023\/01\/ar_chubut20230131.jpg\" alt=\"Preparan la temporada de Congresos\" width=\"700\" height=\"896\" srcset=\"https:\/\/www.diario5.com.ar\/wp-content\/uploads\/2023\/01\/ar_chubut20230131.jpg 700w, https:\/\/www.diario5.com.ar\/wp-content\/uploads\/2023\/01\/ar_chubut20230131-234x300.jpg 234w\" sizes=\"(max-width: 700px) 100vw, 700px\" \/><\/p>\n<p><img decoding=\"async\" loading=\"lazy\" class=\"alignnone size-full wp-image-664847\" title=\"Preparan la temporada de Congresos\" src=\"https:\/\/www.diario5.com.ar\/wp-content\/uploads\/2023\/01\/ar_epoca20230131.jpg\" alt=\"Preparan la temporada de Congresos\" width=\"700\" height=\"911\" srcset=\"https:\/\/www.diario5.com.ar\/wp-content\/uploads\/2023\/01\/ar_epoca20230131.jpg 700w, https:\/\/www.diario5.com.ar\/wp-content\/uploads\/2023\/01\/ar_epoca20230131-231x300.jpg 231w\" sizes=\"(max-width: 700px) 100vw, 700px\" \/><\/p>\n<p><img decoding=\"async\" loading=\"lazy\" class=\"alignnone size-full wp-image-664848\" title=\"Preparan la temporada de Congresos\" src=\"https:\/\/www.diario5.com.ar\/wp-content\/uploads\/2023\/01\/ar_litoral20230131.jpg\" alt=\"Preparan la temporada de Congresos\" width=\"700\" height=\"932\" srcset=\"https:\/\/www.diario5.com.ar\/wp-content\/uploads\/2023\/01\/ar_litoral20230131.jpg 700w, https:\/\/www.diario5.com.ar\/wp-content\/uploads\/2023\/01\/ar_litoral20230131-225x300.jpg 225w\" sizes=\"(max-width: 700px) 100vw, 700px\" \/><\/p>\n<p><img decoding=\"async\" loading=\"lazy\" class=\"alignnone size-full wp-image-664877\" src=\"https:\/\/www.diario5.com.ar\/wp-content\/uploads\/2023\/01\/ar_heraldo20230131.jpg\" width=\"700\" height=\"843\" alt=\"Preparan la temporada de Congresos\" title=\"Preparan la temporada de Congresos\" srcset=\"https:\/\/www.diario5.com.ar\/wp-content\/uploads\/2023\/01\/ar_heraldo20230131.jpg 700w, https:\/\/www.diario5.com.ar\/wp-content\/uploads\/2023\/01\/ar_heraldo20230131-249x300.jpg 249w\" sizes=\"(max-width: 700px) 100vw, 700px\" \/><\/p>\n<p><img decoding=\"async\" loading=\"lazy\" class=\"alignnone size-full wp-image-664878\" src=\"https:\/\/www.diario5.com.ar\/wp-content\/uploads\/2023\/01\/independiente20230131.jpg\" width=\"700\" height=\"963\" alt=\"Preparan la temporada de Congresos\" title=\"Preparan la temporada de Congresos\" srcset=\"https:\/\/www.diario5.com.ar\/wp-content\/uploads\/2023\/01\/independiente20230131.jpg 700w, https:\/\/www.diario5.com.ar\/wp-content\/uploads\/2023\/01\/independiente20230131-218x300.jpg 218w\" sizes=\"(max-width: 700px) 100vw, 700px\" \/><\/p>\n<p><img decoding=\"async\" loading=\"lazy\" class=\"alignnone size-full wp-image-664849\" title=\"Preparan la temporada de Congresos\" src=\"https:\/\/www.diario5.com.ar\/wp-content\/uploads\/2023\/01\/ar_losandes20230131.jpg\" alt=\"Preparan la temporada de Congresos\" width=\"700\" height=\"966\" srcset=\"https:\/\/www.diario5.com.ar\/wp-content\/uploads\/2023\/01\/ar_losandes20230131.jpg 700w, https:\/\/www.diario5.com.ar\/wp-content\/uploads\/2023\/01\/ar_losandes20230131-217x300.jpg 217w\" sizes=\"(max-width: 700px) 100vw, 700px\" \/><\/p>\n<p><img decoding=\"async\" loading=\"lazy\" class=\"alignnone size-full wp-image-664879\" src=\"https:\/\/www.diario5.com.ar\/wp-content\/uploads\/2023\/01\/lea20230131.jpg\" width=\"700\" height=\"897\" alt=\"Preparan la temporada de Congresos\" title=\"Preparan la temporada de Congresos\" srcset=\"https:\/\/www.diario5.com.ar\/wp-content\/uploads\/2023\/01\/lea20230131.jpg 700w, https:\/\/www.diario5.com.ar\/wp-content\/uploads\/2023\/01\/lea20230131-234x300.jpg 234w\" sizes=\"(max-width: 700px) 100vw, 700px\" \/><\/p>\n<p><img decoding=\"async\" loading=\"lazy\" class=\"alignnone size-large wp-image-664880\" src=\"https:\/\/www.diario5.com.ar\/wp-content\/uploads\/2023\/01\/ar_diario_cuyo20230131-682x1024.jpg\" width=\"682\" height=\"1024\" alt=\"Preparan la temporada de Congresos\" title=\"Preparan la temporada de Congresos\" srcset=\"https:\/\/www.diario5.com.ar\/wp-content\/uploads\/2023\/01\/ar_diario_cuyo20230131-682x1024.jpg 682w, https:\/\/www.diario5.com.ar\/wp-content\/uploads\/2023\/01\/ar_diario_cuyo20230131-200x300.jpg 200w, https:\/\/www.diario5.com.ar\/wp-content\/uploads\/2023\/01\/ar_diario_cuyo20230131.jpg 700w\" sizes=\"(max-width: 682px) 100vw, 682px\" \/><\/p>\n<p><img decoding=\"async\" loading=\"lazy\" class=\"alignnone size-full wp-image-664881\" src=\"https:\/\/www.diario5.com.ar\/wp-content\/uploads\/2023\/01\/ar_diario_republica20230131.jpg\" width=\"700\" height=\"971\" alt=\"Preparan la temporada de Congresos\" title=\"Preparan la temporada de Congresos\" srcset=\"https:\/\/www.diario5.com.ar\/wp-content\/uploads\/2023\/01\/ar_diario_republica20230131.jpg 700w, https:\/\/www.diario5.com.ar\/wp-content\/uploads\/2023\/01\/ar_diario_republica20230131-216x300.jpg 216w\" sizes=\"(max-width: 700px) 100vw, 700px\" \/><\/p>\n<p><img decoding=\"async\" loading=\"lazy\" class=\"alignnone size-full wp-image-664882\" src=\"https:\/\/www.diario5.com.ar\/wp-content\/uploads\/2023\/01\/ar_litoral_sfe20230131.jpg\" width=\"700\" height=\"934\" alt=\"Preparan la temporada de Congresos\" title=\"Preparan la temporada de Congresos\" srcset=\"https:\/\/www.diario5.com.ar\/wp-content\/uploads\/2023\/01\/ar_litoral_sfe20230131.jpg 700w, https:\/\/www.diario5.com.ar\/wp-content\/uploads\/2023\/01\/ar_litoral_sfe20230131-225x300.jpg 225w\" sizes=\"(max-width: 700px) 100vw, 700px\" \/><\/p>\n<p><img decoding=\"async\" loading=\"lazy\" class=\"alignnone size-full wp-image-664850\" title=\"Preparan la temporada de Congresos\" src=\"https:\/\/www.diario5.com.ar\/wp-content\/uploads\/2023\/01\/ciudadano20230131.jpg\" alt=\"Preparan la temporada de Congresos\" width=\"700\" height=\"937\" srcset=\"https:\/\/www.diario5.com.ar\/wp-content\/uploads\/2023\/01\/ciudadano20230131.jpg 700w, https:\/\/www.diario5.com.ar\/wp-content\/uploads\/2023\/01\/ciudadano20230131-224x300.jpg 224w\" sizes=\"(max-width: 700px) 100vw, 700px\" \/><\/p>\n<p><img decoding=\"async\" loading=\"lazy\" class=\"alignnone size-full wp-image-664883\" src=\"https:\/\/www.diario5.com.ar\/wp-content\/uploads\/2023\/01\/ar_mirador_provincial20230131.jpg\" width=\"700\" height=\"933\" alt=\"Preparan la temporada de Congresos\" title=\"Preparan la temporada de Congresos\" srcset=\"https:\/\/www.diario5.com.ar\/wp-content\/uploads\/2023\/01\/ar_mirador_provincial20230131.jpg 700w, https:\/\/www.diario5.com.ar\/wp-content\/uploads\/2023\/01\/ar_mirador_provincial20230131-225x300.jpg 225w\" sizes=\"(max-width: 700px) 100vw, 700px\" \/><\/p>\n<p><img decoding=\"async\" loading=\"lazy\" class=\"alignnone size-large wp-image-664851\" title=\"Preparan la temporada de Congresos\" src=\"https:\/\/www.diario5.com.ar\/wp-content\/uploads\/2023\/01\/ar_gaceta20230131-621x1024.jpg\" alt=\"Preparan la temporada de Congresos\" width=\"621\" height=\"1024\" srcset=\"https:\/\/www.diario5.com.ar\/wp-content\/uploads\/2023\/01\/ar_gaceta20230131-621x1024.jpg 621w, https:\/\/www.diario5.com.ar\/wp-content\/uploads\/2023\/01\/ar_gaceta20230131-182x300.jpg 182w, https:\/\/www.diario5.com.ar\/wp-content\/uploads\/2023\/01\/ar_gaceta20230131.jpg 700w\" sizes=\"(max-width: 621px) 100vw, 621px\" \/><\/p>\n<p><img decoding=\"async\" loading=\"lazy\" class=\"alignnone size-full wp-image-664884\" src=\"https:\/\/www.diario5.com.ar\/wp-content\/uploads\/2023\/01\/ar_clarin20230131.jpg\" width=\"700\" height=\"968\" alt=\"Preparan la temporada de Congresos\" title=\"Preparan la temporada de Congresos\" srcset=\"https:\/\/www.diario5.com.ar\/wp-content\/uploads\/2023\/01\/ar_clarin20230131.jpg 700w, https:\/\/www.diario5.com.ar\/wp-content\/uploads\/2023\/01\/ar_clarin20230131-217x300.jpg 217w\" sizes=\"(max-width: 700px) 100vw, 700px\" \/><\/p>\n<p><img decoding=\"async\" loading=\"lazy\" class=\"alignnone size-large wp-image-664852\" title=\"Preparan la temporada de Congresos\" src=\"https:\/\/www.diario5.com.ar\/wp-content\/uploads\/2023\/01\/nacion20230131-681x1024.jpg\" alt=\"Preparan la temporada de Congresos\" width=\"681\" height=\"1024\" srcset=\"https:\/\/www.diario5.com.ar\/wp-content\/uploads\/2023\/01\/nacion20230131-681x1024.jpg 681w, https:\/\/www.diario5.com.ar\/wp-content\/uploads\/2023\/01\/nacion20230131-200x300.jpg 200w, https:\/\/www.diario5.com.ar\/wp-content\/uploads\/2023\/01\/nacion20230131.jpg 700w\" sizes=\"(max-width: 681px) 100vw, 681px\" \/><\/p>\n<p><img decoding=\"async\" loading=\"lazy\" class=\"alignnone size-full wp-image-664853\" title=\"Preparan la temporada de Congresos\" src=\"https:\/\/www.diario5.com.ar\/wp-content\/uploads\/2023\/01\/nuevo_diario20230131.jpg\" alt=\"Preparan la temporada de Congresos\" width=\"700\" height=\"972\" srcset=\"https:\/\/www.diario5.com.ar\/wp-content\/uploads\/2023\/01\/nuevo_diario20230131.jpg 700w, https:\/\/www.diario5.com.ar\/wp-content\/uploads\/2023\/01\/nuevo_diario20230131-216x300.jpg 216w\" sizes=\"(max-width: 700px) 100vw, 700px\" \/><\/p>\n<p><img decoding=\"async\" loading=\"lazy\" class=\"alignnone size-full wp-image-664854\" title=\"Preparan la temporada de Congresos\" src=\"https:\/\/www.diario5.com.ar\/wp-content\/uploads\/2023\/01\/120230131.jpg\" alt=\"Preparan la temporada de Congresos\" width=\"500\" height=\"652\" srcset=\"https:\/\/www.diario5.com.ar\/wp-content\/uploads\/2023\/01\/120230131.jpg 500w, https:\/\/www.diario5.com.ar\/wp-content\/uploads\/2023\/01\/120230131-230x300.jpg 230w\" sizes=\"(max-width: 500px) 100vw, 500px\" \/><\/p>\n<p>&nbsp;<\/p>","protected":false},"excerpt":{"rendered":"<p>El a\u00f1o pasado, la Asociaci\u00f3n Internacional de Congresos y Convenciones (ICCA) ya hab\u00eda dado a conocer el ranking que ubic\u00f3 a la Ciudad de Buenos Aires como el mejor lugar para el turismo de reuniones en Am\u00e9rica Latina. En ese sentido, Buenos Aires fue la segunda entre las mejores del continente, detr\u00e1s de Montreal (Canad\u00e1). [&hellip;]<\/p>","protected":false},"author":2,"featured_media":664840,"comment_status":"open","ping_status":"open","sticky":false,"template":"","format":"standard","meta":[],"categories":[3,56,51],"tags":[],"series":[],"_links":{"self":[{"href":"https:\/\/www.diario5.com.ar\/es\/wp-json\/wp\/v2\/posts\/636506"}],"collection":[{"href":"https:\/\/www.diario5.com.ar\/es\/wp-json\/wp\/v2\/posts"}],"about":[{"href":"https:\/\/www.diario5.com.ar\/es\/wp-json\/wp\/v2\/types\/post"}],"author":[{"embeddable":true,"href":"https:\/\/www.diario5.com.ar\/es\/wp-json\/wp\/v2\/users\/2"}],"replies":[{"embeddable":true,"href":"https:\/\/www.diario5.com.ar\/es\/wp-json\/wp\/v2\/comments?post=636506"}],"version-history":[{"count":3,"href":"https:\/\/www.diario5.com.ar\/es\/wp-json\/wp\/v2\/posts\/636506\/revisions"}],"predecessor-version":[{"id":664885,"href":"https:\/\/www.diario5.com.ar\/es\/wp-json\/wp\/v2\/posts\/636506\/revisions\/664885"}],"wp:featuredmedia":[{"embeddable":true,"href":"https:\/\/www.diario5.com.ar\/es\/wp-json\/wp\/v2\/media\/664840"}],"wp:attachment":[{"href":"https:\/\/www.diario5.com.ar\/es\/wp-json\/wp\/v2\/media?parent=636506"}],"wp:term":[{"taxonomy":"category","embeddable":true,"href":"https:\/\/www.diario5.com.ar\/es\/wp-json\/wp\/v2\/categories?post=636506"},{"taxonomy":"post_tag","embeddable":true,"href":"https:\/\/www.diario5.com.ar\/es\/wp-json\/wp\/v2\/tags?post=636506"},{"taxonomy":"series","embeddable":true,"href":"https:\/\/www.diario5.com.ar\/es\/wp-json\/wp\/v2\/series?post=636506"}],"curies":[{"name":"wp","href":"https:\/\/api.w.org\/{rel}","templated":true}]}}