{"id":636502,"date":"2023-01-27T06:50:00","date_gmt":"2023-01-27T09:50:00","guid":{"rendered":"http:\/\/diario5.com.ar\/?p=636502"},"modified":"2023-01-28T16:34:39","modified_gmt":"2023-01-28T19:34:39","slug":"636502","status":"publish","type":"post","link":"https:\/\/www.diario5.com.ar\/es\/636502\/","title":{"rendered":"Conciertos, Museos y Teatro"},"content":{"rendered":"<h2 class=\"sub-title-primary\"><\/h2> <div>\n<p>Unos\u00a0 3.300 artistas est\u00e1n involucrados en la programaci\u00f3n que la Ciudad Buenos Aires ha establecido como agenda de oferta cultural de verano. Suman 4.200 actividades con entrada gratuita o accesible para todas las edades. Muchos de estos eventos, funciones, shows o espect\u00e1culos tambi\u00e9n podr\u00e1n ser parte de la vida cultural en distintas ciudades de la Argentina<\/p>\n<p>fomentando intercambios y visibilizando el trabajo de hacedores culturales. Toda la programaci\u00f3n podr\u00e1 consultarse en esta web:<\/p>\n<p><a href=\"https:\/\/vivamoscultura.buenosaires.gob.ar\/home\/420-verano_en_la_ciudad\"><strong>Programaci\u00f3n Completa<\/strong><\/a> y por asistente virtual al <strong>11 5050-0147 <\/strong>(Boti).<\/p>\n<p><!--googleoff: index--><br \/>\nHabr\u00e1 ciclos para todas las edades en <strong>museos y espacios culturales<\/strong>, estrenos y tambi\u00e9n reposiciones de obras en los <strong>teatros<\/strong>. Se realizar\u00e1 una nueva edici\u00f3n del <strong>Carnaval<\/strong> porte\u00f1o y continuar\u00e1n iniciativas como <strong>Calles Culturales<\/strong> y <strong>Microcentro Cuenta<\/strong>.<\/p>\n<p><img decoding=\"async\" loading=\"lazy\" src=\"https:\/\/www.diario5.com.ar\/wp-content\/uploads\/2023\/01\/4._por_amor_al_baile-2.jpg\" alt=\"\" width=\"2300\" height=\"1533\" \/><\/p>\n<hr \/>\n<h2>Museos y espacios culturales<\/h2>\n<p>En el <strong>Museo de Arte Moderno de Buenos Aires<\/strong> (Av. San Juan 350) habr\u00e1 propuestas innovadoras, accesibles y gratuitas, en el marco del <em>\u201cVerano Moderno 2023\u201d<\/em>. El programa incluye encuentros con artistas invitados, espect\u00e1culos en vivo y variadas experiencias para toda la familia. Tambi\u00e9n habr\u00e1 actividades accesibles para personas con discapacidad auditiva, visual, motriz y CEA (condici\u00f3n del espectro autista). La agenda contar\u00e1 con recorridos interactivos a cargo del equipo educativo para disfrutar, en familia, de un circuito dialogado que busca despertar la creatividad a partir de las exhibiciones del programa anual \u201cUn d\u00eda en la Tierra\u201d. Los participantes podr\u00e1n realizar tambi\u00e9n su propia creaci\u00f3n.<\/p>\n<p>Habr\u00e1 adem\u00e1s distintas funciones: el espect\u00e1culo \u201cMalabares de color\u201d, a cargo de Filip Von Rueda, propone humor, circo, malabares y equilibrio, mientras que la obra teatral clown \u201cGelsomina Bla bla bl\u00e1\u201d, a cargo de la Compa\u00f1\u00eda Gestual, cuenta una historia de diversidad y aceptaci\u00f3n a trav\u00e9s de la lengua de se\u00f1as argentina (LSA). El Museo de Arte Moderno de Buenos Aires tendr\u00e1, a su vez, talleres de formaci\u00f3n art\u00edstica destinados a infancias, j\u00f3venes y p\u00fablico en general. <a href=\"https:\/\/museomoderno.org\/agenda\/\"><strong>M\u00e1s informaci\u00f3n<\/strong><\/a>.<\/p>\n<p><img decoding=\"async\" loading=\"lazy\" src=\"https:\/\/www.diario5.com.ar\/wp-content\/uploads\/2023\/01\/museo_moderno_2-2.jpg\" alt=\"\" width=\"3464\" height=\"2309\" \/><\/p>\n<p>Por su parte, en la <strong>Usina del Arte<\/strong> se realizar\u00e1 el ciclo <em>\u00abVerano en la Ciudad\u00bb<\/em> con programaci\u00f3n art\u00edstica en todos los espacios de la Usina, segmentada por edades. Para chicos de 0 a 3 a\u00f1os, las propuestas ser\u00e1n \u201ciUpiiiii\u201d, espacio cultural con estaciones l\u00fadicas que potencian la sensorialidad, la sorpresa y el juego; el taller l\u00fadico musical \u201cCestas del Tesoro\u201d y \u201cBajo el Mar\u201d, un taller sensorial para beb\u00e9s. Para el segmento de 4 a 7 a\u00f1os, se realizar\u00e1n \u201cLa Isla de Splash\u201d, una propuesta de juegos recreativos con agua; \u201cBanquete de cl\u00e1sicos\u201d, para compartir literatura y gastronom\u00eda y el espacio de lectura \u201cLibroteca\u201d. En tanto, para chicos de 8 a 12 a\u00f1os, estar\u00e1 \u201cel Club\u201d para disfrutar de m\u00faltiples actividades recreativas, urbanas y deportivas; la \u201cEscuelita de Skate\u201d y el \u201cTaller Humana\u201d, en el cual los chicos podr\u00e1n construir m\u00f3viles con hilos de pl\u00e1stico.<\/p>\n<blockquote><p><a href=\"https:\/\/disfrutemosba.buenosaires.gob.ar\/\" target=\"_blank\" rel=\"noopener\">Toda la programaci\u00f3n en Disfrutemos BA<\/a><\/p><\/blockquote>\n<p>Adem\u00e1s, se desarrollar\u00e1n espect\u00e1culos con los artistas m\u00e1s destacados del circuito teatral y musical infantil, talleres especiales para ni\u00f1os de distintas disciplinas, visitas guiadas y activaciones especiales con artistas electr\u00f3nicos y performances. Tambi\u00e9n habr\u00e1 programaci\u00f3n para adultos, como las recorridas por la historia de la Usina y la muestra de artes visuales HUMANA por TrosmanChurba: una instalaci\u00f3n de sitio espec\u00edfico realizada especialmente para la Usina del Arte. <a href=\"http:\/\/www.buenosaires.gob.ar\/usinadelarte\"><strong>M\u00e1s informaci\u00f3n<\/strong><\/a>.<\/p>\n<p><img decoding=\"async\" loading=\"lazy\" src=\"https:\/\/www.diario5.com.ar\/wp-content\/uploads\/2023\/01\/verano_en_la_ciudad_15-2.jpg\" alt=\"\" width=\"5481\" height=\"3654\" \/><\/p>\n<p>\u201cVerano en la Ciudad\u201d se replicar\u00e1 en 10 espacios culturales de CABA: <strong>Museo S\u00edvori, Larreta, Buenos Aires Museo, Casa Carlos Gardel, Perloti, MAP, Torre Monumental, Saavedra, Fernandez Blanco (Palacio) y el Casco Hist\u00f3rico<\/strong>. En este marco, se brindar\u00e1 impulso al sector con programaci\u00f3n externa y ferias para artistas independientes. Entre las opciones que incluir\u00e1 este ciclo en las distintas dependencias, se podr\u00e1 disfrutar de Minimuseos, con talleres de arte para ni\u00f1os y abuelos. Tambi\u00e9n habr\u00e1 talleres para personas mayores en los 10 espacios culturales; visitas recreativas, l\u00fadicas y teatralizadas en siete sedes de Museos junto con el Casco Hist\u00f3rico; shows, fiestas y actividades musicales en los museos; y talleres, salidas y ciclos de eventos culturales en barrios de CABA y de la provincia de Buenos Aires con Arte en Barrios, el programa que promueve la integraci\u00f3n social a trav\u00e9s de actividades culturales y art\u00edsticas gratuitas en barrios vulnerables. <a href=\"http:\/\/www.buenosaires.gob.ar\/cultura\/museos\"><strong>M\u00e1s informaci\u00f3n<\/strong><\/a>.<\/p>\n<hr \/>\n<p>Para los j\u00f3venes aficionados a bailar, llega un ciclo con DJ y m\u00fasicos en vivo al <strong>Centro Cultural Recoleta<\/strong>. <em>\u201cPor amor al baile\u201d<\/em> se realizar\u00e1 durante tres jueves de verano en Plaza Francia. <a href=\"http:\/\/www.centroculturalrecoleta.org\/\"><strong>M\u00e1s informaci\u00f3n<\/strong><\/a>.<\/p>\n<blockquote><p><a href=\"https:\/\/vivamoscultura.buenosaires.gob.ar\/home\/420-verano_en_la_ciudad\/\" target=\"_blank\" rel=\"noopener\">Toda la programaci\u00f3n del Verano 2023<\/a><\/p><\/blockquote>\n<p><img decoding=\"async\" loading=\"lazy\" src=\"https:\/\/www.diario5.com.ar\/wp-content\/uploads\/2023\/01\/unnamed_12_5-2.jpg\" alt=\"\" width=\"1280\" height=\"854\" \/><\/p>\n<hr \/>\n<p>En tanto, en el marco del proyecto <em>\u201cTerrazas lun\u00e1ticas\u201d<\/em>, el <strong>Centro Cultural 25 de Mayo<\/strong> propone un ciclo a cielo abierto para disfrutar durante todo febrero. De mi\u00e9rcoles a domingo confluir\u00e1n el teatro, la m\u00fasica, el cine, performances y un espacio de encuentro con DJ en las terrazas de este Centro, brindando espect\u00e1culos para todo p\u00fablico. <a href=\"https:\/\/cc25.org\/\"><strong>M\u00e1s informaci\u00f3n<\/strong><\/a>.<\/p>\n<p>Asimismo, este espacio presentar\u00e1 en enero dos obras que, si bien son independientes, tienen de alg\u00fan modo una continuaci\u00f3n entre s\u00ed: \u201cFuck me\u201d y \u201cLove me\u201d. En la primera, la artista Marina Otero se propone construir una obra inacabable sobre su vida. Se trata de una pieza que indaga sobre el paso del tiempo y las marcas que guarda un cuerpo. Transita los bordes entre el documental y la ficcio\u0301n, la danza y la performance, el accidente y la representacio\u0301n. \u201cLove me\u201d, por su parte, es una obra escrita en plena pandemia por Marina Otero junto con su amigo Mari\u0301n Flores Ca\u0301rdenas en la cual abordan la violencia de una mujer contra el mundo. Fue estrenada en marzo de 2022 en Buenos Aires a modo de despedida del pa\u00eds ya que la artista se encuentra trabajando en Espa\u00f1a.<\/p>\n<p><img decoding=\"async\" loading=\"lazy\" src=\"https:\/\/www.diario5.com.ar\/wp-content\/uploads\/2023\/01\/terraza_del_centro_cultural_25_de_mayo_8-2.jpg\" alt=\"\" width=\"2048\" height=\"1365\" \/><\/p>\n<hr \/>\n<p>En paralelo, a partir de la segunda quincena de enero, habr\u00e1 m\u00faltiples ciclos de artes de todas las disciplinas en el <strong>Anfiteatro de Parque Centenario<\/strong> (\u00abEl Anfi\u00bb), con eje en tem\u00e1ticas infantiles, m\u00fasica urbana y cultura federal.<\/p>\n<p>Tambi\u00e9n, desde el 20 de enero y hasta el 19 de febrero, quienes se acerquen al <strong>Cultural San Mart\u00edn<\/strong> podr\u00e1n disfrutar, de jueves a domingos, de las noches porte\u00f1as. Habr\u00e1 m\u00fasica, artes visuales, charlas, cine al aire libre y teatro, en el marco de <em>\u201cNoches de Verano\u201d<\/em>. En esta nueva edici\u00f3n, con actividades gratuitas y otras aranceladas, participar\u00e1n artistas como Lore Toso con su repertorio arrabalero, Clara Saccone con A Jazz Trip, Milagros de Buenos Aires, La orquesta tomada, Luna Sujatovich y Tono Barber\u00e1n.<\/p>\n<blockquote><p><a href=\"https:\/\/disfrutemosba.buenosaires.gob.ar\/\" target=\"_blank\" rel=\"noopener\">Toda la programaci\u00f3n en Disfrutemos BA<\/a><\/p><\/blockquote>\n<p>Se realizar\u00e1 adem\u00e1s el ciclo \u201cPensar Joven\u201d, junto a In\u00e9s Men\u00e9ndez Openhayn y en el \u00e1mbito esc\u00e9nico vuelve \u201cFiesta en el jard\u00edn\u201d, una obra dirigida por Mora Monteleone y High Happening. Se trata de una manifestaci\u00f3n art\u00edstica multidisciplinaria con performances de teatro, m\u00fasica, moda, fotograf\u00eda, pintura y poes\u00eda producida por Fernando Margonari. Asimismo, a lo largo del verano, habr\u00e1 distintas muestras de pintura, fotograf\u00eda e instalaciones. <a href=\"https:\/\/elculturalsanmartin.ar\/\"><strong>M\u00e1s informaci\u00f3n<\/strong><\/a>.<\/p>\n<p><img decoding=\"async\" loading=\"lazy\" src=\"https:\/\/www.diario5.com.ar\/wp-content\/uploads\/2023\/01\/noches_de_verano_-_lore_toso-2.jpg\" alt=\"\" width=\"4256\" height=\"2832\" \/><\/p>\n<hr \/>\n<h2>Teatros<\/h2>\n<p>Como parte de la programaci\u00f3n de verano del <strong>Teatro San Mart\u00edn<\/strong>, se presentar\u00e1n cuatro \u00fanicas funciones de <strong>\u201cI feel you\u201d<\/strong>, un espect\u00e1culo para todo p\u00fablico de la gran core\u00f3grafa argentina Constanza Macras, quien llega desde Alemania para abrir la temporada. La obra, encabezada por su compa\u00f1\u00eda DorkyPark, incluir\u00e1 la participaci\u00f3n de una solista del ballet contempor\u00e1neo del Teatro San Mart\u00edn.<\/p>\n<p>En este mismo espacio, se estrenar\u00e1 tambi\u00e9n <strong>\u201cLos a\u00f1os\u201d<\/strong>, una obra de Mariano Pensotti para todo p\u00fablico que cuenta la historia de la misma persona a sus 30 y a sus 60 a\u00f1os. Su juventud transcurre en el presente y su futuro en el a\u00f1o 2050, pero ambos tiempos se ven en simult\u00e1neo y brindan la posibilidad de contrastar constantemente el presente, el futuro y las preguntas que son recurrentes en cada momento de la vida.<\/p>\n<p>La temporada traer\u00e1 la reposici\u00f3n de <strong>\u201cLo que el r\u00edo hace\u201d<\/strong>, de Mar\u00eda y Paula Marull. Se trata de la historia de Amelia (interpretada por Paula y Mar\u00eda), una mujer atrapada en exigencias y obligaciones cotidianas que inicia un viaje a Esquina (Corrientes), el cual le devolver\u00e1 su esencia, siendo el r\u00edo, metaf\u00f3rica y literalmente, uno de los responsables y protagonistas de ese despojo. Completa la cartelera del Teatro San Mart\u00edn \u201cLas ciencias naturales\u201d, obra dirigida por Mariano Tenconi Blanco y llevada adelante por Compa\u00f1\u00eda Teatro Futuro. <a href=\"https:\/\/complejoteatral.gob.ar\/\"><strong>M\u00e1s informaci\u00f3n<\/strong><\/a>.<\/p>\n<p><img decoding=\"async\" loading=\"lazy\" src=\"https:\/\/www.diario5.com.ar\/wp-content\/uploads\/2023\/01\/lo_que_el_rio_hace-maria_y_paula_marull-ctba2022-foto_carlos_furman-dsc_2712_0-2.jpg\" alt=\"\" width=\"2250\" height=\"1750\" \/><\/p>\n<p>En el marco de la programaci\u00f3n de verano, llega la presentaci\u00f3n de <strong>Disney al Teatro Col\u00f3n<\/strong> con m\u00e1s de 150 artistas en escena, mientras que en el <strong>Teatro Sarmiento<\/strong> se presentar\u00e1 la obra de Luciana Acu\u00f1a y Luis Biasotto <strong>\u201cHielo negro versi\u00f3n 5\u201d<\/strong>. Trata sobre la muerte, pero tambi\u00e9n sobre dos amigos, el insondable abismo de la creaci\u00f3n, los paisajes imposibles, la imaginaci\u00f3n. Apta para todo p\u00fablico.<\/p>\n<p>En el <strong>Teatro Regio<\/strong> estar\u00e1 otro de los estrenos que propone la cartelera: <strong>\u201cElsa Tiro\u201d<\/strong>, una obra de Gonzalo Demar\u00eda con direcci\u00f3n de Luciano C\u00e1ceres. Se basa en la historia de Eugene O\u2019Neill, el gran dramaturgo estadounidense que vivi\u00f3 un tiempo en Buenos Aires. Esta obra imagina esos d\u00edas en el barrio de La Boca y rememora la aparici\u00f3n del primer film pornogr\u00e1fico argentino.<\/p>\n<p>Asimismo, el <strong>Teatro El Plata<\/strong> contar\u00e1 con la reposici\u00f3n de <strong>\u201cLa gran renuncia\u201d<\/strong>, una adaptaci\u00f3n para todo p\u00fablico de Lisandro Fiks de la obra \u00abLa fiaca\u00bb de Ricardo Talesnik. <a href=\"https:\/\/complejoteatral.gob.ar\/\"><strong>M\u00e1s informaci\u00f3n<\/strong><\/a>.<\/p>\n<p><img decoding=\"async\" loading=\"lazy\" src=\"https:\/\/www.diario5.com.ar\/wp-content\/uploads\/2023\/01\/la_gran_renuncia-_lisandro_ficks-ctba_2022-foto_carlos_furmandsc_1418_0-2.jpg\" alt=\"\" width=\"3000\" height=\"2286\" \/><\/p>\n<hr \/>\n<h2>Club Abasto<\/h2>\n<p>En conjunto con Escuelas Abiertas del Ministerio de Educaci\u00f3n, llega Club Abasto para completar la agenda de las colonias de verano. Se trata de 40 actividades destinadas a ni\u00f1os y adolescentes que se desarrollar\u00e1n en el interior de distintos espacios de la Ciudad.<\/p>\n<hr \/>\n<h2>Carnaval Porte\u00f1o<\/h2>\n<p>El Carnaval Porte\u00f1o es el festejo popular m\u00e1s importante y descentralizado que tiene la Ciudad de Buenos Aires, llevando la identidad de los barrios como bandera. Se desarrolla en diversos corsos del espacio p\u00fablico durante el mes de febrero, d\u00edas en los que circulan las producciones culturales de m\u00fasica y baile de distintas agrupaciones murgueras porte\u00f1as, que se presentan en parques, plazas, anfiteatros y polideportivos. Un espacio de celebraci\u00f3n de la cultura popular y de encuentro para toda la familia.<\/p>\n<p><img decoding=\"async\" loading=\"lazy\" src=\"https:\/\/www.diario5.com.ar\/wp-content\/uploads\/2023\/01\/carnaval_3_1-2.jpg\" alt=\"\" width=\"1200\" height=\"800\" \/><\/p>\n<hr \/>\n<h2>Calles Culturales<\/h2>\n<p>Durante enero y febrero contin\u00faa la propuesta Calles Culturales en Abasto, con eventos quincenales a lo largo de tres s\u00e1bados, los cuales se desarrollar\u00e1n en el espacio p\u00fablico con los actores del barrio. Se colocar\u00e1 una pista de baile con estructura de luces en las calles y se llevar\u00e1n adelante propuestas musicales multidisciplinarias que convivan, dando visibilidad a la variedad del Abasto (pe\u00f1as folkl\u00f3ricas, tango, vogue, flamenco, m\u00fasica electr\u00f3nica, etc). La iniciativa se realizar\u00e1 en cruces emblem\u00e1ticos: S\u00e1nchez de Bustamente y Humahuaca, Jean Jaures y Zelaya, Guardiavieja y Bulnes.<\/p>\n<p>Esta propuesta tendr\u00e1 su r\u00e9plica en marzo con un evento sobre ocho cuadras de Lavalle entre Alem y Carlos Pelegrini, integrando espacios culturales y bares notables con shows de m\u00fasica en vivo, danza perform\u00e1tica, artes audiovisuales y exposiciones.<\/p>\n<p><img decoding=\"async\" loading=\"lazy\" src=\"https:\/\/www.diario5.com.ar\/wp-content\/uploads\/2023\/01\/calles_0-2.jpg\" alt=\"\" width=\"740\" height=\"467\" \/><\/p>\n<hr \/>\n<h2>Microcentro cuenta<\/h2>\n<p>Del 2 al 12 de febrero se realizar\u00e1 la primera edici\u00f3n de Microcentro Cuenta, un evento que pone la mirada en el microcentro de la Ciudad de Buenos Aires como un faro cultural, social, gastron\u00f3mico y tur\u00edstico. Referencias emblem\u00e1ticas de la zona se combinar\u00e1n con acciones e instalaciones de artistas de diversas disciplinas, quienes presentar\u00e1n sus propuestas visuales y perform\u00e1ticas resignificando este espacio de la ciudad. Se trata de una iniciativa impulsada por el Ministerio de Cultura porte\u00f1o, a trav\u00e9s de Mecenazgo Participaci\u00f3n Cultural y que cuenta con el apoyo de Banco Macro en alianza con instituciones p\u00fablicas y privadas. <a href=\"https:\/\/www.instagram.com\/microcentrocuenta\/\">M\u00e1s informaci\u00f3n<\/a>.<\/p>\n<p><img decoding=\"async\" loading=\"lazy\" src=\"https:\/\/www.diario5.com.ar\/wp-content\/uploads\/2023\/01\/cuenta-2.jpg\" alt=\"\" width=\"1920\" height=\"1280\" \/><\/p>\n<hr \/>\n<h2>Pase Cultural<\/h2>\n<p>Los beneficiarios de Pase Cultural podr\u00e1n disfrutar de diferentes iniciativas durante el verano. Como parte de la programaci\u00f3n destacada, en enero habr\u00e1 una visita guiada por la Fundaci\u00f3n Andreani que incluir\u00e1 un recorrido por La Boca en conjunto con el equipo de Patrimonio, dependiente del Ministerio de Cultura de la Ciudad. Tambi\u00e9n se desarrollar\u00e1 una salida al Cine Atlas para ver Witch Hunt y una jornada de juegos de mesa y merienda en La Board Game House.<\/p>\n<p>Por su parte, la programaci\u00f3n de febrero contar\u00e1 con la proyecci\u00f3n de Cato en el Centro Cultural San Mart\u00edn; una visita guiada por el Museo Casa Carlos Gardel, que incluir\u00e1 un taller de freestyle al finalizar y una jornada de carnaval que llevar\u00e1 el nombre de \u201cLa gran batalla de bombuchas\u201d.<\/p>\n<p><img decoding=\"async\" loading=\"lazy\" src=\"https:\/\/www.diario5.com.ar\/wp-content\/uploads\/2023\/01\/pase-2.jpg\" alt=\"\" width=\"5717\" height=\"3811\" \/><\/p>\n<hr \/>\n<h2>Red de bibliotecas<\/h2>\n<p>La literatura ser\u00e1 protagonista este verano a trav\u00e9s de la red de 18 bibliotecas p\u00fablicas de la Ciudad. Las y los interesados podr\u00e1n acercarse a leer, estudiar o trabajar, as\u00ed como tambi\u00e9n a pedir libros en pr\u00e9stamo de su cat\u00e1logo, que cuenta con m\u00e1s de 100 mil ejemplares de distintos g\u00e9neros. El pr\u00e9stamo de libros es de 30 d\u00edas, con posibilidad de renovaci\u00f3n. Adem\u00e1s, dependiendo de la biblioteca, quienes se acerquen van a poder optar entre salas internas o en exteriores. Para acceder a los servicios, es necesario asociarse previamente en <a href=\"https:\/\/iogenportal-hc5eb516a.dispatcher.us3.hana.ondemand.com\/#\/actividad\/3231\">www.buenosaires.gob.ar\/asociatealared<\/a>.<\/p>\n<p>Todas las bibliotecas abren de lunes a viernes de 10 a 17. Por su parte, la Casa de la Lectura y el Parque de la Estaci\u00f3n tambi\u00e9n abren los s\u00e1bados, domingos y feriados, de 10 a 20. Y, durante el verano, \u00a1la Banchs extiende su horario! Quienes quieran acercarse podr\u00e1n hacerlo de lunes a viernes, de 10 a 18.<\/p>\n<p><img decoding=\"async\" loading=\"lazy\" src=\"https:\/\/www.diario5.com.ar\/wp-content\/uploads\/2023\/01\/untitled_design_6_0_0-2.jpg\" alt=\"\" width=\"740\" height=\"467\" \/><\/p>\n<hr \/>\n<h2>Folklore en Casa<\/h2>\n<p>El programa \u201cFolklore en casa\u201d, impulsado por la Direcci\u00f3n General de M\u00fasica -dependiente del Ministerio de Cultura de la Ciudad- y la Academia Nacional del Folklore, seguir\u00e1 durante todo el verano. Se emitir\u00e1 los domingos a las 21 por el Canal de la Ciudad.<\/p>\n<blockquote><p><a href=\"https:\/\/vivamoscultura.buenosaires.gob.ar\/home\/420-verano_en_la_ciudad\/\" target=\"_blank\" rel=\"noopener\">Toda la programaci\u00f3n del Verano 2023<\/a><\/p><\/blockquote>\n<\/div>\n<p><!--googleon: index--><\/p>\n<p><img decoding=\"async\" loading=\"lazy\" class=\"alignnone size-full wp-image-664682\" title=\"Conciertos, Museos Teatro\" src=\"https:\/\/www.diario5.com.ar\/wp-content\/uploads\/2023\/01\/esquiu20230127.jpg\" alt=\"Conciertos, Museos Teatro\" width=\"700\" height=\"920\" srcset=\"https:\/\/www.diario5.com.ar\/wp-content\/uploads\/2023\/01\/esquiu20230127.jpg 700w, https:\/\/www.diario5.com.ar\/wp-content\/uploads\/2023\/01\/esquiu20230127-228x300.jpg 228w\" sizes=\"(max-width: 700px) 100vw, 700px\" \/><\/p>\n<p><img decoding=\"async\" loading=\"lazy\" class=\"alignnone size-full wp-image-664683\" title=\"Conciertos, Museos Teatro\" src=\"https:\/\/www.diario5.com.ar\/wp-content\/uploads\/2023\/01\/ar_laprensa20230127.jpg\" alt=\"Conciertos, Museos Teatro\" width=\"700\" height=\"952\" srcset=\"https:\/\/www.diario5.com.ar\/wp-content\/uploads\/2023\/01\/ar_laprensa20230127.jpg 700w, https:\/\/www.diario5.com.ar\/wp-content\/uploads\/2023\/01\/ar_laprensa20230127-221x300.jpg 221w\" sizes=\"(max-width: 700px) 100vw, 700px\" \/><\/p>\n<p><img decoding=\"async\" loading=\"lazy\" class=\"alignnone size-full wp-image-664684\" title=\"Conciertos, Museos Teatro\" src=\"https:\/\/www.diario5.com.ar\/wp-content\/uploads\/2023\/01\/buenosaires_economico20230127.jpg\" alt=\"Conciertos, Museos Teatro\" width=\"700\" height=\"827\" srcset=\"https:\/\/www.diario5.com.ar\/wp-content\/uploads\/2023\/01\/buenosaires_economico20230127.jpg 700w, https:\/\/www.diario5.com.ar\/wp-content\/uploads\/2023\/01\/buenosaires_economico20230127-254x300.jpg 254w\" sizes=\"(max-width: 700px) 100vw, 700px\" \/><\/p>\n<p><img decoding=\"async\" loading=\"lazy\" class=\"alignnone size-large wp-image-664685\" title=\"Conciertos, Museos Teatro\" src=\"https:\/\/www.diario5.com.ar\/wp-content\/uploads\/2023\/01\/ar_eldia20230127-686x1024.jpg\" alt=\"Conciertos, Museos Teatro\" width=\"686\" height=\"1024\" srcset=\"https:\/\/www.diario5.com.ar\/wp-content\/uploads\/2023\/01\/ar_eldia20230127-686x1024.jpg 686w, https:\/\/www.diario5.com.ar\/wp-content\/uploads\/2023\/01\/ar_eldia20230127-201x300.jpg 201w, https:\/\/www.diario5.com.ar\/wp-content\/uploads\/2023\/01\/ar_eldia20230127.jpg 700w\" sizes=\"(max-width: 686px) 100vw, 686px\" \/><\/p>\n<p><img decoding=\"async\" loading=\"lazy\" class=\"alignnone size-full wp-image-664686\" title=\"Conciertos, Museos Teatro\" src=\"https:\/\/www.diario5.com.ar\/wp-content\/uploads\/2023\/01\/ar_hoy20230127.jpg\" alt=\"Conciertos, Museos Teatro\" width=\"700\" height=\"923\" srcset=\"https:\/\/www.diario5.com.ar\/wp-content\/uploads\/2023\/01\/ar_hoy20230127.jpg 700w, https:\/\/www.diario5.com.ar\/wp-content\/uploads\/2023\/01\/ar_hoy20230127-228x300.jpg 228w\" sizes=\"(max-width: 700px) 100vw, 700px\" \/><\/p>\n<p><img decoding=\"async\" loading=\"lazy\" class=\"alignnone size-full wp-image-664687\" title=\"Conciertos, Museos Teatro\" src=\"https:\/\/www.diario5.com.ar\/wp-content\/uploads\/2023\/01\/ar_chubut20230127.jpg\" alt=\"Conciertos, Museos Teatro\" width=\"700\" height=\"896\" srcset=\"https:\/\/www.diario5.com.ar\/wp-content\/uploads\/2023\/01\/ar_chubut20230127.jpg 700w, https:\/\/www.diario5.com.ar\/wp-content\/uploads\/2023\/01\/ar_chubut20230127-234x300.jpg 234w\" sizes=\"(max-width: 700px) 100vw, 700px\" \/><\/p>\n<p><img decoding=\"async\" loading=\"lazy\" class=\"alignnone size-full wp-image-664688\" title=\"Conciertos, Museos Teatro\" src=\"https:\/\/www.diario5.com.ar\/wp-content\/uploads\/2023\/01\/ar_epoca20230127.jpg\" alt=\"Conciertos, Museos Teatro\" width=\"700\" height=\"906\" srcset=\"https:\/\/www.diario5.com.ar\/wp-content\/uploads\/2023\/01\/ar_epoca20230127.jpg 700w, https:\/\/www.diario5.com.ar\/wp-content\/uploads\/2023\/01\/ar_epoca20230127-232x300.jpg 232w\" sizes=\"(max-width: 700px) 100vw, 700px\" \/><\/p>\n<p><img decoding=\"async\" loading=\"lazy\" class=\"alignnone size-full wp-image-664689\" title=\"Conciertos, Museos Teatro\" src=\"https:\/\/www.diario5.com.ar\/wp-content\/uploads\/2023\/01\/ar_litoral20230127.jpg\" alt=\"Conciertos, Museos Teatro\" width=\"700\" height=\"932\" srcset=\"https:\/\/www.diario5.com.ar\/wp-content\/uploads\/2023\/01\/ar_litoral20230127.jpg 700w, https:\/\/www.diario5.com.ar\/wp-content\/uploads\/2023\/01\/ar_litoral20230127-225x300.jpg 225w\" sizes=\"(max-width: 700px) 100vw, 700px\" \/><\/p>\n<p><img decoding=\"async\" loading=\"lazy\" class=\"alignnone size-full wp-image-664690\" title=\"Conciertos, Museos Teatro\" src=\"https:\/\/www.diario5.com.ar\/wp-content\/uploads\/2023\/01\/ar_losandes20230127.jpg\" alt=\"Conciertos, Museos Teatro\" width=\"700\" height=\"964\" srcset=\"https:\/\/www.diario5.com.ar\/wp-content\/uploads\/2023\/01\/ar_losandes20230127.jpg 700w, https:\/\/www.diario5.com.ar\/wp-content\/uploads\/2023\/01\/ar_losandes20230127-218x300.jpg 218w\" sizes=\"(max-width: 700px) 100vw, 700px\" \/><\/p>\n<p><img decoding=\"async\" loading=\"lazy\" class=\"alignnone size-large wp-image-664691\" title=\"Conciertos, Museos Teatro\" src=\"https:\/\/www.diario5.com.ar\/wp-content\/uploads\/2023\/01\/ar_diario_cuyo20230127-678x1024.jpg\" alt=\"Conciertos, Museos Teatro\" width=\"678\" height=\"1024\" srcset=\"https:\/\/www.diario5.com.ar\/wp-content\/uploads\/2023\/01\/ar_diario_cuyo20230127-678x1024.jpg 678w, https:\/\/www.diario5.com.ar\/wp-content\/uploads\/2023\/01\/ar_diario_cuyo20230127-199x300.jpg 199w, https:\/\/www.diario5.com.ar\/wp-content\/uploads\/2023\/01\/ar_diario_cuyo20230127.jpg 700w\" sizes=\"(max-width: 678px) 100vw, 678px\" \/><\/p>\n<p><img decoding=\"async\" loading=\"lazy\" class=\"alignnone size-full wp-image-664692\" title=\"Conciertos, Museos Teatro\" src=\"https:\/\/www.diario5.com.ar\/wp-content\/uploads\/2023\/01\/ciudadano20230127.jpg\" alt=\"Conciertos, Museos Teatro\" width=\"700\" height=\"936\" srcset=\"https:\/\/www.diario5.com.ar\/wp-content\/uploads\/2023\/01\/ciudadano20230127.jpg 700w, https:\/\/www.diario5.com.ar\/wp-content\/uploads\/2023\/01\/ciudadano20230127-224x300.jpg 224w\" sizes=\"(max-width: 700px) 100vw, 700px\" \/><\/p>\n<p><img decoding=\"async\" loading=\"lazy\" class=\"alignnone size-large wp-image-664693\" title=\"Conciertos, Museos Teatro\" src=\"https:\/\/www.diario5.com.ar\/wp-content\/uploads\/2023\/01\/ar_gaceta20230127-618x1024.jpg\" alt=\"Conciertos, Museos Teatro\" width=\"618\" height=\"1024\" srcset=\"https:\/\/www.diario5.com.ar\/wp-content\/uploads\/2023\/01\/ar_gaceta20230127-618x1024.jpg 618w, https:\/\/www.diario5.com.ar\/wp-content\/uploads\/2023\/01\/ar_gaceta20230127-181x300.jpg 181w, https:\/\/www.diario5.com.ar\/wp-content\/uploads\/2023\/01\/ar_gaceta20230127.jpg 700w\" sizes=\"(max-width: 618px) 100vw, 618px\" \/><\/p>\n<p><img decoding=\"async\" loading=\"lazy\" class=\"alignnone size-large wp-image-664694\" title=\"Conciertos, Museos Teatro\" src=\"https:\/\/www.diario5.com.ar\/wp-content\/uploads\/2023\/01\/nacion20230127-681x1024.jpg\" alt=\"Conciertos, Museos Teatro\" width=\"681\" height=\"1024\" srcset=\"https:\/\/www.diario5.com.ar\/wp-content\/uploads\/2023\/01\/nacion20230127-681x1024.jpg 681w, https:\/\/www.diario5.com.ar\/wp-content\/uploads\/2023\/01\/nacion20230127-200x300.jpg 200w, https:\/\/www.diario5.com.ar\/wp-content\/uploads\/2023\/01\/nacion20230127.jpg 700w\" sizes=\"(max-width: 681px) 100vw, 681px\" \/><br \/>\n><\/p>\n<p><img decoding=\"async\" loading=\"lazy\" class=\"alignnone size-full wp-image-664695\" title=\"Conciertos, Museos Teatro\" src=\"https:\/\/www.diario5.com.ar\/wp-content\/uploads\/2023\/01\/nuevo_diario20230127.jpg\" alt=\"Conciertos, Museos Teatro\" width=\"700\" height=\"969\" srcset=\"https:\/\/www.diario5.com.ar\/wp-content\/uploads\/2023\/01\/nuevo_diario20230127.jpg 700w, https:\/\/www.diario5.com.ar\/wp-content\/uploads\/2023\/01\/nuevo_diario20230127-217x300.jpg 217w\" sizes=\"(max-width: 700px) 100vw, 700px\" \/><\/p>\n<p><img decoding=\"async\" loading=\"lazy\" class=\"alignnone size-full wp-image-664696\" title=\"Conciertos, Museos Teatro\" src=\"https:\/\/www.diario5.com.ar\/wp-content\/uploads\/2023\/01\/120230127.jpg\" alt=\"Conciertos, Museos Teatro\" width=\"500\" height=\"652\" srcset=\"https:\/\/www.diario5.com.ar\/wp-content\/uploads\/2023\/01\/120230127.jpg 500w, https:\/\/www.diario5.com.ar\/wp-content\/uploads\/2023\/01\/120230127-230x300.jpg 230w\" sizes=\"(max-width: 500px) 100vw, 500px\" \/><\/p>","protected":false},"excerpt":{"rendered":"<p>Unos\u00a0 3.300 artistas est\u00e1n involucrados en la programaci\u00f3n que la Ciudad Buenos Aires ha establecido como agenda de oferta cultural de verano. Suman 4.200 actividades con entrada gratuita o accesible para todas las edades. Muchos de estos eventos, funciones, shows o espect\u00e1culos tambi\u00e9n podr\u00e1n ser parte de la vida cultural en distintas ciudades de la [&hellip;]<\/p>","protected":false},"author":12,"featured_media":664615,"comment_status":"open","ping_status":"open","sticky":false,"template":"","format":"standard","meta":[],"categories":[5,56],"tags":[],"series":[],"_links":{"self":[{"href":"https:\/\/www.diario5.com.ar\/es\/wp-json\/wp\/v2\/posts\/636502"}],"collection":[{"href":"https:\/\/www.diario5.com.ar\/es\/wp-json\/wp\/v2\/posts"}],"about":[{"href":"https:\/\/www.diario5.com.ar\/es\/wp-json\/wp\/v2\/types\/post"}],"author":[{"embeddable":true,"href":"https:\/\/www.diario5.com.ar\/es\/wp-json\/wp\/v2\/users\/12"}],"replies":[{"embeddable":true,"href":"https:\/\/www.diario5.com.ar\/es\/wp-json\/wp\/v2\/comments?post=636502"}],"version-history":[{"count":3,"href":"https:\/\/www.diario5.com.ar\/es\/wp-json\/wp\/v2\/posts\/636502\/revisions"}],"predecessor-version":[{"id":664756,"href":"https:\/\/www.diario5.com.ar\/es\/wp-json\/wp\/v2\/posts\/636502\/revisions\/664756"}],"wp:featuredmedia":[{"embeddable":true,"href":"https:\/\/www.diario5.com.ar\/es\/wp-json\/wp\/v2\/media\/664615"}],"wp:attachment":[{"href":"https:\/\/www.diario5.com.ar\/es\/wp-json\/wp\/v2\/media?parent=636502"}],"wp:term":[{"taxonomy":"category","embeddable":true,"href":"https:\/\/www.diario5.com.ar\/es\/wp-json\/wp\/v2\/categories?post=636502"},{"taxonomy":"post_tag","embeddable":true,"href":"https:\/\/www.diario5.com.ar\/es\/wp-json\/wp\/v2\/tags?post=636502"},{"taxonomy":"series","embeddable":true,"href":"https:\/\/www.diario5.com.ar\/es\/wp-json\/wp\/v2\/series?post=636502"}],"curies":[{"name":"wp","href":"https:\/\/api.w.org\/{rel}","templated":true}]}}