{"id":636499,"date":"2023-01-24T06:50:00","date_gmt":"2023-01-24T09:50:00","guid":{"rendered":"http:\/\/diario5.com.ar\/?p=636499"},"modified":"2023-01-25T13:56:41","modified_gmt":"2023-01-25T16:56:41","slug":"636499","status":"publish","type":"post","link":"https:\/\/www.diario5.com.ar\/es\/636499\/","title":{"rendered":"Presencia argentina en Fitur Madrid"},"content":{"rendered":"<h2 class=\"sub-title-primary\"><\/h2> <p><img decoding=\"async\" loading=\"lazy\" class=\"alignnone size-full wp-image-664539\" title=\"Turismo: Presencia argentina el el Fitur de Madrid\" src=\"https:\/\/www.diario5.com.ar\/wp-content\/uploads\/2023\/01\/fitur-latinoamerica-argentinajpeg20230124.jpeg\" alt=\"Turismo: Presencia argentina el el Fitur de Madrid\" width=\"412\" height=\"232\" srcset=\"https:\/\/www.diario5.com.ar\/wp-content\/uploads\/2023\/01\/fitur-latinoamerica-argentinajpeg20230124.jpeg 412w, https:\/\/www.diario5.com.ar\/wp-content\/uploads\/2023\/01\/fitur-latinoamerica-argentinajpeg20230124-300x169.jpeg 300w\" sizes=\"(max-width: 412px) 100vw, 412px\" \/><\/p>\n<p>La C\u00e1mara Argentina de Turismo motoriz\u00f3 el trabajo de la delegaci\u00f3n de nuestro pa\u00eds en la influyente Fitur 2023, realizada en la capital espa\u00f1ola, donde se realizaron varias actividades promocionales de los destinos argentinos. Los detalles, en el siguiente informe de la CAT.<\/p>\n<p><img decoding=\"async\" loading=\"lazy\" class=\"alignnone wp-image-664537 size-full\" src=\"https:\/\/www.diario5.com.ar\/wp-content\/uploads\/2023\/01\/fitur2023_madrid.jpg\" alt=\"\" width=\"916\" height=\"1213\" srcset=\"https:\/\/www.diario5.com.ar\/wp-content\/uploads\/2023\/01\/fitur2023_madrid.jpg 916w, https:\/\/www.diario5.com.ar\/wp-content\/uploads\/2023\/01\/fitur2023_madrid-227x300.jpg 227w, https:\/\/www.diario5.com.ar\/wp-content\/uploads\/2023\/01\/fitur2023_madrid-773x1024.jpg 773w, https:\/\/www.diario5.com.ar\/wp-content\/uploads\/2023\/01\/fitur2023_madrid-768x1017.jpg 768w\" sizes=\"(max-width: 916px) 100vw, 916px\" \/><br \/>\n<!--googleoff: index--><br \/>\n<!--googleon: index--><br \/>\n<img decoding=\"async\" loading=\"lazy\" class=\"alignnone size-full wp-image-664540\" title=\"Turismo: Presencia argentina el el Fitur de Madrid\" src=\"https:\/\/www.diario5.com.ar\/wp-content\/uploads\/2023\/01\/ar_capital_rosario20230124.jpg\" alt=\"Turismo: Presencia argentina el el Fitur de Madrid\" width=\"700\" height=\"926\" srcset=\"https:\/\/www.diario5.com.ar\/wp-content\/uploads\/2023\/01\/ar_capital_rosario20230124.jpg 700w, https:\/\/www.diario5.com.ar\/wp-content\/uploads\/2023\/01\/ar_capital_rosario20230124-227x300.jpg 227w\" sizes=\"(max-width: 700px) 100vw, 700px\" \/><\/p>\n<p><img decoding=\"async\" loading=\"lazy\" class=\"alignnone size-full wp-image-664541\" title=\"Turismo: Presencia argentina el el Fitur de Madrid\" src=\"https:\/\/www.diario5.com.ar\/wp-content\/uploads\/2023\/01\/esquiu20230124.jpg\" alt=\"Turismo: Presencia argentina el el Fitur de Madrid\" width=\"700\" height=\"924\" srcset=\"https:\/\/www.diario5.com.ar\/wp-content\/uploads\/2023\/01\/esquiu20230124.jpg 700w, https:\/\/www.diario5.com.ar\/wp-content\/uploads\/2023\/01\/esquiu20230124-227x300.jpg 227w\" sizes=\"(max-width: 700px) 100vw, 700px\" \/><\/p>\n<p><img decoding=\"async\" loading=\"lazy\" class=\"alignnone size-full wp-image-664542\" title=\"Turismo: Presencia argentina el el Fitur de Madrid\" src=\"https:\/\/www.diario5.com.ar\/wp-content\/uploads\/2023\/01\/ar_laprensa20230124.jpg\" alt=\"Turismo: Presencia argentina el el Fitur de Madrid\" width=\"700\" height=\"952\" srcset=\"https:\/\/www.diario5.com.ar\/wp-content\/uploads\/2023\/01\/ar_laprensa20230124.jpg 700w, https:\/\/www.diario5.com.ar\/wp-content\/uploads\/2023\/01\/ar_laprensa20230124-221x300.jpg 221w\" sizes=\"(max-width: 700px) 100vw, 700px\" \/><\/p>\n<p><img decoding=\"async\" loading=\"lazy\" class=\"alignnone size-full wp-image-664543\" title=\"Turismo: Presencia argentina el el Fitur de Madrid\" src=\"https:\/\/www.diario5.com.ar\/wp-content\/uploads\/2023\/01\/buenosaires_economico20230124.jpg\" alt=\"Turismo: Presencia argentina el el Fitur de Madrid\" width=\"700\" height=\"821\" srcset=\"https:\/\/www.diario5.com.ar\/wp-content\/uploads\/2023\/01\/buenosaires_economico20230124.jpg 700w, https:\/\/www.diario5.com.ar\/wp-content\/uploads\/2023\/01\/buenosaires_economico20230124-256x300.jpg 256w\" sizes=\"(max-width: 700px) 100vw, 700px\" \/><\/p>\n<p><img decoding=\"async\" loading=\"lazy\" class=\"alignnone size-full wp-image-664544\" title=\"Turismo: Presencia argentina el el Fitur de Madrid\" src=\"https:\/\/www.diario5.com.ar\/wp-content\/uploads\/2023\/01\/ar_hoy20230124.jpg\" alt=\"Turismo: Presencia argentina el el Fitur de Madrid\" width=\"700\" height=\"913\" srcset=\"https:\/\/www.diario5.com.ar\/wp-content\/uploads\/2023\/01\/ar_hoy20230124.jpg 700w, https:\/\/www.diario5.com.ar\/wp-content\/uploads\/2023\/01\/ar_hoy20230124-230x300.jpg 230w\" sizes=\"(max-width: 700px) 100vw, 700px\" \/><\/p>\n<p><img decoding=\"async\" loading=\"lazy\" class=\"alignnone size-full wp-image-664545\" title=\"Turismo: Presencia argentina el el Fitur de Madrid\" src=\"https:\/\/www.diario5.com.ar\/wp-content\/uploads\/2023\/01\/ar_chubut20230124.jpg\" alt=\"Turismo: Presencia argentina el el Fitur de Madrid\" width=\"700\" height=\"896\" srcset=\"https:\/\/www.diario5.com.ar\/wp-content\/uploads\/2023\/01\/ar_chubut20230124.jpg 700w, https:\/\/www.diario5.com.ar\/wp-content\/uploads\/2023\/01\/ar_chubut20230124-234x300.jpg 234w\" sizes=\"(max-width: 700px) 100vw, 700px\" \/><\/p>\n<p><img decoding=\"async\" loading=\"lazy\" class=\"alignnone size-full wp-image-664546\" title=\"Turismo: Presencia argentina el el Fitur de Madrid\" src=\"https:\/\/www.diario5.com.ar\/wp-content\/uploads\/2023\/01\/ar_epoca20230124.jpg\" alt=\"Turismo: Presencia argentina el el Fitur de Madrid\" width=\"700\" height=\"905\" srcset=\"https:\/\/www.diario5.com.ar\/wp-content\/uploads\/2023\/01\/ar_epoca20230124.jpg 700w, https:\/\/www.diario5.com.ar\/wp-content\/uploads\/2023\/01\/ar_epoca20230124-232x300.jpg 232w\" sizes=\"(max-width: 700px) 100vw, 700px\" \/><\/p>\n<p><img decoding=\"async\" loading=\"lazy\" class=\"alignnone size-full wp-image-664547\" title=\"Turismo: Presencia argentina el el Fitur de Madrid\" src=\"https:\/\/www.diario5.com.ar\/wp-content\/uploads\/2023\/01\/ar_losandes20230124.jpg\" alt=\"Turismo: Presencia argentina el el Fitur de Madrid\" width=\"700\" height=\"966\" srcset=\"https:\/\/www.diario5.com.ar\/wp-content\/uploads\/2023\/01\/ar_losandes20230124.jpg 700w, https:\/\/www.diario5.com.ar\/wp-content\/uploads\/2023\/01\/ar_losandes20230124-217x300.jpg 217w\" sizes=\"(max-width: 700px) 100vw, 700px\" \/><\/p>\n<p><img decoding=\"async\" loading=\"lazy\" class=\"alignnone size-full wp-image-664548\" title=\"Turismo: Presencia argentina el el Fitur de Madrid\" src=\"https:\/\/www.diario5.com.ar\/wp-content\/uploads\/2023\/01\/ar_tribuno20230124.jpg\" alt=\"Turismo: Presencia argentina el el Fitur de Madrid\" width=\"700\" height=\"902\" srcset=\"https:\/\/www.diario5.com.ar\/wp-content\/uploads\/2023\/01\/ar_tribuno20230124.jpg 700w, https:\/\/www.diario5.com.ar\/wp-content\/uploads\/2023\/01\/ar_tribuno20230124-233x300.jpg 233w\" sizes=\"(max-width: 700px) 100vw, 700px\" \/><\/p>\n<p><img decoding=\"async\" loading=\"lazy\" class=\"alignnone size-large wp-image-664549\" title=\"Turismo: Presencia argentina el el Fitur de Madrid\" src=\"https:\/\/www.diario5.com.ar\/wp-content\/uploads\/2023\/01\/ar_diario_cuyo20230124-677x1024.jpg\" alt=\"Turismo: Presencia argentina el el Fitur de Madrid\" width=\"677\" height=\"1024\" srcset=\"https:\/\/www.diario5.com.ar\/wp-content\/uploads\/2023\/01\/ar_diario_cuyo20230124-677x1024.jpg 677w, https:\/\/www.diario5.com.ar\/wp-content\/uploads\/2023\/01\/ar_diario_cuyo20230124-198x300.jpg 198w, https:\/\/www.diario5.com.ar\/wp-content\/uploads\/2023\/01\/ar_diario_cuyo20230124.jpg 700w\" sizes=\"(max-width: 677px) 100vw, 677px\" \/><\/p>\n<p><img decoding=\"async\" loading=\"lazy\" class=\"alignnone size-full wp-image-664550\" title=\"Turismo: Presencia argentina el el Fitur de Madrid\" src=\"https:\/\/www.diario5.com.ar\/wp-content\/uploads\/2023\/01\/ciudadano20230124.jpg\" alt=\"Turismo: Presencia argentina el el Fitur de Madrid\" width=\"700\" height=\"942\" srcset=\"https:\/\/www.diario5.com.ar\/wp-content\/uploads\/2023\/01\/ciudadano20230124.jpg 700w, https:\/\/www.diario5.com.ar\/wp-content\/uploads\/2023\/01\/ciudadano20230124-223x300.jpg 223w\" sizes=\"(max-width: 700px) 100vw, 700px\" \/><\/p>\n<p><img decoding=\"async\" loading=\"lazy\" class=\"alignnone size-large wp-image-664551\" title=\"Turismo: Presencia argentina el el Fitur de Madrid\" src=\"https:\/\/www.diario5.com.ar\/wp-content\/uploads\/2023\/01\/ar_gaceta20230124-625x1024.jpg\" alt=\"Turismo: Presencia argentina el el Fitur de Madrid\" width=\"625\" height=\"1024\" srcset=\"https:\/\/www.diario5.com.ar\/wp-content\/uploads\/2023\/01\/ar_gaceta20230124-625x1024.jpg 625w, https:\/\/www.diario5.com.ar\/wp-content\/uploads\/2023\/01\/ar_gaceta20230124-183x300.jpg 183w, https:\/\/www.diario5.com.ar\/wp-content\/uploads\/2023\/01\/ar_gaceta20230124.jpg 700w\" sizes=\"(max-width: 625px) 100vw, 625px\" \/><\/p>\n<p><img decoding=\"async\" loading=\"lazy\" class=\"alignnone size-large wp-image-664552\" title=\"Turismo: Presencia argentina el el Fitur de Madrid\" src=\"https:\/\/www.diario5.com.ar\/wp-content\/uploads\/2023\/01\/nacion20230124-676x1024.jpg\" alt=\"Turismo: Presencia argentina el el Fitur de Madrid\" width=\"676\" height=\"1024\" srcset=\"https:\/\/www.diario5.com.ar\/wp-content\/uploads\/2023\/01\/nacion20230124-676x1024.jpg 676w, https:\/\/www.diario5.com.ar\/wp-content\/uploads\/2023\/01\/nacion20230124-198x300.jpg 198w, https:\/\/www.diario5.com.ar\/wp-content\/uploads\/2023\/01\/nacion20230124.jpg 700w\" sizes=\"(max-width: 676px) 100vw, 676px\" \/><\/p>\n<p><img decoding=\"async\" loading=\"lazy\" class=\"alignnone size-full wp-image-664553\" title=\"Turismo: Presencia argentina el el Fitur de Madrid\" src=\"https:\/\/www.diario5.com.ar\/wp-content\/uploads\/2023\/01\/nuevo_diario20230124.jpg\" alt=\"Turismo: Presencia argentina el el Fitur de Madrid\" width=\"700\" height=\"965\" srcset=\"https:\/\/www.diario5.com.ar\/wp-content\/uploads\/2023\/01\/nuevo_diario20230124.jpg 700w, https:\/\/www.diario5.com.ar\/wp-content\/uploads\/2023\/01\/nuevo_diario20230124-218x300.jpg 218w\" sizes=\"(max-width: 700px) 100vw, 700px\" \/><\/p>\n<p><img decoding=\"async\" loading=\"lazy\" class=\"alignnone size-full wp-image-664554\" title=\"Turismo: Presencia argentina el el Fitur de Madrid\" src=\"https:\/\/www.diario5.com.ar\/wp-content\/uploads\/2023\/01\/120230124.jpg\" alt=\"Turismo: Presencia argentina el el Fitur de Madrid\" width=\"500\" height=\"652\" srcset=\"https:\/\/www.diario5.com.ar\/wp-content\/uploads\/2023\/01\/120230124.jpg 500w, https:\/\/www.diario5.com.ar\/wp-content\/uploads\/2023\/01\/120230124-230x300.jpg 230w\" sizes=\"(max-width: 500px) 100vw, 500px\" \/><\/p>","protected":false},"excerpt":{"rendered":"<p>La C\u00e1mara Argentina de Turismo motoriz\u00f3 el trabajo de la delegaci\u00f3n de nuestro pa\u00eds en la influyente Fitur 2023, realizada en la capital espa\u00f1ola, donde se realizaron varias actividades promocionales de los destinos argentinos. Los detalles, en el siguiente informe de la CAT.<\/p>","protected":false},"author":1,"featured_media":664539,"comment_status":"open","ping_status":"open","sticky":false,"template":"","format":"standard","meta":[],"categories":[56,51],"tags":[],"series":[],"_links":{"self":[{"href":"https:\/\/www.diario5.com.ar\/es\/wp-json\/wp\/v2\/posts\/636499"}],"collection":[{"href":"https:\/\/www.diario5.com.ar\/es\/wp-json\/wp\/v2\/posts"}],"about":[{"href":"https:\/\/www.diario5.com.ar\/es\/wp-json\/wp\/v2\/types\/post"}],"author":[{"embeddable":true,"href":"https:\/\/www.diario5.com.ar\/es\/wp-json\/wp\/v2\/users\/1"}],"replies":[{"embeddable":true,"href":"https:\/\/www.diario5.com.ar\/es\/wp-json\/wp\/v2\/comments?post=636499"}],"version-history":[{"count":4,"href":"https:\/\/www.diario5.com.ar\/es\/wp-json\/wp\/v2\/posts\/636499\/revisions"}],"predecessor-version":[{"id":664643,"href":"https:\/\/www.diario5.com.ar\/es\/wp-json\/wp\/v2\/posts\/636499\/revisions\/664643"}],"wp:featuredmedia":[{"embeddable":true,"href":"https:\/\/www.diario5.com.ar\/es\/wp-json\/wp\/v2\/media\/664539"}],"wp:attachment":[{"href":"https:\/\/www.diario5.com.ar\/es\/wp-json\/wp\/v2\/media?parent=636499"}],"wp:term":[{"taxonomy":"category","embeddable":true,"href":"https:\/\/www.diario5.com.ar\/es\/wp-json\/wp\/v2\/categories?post=636499"},{"taxonomy":"post_tag","embeddable":true,"href":"https:\/\/www.diario5.com.ar\/es\/wp-json\/wp\/v2\/tags?post=636499"},{"taxonomy":"series","embeddable":true,"href":"https:\/\/www.diario5.com.ar\/es\/wp-json\/wp\/v2\/series?post=636499"}],"curies":[{"name":"wp","href":"https:\/\/api.w.org\/{rel}","templated":true}]}}