{"id":636498,"date":"2023-01-23T06:50:00","date_gmt":"2023-01-23T09:50:00","guid":{"rendered":"http:\/\/diario5.com.ar\/?p=636498"},"modified":"2023-01-23T14:19:31","modified_gmt":"2023-01-23T17:19:31","slug":"636498","status":"publish","type":"post","link":"https:\/\/www.diario5.com.ar\/es\/636498\/","title":{"rendered":"C\u00f3mo act\u00faa la \u00abbivalente\u00bb"},"content":{"rendered":"<h2 class=\"sub-title-primary\">Un peque\u00f1o paneo acerca de la respuesta las nuevas vacunas al ser aplicadas en los pa\u00edses productores.<\/h2> <p><img decoding=\"async\" loading=\"lazy\" class=\"alignnone size-full wp-image-664486\" src=\"https:\/\/www.diario5.com.ar\/wp-content\/uploads\/2023\/01\/covid-19-vaccine-booster20230123.jpg\" width=\"700\" height=\"393\" srcset=\"https:\/\/www.diario5.com.ar\/wp-content\/uploads\/2023\/01\/covid-19-vaccine-booster20230123.jpg 700w, https:\/\/www.diario5.com.ar\/wp-content\/uploads\/2023\/01\/covid-19-vaccine-booster20230123-300x168.jpg 300w\" sizes=\"(max-width: 700px) 100vw, 700px\" \/><\/p>\n<p>En los pa\u00edses que traen disponibilidad de las nuevas vacunas bivalentes de refuerzo, el resultado es satisfactorio, especialmente para los adultos.<\/p>\n<p>En todos los casos, la vacuna estuvo inicialmente disponible para las poblaciones m\u00e1s vulnerables desde septiembre de 2022 y dos semanas m\u00e1s tarde qued\u00f3 a disposici\u00f3n de todos los mayores de 18 a\u00f1os.<\/p>\n<p>En los Estados Unidos y Canad\u00e1, los funcionarios de salud han notado la importancia de vacunarse, especialmente a medida que se acercaban los actuales meses m\u00e1s fr\u00edos. El efecto puede variar de persona a persona, seg\u00fan la \u00faltima vez que se infect\u00f3 o se vacun\u00f3.<\/p>\n<p>En pocas palabras, una vacuna \u00abbivalente\u00bb es un tipo de vacuna que protege contra una combinaci\u00f3n de dos o m\u00e1s cepas de coronavirus.<\/p>\n<p>Esto ayuda a crear una respuesta inmunitaria m\u00e1s amplia y mejora la fuerza y \u200b\u200bla duraci\u00f3n de la protecci\u00f3n contra las variantes de COVID-19 m\u00e1s dominantes en circulaci\u00f3n.<\/p>\n<p>\u00bfQu\u00e9 pasa con los refuerzos bivalentes para las cepas BA.4 y BA.5 Omicron?<\/p>\n<p>En casi todod los pa\u00edses de occidente se aprob\u00f3 la vacuna actualizada de Pfizer-BioNTech Comirnaty COVID-19 dirigida a las subvariantes BA.4 y BA.5 de Omicron circulantes dominantes, as\u00ed como a la cepa original del virus.<\/p>\n<p>La vacuna actualizada de Moderna , Spikevax, es diferente porque se dirige solo a la cepa original y la subvariante BA.1 Omicron.<\/p>\n<p>En la mayor\u00eda de los ensayos cl\u00ednicos, sugieren que el refuerzo bivalente de Moderna provoca una \u00abrespuesta inmunitaria m\u00e1s fuerte\u00bb contra las mutaciones m\u00e1s recientes de Omicron, BA.4 y BA.5, que la vacuna Moderna original.<\/p>\n<p>Se espera que las inyecciones bivalentes de Moderna y Pfizer-BioNTech ofrezcan una mejor protecci\u00f3n contra las cepas circulantes de Omicron.<\/p>\n<p>\u00bfEn qu\u00e9 se diferencia de las vacunas anteriores?<\/p>\n<p>Las vacunas bivalentes contienen dos componentes de ARN mensajero (ARNm) en lugar de uno.<\/p>\n<p>Uno de los componentes es de la cepa original del coronavirus, mientras que el otro componente es de la cepa Omicron, seg\u00fan la<\/p>\n<p>Administraci\u00f3n de Drogas y Alimentos de los Estados Unidos (FDA). Sin embargo, solo est\u00e1 aprobado para su uso como dosis de refuerzo.<\/p>\n<p>En general, las vacunas \u00abbivalentes\u00bb o combinadas son muy comunes. La m\u00e1s habitual es la vacuna contra la influenza, que protege contra tres o cuatro cepas de esa enfermedad.<\/p>\n<p>La eficacia de la vacuna depende principalmente de cu\u00e1ndo recibi\u00f3 su \u00faltimo refuerzo o cu\u00e1ndo tuvo la \u00faltima infecci\u00f3n por COVID-19.<\/p>\n<p>\u00bfQu\u00e9 sucede con las vacunas m\u00e1s antiguas?<\/p>\n<p>Debido a que las vacunas bivalentes se distribuyen como vacunas de refuerzo, las vacunas m\u00e1s antiguas a\u00fan se requieren como serie primaria.<\/p>\n<p>Todav\u00eda hay miles de canadienses que no han recibido las dos primeras inyecciones y dado que esas inyecciones son las \u00fanicas aprobadas actualmente para la serie primaria, Canad\u00e1 mantendr\u00e1 esas dosis.<\/p>\n<p>&nbsp;<\/p>\n<p>En los Estados Unidos, La FDA (Administraci\u00f3n de allimentaci\u00f3n y Drogas) la FDA autoriz\u00f3 las formulaciones bivalentes de las vacunas Moderna y Pfizer-BioNTech COVID-19 para su uso como dosis \u00fanica de refuerzo.<\/p>\n<p>El virus que causa el COVID-19 cambia con el tiempo. Mantenga su protecci\u00f3n contra el COVID-19 al d\u00eda con una dosis de refuerzo de la vacuna bivalente contra el COVID-19.<\/p>\n<p>Las vacunas bivalentes contra la COVID-19 siempre incorporan un componente de la cepa del virus original para brindar una amplia protecci\u00f3n contra la COVID-19 y un componente de la variante omicron para brindar una mejor protecci\u00f3n contra la COVID-19 causada por la variante omicron. Estas se llaman vacunas bivalentes contra el COVID-19 porque contienen estos dos componentes. Una vacuna bivalente contra el COVID-19 tambi\u00e9n puede denominarse dosis de refuerzo de la vacuna contra el COVID-19 \u00abactualizada\u00bb.<\/p>\n<p>Las vacunas COVID-19 pueden ayudar a proteger contra enfermedades graves, hospitalizaci\u00f3n y muerte por COVID-19. A medida que el virus cambia y su inmunidad disminuye naturalmente con el tiempo, es posible que pierda parte de esa protecci\u00f3n.<\/p>\n<p>Se organizar\u00e1 la distribuci\u00f3n para que la poblaci\u00f3n sepa donde est\u00e9 disponible una dosis de refuerzo de la vacuna bivalente COVID-19 cerca de su domicilio.<\/p>\n<p>La vacuna Moderna COVID-19, bivalente est\u00e1 autorizada para su uso como dosis \u00fanica de refuerzo en ni\u00f1os de 6 meses a 5 a\u00f1os de edad al menos dos meses despu\u00e9s de completar una serie primaria con la vacuna monovalente Moderna COVID-19. Tambi\u00e9n est\u00e1 autorizado para su uso como dosis de refuerzo \u00fanica en personas mayores de 6 a\u00f1os al menos dos meses despu\u00e9s de completar la vacunaci\u00f3n primaria con cualquier vacuna COVID-19 autorizada o aprobada, o recibir la dosis de refuerzo m\u00e1s reciente con cualquier vacuna autorizada. o vacuna monovalente COVID-19 aprobada.<\/p>\n<p>La vacuna bivalente contra el COVID-19 de Pfizer-BioNTech est\u00e1 autorizada para su uso como dosis \u00fanica de refuerzo en personas mayores de 5 a\u00f1os al menos dos meses despu\u00e9s de completar la vacunaci\u00f3n primaria con cualquier vacuna contra el COVID-19 autorizada o aprobada o de recibir la dosis de refuerzo m\u00e1s reciente con cualquier vacuna monovalente COVID-19 autorizada o aprobada.<\/p>\n<p>\u00bfSoy elegible para un refuerzo de vacuna COVID-19 actualizado (bivalente)?<br \/>\nLa elegibilidad para un refuerzo depende de:<\/p>\n<ul>\n<li>Su edad<\/li>\n<li>Cuando complet\u00f3 su vacunaci\u00f3n primaria<\/li>\n<li>Cu\u00e1ndo recibi\u00f3 su dosis de refuerzo m\u00e1s reciente de una vacuna monovalente contra el COVID-<\/li>\n<\/ul>\n<p>Si es elegible, considere recibir una dosis de refuerzo de la vacuna bivalente COVID-19.<\/p>\n<p>Una sola dosis de refuerzo con una vacuna bivalente COVID-19 actualizada brinda una amplia protecci\u00f3n contra el COVID-19 y se espera que brinde una mejor protecci\u00f3n contra el COVID-19 causado por la variante Omicron que circula actualmente.<\/p>\n<p><!--googleon: index--><\/p>\n<p><img decoding=\"async\" loading=\"lazy\" class=\"alignnone size-full wp-image-664488\" src=\"https:\/\/www.diario5.com.ar\/wp-content\/uploads\/2023\/01\/ar_laprensa20230123.jpg\" width=\"700\" height=\"944\" srcset=\"https:\/\/www.diario5.com.ar\/wp-content\/uploads\/2023\/01\/ar_laprensa20230123.jpg 700w, https:\/\/www.diario5.com.ar\/wp-content\/uploads\/2023\/01\/ar_laprensa20230123-222x300.jpg 222w\" sizes=\"(max-width: 700px) 100vw, 700px\" \/><\/p>\n<p><img decoding=\"async\" loading=\"lazy\" class=\"alignnone size-full wp-image-664489\" src=\"https:\/\/www.diario5.com.ar\/wp-content\/uploads\/2023\/01\/ar_cronista20230123.jpg\" width=\"700\" height=\"1021\" srcset=\"https:\/\/www.diario5.com.ar\/wp-content\/uploads\/2023\/01\/ar_cronista20230123.jpg 700w, https:\/\/www.diario5.com.ar\/wp-content\/uploads\/2023\/01\/ar_cronista20230123-206x300.jpg 206w\" sizes=\"(max-width: 700px) 100vw, 700px\" \/><\/p>\n<p><img decoding=\"async\" loading=\"lazy\" class=\"alignnone size-full wp-image-664490\" src=\"https:\/\/www.diario5.com.ar\/wp-content\/uploads\/2023\/01\/buenosaires_economico20230123.jpg\" width=\"700\" height=\"827\" srcset=\"https:\/\/www.diario5.com.ar\/wp-content\/uploads\/2023\/01\/buenosaires_economico20230123.jpg 700w, https:\/\/www.diario5.com.ar\/wp-content\/uploads\/2023\/01\/buenosaires_economico20230123-254x300.jpg 254w\" sizes=\"(max-width: 700px) 100vw, 700px\" \/><\/p>\n<p>&nbsp;<\/p>\n<p><img decoding=\"async\" loading=\"lazy\" class=\"alignnone size-large wp-image-664491\" src=\"https:\/\/www.diario5.com.ar\/wp-content\/uploads\/2023\/01\/ar_eldia20230123-688x1024.jpg\" width=\"688\" height=\"1024\" srcset=\"https:\/\/www.diario5.com.ar\/wp-content\/uploads\/2023\/01\/ar_eldia20230123-688x1024.jpg 688w, https:\/\/www.diario5.com.ar\/wp-content\/uploads\/2023\/01\/ar_eldia20230123-202x300.jpg 202w, https:\/\/www.diario5.com.ar\/wp-content\/uploads\/2023\/01\/ar_eldia20230123.jpg 700w\" sizes=\"(max-width: 688px) 100vw, 688px\" \/><\/p>\n<p><img decoding=\"async\" loading=\"lazy\" class=\"alignnone size-full wp-image-664492\" src=\"https:\/\/www.diario5.com.ar\/wp-content\/uploads\/2023\/01\/ar_hoy20230123.jpg\" width=\"700\" height=\"923\" srcset=\"https:\/\/www.diario5.com.ar\/wp-content\/uploads\/2023\/01\/ar_hoy20230123.jpg 700w, https:\/\/www.diario5.com.ar\/wp-content\/uploads\/2023\/01\/ar_hoy20230123-228x300.jpg 228w\" sizes=\"(max-width: 700px) 100vw, 700px\" \/><\/p>\n<p>&nbsp;<\/p>\n<p><img decoding=\"async\" loading=\"lazy\" class=\"alignnone size-full wp-image-664493\" src=\"https:\/\/www.diario5.com.ar\/wp-content\/uploads\/2023\/01\/ar_chubut20230123.jpg\" width=\"700\" height=\"900\" srcset=\"https:\/\/www.diario5.com.ar\/wp-content\/uploads\/2023\/01\/ar_chubut20230123.jpg 700w, https:\/\/www.diario5.com.ar\/wp-content\/uploads\/2023\/01\/ar_chubut20230123-233x300.jpg 233w\" sizes=\"(max-width: 700px) 100vw, 700px\" \/><\/p>\n<p><img decoding=\"async\" loading=\"lazy\" class=\"alignnone size-full wp-image-664494\" src=\"https:\/\/www.diario5.com.ar\/wp-content\/uploads\/2023\/01\/ar_epoca20230123.jpg\" width=\"700\" height=\"910\" srcset=\"https:\/\/www.diario5.com.ar\/wp-content\/uploads\/2023\/01\/ar_epoca20230123.jpg 700w, https:\/\/www.diario5.com.ar\/wp-content\/uploads\/2023\/01\/ar_epoca20230123-231x300.jpg 231w\" sizes=\"(max-width: 700px) 100vw, 700px\" \/><\/p>\n<p><img decoding=\"async\" loading=\"lazy\" class=\"alignnone size-full wp-image-664495\" src=\"https:\/\/www.diario5.com.ar\/wp-content\/uploads\/2023\/01\/ar_litoral20230123.jpg\" width=\"700\" height=\"934\" srcset=\"https:\/\/www.diario5.com.ar\/wp-content\/uploads\/2023\/01\/ar_litoral20230123.jpg 700w, https:\/\/www.diario5.com.ar\/wp-content\/uploads\/2023\/01\/ar_litoral20230123-225x300.jpg 225w\" sizes=\"(max-width: 700px) 100vw, 700px\" \/><\/p>\n<p><img decoding=\"async\" loading=\"lazy\" class=\"alignnone size-full wp-image-664530\" src=\"https:\/\/www.diario5.com.ar\/wp-content\/uploads\/2023\/01\/ar_heraldo20230123.jpg\" width=\"700\" height=\"846\" alt=\"C\u00f3mo act\u00faa la \"bivalente\"\" title=\"C\u00f3mo act\u00faa la \"srcset =https:\/\/www.diario5.com.ar\/wp-content\/uploads\/2023\/01\/ar_heraldo20230123.jpg 700w, https:\/\/www.diario5.com.ar\/wp-content\/uploads\/2023\/01\/ar_heraldo20230123-248x300.jpg 248w sizes=\"(max-width: 700px) 100vw, 700px\" \/><\/p>\n<p><img decoding=\"async\" loading=\"lazy\" class=\"alignnone size-full wp-image-664496\" src=\"https:\/\/www.diario5.com.ar\/wp-content\/uploads\/2023\/01\/independiente20230123.jpg\" width=\"700\" height=\"963\" srcset=\"https:\/\/www.diario5.com.ar\/wp-content\/uploads\/2023\/01\/independiente20230123.jpg 700w, https:\/\/www.diario5.com.ar\/wp-content\/uploads\/2023\/01\/independiente20230123-218x300.jpg 218w\" sizes=\"(max-width: 700px) 100vw, 700px\" \/><\/p>\n<p>&nbsp;<\/p>\n<p><img decoding=\"async\" loading=\"lazy\" class=\"alignnone size-full wp-image-664497\" src=\"https:\/\/www.diario5.com.ar\/wp-content\/uploads\/2023\/01\/ar_losandes20230123.jpg\" width=\"700\" height=\"966\" srcset=\"https:\/\/www.diario5.com.ar\/wp-content\/uploads\/2023\/01\/ar_losandes20230123.jpg 700w, https:\/\/www.diario5.com.ar\/wp-content\/uploads\/2023\/01\/ar_losandes20230123-217x300.jpg 217w\" sizes=\"(max-width: 700px) 100vw, 700px\" \/><\/p>\n<p><img decoding=\"async\" loading=\"lazy\" class=\"alignnone size-full wp-image-664498\" src=\"https:\/\/www.diario5.com.ar\/wp-content\/uploads\/2023\/01\/ar_tribuno20230123.jpg\" width=\"700\" height=\"921\" srcset=\"https:\/\/www.diario5.com.ar\/wp-content\/uploads\/2023\/01\/ar_tribuno20230123.jpg 700w, https:\/\/www.diario5.com.ar\/wp-content\/uploads\/2023\/01\/ar_tribuno20230123-228x300.jpg 228w\" sizes=\"(max-width: 700px) 100vw, 700px\" \/><\/p>\n<p>&nbsp;<\/p>\n<p><img decoding=\"async\" loading=\"lazy\" class=\"alignnone size-large wp-image-664499\" src=\"https:\/\/www.diario5.com.ar\/wp-content\/uploads\/2023\/01\/ar_rio_negro20230123-674x1024.jpg\" width=\"674\" height=\"1024\" srcset=\"https:\/\/www.diario5.com.ar\/wp-content\/uploads\/2023\/01\/ar_rio_negro20230123-674x1024.jpg 674w, https:\/\/www.diario5.com.ar\/wp-content\/uploads\/2023\/01\/ar_rio_negro20230123-198x300.jpg 198w, https:\/\/www.diario5.com.ar\/wp-content\/uploads\/2023\/01\/ar_rio_negro20230123.jpg 700w\" sizes=\"(max-width: 674px) 100vw, 674px\" \/><\/p>\n<p><img decoding=\"async\" loading=\"lazy\" class=\"alignnone size-large wp-image-664500\" src=\"https:\/\/www.diario5.com.ar\/wp-content\/uploads\/2023\/01\/ar_diario_cuyo20230123-677x1024.jpg\" width=\"677\" height=\"1024\" srcset=\"https:\/\/www.diario5.com.ar\/wp-content\/uploads\/2023\/01\/ar_diario_cuyo20230123-677x1024.jpg 677w, https:\/\/www.diario5.com.ar\/wp-content\/uploads\/2023\/01\/ar_diario_cuyo20230123-198x300.jpg 198w, https:\/\/www.diario5.com.ar\/wp-content\/uploads\/2023\/01\/ar_diario_cuyo20230123.jpg 700w\" sizes=\"(max-width: 677px) 100vw, 677px\" \/><\/p>\n<p>&nbsp;<\/p>\n<p><img decoding=\"async\" loading=\"lazy\" class=\"alignnone size-full wp-image-664531\" src=\"https:\/\/www.diario5.com.ar\/wp-content\/uploads\/2023\/01\/ar_diario_republica20230123.jpg\" width=\"700\" height=\"988\" alt=\"C\u00f3mo act\u00faa la \"bivalente\"\" title=\"C\u00f3mo act\u00faa la \"srcset =https:\/\/www.diario5.com.ar\/wp-content\/uploads\/2023\/01\/ar_diario_republica20230123.jpg 700w, https:\/\/www.diario5.com.ar\/wp-content\/uploads\/2023\/01\/ar_diario_republica20230123-213x300.jpg 213w sizes=\"(max-width: 700px) 100vw, 700px\" \/><\/p>\n<p><img decoding=\"async\" loading=\"lazy\" class=\"alignnone size-full wp-image-664532\" src=\"https:\/\/www.diario5.com.ar\/wp-content\/uploads\/2023\/01\/ar_litoral_sfe20230123.jpg\" width=\"700\" height=\"940\" alt=\"C\u00f3mo act\u00faa la \"bivalente\"\" title=\"C\u00f3mo act\u00faa la \"srcset =https:\/\/www.diario5.com.ar\/wp-content\/uploads\/2023\/01\/ar_litoral_sfe20230123.jpg 700w, https:\/\/www.diario5.com.ar\/wp-content\/uploads\/2023\/01\/ar_litoral_sfe20230123-223x300.jpg 223w sizes=\"(max-width: 700px) 100vw, 700px\" \/><\/p>\n<p><img decoding=\"async\" loading=\"lazy\" class=\"alignnone size-full wp-image-664501\" src=\"https:\/\/www.diario5.com.ar\/wp-content\/uploads\/2023\/01\/ciudadano20230123.jpg\" width=\"700\" height=\"937\" srcset=\"https:\/\/www.diario5.com.ar\/wp-content\/uploads\/2023\/01\/ciudadano20230123.jpg 700w, https:\/\/www.diario5.com.ar\/wp-content\/uploads\/2023\/01\/ciudadano20230123-224x300.jpg 224w\" sizes=\"(max-width: 700px) 100vw, 700px\" \/><\/p>\n<p><img decoding=\"async\" loading=\"lazy\" class=\"alignnone size-full wp-image-664533\" src=\"https:\/\/www.diario5.com.ar\/wp-content\/uploads\/2023\/01\/ar_mirador_provincial20230123.jpg\" width=\"700\" height=\"965\" alt=\"C\u00f3mo act\u00faa la \"bivalente\"\" title=\"C\u00f3mo act\u00faa la \"srcset =https:\/\/www.diario5.com.ar\/wp-content\/uploads\/2023\/01\/ar_mirador_provincial20230123.jpg 700w, https:\/\/www.diario5.com.ar\/wp-content\/uploads\/2023\/01\/ar_mirador_provincial20230123-218x300.jpg 218w sizes=\"(max-width: 700px) 100vw, 700px\" \/><\/p>\n<p><img decoding=\"async\" loading=\"lazy\" class=\"alignnone size-large wp-image-664502\" src=\"https:\/\/www.diario5.com.ar\/wp-content\/uploads\/2023\/01\/ar_gaceta20230123-625x1024.jpg\" width=\"625\" height=\"1024\" srcset=\"https:\/\/www.diario5.com.ar\/wp-content\/uploads\/2023\/01\/ar_gaceta20230123-625x1024.jpg 625w, https:\/\/www.diario5.com.ar\/wp-content\/uploads\/2023\/01\/ar_gaceta20230123-183x300.jpg 183w, https:\/\/www.diario5.com.ar\/wp-content\/uploads\/2023\/01\/ar_gaceta20230123.jpg 699w\" sizes=\"(max-width: 625px) 100vw, 625px\" \/><\/p>\n<p>&nbsp;<\/p>\n<p><img decoding=\"async\" loading=\"lazy\" class=\"alignnone size-full wp-image-664534\" src=\"https:\/\/www.diario5.com.ar\/wp-content\/uploads\/2023\/01\/ar_clarin20230123.jpg\" width=\"700\" height=\"971\" alt=\"C\u00f3mo act\u00faa la \"bivalente\"\" title=\"C\u00f3mo act\u00faa la \"srcset =https:\/\/www.diario5.com.ar\/wp-content\/uploads\/2023\/01\/ar_clarin20230123.jpg 700w, https:\/\/www.diario5.com.ar\/wp-content\/uploads\/2023\/01\/ar_clarin20230123-216x300.jpg 216w sizes=\"(max-width: 700px) 100vw, 700px\" \/><\/p>\n<p><img decoding=\"async\" loading=\"lazy\" class=\"alignnone size-large wp-image-664503\" src=\"https:\/\/www.diario5.com.ar\/wp-content\/uploads\/2023\/01\/nacion20230123-676x1024.jpg\" width=\"676\" height=\"1024\" srcset=\"https:\/\/www.diario5.com.ar\/wp-content\/uploads\/2023\/01\/nacion20230123-676x1024.jpg 676w, https:\/\/www.diario5.com.ar\/wp-content\/uploads\/2023\/01\/nacion20230123-198x300.jpg 198w, https:\/\/www.diario5.com.ar\/wp-content\/uploads\/2023\/01\/nacion20230123.jpg 700w\" sizes=\"(max-width: 676px) 100vw, 676px\" \/><\/p>\n<p>&nbsp;<\/p>\n<p><img decoding=\"async\" loading=\"lazy\" class=\"alignnone size-full wp-image-664504\" src=\"https:\/\/www.diario5.com.ar\/wp-content\/uploads\/2023\/01\/nuevo_diario20230123.jpg\" width=\"700\" height=\"972\" srcset=\"https:\/\/www.diario5.com.ar\/wp-content\/uploads\/2023\/01\/nuevo_diario20230123.jpg 700w, https:\/\/www.diario5.com.ar\/wp-content\/uploads\/2023\/01\/nuevo_diario20230123-216x300.jpg 216w\" sizes=\"(max-width: 700px) 100vw, 700px\" \/><\/p>\n<p><img decoding=\"async\" loading=\"lazy\" class=\"alignnone size-full wp-image-664505\" src=\"https:\/\/www.diario5.com.ar\/wp-content\/uploads\/2023\/01\/ar_sureno20230123.jpg\" width=\"700\" height=\"921\" srcset=\"https:\/\/www.diario5.com.ar\/wp-content\/uploads\/2023\/01\/ar_sureno20230123.jpg 700w, https:\/\/www.diario5.com.ar\/wp-content\/uploads\/2023\/01\/ar_sureno20230123-228x300.jpg 228w\" sizes=\"(max-width: 700px) 100vw, 700px\" \/><\/p>\n<p><img decoding=\"async\" loading=\"lazy\" class=\"alignnone size-full wp-image-664506 alignleft\" src=\"https:\/\/www.diario5.com.ar\/wp-content\/uploads\/2023\/01\/120230123.jpg\" width=\"500\" height=\"652\" srcset=\"https:\/\/www.diario5.com.ar\/wp-content\/uploads\/2023\/01\/120230123.jpg 500w, https:\/\/www.diario5.com.ar\/wp-content\/uploads\/2023\/01\/120230123-230x300.jpg 230w\" sizes=\"(max-width: 500px) 100vw, 500px\" \/><\/p>\n<p><img decoding=\"async\" src=\"https:\/\/img.kiosko.net\/2023\/01\/23\/bo\/bo_razon.jpg\" \/><\/p>\n<p>&nbsp;<\/p>","protected":false},"excerpt":{"rendered":"<p>Un peque\u00f1o paneo acerca de la respuesta las nuevas vacunas al ser aplicadas en los pa\u00edses productores. En los pa\u00edses que traen disponibilidad de las nuevas vacunas bivalentes de refuerzo, el resultado es satisfactorio, especialmente para los adultos. En todos los casos, la vacuna estuvo inicialmente disponible para las poblaciones m\u00e1s vulnerables desde septiembre de [&hellip;]<\/p>","protected":false},"author":5,"featured_media":664486,"comment_status":"open","ping_status":"open","sticky":false,"template":"","format":"standard","meta":[],"categories":[22,3,56],"tags":[],"series":[],"_links":{"self":[{"href":"https:\/\/www.diario5.com.ar\/es\/wp-json\/wp\/v2\/posts\/636498"}],"collection":[{"href":"https:\/\/www.diario5.com.ar\/es\/wp-json\/wp\/v2\/posts"}],"about":[{"href":"https:\/\/www.diario5.com.ar\/es\/wp-json\/wp\/v2\/types\/post"}],"author":[{"embeddable":true,"href":"https:\/\/www.diario5.com.ar\/es\/wp-json\/wp\/v2\/users\/5"}],"replies":[{"embeddable":true,"href":"https:\/\/www.diario5.com.ar\/es\/wp-json\/wp\/v2\/comments?post=636498"}],"version-history":[{"count":3,"href":"https:\/\/www.diario5.com.ar\/es\/wp-json\/wp\/v2\/posts\/636498\/revisions"}],"predecessor-version":[{"id":664535,"href":"https:\/\/www.diario5.com.ar\/es\/wp-json\/wp\/v2\/posts\/636498\/revisions\/664535"}],"wp:featuredmedia":[{"embeddable":true,"href":"https:\/\/www.diario5.com.ar\/es\/wp-json\/wp\/v2\/media\/664486"}],"wp:attachment":[{"href":"https:\/\/www.diario5.com.ar\/es\/wp-json\/wp\/v2\/media?parent=636498"}],"wp:term":[{"taxonomy":"category","embeddable":true,"href":"https:\/\/www.diario5.com.ar\/es\/wp-json\/wp\/v2\/categories?post=636498"},{"taxonomy":"post_tag","embeddable":true,"href":"https:\/\/www.diario5.com.ar\/es\/wp-json\/wp\/v2\/tags?post=636498"},{"taxonomy":"series","embeddable":true,"href":"https:\/\/www.diario5.com.ar\/es\/wp-json\/wp\/v2\/series?post=636498"}],"curies":[{"name":"wp","href":"https:\/\/api.w.org\/{rel}","templated":true}]}}