{"id":636488,"date":"2023-01-13T06:50:00","date_gmt":"2023-01-13T09:50:00","guid":{"rendered":"http:\/\/diario5.com.ar\/?p=636488"},"modified":"2023-01-13T06:55:54","modified_gmt":"2023-01-13T09:55:54","slug":"636488","status":"publish","type":"post","link":"https:\/\/www.diario5.com.ar\/es\/636488\/","title":{"rendered":"Sin discriminaci\u00f3n"},"content":{"rendered":"<h2 class=\"sub-title-primary\">En el D\u00eda Mundial de la Lucha contra la Depresi\u00f3n, encontramos que la enfermedad afecta a mas personas de las que el grueso de la poblaci\u00f3n imagina. El efecto en las personas LGTBQ.<\/h2> <h3><img decoding=\"async\" loading=\"lazy\" class=\"alignnone wp-image-663855 size-full\" src=\"https:\/\/www.diario5.com.ar\/wp-content\/uploads\/2023\/01\/depresion_02.jpg\" alt=\"\" width=\"800\" height=\"533\" srcset=\"https:\/\/www.diario5.com.ar\/wp-content\/uploads\/2023\/01\/depresion_02.jpg 800w, https:\/\/www.diario5.com.ar\/wp-content\/uploads\/2023\/01\/depresion_02-300x200.jpg 300w, https:\/\/www.diario5.com.ar\/wp-content\/uploads\/2023\/01\/depresion_02-768x512.jpg 768w\" sizes=\"(max-width: 800px) 100vw, 800px\" \/><\/h3>\n<h3>Comprender la depresi\u00f3n<\/h3>\n<p>El trastorno depresivo mayor (MDD, por sus siglas en ingl\u00e9s) es una de las enfermedades mentales m\u00e1s comunes en los pa\u00edses de mayor desarrollo y que redondea un 3.8% de la poblaci\u00f3n mundial. En los Estados Unidos afecta a m\u00e1s de 21 millones de adultos y el Argentina se estima que ya alcanza los 3 millones de personas.<\/p>\n<p>Las personas que no la han experimentado pueden pensar que la depresi\u00f3n es un estado de \u00e1nimo o una elecci\u00f3n, pero cualquiera que haya vivido con ella sabe que es mucho m\u00e1s que eso. Hay d\u00edas buenos, d\u00edas malos y algunos d\u00edas tan dif\u00edciles que se necesita toda tu fuerza para luchar por el pr\u00f3ximo bueno.<\/p>\n<p>La depresi\u00f3n puede ocurrirle a cualquier persona, a cualquier edad, ya personas de cualquier raza, etnia, nivel socioecon\u00f3mico o religi\u00f3n.<\/p>\n<p>Muchas personas con depresi\u00f3n no la tratan porque no creen que sea grave. 2 La depresi\u00f3n no es algo de lo que pueda \u201csalirse\u201d y no es una debilidad personal. Es una condici\u00f3n m\u00e9dica grave que merece atenci\u00f3n y apoyo, como cualquier dolencia f\u00edsica.<\/p>\n<p>&nbsp;<\/p>\n<p>Un estudio realizado por la <a href=\"https:\/\/suicidepreventionlifeline.org\/wp-content\/uploads\/2017\/07\/LGBTQ_MentalHealth_OnePager.pdf\" target=\"_blank\" rel=\"noopener\">Human Rights Campaign Foundation<\/a> Los adultos LGBTQ+ tienen tres veces m\u00e1s probabilidades de tener problemas de salud mental en comparaci\u00f3n con los adultos heterosexuales. Pero muchos no tienen un nombre para la depresi\u00f3n dif\u00edcil de tratar o no est\u00e1n seguros de d\u00f3nde acudir en busca de ayuda.<\/p>\n<p>Lidiar con la discriminaci\u00f3n o el rechazo de los seres queridos y la sociedad, o no sentirse seguro o confiar en el sistema de salud, pueden afectar su salud mental.<\/p>\n<p><img decoding=\"async\" loading=\"lazy\" class=\"alignnone wp-image-663854 size-full\" src=\"https:\/\/www.diario5.com.ar\/wp-content\/uploads\/2023\/01\/depresion_01.jpg\" alt=\"\" width=\"1057\" height=\"880\" srcset=\"https:\/\/www.diario5.com.ar\/wp-content\/uploads\/2023\/01\/depresion_01.jpg 1057w, https:\/\/www.diario5.com.ar\/wp-content\/uploads\/2023\/01\/depresion_01-300x250.jpg 300w, https:\/\/www.diario5.com.ar\/wp-content\/uploads\/2023\/01\/depresion_01-1024x853.jpg 1024w, https:\/\/www.diario5.com.ar\/wp-content\/uploads\/2023\/01\/depresion_01-768x639.jpg 768w\" sizes=\"(max-width: 1057px) 100vw, 1057px\" \/><\/p>\n<p><strong>Definici\u00f3n de depresi\u00f3n<\/strong><\/p>\n<p>\u00bfQu\u00e9 es el Trastorno Depresivo Mayor (TDM)?<br \/>\nEl trastorno depresivo mayor (MDD), tambi\u00e9n conocido como depresi\u00f3n cl\u00ednica, es una enfermedad m\u00e9dica com\u00fan y grave que cambia la forma en que se siente, piensa y act\u00faa. Afortunadamente, existen opciones de tratamiento disponibles para ayudar a controlar su depresi\u00f3n.<\/p>\n<p>La depresi\u00f3n es algo m\u00e1s que sentirse triste. Puede hacer que pierda inter\u00e9s en las actividades que alguna vez disfrut\u00f3 y causar problemas emocionales y f\u00edsicos, lo que hace que pierda su capacidad para funcionar en el trabajo y en el hogar.<\/p>\n<p>La depresi\u00f3n es la principal causa de discapacidad en todo el mundo. 10 Si bien la mayor\u00eda de las personas con depresi\u00f3n pueden recuperarse por completo con el tratamiento adecuado, solo alrededor de 1\/3 de las personas con depresi\u00f3n severa buscan tratamiento de un profesional de la salud.<\/p>\n<p>He tenido tratamiento, \u00bfpor qu\u00e9 sigo deprimida?<br \/>\nPara algunas personas, los s\u00edntomas de depresi\u00f3n persisten incluso despu\u00e9s del tratamiento. Cuando una persona no responde a dos o m\u00e1s antidepresivos (en dosis y duraci\u00f3n adecuadas), esto a veces se denomina depresi\u00f3n resistente al tratamiento o TRD.<\/p>\n<p>Casi 1\/3 de las personas que tienen MDD son resistentes al tratamiento. Algunas personas tambi\u00e9n tienen una forma m\u00e1s grave de MDD en la que una persona experimenta un empeoramiento repentino de los s\u00edntomas depresivos, lo que puede hacer que considere o act\u00fae sobre pensamientos de autolesi\u00f3n o suicidio.<\/p>\n<p>Si bien los estudios muestran que el 60 % de las personas que mueren por suicidio tienen depresi\u00f3n mayor, 12 es importante tener en cuenta que no todas las personas que viven con MDD tienen pensamientos o acciones suicidas.<\/p>\n<p>Si bien estas formas de depresi\u00f3n son graves, la buena noticia es que existen otras opciones de tratamiento para la depresi\u00f3n que pueden ayudar.<\/p>\n<p>La depresi\u00f3n no es tu culpa y hay esperanza.<\/p>\n<p><img decoding=\"async\" src=\"https:\/\/img.kiosko.net\/2023\/01\/13\/ar\/ar_capital_rosario.jpg\" \/><\/p>\n<p><img decoding=\"async\" src=\"https:\/\/img.kiosko.net\/2023\/01\/13\/ar\/ar_nueva_provincia.jpg\" \/><\/p>\n<p><img decoding=\"async\" src=\"https:\/\/img.kiosko.net\/2023\/01\/13\/ar\/ar_ambito.jpg\" \/><\/p>\n<p><img decoding=\"async\" loading=\"lazy\" class=\"alignnone size-full wp-image-663973\" src=\"https:\/\/www.diario5.com.ar\/wp-content\/uploads\/2023\/01\/esquiu20230113.jpg\" width=\"700\" height=\"920\" alt=\"Sin discriminaci\u00f3n\" title=\"Sin discriminaci\u00f3n\" srcset=\"https:\/\/www.diario5.com.ar\/wp-content\/uploads\/2023\/01\/esquiu20230113.jpg 700w, https:\/\/www.diario5.com.ar\/wp-content\/uploads\/2023\/01\/esquiu20230113-228x300.jpg 228w\" sizes=\"(max-width: 700px) 100vw, 700px\" \/><\/p>\n<p><img decoding=\"async\" src=\"https:\/\/img.kiosko.net\/2023\/01\/13\/ar\/ar_diario_norte.jpg\" \/><\/p>\n<p><img decoding=\"async\" src=\"https:\/\/img.kiosko.net\/2023\/01\/13\/ar\/voz_chaco.jpg\" \/><\/p>\n<p><img decoding=\"async\" src=\"https:\/\/img.kiosko.net\/2023\/01\/13\/ar\/ar_diario_madryn.jpg\" \/><\/p>\n<p><img decoding=\"async\" src=\"https:\/\/img.kiosko.net\/2023\/01\/13\/ar\/ar_laprensa.jpg\" \/><\/p>\n<p><img decoding=\"async\" loading=\"lazy\" class=\"alignnone size-large wp-image-663974\" src=\"https:\/\/www.diario5.com.ar\/wp-content\/uploads\/2023\/01\/ar_cronista20230113-697x1024.jpg\" width=\"697\" height=\"1024\" alt=\"Sin discriminaci\u00f3n\" title=\"Sin discriminaci\u00f3n\" srcset=\"https:\/\/www.diario5.com.ar\/wp-content\/uploads\/2023\/01\/ar_cronista20230113-697x1024.jpg 697w, https:\/\/www.diario5.com.ar\/wp-content\/uploads\/2023\/01\/ar_cronista20230113-204x300.jpg 204w, https:\/\/www.diario5.com.ar\/wp-content\/uploads\/2023\/01\/ar_cronista20230113.jpg 700w\" sizes=\"(max-width: 697px) 100vw, 697px\" \/><\/p>\n<p><img decoding=\"async\" loading=\"lazy\" class=\"alignnone size-full wp-image-663975\" src=\"https:\/\/www.diario5.com.ar\/wp-content\/uploads\/2023\/01\/buenosaires_economico20230113.jpg\" width=\"700\" height=\"834\" alt=\"Sin discriminaci\u00f3n\" title=\"Sin discriminaci\u00f3n\" srcset=\"https:\/\/www.diario5.com.ar\/wp-content\/uploads\/2023\/01\/buenosaires_economico20230113.jpg 700w, https:\/\/www.diario5.com.ar\/wp-content\/uploads\/2023\/01\/buenosaires_economico20230113-252x300.jpg 252w\" sizes=\"(max-width: 700px) 100vw, 700px\" \/><\/p>\n<p><img decoding=\"async\" src=\"https:\/\/img.kiosko.net\/2023\/01\/13\/ar\/ar_perfil.jpg\" \/><\/p>\n<p><img decoding=\"async\" loading=\"lazy\" class=\"alignnone size-large wp-image-663976\" src=\"https:\/\/www.diario5.com.ar\/wp-content\/uploads\/2023\/01\/ar_eldia20230113-686x1024.jpg\" width=\"686\" height=\"1024\" alt=\"Sin discriminaci\u00f3n\" title=\"Sin discriminaci\u00f3n\" srcset=\"https:\/\/www.diario5.com.ar\/wp-content\/uploads\/2023\/01\/ar_eldia20230113-686x1024.jpg 686w, https:\/\/www.diario5.com.ar\/wp-content\/uploads\/2023\/01\/ar_eldia20230113-201x300.jpg 201w, https:\/\/www.diario5.com.ar\/wp-content\/uploads\/2023\/01\/ar_eldia20230113.jpg 700w\" sizes=\"(max-width: 686px) 100vw, 686px\" \/><\/p>\n<p><img decoding=\"async\" loading=\"lazy\" class=\"alignnone size-full wp-image-663977\" src=\"https:\/\/www.diario5.com.ar\/wp-content\/uploads\/2023\/01\/ar_hoy20230113.jpg\" width=\"700\" height=\"925\" alt=\"Sin discriminaci\u00f3n\" title=\"Sin discriminaci\u00f3n\" srcset=\"https:\/\/www.diario5.com.ar\/wp-content\/uploads\/2023\/01\/ar_hoy20230113.jpg 700w, https:\/\/www.diario5.com.ar\/wp-content\/uploads\/2023\/01\/ar_hoy20230113-227x300.jpg 227w\" sizes=\"(max-width: 700px) 100vw, 700px\" \/><\/p>\n<p><img decoding=\"async\" src=\"https:\/\/img.kiosko.net\/2023\/01\/13\/ar\/ar_democracia.jpg\" \/><\/p>\n<p><img decoding=\"async\" loading=\"lazy\" class=\"alignnone size-full wp-image-663978\" src=\"https:\/\/www.diario5.com.ar\/wp-content\/uploads\/2023\/01\/ar_chubut20230113.jpg\" width=\"700\" height=\"901\" alt=\"Sin discriminaci\u00f3n\" title=\"Sin discriminaci\u00f3n\" srcset=\"https:\/\/www.diario5.com.ar\/wp-content\/uploads\/2023\/01\/ar_chubut20230113.jpg 700w, https:\/\/www.diario5.com.ar\/wp-content\/uploads\/2023\/01\/ar_chubut20230113-233x300.jpg 233w\" sizes=\"(max-width: 700px) 100vw, 700px\" \/><\/p>\n<p><img decoding=\"async\" loading=\"lazy\" class=\"alignnone size-full wp-image-663979\" src=\"https:\/\/www.diario5.com.ar\/wp-content\/uploads\/2023\/01\/ar_epoca20230113.jpg\" width=\"700\" height=\"905\" alt=\"Sin discriminaci\u00f3n\" title=\"Sin discriminaci\u00f3n\" srcset=\"https:\/\/www.diario5.com.ar\/wp-content\/uploads\/2023\/01\/ar_epoca20230113.jpg 700w, https:\/\/www.diario5.com.ar\/wp-content\/uploads\/2023\/01\/ar_epoca20230113-232x300.jpg 232w\" sizes=\"(max-width: 700px) 100vw, 700px\" \/><\/p>\n<p><img decoding=\"async\" loading=\"lazy\" class=\"alignnone size-full wp-image-663980\" src=\"https:\/\/www.diario5.com.ar\/wp-content\/uploads\/2023\/01\/ar_litoral20230113.jpg\" width=\"700\" height=\"919\" alt=\"Sin discriminaci\u00f3n\" title=\"Sin discriminaci\u00f3n\" srcset=\"https:\/\/www.diario5.com.ar\/wp-content\/uploads\/2023\/01\/ar_litoral20230113.jpg 700w, https:\/\/www.diario5.com.ar\/wp-content\/uploads\/2023\/01\/ar_litoral20230113-229x300.jpg 229w\" sizes=\"(max-width: 700px) 100vw, 700px\" \/><\/p>\n<p><img decoding=\"async\" src=\"https:\/\/img.kiosko.net\/2023\/01\/13\/ar\/ar_heraldo.jpg\" \/><\/p>\n<p><img decoding=\"async\" src=\"https:\/\/img.kiosko.net\/2023\/01\/13\/ar\/ar_manana_formosa.jpg\" \/><\/p>\n<p><img decoding=\"async\" src=\"https:\/\/img.kiosko.net\/2023\/01\/13\/ar\/ar_diario_pampa.jpg\" \/><\/p>\n<p><img decoding=\"async\" src=\"https:\/\/img.kiosko.net\/2023\/01\/13\/ar\/ar_pagina12.jpg\" \/><\/p>\n<p><img decoding=\"async\" src=\"https:\/\/img.kiosko.net\/2023\/01\/13\/ar\/ar_arena.jpg\" \/><\/p>\n<p><img decoding=\"async\" src=\"https:\/\/img.kiosko.net\/2023\/01\/13\/ar\/independiente.jpg\" \/><\/p>\n<p><img decoding=\"async\" src=\"https:\/\/img.kiosko.net\/2023\/01\/13\/ar\/nueva_rioja.jpg\" \/><\/p>\n<p><img decoding=\"async\" loading=\"lazy\" class=\"alignnone size-full wp-image-663981\" src=\"https:\/\/www.diario5.com.ar\/wp-content\/uploads\/2023\/01\/ar_losandes20230113.jpg\" width=\"700\" height=\"965\" alt=\"Sin discriminaci\u00f3n\" title=\"Sin discriminaci\u00f3n\" srcset=\"https:\/\/www.diario5.com.ar\/wp-content\/uploads\/2023\/01\/ar_losandes20230113.jpg 700w, https:\/\/www.diario5.com.ar\/wp-content\/uploads\/2023\/01\/ar_losandes20230113-218x300.jpg 218w\" sizes=\"(max-width: 700px) 100vw, 700px\" \/><\/p>\n<p><img decoding=\"async\" loading=\"lazy\" class=\"alignnone size-full wp-image-663982\" src=\"https:\/\/www.diario5.com.ar\/wp-content\/uploads\/2023\/01\/ar_tribuno20230113.jpg\" width=\"700\" height=\"950\" alt=\"Sin discriminaci\u00f3n\" title=\"Sin discriminaci\u00f3n\" srcset=\"https:\/\/www.diario5.com.ar\/wp-content\/uploads\/2023\/01\/ar_tribuno20230113.jpg 700w, https:\/\/www.diario5.com.ar\/wp-content\/uploads\/2023\/01\/ar_tribuno20230113-221x300.jpg 221w\" sizes=\"(max-width: 700px) 100vw, 700px\" \/><\/p>\n<p><img decoding=\"async\" src=\"https:\/\/img.kiosko.net\/2023\/01\/13\/ar\/lea.jpg\" \/><\/p>\n<p><img decoding=\"async\" loading=\"lazy\" class=\"alignnone size-large wp-image-663983\" src=\"https:\/\/www.diario5.com.ar\/wp-content\/uploads\/2023\/01\/ar_rio_negro20230113-674x1024.jpg\" width=\"674\" height=\"1024\" alt=\"Sin discriminaci\u00f3n\" title=\"Sin discriminaci\u00f3n\" srcset=\"https:\/\/www.diario5.com.ar\/wp-content\/uploads\/2023\/01\/ar_rio_negro20230113-674x1024.jpg 674w, https:\/\/www.diario5.com.ar\/wp-content\/uploads\/2023\/01\/ar_rio_negro20230113-198x300.jpg 198w, https:\/\/www.diario5.com.ar\/wp-content\/uploads\/2023\/01\/ar_rio_negro20230113.jpg 700w\" sizes=\"(max-width: 674px) 100vw, 674px\" \/><\/p>\n<p><img decoding=\"async\" src=\"https:\/\/img.kiosko.net\/2023\/01\/13\/ar\/ar_diario_cuyo.jpg\" \/><\/p>\n<p><img decoding=\"async\" src=\"https:\/\/img.kiosko.net\/2023\/01\/13\/ar\/huarpe.jpg\" \/><\/p>\n<p><img decoding=\"async\" src=\"https:\/\/img.kiosko.net\/2023\/01\/13\/ar\/ar_diario_republica.jpg\" \/><\/p>\n<p><img decoding=\"async\" src=\"https:\/\/img.kiosko.net\/2023\/01\/13\/ar\/ar_litoral_sfe.jpg\" \/><\/p>\n<p><img decoding=\"async\" loading=\"lazy\" class=\"alignnone size-full wp-image-663984\" src=\"https:\/\/www.diario5.com.ar\/wp-content\/uploads\/2023\/01\/ciudadano20230113.jpg\" width=\"700\" height=\"937\" alt=\"Sin discriminaci\u00f3n\" title=\"Sin discriminaci\u00f3n\" srcset=\"https:\/\/www.diario5.com.ar\/wp-content\/uploads\/2023\/01\/ciudadano20230113.jpg 700w, https:\/\/www.diario5.com.ar\/wp-content\/uploads\/2023\/01\/ciudadano20230113-224x300.jpg 224w\" sizes=\"(max-width: 700px) 100vw, 700px\" \/><\/p>\n<p><img decoding=\"async\" src=\"https:\/\/img.kiosko.net\/2023\/01\/13\/ar\/ar_mirador_provincial.jpg\" \/><\/p>\n<p><img decoding=\"async\" loading=\"lazy\" class=\"alignnone size-large wp-image-663985\" src=\"https:\/\/www.diario5.com.ar\/wp-content\/uploads\/2023\/01\/ar_gaceta20230113-615x1024.jpg\" width=\"615\" height=\"1024\" alt=\"Sin discriminaci\u00f3n\" title=\"Sin discriminaci\u00f3n\" srcset=\"https:\/\/www.diario5.com.ar\/wp-content\/uploads\/2023\/01\/ar_gaceta20230113-615x1024.jpg 615w, https:\/\/www.diario5.com.ar\/wp-content\/uploads\/2023\/01\/ar_gaceta20230113-180x300.jpg 180w, https:\/\/www.diario5.com.ar\/wp-content\/uploads\/2023\/01\/ar_gaceta20230113.jpg 699w\" sizes=\"(max-width: 615px) 100vw, 615px\" \/><\/p>\n<p><img decoding=\"async\" src=\"https:\/\/img.kiosko.net\/2023\/01\/13\/ar\/ar_cronica.jpg\" \/><\/p>\n<p><img decoding=\"async\" src=\"https:\/\/img.kiosko.net\/2023\/01\/13\/ar\/ar_clarin.jpg\" \/><\/p>\n<p><img decoding=\"async\" loading=\"lazy\" class=\"alignnone size-large wp-image-663986\" src=\"https:\/\/www.diario5.com.ar\/wp-content\/uploads\/2023\/01\/nacion20230113-683x1024.jpg\" width=\"683\" height=\"1024\" alt=\"Sin discriminaci\u00f3n\" title=\"Sin discriminaci\u00f3n\" srcset=\"https:\/\/www.diario5.com.ar\/wp-content\/uploads\/2023\/01\/nacion20230113-683x1024.jpg 683w, https:\/\/www.diario5.com.ar\/wp-content\/uploads\/2023\/01\/nacion20230113-200x300.jpg 200w, https:\/\/www.diario5.com.ar\/wp-content\/uploads\/2023\/01\/nacion20230113.jpg 700w\" sizes=\"(max-width: 683px) 100vw, 683px\" \/><\/p>\n<p><img decoding=\"async\" src=\"https:\/\/img.kiosko.net\/2023\/01\/13\/ar\/ar_eco.jpg\" \/><\/p>\n<p><img decoding=\"async\" loading=\"lazy\" class=\"alignnone size-full wp-image-663987\" src=\"https:\/\/www.diario5.com.ar\/wp-content\/uploads\/2023\/01\/nuevo_diario20230113.jpg\" width=\"700\" height=\"929\" alt=\"Sin discriminaci\u00f3n\" title=\"Sin discriminaci\u00f3n\" srcset=\"https:\/\/www.diario5.com.ar\/wp-content\/uploads\/2023\/01\/nuevo_diario20230113.jpg 700w, https:\/\/www.diario5.com.ar\/wp-content\/uploads\/2023\/01\/nuevo_diario20230113-226x300.jpg 226w\" sizes=\"(max-width: 700px) 100vw, 700px\" \/><\/p>\n<p><img decoding=\"async\" src=\"https:\/\/img.kiosko.net\/2023\/01\/13\/ar\/ar_sureno.jpg\" \/><\/p>\n<p><img decoding=\"async\" loading=\"lazy\" class=\"alignnone size-full wp-image-663988\" src=\"https:\/\/www.diario5.com.ar\/wp-content\/uploads\/2023\/01\/120230113.jpg\" width=\"500\" height=\"652\" alt=\"Sin discriminaci\u00f3n\" title=\"Sin discriminaci\u00f3n\" srcset=\"https:\/\/www.diario5.com.ar\/wp-content\/uploads\/2023\/01\/120230113.jpg 500w, https:\/\/www.diario5.com.ar\/wp-content\/uploads\/2023\/01\/120230113-230x300.jpg 230w\" sizes=\"(max-width: 500px) 100vw, 500px\" \/><\/p>\n<p>URUGUAY<br \/>\n<img decoding=\"async\" src=\"https:\/\/img.kiosko.net\/2023\/01\/13\/ar\/ar_duplicado.jpg\" \/><\/p>\n<p><img decoding=\"async\" loading=\"lazy\" class=\"alignnone size-full wp-image-663989\" src=\"https:\/\/www.diario5.com.ar\/wp-content\/uploads\/2023\/01\/uy_ladiaria20230113.jpg\" width=\"700\" height=\"855\" alt=\"Sin discriminaci\u00f3n\" title=\"Sin discriminaci\u00f3n\" srcset=\"https:\/\/www.diario5.com.ar\/wp-content\/uploads\/2023\/01\/uy_ladiaria20230113.jpg 700w, https:\/\/www.diario5.com.ar\/wp-content\/uploads\/2023\/01\/uy_ladiaria20230113-246x300.jpg 246w\" sizes=\"(max-width: 700px) 100vw, 700px\" \/><\/p>\n<p><img decoding=\"async\" src=\"https:\/\/img.kiosko.net\/2023\/01\/13\/uy\/uy_observador.jpg\" \/><\/p>\n<p>BRASIL<br \/>\n<img decoding=\"async\" loading=\"lazy\" class=\"alignnone size-large wp-image-663990\" src=\"https:\/\/www.diario5.com.ar\/wp-content\/uploads\/2023\/01\/br_folha_spaulo20230113-588x1024.jpg\" width=\"588\" height=\"1024\" alt=\"Sin discriminaci\u00f3n\" title=\"Sin discriminaci\u00f3n\" srcset=\"https:\/\/www.diario5.com.ar\/wp-content\/uploads\/2023\/01\/br_folha_spaulo20230113-588x1024.jpg 588w, https:\/\/www.diario5.com.ar\/wp-content\/uploads\/2023\/01\/br_folha_spaulo20230113-172x300.jpg 172w, https:\/\/www.diario5.com.ar\/wp-content\/uploads\/2023\/01\/br_folha_spaulo20230113.jpg 700w\" sizes=\"(max-width: 588px) 100vw, 588px\" \/><\/p>\n<p><img decoding=\"async\" loading=\"lazy\" class=\"alignnone size-large wp-image-663991\" src=\"https:\/\/www.diario5.com.ar\/wp-content\/uploads\/2023\/01\/br_estado_spaulo20230113-665x1024.jpg\" width=\"665\" height=\"1024\" alt=\"Sin discriminaci\u00f3n\" title=\"Sin discriminaci\u00f3n\" srcset=\"https:\/\/www.diario5.com.ar\/wp-content\/uploads\/2023\/01\/br_estado_spaulo20230113-665x1024.jpg 665w, https:\/\/www.diario5.com.ar\/wp-content\/uploads\/2023\/01\/br_estado_spaulo20230113-195x300.jpg 195w, https:\/\/www.diario5.com.ar\/wp-content\/uploads\/2023\/01\/br_estado_spaulo20230113.jpg 700w\" sizes=\"(max-width: 665px) 100vw, 665px\" \/><\/p>\n<p><img decoding=\"async\" loading=\"lazy\" class=\"alignnone size-large wp-image-663992\" src=\"https:\/\/www.diario5.com.ar\/wp-content\/uploads\/2023\/01\/o_dia20230113-593x1024.jpg\" width=\"593\" height=\"1024\" alt=\"Sin discriminaci\u00f3n\" title=\"Sin discriminaci\u00f3n\" srcset=\"https:\/\/www.diario5.com.ar\/wp-content\/uploads\/2023\/01\/o_dia20230113-593x1024.jpg 593w, https:\/\/www.diario5.com.ar\/wp-content\/uploads\/2023\/01\/o_dia20230113-174x300.jpg 174w, https:\/\/www.diario5.com.ar\/wp-content\/uploads\/2023\/01\/o_dia20230113.jpg 700w\" sizes=\"(max-width: 593px) 100vw, 593px\" \/><\/p>\n<p><img decoding=\"async\" loading=\"lazy\" class=\"alignnone size-large wp-image-663993\" src=\"https:\/\/www.diario5.com.ar\/wp-content\/uploads\/2023\/01\/br_oglobo20230113-580x1024.jpg\" width=\"580\" height=\"1024\" alt=\"Sin discriminaci\u00f3n\" title=\"Sin discriminaci\u00f3n\" srcset=\"https:\/\/www.diario5.com.ar\/wp-content\/uploads\/2023\/01\/br_oglobo20230113-580x1024.jpg 580w, https:\/\/www.diario5.com.ar\/wp-content\/uploads\/2023\/01\/br_oglobo20230113-170x300.jpg 170w, https:\/\/www.diario5.com.ar\/wp-content\/uploads\/2023\/01\/br_oglobo20230113.jpg 700w\" sizes=\"(max-width: 580px) 100vw, 580px\" \/><\/p>\n<p><img decoding=\"async\" src=\"https:\/\/img.kiosko.net\/2023\/01\/13\/br\/br_correio_braziliense.jpg\" \/><\/p>\n<p><img decoding=\"async\" src=\"https:\/\/img.kiosko.net\/2023\/01\/13\/br\/br_tribuna_bahia.jpg\" \/><\/p>\n<p><img decoding=\"async\" loading=\"lazy\" class=\"alignnone size-large wp-image-663994\" src=\"https:\/\/www.diario5.com.ar\/wp-content\/uploads\/2023\/01\/br_extra20230113-592x1024.jpg\" width=\"592\" height=\"1024\" alt=\"Sin discriminaci\u00f3n\" title=\"Sin discriminaci\u00f3n\" srcset=\"https:\/\/www.diario5.com.ar\/wp-content\/uploads\/2023\/01\/br_extra20230113-592x1024.jpg 592w, https:\/\/www.diario5.com.ar\/wp-content\/uploads\/2023\/01\/br_extra20230113-174x300.jpg 174w, https:\/\/www.diario5.com.ar\/wp-content\/uploads\/2023\/01\/br_extra20230113.jpg 700w\" sizes=\"(max-width: 592px) 100vw, 592px\" \/><\/p>\n<p>PARAGUAY<br \/>\n<img decoding=\"async\" src=\"https:\/\/img.kiosko.net\/2023\/01\/13\/py\/abccolor.jpg\" \/><\/p>\n<p><img decoding=\"async\" loading=\"lazy\" class=\"alignnone size-full wp-image-663995\" src=\"https:\/\/www.diario5.com.ar\/wp-content\/uploads\/2023\/01\/nacion20230113-1.jpg\" width=\"700\" height=\"931\" alt=\"Sin discriminaci\u00f3n\" title=\"Sin discriminaci\u00f3n\" srcset=\"https:\/\/www.diario5.com.ar\/wp-content\/uploads\/2023\/01\/nacion20230113-1.jpg 700w, https:\/\/www.diario5.com.ar\/wp-content\/uploads\/2023\/01\/nacion20230113-1-226x300.jpg 226w\" sizes=\"(max-width: 700px) 100vw, 700px\" \/><\/p>\n<p><img decoding=\"async\" src=\"https:\/\/img.kiosko.net\/2023\/01\/13\/py\/py_ultimahora.jpg\" \/><\/p>\n<p><img decoding=\"async\" src=\"https:\/\/img.kiosko.net\/2023\/01\/13\/py\/cronica.jpg\" \/><\/p>\n<p><img decoding=\"async\" src=\"https:\/\/img.kiosko.net\/2023\/01\/13\/py\/py_5dias.jpg\" \/><\/p>\n<p><img decoding=\"async\" src=\"https:\/\/img.kiosko.net\/2023\/01\/13\/py\/py_independiente.jpg\" \/><\/p>\n<p>CHILE<br \/>\n<img decoding=\"async\" loading=\"lazy\" class=\"alignnone size-large wp-image-663996\" src=\"https:\/\/www.diario5.com.ar\/wp-content\/uploads\/2023\/01\/cl_mercurio20230113-565x1024.jpg\" width=\"565\" height=\"1024\" alt=\"Sin discriminaci\u00f3n\" title=\"Sin discriminaci\u00f3n\" srcset=\"https:\/\/www.diario5.com.ar\/wp-content\/uploads\/2023\/01\/cl_mercurio20230113-565x1024.jpg 565w, https:\/\/www.diario5.com.ar\/wp-content\/uploads\/2023\/01\/cl_mercurio20230113-165x300.jpg 165w, https:\/\/www.diario5.com.ar\/wp-content\/uploads\/2023\/01\/cl_mercurio20230113.jpg 700w\" sizes=\"(max-width: 565px) 100vw, 565px\" \/><\/p>\n<p><img decoding=\"async\" loading=\"lazy\" class=\"alignnone size-full wp-image-663997\" src=\"https:\/\/www.diario5.com.ar\/wp-content\/uploads\/2023\/01\/cl_ultimas_noticias20230113.jpg\" width=\"700\" height=\"866\" alt=\"Sin discriminaci\u00f3n\" title=\"Sin discriminaci\u00f3n\" srcset=\"https:\/\/www.diario5.com.ar\/wp-content\/uploads\/2023\/01\/cl_ultimas_noticias20230113.jpg 700w, https:\/\/www.diario5.com.ar\/wp-content\/uploads\/2023\/01\/cl_ultimas_noticias20230113-242x300.jpg 242w\" sizes=\"(max-width: 700px) 100vw, 700px\" \/><\/p>\n<p><img decoding=\"async\" loading=\"lazy\" class=\"alignnone size-full wp-image-663998\" src=\"https:\/\/www.diario5.com.ar\/wp-content\/uploads\/2023\/01\/cl_diario_financiero20230113.jpg\" width=\"700\" height=\"902\" alt=\"Sin discriminaci\u00f3n\" title=\"Sin discriminaci\u00f3n\" srcset=\"https:\/\/www.diario5.com.ar\/wp-content\/uploads\/2023\/01\/cl_diario_financiero20230113.jpg 700w, https:\/\/www.diario5.com.ar\/wp-content\/uploads\/2023\/01\/cl_diario_financiero20230113-233x300.jpg 233w\" sizes=\"(max-width: 700px) 100vw, 700px\" \/><\/p>\n<p><img decoding=\"async\" loading=\"lazy\" class=\"alignnone size-full wp-image-663999\" src=\"https:\/\/www.diario5.com.ar\/wp-content\/uploads\/2023\/01\/estrella_iquique20230113.jpg\" width=\"700\" height=\"884\" alt=\"Sin discriminaci\u00f3n\" title=\"Sin discriminaci\u00f3n\" srcset=\"https:\/\/www.diario5.com.ar\/wp-content\/uploads\/2023\/01\/estrella_iquique20230113.jpg 700w, https:\/\/www.diario5.com.ar\/wp-content\/uploads\/2023\/01\/estrella_iquique20230113-238x300.jpg 238w\" sizes=\"(max-width: 700px) 100vw, 700px\" \/><\/p>\n<p><img decoding=\"async\" loading=\"lazy\" class=\"alignnone size-large wp-image-664000\" src=\"https:\/\/www.diario5.com.ar\/wp-content\/uploads\/2023\/01\/mercurio_antofagasta20230113-685x1024.jpg\" width=\"685\" height=\"1024\" alt=\"Sin discriminaci\u00f3n\" title=\"Sin discriminaci\u00f3n\" srcset=\"https:\/\/www.diario5.com.ar\/wp-content\/uploads\/2023\/01\/mercurio_antofagasta20230113-685x1024.jpg 685w, https:\/\/www.diario5.com.ar\/wp-content\/uploads\/2023\/01\/mercurio_antofagasta20230113-201x300.jpg 201w, https:\/\/www.diario5.com.ar\/wp-content\/uploads\/2023\/01\/mercurio_antofagasta20230113.jpg 699w\" sizes=\"(max-width: 685px) 100vw, 685px\" \/><\/p>\n<p><img decoding=\"async\" src=\"https:\/\/img.kiosko.net\/2023\/01\/13\/cl\/cl_eldia.jpg\" \/><\/p>\n<p><img decoding=\"async\" loading=\"lazy\" class=\"alignnone size-full wp-image-664001\" src=\"https:\/\/www.diario5.com.ar\/wp-content\/uploads\/2023\/01\/mercurio_valpo20230113.jpg\" width=\"700\" height=\"990\" alt=\"Sin discriminaci\u00f3n\" title=\"Sin discriminaci\u00f3n\" srcset=\"https:\/\/www.diario5.com.ar\/wp-content\/uploads\/2023\/01\/mercurio_valpo20230113.jpg 700w, https:\/\/www.diario5.com.ar\/wp-content\/uploads\/2023\/01\/mercurio_valpo20230113-212x300.jpg 212w\" sizes=\"(max-width: 700px) 100vw, 700px\" \/><\/p>\n<p><img decoding=\"async\" loading=\"lazy\" class=\"alignnone size-full wp-image-664002\" src=\"https:\/\/www.diario5.com.ar\/wp-content\/uploads\/2023\/01\/estrella_valpo20230113.jpg\" width=\"700\" height=\"897\" alt=\"Sin discriminaci\u00f3n\" title=\"Sin discriminaci\u00f3n\" srcset=\"https:\/\/www.diario5.com.ar\/wp-content\/uploads\/2023\/01\/estrella_valpo20230113.jpg 700w, https:\/\/www.diario5.com.ar\/wp-content\/uploads\/2023\/01\/estrella_valpo20230113-234x300.jpg 234w\" sizes=\"(max-width: 700px) 100vw, 700px\" \/><\/p>\n<p><img decoding=\"async\" loading=\"lazy\" class=\"alignnone size-full wp-image-664003\" src=\"https:\/\/www.diario5.com.ar\/wp-content\/uploads\/2023\/01\/diario_concepcion20230113.jpg\" width=\"700\" height=\"915\" alt=\"Sin discriminaci\u00f3n\" title=\"Sin discriminaci\u00f3n\" srcset=\"https:\/\/www.diario5.com.ar\/wp-content\/uploads\/2023\/01\/diario_concepcion20230113.jpg 700w, https:\/\/www.diario5.com.ar\/wp-content\/uploads\/2023\/01\/diario_concepcion20230113-230x300.jpg 230w\" sizes=\"(max-width: 700px) 100vw, 700px\" \/><\/p>\n<p><img decoding=\"async\" loading=\"lazy\" class=\"alignnone size-full wp-image-664004\" src=\"https:\/\/www.diario5.com.ar\/wp-content\/uploads\/2023\/01\/austral_temuco20230113.jpg\" width=\"700\" height=\"1004\" alt=\"Sin discriminaci\u00f3n\" title=\"Sin discriminaci\u00f3n\" srcset=\"https:\/\/www.diario5.com.ar\/wp-content\/uploads\/2023\/01\/austral_temuco20230113.jpg 700w, https:\/\/www.diario5.com.ar\/wp-content\/uploads\/2023\/01\/austral_temuco20230113-209x300.jpg 209w\" sizes=\"(max-width: 700px) 100vw, 700px\" \/><\/p>\n<p><img decoding=\"async\" loading=\"lazy\" class=\"alignnone size-full wp-image-664005\" src=\"https:\/\/www.diario5.com.ar\/wp-content\/uploads\/2023\/01\/estrella_arica20230113.jpg\" width=\"700\" height=\"893\" alt=\"Sin discriminaci\u00f3n\" title=\"Sin discriminaci\u00f3n\" srcset=\"https:\/\/www.diario5.com.ar\/wp-content\/uploads\/2023\/01\/estrella_arica20230113.jpg 700w, https:\/\/www.diario5.com.ar\/wp-content\/uploads\/2023\/01\/estrella_arica20230113-235x300.jpg 235w\" sizes=\"(max-width: 700px) 100vw, 700px\" \/><\/p>\n<p>COLOMBIA<br \/>\n<img decoding=\"async\" loading=\"lazy\" class=\"alignnone size-full wp-image-664006\" src=\"https:\/\/www.diario5.com.ar\/wp-content\/uploads\/2023\/01\/co_espectador20230113.jpg\" width=\"700\" height=\"980\" alt=\"Sin discriminaci\u00f3n\" title=\"Sin discriminaci\u00f3n\" srcset=\"https:\/\/www.diario5.com.ar\/wp-content\/uploads\/2023\/01\/co_espectador20230113.jpg 700w, https:\/\/www.diario5.com.ar\/wp-content\/uploads\/2023\/01\/co_espectador20230113-214x300.jpg 214w\" sizes=\"(max-width: 700px) 100vw, 700px\" \/><\/p>\n<p><img decoding=\"async\" loading=\"lazy\" class=\"alignnone size-large wp-image-664007\" src=\"https:\/\/www.diario5.com.ar\/wp-content\/uploads\/2023\/01\/co_heraldo20230113-519x1024.jpg\" width=\"519\" height=\"1024\" alt=\"Sin discriminaci\u00f3n\" title=\"Sin discriminaci\u00f3n\" srcset=\"https:\/\/www.diario5.com.ar\/wp-content\/uploads\/2023\/01\/co_heraldo20230113-519x1024.jpg 519w, https:\/\/www.diario5.com.ar\/wp-content\/uploads\/2023\/01\/co_heraldo20230113-152x300.jpg 152w, https:\/\/www.diario5.com.ar\/wp-content\/uploads\/2023\/01\/co_heraldo20230113.jpg 700w\" sizes=\"(max-width: 519px) 100vw, 519px\" \/><\/p>\n<p><img decoding=\"async\" loading=\"lazy\" class=\"alignnone size-large wp-image-664008\" src=\"https:\/\/www.diario5.com.ar\/wp-content\/uploads\/2023\/01\/co_elpais20230113-557x1024.jpg\" width=\"557\" height=\"1024\" alt=\"Sin discriminaci\u00f3n\" title=\"Sin discriminaci\u00f3n\" srcset=\"https:\/\/www.diario5.com.ar\/wp-content\/uploads\/2023\/01\/co_elpais20230113-557x1024.jpg 557w, https:\/\/www.diario5.com.ar\/wp-content\/uploads\/2023\/01\/co_elpais20230113-163x300.jpg 163w, https:\/\/www.diario5.com.ar\/wp-content\/uploads\/2023\/01\/co_elpais20230113.jpg 700w\" sizes=\"(max-width: 557px) 100vw, 557px\" \/><\/p>\n<p><img decoding=\"async\" loading=\"lazy\" class=\"alignnone size-full wp-image-664009\" src=\"https:\/\/www.diario5.com.ar\/wp-content\/uploads\/2023\/01\/co_universal20230113.jpg\" width=\"700\" height=\"930\" alt=\"Sin discriminaci\u00f3n\" title=\"Sin discriminaci\u00f3n\" srcset=\"https:\/\/www.diario5.com.ar\/wp-content\/uploads\/2023\/01\/co_universal20230113.jpg 700w, https:\/\/www.diario5.com.ar\/wp-content\/uploads\/2023\/01\/co_universal20230113-226x300.jpg 226w\" sizes=\"(max-width: 700px) 100vw, 700px\" \/><\/p>\n<p><img decoding=\"async\" src=\"https:\/\/img.kiosko.net\/2023\/01\/13\/co\/co_elcolombiano.jpg\" \/><\/p>\n<p>PERU<br \/>\n<img decoding=\"async\" src=\"https:\/\/img.kiosko.net\/2023\/01\/13\/pe\/pe_comercio.jpg\" \/><\/p>\n<p><img decoding=\"async\" src=\"https:\/\/img.kiosko.net\/2023\/01\/13\/pe\/pe_peru21.jpg\" \/><\/p>\n<p><img decoding=\"async\" src=\"https:\/\/img.kiosko.net\/2023\/01\/13\/pe\/pe_correo.jpg\" \/><\/p>\n<p><img decoding=\"async\" src=\"https:\/\/img.kiosko.net\/2023\/01\/13\/pe\/pe_expreso.jpg\" \/><\/p>\n<p><img decoding=\"async\" src=\"https:\/\/img.kiosko.net\/2023\/01\/13\/pe\/pe_ojo.jpg\" \/><\/p>\n<p><img decoding=\"async\" loading=\"lazy\" class=\"alignnone size-full wp-image-664010\" src=\"https:\/\/www.diario5.com.ar\/wp-content\/uploads\/2023\/01\/pe_gestion20230113.jpg\" width=\"700\" height=\"698\" alt=\"Sin discriminaci\u00f3n\" title=\"Sin discriminaci\u00f3n\" srcset=\"https:\/\/www.diario5.com.ar\/wp-content\/uploads\/2023\/01\/pe_gestion20230113.jpg 700w, https:\/\/www.diario5.com.ar\/wp-content\/uploads\/2023\/01\/pe_gestion20230113-300x300.jpg 300w, https:\/\/www.diario5.com.ar\/wp-content\/uploads\/2023\/01\/pe_gestion20230113-150x150.jpg 150w\" sizes=\"(max-width: 700px) 100vw, 700px\" \/><\/p>\n<p>BOLIVIA<br \/>\n<img decoding=\"async\" src=\"https:\/\/img.kiosko.net\/2023\/01\/13\/bo\/bo_elmundo.jpg\" \/><\/p>\n<p><img decoding=\"async\" src=\"https:\/\/img.kiosko.net\/2023\/01\/13\/bo\/bo_razon.jpg\" \/><\/p>\n<p>&nbsp;<\/p>","protected":false},"excerpt":{"rendered":"<p>En el D\u00eda Mundial de la Lucha contra la Depresi\u00f3n, encontramos que la enfermedad afecta a mas personas de las que el grueso de la poblaci\u00f3n imagina. El efecto en las personas LGTBQ. Comprender la depresi\u00f3n El trastorno depresivo mayor (MDD, por sus siglas en ingl\u00e9s) es una de las enfermedades mentales m\u00e1s comunes en [&hellip;]<\/p>","protected":false},"author":19,"featured_media":663855,"comment_status":"open","ping_status":"open","sticky":false,"template":"","format":"standard","meta":[],"categories":[22,52,56],"tags":[],"series":[],"_links":{"self":[{"href":"https:\/\/www.diario5.com.ar\/es\/wp-json\/wp\/v2\/posts\/636488"}],"collection":[{"href":"https:\/\/www.diario5.com.ar\/es\/wp-json\/wp\/v2\/posts"}],"about":[{"href":"https:\/\/www.diario5.com.ar\/es\/wp-json\/wp\/v2\/types\/post"}],"author":[{"embeddable":true,"href":"https:\/\/www.diario5.com.ar\/es\/wp-json\/wp\/v2\/users\/19"}],"replies":[{"embeddable":true,"href":"https:\/\/www.diario5.com.ar\/es\/wp-json\/wp\/v2\/comments?post=636488"}],"version-history":[{"count":2,"href":"https:\/\/www.diario5.com.ar\/es\/wp-json\/wp\/v2\/posts\/636488\/revisions"}],"predecessor-version":[{"id":663856,"href":"https:\/\/www.diario5.com.ar\/es\/wp-json\/wp\/v2\/posts\/636488\/revisions\/663856"}],"wp:featuredmedia":[{"embeddable":true,"href":"https:\/\/www.diario5.com.ar\/es\/wp-json\/wp\/v2\/media\/663855"}],"wp:attachment":[{"href":"https:\/\/www.diario5.com.ar\/es\/wp-json\/wp\/v2\/media?parent=636488"}],"wp:term":[{"taxonomy":"category","embeddable":true,"href":"https:\/\/www.diario5.com.ar\/es\/wp-json\/wp\/v2\/categories?post=636488"},{"taxonomy":"post_tag","embeddable":true,"href":"https:\/\/www.diario5.com.ar\/es\/wp-json\/wp\/v2\/tags?post=636488"},{"taxonomy":"series","embeddable":true,"href":"https:\/\/www.diario5.com.ar\/es\/wp-json\/wp\/v2\/series?post=636488"}],"curies":[{"name":"wp","href":"https:\/\/api.w.org\/{rel}","templated":true}]}}