{"id":636484,"date":"2023-01-09T06:50:00","date_gmt":"2023-01-09T09:50:00","guid":{"rendered":"http:\/\/diario5.com.ar\/?p=636484"},"modified":"2023-01-17T14:15:54","modified_gmt":"2023-01-17T17:15:54","slug":"636484","status":"publish","type":"post","link":"https:\/\/www.diario5.com.ar\/es\/636484\/","title":{"rendered":"Operativo Calor"},"content":{"rendered":"<h2 class=\"sub-title-primary\"><\/h2> <p><img decoding=\"async\" loading=\"lazy\" class=\"alignnone size-full wp-image-663766\" title=\"Operativo Calor\" src=\"https:\/\/www.diario5.com.ar\/wp-content\/uploads\/2023\/01\/calor20230109.jpg\" alt=\"Operativo Calor\" width=\"562\" height=\"360\" srcset=\"https:\/\/www.diario5.com.ar\/wp-content\/uploads\/2023\/01\/calor20230109.jpg 562w, https:\/\/www.diario5.com.ar\/wp-content\/uploads\/2023\/01\/calor20230109-300x192.jpg 300w\" sizes=\"(max-width: 562px) 100vw, 562px\" \/><\/p>\n<p>En las jornadas de mas de 33\u00b0C se activa este programa de emergencia para asistir a la poblaci\u00f3n.<br \/>\nDiferentes puestos distribuidos en la v\u00eda p\u00fablica entregan a los vecinos agua mineral, frutas y barras de cereales.<br \/>\nSe ubican en los lugares de alta concentraci\u00f3n de la Ciudad de Buenos Aires. Es para toda la poblaci\u00f3n y apunta a la prevenci\u00f3n ante posibles golpes de calor .<\/p>\n<p>Se ubican en puntos cr\u00edticos de concentraci\u00f3n de personas, sugeridos por Defensa Civil.<br \/>\nPor supuesto, los principales puestos del Operativo estar\u00e1n en Plaza Constituci\u00f3n, Retiro y Plaza de la Rep\u00fablica. Pero hay varios.<\/p>\n<p>Tambi\u00e9n, en estos puestos se informa acerca de c\u00f3mo actuar ante la presencia de altas temperaturas<br \/>\nEl Ministerio de Desarrollo Humano y H\u00e1bitat de la Ciudad de Buenos Aires recuerda que ante un golpe de calor podemos comunicarnos al 108.<\/p>\n<p>Como siempre, el SAME recibe los llamados de emergencia al n\u00famero 107.<br \/>\n<!--googleoff: index--><br \/>\n<!--googleon: index--><br \/>\n<img decoding=\"async\" loading=\"lazy\" class=\"alignnone size-full wp-image-663801\" title=\"Operativo Calor\" src=\"https:\/\/www.diario5.com.ar\/wp-content\/uploads\/2023\/01\/la_capital20230109.jpg\" alt=\"Operativo Calor\" width=\"700\" height=\"946\" srcset=\"https:\/\/www.diario5.com.ar\/wp-content\/uploads\/2023\/01\/la_capital20230109.jpg 700w, https:\/\/www.diario5.com.ar\/wp-content\/uploads\/2023\/01\/la_capital20230109-222x300.jpg 222w\" sizes=\"(max-width: 700px) 100vw, 700px\" \/><\/p>\n<p><img decoding=\"async\" loading=\"lazy\" class=\"alignnone size-full wp-image-663767\" title=\"Operativo Calor\" src=\"https:\/\/www.diario5.com.ar\/wp-content\/uploads\/2023\/01\/esquiu20230109.jpg\" alt=\"Operativo Calor\" width=\"700\" height=\"920\" srcset=\"https:\/\/www.diario5.com.ar\/wp-content\/uploads\/2023\/01\/esquiu20230109.jpg 700w, https:\/\/www.diario5.com.ar\/wp-content\/uploads\/2023\/01\/esquiu20230109-228x300.jpg 228w\" sizes=\"(max-width: 700px) 100vw, 700px\" \/><\/p>\n<p><img decoding=\"async\" loading=\"lazy\" class=\"alignnone size-full wp-image-663768\" title=\"Operativo Calor\" src=\"https:\/\/www.diario5.com.ar\/wp-content\/uploads\/2023\/01\/ar_cronista20230109.jpg\" alt=\"Operativo Calor\" width=\"700\" height=\"1002\" srcset=\"https:\/\/www.diario5.com.ar\/wp-content\/uploads\/2023\/01\/ar_cronista20230109.jpg 700w, https:\/\/www.diario5.com.ar\/wp-content\/uploads\/2023\/01\/ar_cronista20230109-210x300.jpg 210w\" sizes=\"(max-width: 700px) 100vw, 700px\" \/><\/p>\n<p><img decoding=\"async\" loading=\"lazy\" class=\"alignnone size-full wp-image-663802\" title=\"Operativo Calor\" src=\"https:\/\/www.diario5.com.ar\/wp-content\/uploads\/2023\/01\/buenosaires_economico20230109.jpg\" alt=\"Operativo Calor\" width=\"700\" height=\"831\" srcset=\"https:\/\/www.diario5.com.ar\/wp-content\/uploads\/2023\/01\/buenosaires_economico20230109.jpg 700w, https:\/\/www.diario5.com.ar\/wp-content\/uploads\/2023\/01\/buenosaires_economico20230109-253x300.jpg 253w\" sizes=\"(max-width: 700px) 100vw, 700px\" \/><\/p>\n<p><img decoding=\"async\" loading=\"lazy\" class=\"alignnone size-full wp-image-663803\" title=\"Operativo Calor\" src=\"https:\/\/www.diario5.com.ar\/wp-content\/uploads\/2023\/01\/ar_capital_rosario20230109.jpg\" alt=\"Operativo Calor\" width=\"700\" height=\"914\" srcset=\"https:\/\/www.diario5.com.ar\/wp-content\/uploads\/2023\/01\/ar_capital_rosario20230109.jpg 700w, https:\/\/www.diario5.com.ar\/wp-content\/uploads\/2023\/01\/ar_capital_rosario20230109-230x300.jpg 230w\" sizes=\"(max-width: 700px) 100vw, 700px\" \/><\/p>\n<p><img decoding=\"async\" loading=\"lazy\" class=\"alignnone size-large wp-image-663769\" title=\"Operativo Calor\" src=\"https:\/\/www.diario5.com.ar\/wp-content\/uploads\/2023\/01\/ar_eldia20230109.jpg\" alt=\"Operativo Calor\" width=\"688\" height=\"1024\" srcset=\"https:\/\/www.diario5.com.ar\/wp-content\/uploads\/2023\/01\/ar_eldia20230109.jpg 699w, https:\/\/www.diario5.com.ar\/wp-content\/uploads\/2023\/01\/ar_eldia20230109-201x300.jpg 201w, https:\/\/www.diario5.com.ar\/wp-content\/uploads\/2023\/01\/ar_eldia20230109-688x1024.jpg 688w\" sizes=\"(max-width: 688px) 100vw, 688px\" \/><\/p>\n<p><img decoding=\"async\" loading=\"lazy\" class=\"alignnone size-full wp-image-663770\" title=\"Operativo Calor\" src=\"https:\/\/www.diario5.com.ar\/wp-content\/uploads\/2023\/01\/ar_hoy20230109.jpg\" alt=\"Operativo Calor\" width=\"700\" height=\"913\" srcset=\"https:\/\/www.diario5.com.ar\/wp-content\/uploads\/2023\/01\/ar_hoy20230109.jpg 700w, https:\/\/www.diario5.com.ar\/wp-content\/uploads\/2023\/01\/ar_hoy20230109-230x300.jpg 230w\" sizes=\"(max-width: 700px) 100vw, 700px\" \/><\/p>\n<p><img decoding=\"async\" loading=\"lazy\" class=\"alignnone size-full wp-image-663771\" title=\"Operativo Calor\" src=\"https:\/\/www.diario5.com.ar\/wp-content\/uploads\/2023\/01\/ar_chubut20230109.jpg\" alt=\"Operativo Calor\" width=\"700\" height=\"908\" srcset=\"https:\/\/www.diario5.com.ar\/wp-content\/uploads\/2023\/01\/ar_chubut20230109.jpg 700w, https:\/\/www.diario5.com.ar\/wp-content\/uploads\/2023\/01\/ar_chubut20230109-231x300.jpg 231w\" sizes=\"(max-width: 700px) 100vw, 700px\" \/><\/p>\n<p><img decoding=\"async\" loading=\"lazy\" class=\"alignnone size-full wp-image-663772\" title=\"Operativo Calor\" src=\"https:\/\/www.diario5.com.ar\/wp-content\/uploads\/2023\/01\/ar_epoca20230109.jpg\" alt=\"Operativo Calor\" width=\"700\" height=\"909\" srcset=\"https:\/\/www.diario5.com.ar\/wp-content\/uploads\/2023\/01\/ar_epoca20230109.jpg 700w, https:\/\/www.diario5.com.ar\/wp-content\/uploads\/2023\/01\/ar_epoca20230109-231x300.jpg 231w\" sizes=\"(max-width: 700px) 100vw, 700px\" \/><\/p>\n<p><img decoding=\"async\" loading=\"lazy\" class=\"alignnone size-full wp-image-663773\" title=\"Operativo Calor\" src=\"https:\/\/www.diario5.com.ar\/wp-content\/uploads\/2023\/01\/ar_litoral20230109.jpg\" alt=\"Operativo Calor\" width=\"700\" height=\"921\" srcset=\"https:\/\/www.diario5.com.ar\/wp-content\/uploads\/2023\/01\/ar_litoral20230109.jpg 700w, https:\/\/www.diario5.com.ar\/wp-content\/uploads\/2023\/01\/ar_litoral20230109-228x300.jpg 228w\" sizes=\"(max-width: 700px) 100vw, 700px\" \/><\/p>\n<p><img decoding=\"async\" loading=\"lazy\" class=\"alignnone size-full wp-image-663804\" title=\"Operativo Calor\" src=\"https:\/\/www.diario5.com.ar\/wp-content\/uploads\/2023\/01\/ar_heraldo20230109.jpg\" alt=\"Operativo Calor\" width=\"700\" height=\"846\" srcset=\"https:\/\/www.diario5.com.ar\/wp-content\/uploads\/2023\/01\/ar_heraldo20230109.jpg 700w, https:\/\/www.diario5.com.ar\/wp-content\/uploads\/2023\/01\/ar_heraldo20230109-248x300.jpg 248w\" sizes=\"(max-width: 700px) 100vw, 700px\" \/><\/p>\n<p><img decoding=\"async\" loading=\"lazy\" class=\"alignnone size-full wp-image-663774\" title=\"Operativo Calor\" src=\"https:\/\/www.diario5.com.ar\/wp-content\/uploads\/2023\/01\/independiente20230109.jpg\" alt=\"Operativo Calor\" width=\"700\" height=\"963\" srcset=\"https:\/\/www.diario5.com.ar\/wp-content\/uploads\/2023\/01\/independiente20230109.jpg 700w, https:\/\/www.diario5.com.ar\/wp-content\/uploads\/2023\/01\/independiente20230109-218x300.jpg 218w\" sizes=\"(max-width: 700px) 100vw, 700px\" \/><\/p>\n<p><img decoding=\"async\" loading=\"lazy\" class=\"alignnone size-full wp-image-663775\" title=\"Operativo Calor\" src=\"https:\/\/www.diario5.com.ar\/wp-content\/uploads\/2023\/01\/ar_losandes20230109.jpg\" alt=\"Operativo Calor\" width=\"700\" height=\"966\" srcset=\"https:\/\/www.diario5.com.ar\/wp-content\/uploads\/2023\/01\/ar_losandes20230109.jpg 700w, https:\/\/www.diario5.com.ar\/wp-content\/uploads\/2023\/01\/ar_losandes20230109-217x300.jpg 217w\" sizes=\"(max-width: 700px) 100vw, 700px\" \/><\/p>\n<p><img decoding=\"async\" loading=\"lazy\" class=\"alignnone size-full wp-image-663776\" title=\"Operativo Calor\" src=\"https:\/\/www.diario5.com.ar\/wp-content\/uploads\/2023\/01\/ar_tribuno20230109.jpg\" alt=\"Operativo Calor\" width=\"700\" height=\"956\" srcset=\"https:\/\/www.diario5.com.ar\/wp-content\/uploads\/2023\/01\/ar_tribuno20230109.jpg 700w, https:\/\/www.diario5.com.ar\/wp-content\/uploads\/2023\/01\/ar_tribuno20230109-220x300.jpg 220w\" sizes=\"(max-width: 700px) 100vw, 700px\" \/><\/p>\n<p><img decoding=\"async\" loading=\"lazy\" class=\"alignnone size-large wp-image-663805\" title=\"Operativo Calor\" src=\"https:\/\/www.diario5.com.ar\/wp-content\/uploads\/2023\/01\/ar_diario_cuyo20230109-682x1024.jpg\" alt=\"Operativo Calor\" width=\"682\" height=\"1024\" srcset=\"https:\/\/www.diario5.com.ar\/wp-content\/uploads\/2023\/01\/ar_diario_cuyo20230109-682x1024.jpg 682w, https:\/\/www.diario5.com.ar\/wp-content\/uploads\/2023\/01\/ar_diario_cuyo20230109-200x300.jpg 200w, https:\/\/www.diario5.com.ar\/wp-content\/uploads\/2023\/01\/ar_diario_cuyo20230109.jpg 700w\" sizes=\"(max-width: 682px) 100vw, 682px\" \/><\/p>\n<p><img decoding=\"async\" loading=\"lazy\" class=\"alignnone size-full wp-image-663806\" title=\"Operativo Calor\" src=\"https:\/\/www.diario5.com.ar\/wp-content\/uploads\/2023\/01\/ar_litoral_sfe20230109.jpg\" alt=\"Operativo Calor\" width=\"700\" height=\"934\" srcset=\"https:\/\/www.diario5.com.ar\/wp-content\/uploads\/2023\/01\/ar_litoral_sfe20230109.jpg 700w, https:\/\/www.diario5.com.ar\/wp-content\/uploads\/2023\/01\/ar_litoral_sfe20230109-225x300.jpg 225w\" sizes=\"(max-width: 700px) 100vw, 700px\" \/><\/p>\n<p><img decoding=\"async\" loading=\"lazy\" class=\"alignnone size-full wp-image-663777\" title=\"Operativo Calor\" src=\"https:\/\/www.diario5.com.ar\/wp-content\/uploads\/2023\/01\/ciudadano20230109.jpg\" alt=\"Operativo Calor\" width=\"700\" height=\"928\" srcset=\"https:\/\/www.diario5.com.ar\/wp-content\/uploads\/2023\/01\/ciudadano20230109.jpg 700w, https:\/\/www.diario5.com.ar\/wp-content\/uploads\/2023\/01\/ciudadano20230109-226x300.jpg 226w\" sizes=\"(max-width: 700px) 100vw, 700px\" \/><\/p>\n<p><img decoding=\"async\" loading=\"lazy\" class=\"alignnone size-full wp-image-663807\" title=\"Operativo Calor\" src=\"https:\/\/www.diario5.com.ar\/wp-content\/uploads\/2023\/01\/ar_mirador_provincial20230109.jpg\" alt=\"Operativo Calor\" width=\"700\" height=\"934\" srcset=\"https:\/\/www.diario5.com.ar\/wp-content\/uploads\/2023\/01\/ar_mirador_provincial20230109.jpg 700w, https:\/\/www.diario5.com.ar\/wp-content\/uploads\/2023\/01\/ar_mirador_provincial20230109-225x300.jpg 225w\" sizes=\"(max-width: 700px) 100vw, 700px\" \/><\/p>\n<p><img decoding=\"async\" loading=\"lazy\" class=\"alignnone size-large wp-image-663778\" title=\"Operativo Calor\" src=\"https:\/\/www.diario5.com.ar\/wp-content\/uploads\/2023\/01\/ar_gaceta20230109-625x1024.jpg\" alt=\"Operativo Calor\" width=\"625\" height=\"1024\" srcset=\"https:\/\/www.diario5.com.ar\/wp-content\/uploads\/2023\/01\/ar_gaceta20230109-625x1024.jpg 625w, https:\/\/www.diario5.com.ar\/wp-content\/uploads\/2023\/01\/ar_gaceta20230109-183x300.jpg 183w, https:\/\/www.diario5.com.ar\/wp-content\/uploads\/2023\/01\/ar_gaceta20230109.jpg 700w\" sizes=\"(max-width: 625px) 100vw, 625px\" \/><\/p>\n<p><img decoding=\"async\" loading=\"lazy\" class=\"alignnone size-full wp-image-663808\" title=\"Operativo Calor\" src=\"https:\/\/www.diario5.com.ar\/wp-content\/uploads\/2023\/01\/ar_clarin20230109.jpg\" alt=\"Operativo Calor\" width=\"700\" height=\"965\" srcset=\"https:\/\/www.diario5.com.ar\/wp-content\/uploads\/2023\/01\/ar_clarin20230109.jpg 700w, https:\/\/www.diario5.com.ar\/wp-content\/uploads\/2023\/01\/ar_clarin20230109-218x300.jpg 218w\" sizes=\"(max-width: 700px) 100vw, 700px\" \/><\/p>\n<p><img decoding=\"async\" loading=\"lazy\" class=\"alignnone size-large wp-image-663779\" title=\"Operativo Calor\" src=\"https:\/\/www.diario5.com.ar\/wp-content\/uploads\/2023\/01\/nacion20230109-683x1024.jpg\" alt=\"Operativo Calor\" width=\"683\" height=\"1024\" srcset=\"https:\/\/www.diario5.com.ar\/wp-content\/uploads\/2023\/01\/nacion20230109-683x1024.jpg 683w, https:\/\/www.diario5.com.ar\/wp-content\/uploads\/2023\/01\/nacion20230109-200x300.jpg 200w, https:\/\/www.diario5.com.ar\/wp-content\/uploads\/2023\/01\/nacion20230109.jpg 700w\" sizes=\"(max-width: 683px) 100vw, 683px\" \/><\/p>\n<p><img decoding=\"async\" loading=\"lazy\" class=\"alignnone size-full wp-image-663780\" title=\"Operativo Calor\" src=\"https:\/\/www.diario5.com.ar\/wp-content\/uploads\/2023\/01\/nuevo_diario20230109.jpg\" alt=\"Operativo Calor\" width=\"700\" height=\"953\" srcset=\"https:\/\/www.diario5.com.ar\/wp-content\/uploads\/2023\/01\/nuevo_diario20230109.jpg 700w, https:\/\/www.diario5.com.ar\/wp-content\/uploads\/2023\/01\/nuevo_diario20230109-220x300.jpg 220w\" sizes=\"(max-width: 700px) 100vw, 700px\" \/><\/p>\n<p><img decoding=\"async\" loading=\"lazy\" class=\"alignnone size-full wp-image-663781\" title=\"Operativo Calor\" src=\"https:\/\/www.diario5.com.ar\/wp-content\/uploads\/2023\/01\/120230109.jpg\" alt=\"Operativo Calor\" width=\"500\" height=\"652\" srcset=\"https:\/\/www.diario5.com.ar\/wp-content\/uploads\/2023\/01\/120230109.jpg 500w, https:\/\/www.diario5.com.ar\/wp-content\/uploads\/2023\/01\/120230109-230x300.jpg 230w\" sizes=\"(max-width: 500px) 100vw, 500px\" \/><\/p>\n<p>&nbsp;<\/p>","protected":false},"excerpt":{"rendered":"<p>En las jornadas de mas de 33\u00b0C se activa este programa de emergencia para asistir a la poblaci\u00f3n. Diferentes puestos distribuidos en la v\u00eda p\u00fablica entregan a los vecinos agua mineral, frutas y barras de cereales. Se ubican en los lugares de alta concentraci\u00f3n de la Ciudad de Buenos Aires. Es para toda la poblaci\u00f3n [&hellip;]<\/p>","protected":false},"author":5,"featured_media":663766,"comment_status":"open","ping_status":"open","sticky":false,"template":"","format":"standard","meta":[],"categories":[22,52,56],"tags":[],"series":[],"_links":{"self":[{"href":"https:\/\/www.diario5.com.ar\/es\/wp-json\/wp\/v2\/posts\/636484"}],"collection":[{"href":"https:\/\/www.diario5.com.ar\/es\/wp-json\/wp\/v2\/posts"}],"about":[{"href":"https:\/\/www.diario5.com.ar\/es\/wp-json\/wp\/v2\/types\/post"}],"author":[{"embeddable":true,"href":"https:\/\/www.diario5.com.ar\/es\/wp-json\/wp\/v2\/users\/5"}],"replies":[{"embeddable":true,"href":"https:\/\/www.diario5.com.ar\/es\/wp-json\/wp\/v2\/comments?post=636484"}],"version-history":[{"count":4,"href":"https:\/\/www.diario5.com.ar\/es\/wp-json\/wp\/v2\/posts\/636484\/revisions"}],"predecessor-version":[{"id":664221,"href":"https:\/\/www.diario5.com.ar\/es\/wp-json\/wp\/v2\/posts\/636484\/revisions\/664221"}],"wp:featuredmedia":[{"embeddable":true,"href":"https:\/\/www.diario5.com.ar\/es\/wp-json\/wp\/v2\/media\/663766"}],"wp:attachment":[{"href":"https:\/\/www.diario5.com.ar\/es\/wp-json\/wp\/v2\/media?parent=636484"}],"wp:term":[{"taxonomy":"category","embeddable":true,"href":"https:\/\/www.diario5.com.ar\/es\/wp-json\/wp\/v2\/categories?post=636484"},{"taxonomy":"post_tag","embeddable":true,"href":"https:\/\/www.diario5.com.ar\/es\/wp-json\/wp\/v2\/tags?post=636484"},{"taxonomy":"series","embeddable":true,"href":"https:\/\/www.diario5.com.ar\/es\/wp-json\/wp\/v2\/series?post=636484"}],"curies":[{"name":"wp","href":"https:\/\/api.w.org\/{rel}","templated":true}]}}