{"id":636479,"date":"2023-01-04T06:50:00","date_gmt":"2023-01-04T09:50:00","guid":{"rendered":"http:\/\/diario5.com.ar\/?p=636479"},"modified":"2023-01-06T00:44:47","modified_gmt":"2023-01-06T03:44:47","slug":"636479","status":"publish","type":"post","link":"https:\/\/www.diario5.com.ar\/es\/636479\/","title":{"rendered":"Pateadores de cabeza"},"content":{"rendered":"<h2 class=\"sub-title-primary\"><\/h2> <p><img decoding=\"async\" loading=\"lazy\" class=\"alignnone wp-image-663524 size-full\" src=\"https:\/\/www.diario5.com.ar\/wp-content\/uploads\/2023\/01\/putos_de_zarate_01.jpg\" alt=\"\" width=\"680\" height=\"382\" srcset=\"https:\/\/www.diario5.com.ar\/wp-content\/uploads\/2023\/01\/putos_de_zarate_01.jpg 680w, https:\/\/www.diario5.com.ar\/wp-content\/uploads\/2023\/01\/putos_de_zarate_01-300x169.jpg 300w\" sizes=\"(max-width: 680px) 100vw, 680px\" \/><\/p>\n<p>\u00bfQu\u00e9 habr\u00eda sucedido si estos inservibles hubieran sido menores de edad?<\/p>\n<p>La respuesta es tenebrosa y por eso la evitamos.<\/p>\n<p>\u00bfAcaso este octeto de putos*, de 20 a\u00f1os de edad, aprendi\u00f3 a patotear cobardemente en apenas los \u00faltimos dos a\u00f1os? \u00bfestamos seguros de que cuando ten\u00edan 17 a\u00f1os eran nenes buenitos, hasta el d\u00eda en que cumplieron los 18?<\/p>\n<p>\u00bfPor qu\u00e9 unimos este caso con el problema que generan los asesinos menores de edad?<\/p>\n<p>Porque es ultra necesario.<\/p>\n<p>Para que en la Argentina y en el mundo entero, la justicia tenga mayores certezas acerca de c\u00f3mo deben pagarse ciertos cr\u00edmenes, debe asociarse la condici\u00f3n de progenitores de un ser humano a padre, madre, tutores, padres adoptivos y a todos los que -seg\u00fan las nuevas normativas- corresponda responsabilizar por los actos de un menor.<\/p>\n<p>S\u00f3lo el delito de un chico que vive a la deriva y sin familia podr\u00eda dar como resultado un juicio imposible de punir para un mayor.\u00a0 Los C\u00f3digos Civil y Penal deben amalgamarse en un ley que desde el primer d\u00eda de la vida de un ser humano, al menos una persona mayor se hace cargo de los actos del ester nuevo habitante del planeta, hasta que cumple los 18 a\u00f1os. Y si la pena a su padre o madre excede la fecha en que el delincuente pasa a convertirse en mayor, de establecer\u00e1 una deliberaci\u00f3n frente a la justicia, en una suerte de \u00abpacto regulado de reparto del castigo\u00bb, en el que ambos, progenitor y responsable deber\u00e1n dirimir de qu\u00e9 manera se termina de pagar la condena por el delito cometido por el\/la ahora mayor de edad.<\/p>\n<p>No hay otra forma, si lo que queremos es que los cr\u00edmenes se paguen y vemos que -cada vez m\u00e1s- hay gente que env\u00eda a sus hijos menores a cometerlos.<\/p>\n<p>Con esto, os queda claro y clar\u00edsimo el paquete de responsabilidades de los padres de los pateadores de cabeza, asquerosos simuladores de novelas de g\u00e1ngsters que ni siquiera comnocen porque no saben ni leer, se presentan ante el tribunal que los juzga con la apariencia de estar dispuestos sostener un supuestamente f\u00e9rreo c\u00f3digo mafioso, para no desequilibrar entre ellos la responsabilidad de los hechos, salga como salga el juicio.<\/p>\n<p>El juramento es absolutamente perecedero, ya que los testigos comienzan a coincidir en que cinco de los ocho acusados podr\u00edan ser \u00abm\u00e1s alevosos que el resto\u00bb. De manera que, en caso de quedar un camino abierto para que tres de estos cacas consiga una pena menor que la de perpetua que se le viene a la mayor\u00eda del grupo, ni estos tres \u00abalivianables\u00bb, ni sus padres, ni los abogados que aparecer\u00e1n para salirse de la estrategia en bloque planteada por el payasesco defensor que los patrocina, van a desaprovechar semejante oportunidad a cambio de mantener el est\u00fapido pacto que -aparte de reconfirmar la criminalidad modo pira\u00f1a- habla de que los m\u00e1s complicados en el caso arrastran a otros a no licuar el car\u00edsimo precio a pagar que se les avecina.<\/p>\n<p>El abogado \u00abcomunitario\u00bb que tienen. por ahora gritonea rid\u00edculamente en la sala de audiencias y hasta pega golpes en la mesa procurando demostrar vaya a saber que tipo de \u00abinjusticia\u00bb podr\u00eda comprobarse en el proceso que se lleva adelante.<\/p>\n<p>Tambi\u00e9n es importante que a los trogloditas acusados del crimen de Fernando B\u00e1ez Sosa, se los deje de llamar los \u00abrugbiers\u00bb, porque tambi\u00e9n est\u00e1 comprobado que son apenas unos torpes con fisicacho visible que se largaron a un campo a correr tras una guinda sin tener demasiada idea de ese deporte. M\u00faltiples testimonios zarate\u00f1os aseguran que se trata de un rejunte y que -encima- son mal\u00edsimos jugando al rugby.<\/p>\n<p>La esencia de la amistad de este putaje est\u00e1 basada en la nada misma, es decir, imponerse a otros en su diversi\u00f3n berreta de s\u00e1bado a la noche, emborracharse para animarse a hacer en patota las cosas para las que jam\u00e1s tuvieron huevos, en su insignificante vida de boliche, al que van (iban) para ver si le ganan una minita a aquellos a quienes no podr\u00edan ganarles a nada.<\/p>\n<p>Hemos presentado una teor\u00eda que asocia de manera directa la conducta de los criminales de hecho con la gu\u00eda que en la vida les fueron dando sus padres.<\/p>\n<p>A pocos d\u00edas del cr\u00edmen cometido por su hijo pateador de mand\u00edbulas M\u00e1ximo, el se\u00f1or Marcial Thomsen ensay\u00f3, c\u00ednicamente, una suerte de \u00abteor\u00eda de las dos v\u00edctimas\u00bb, argumentando que su familia tambi\u00e9n sufre. Pues bien, se\u00f1or Thomsen: si se cumpliera con justo equilibrio la puesta en valor de la teor\u00eda presentada, Usted habr\u00eda quedado en libertad por muy poco, ya que su v\u00e1stago alcanz\u00f3 justo a hacerse mayor de edad un a\u00f1o y pico antes de llevar adelante la obra plasmada junto a sus sus amiguitos de Z\u00e1rate. El poco tiempo de diferencia entre el cumplea\u00f1os n\u00famero 18 de su hijo y el fat\u00eddico d\u00eda de enero de 2020 en Villa Gesell, lo dejan a Usted muy cerca de ser considerado un criminal.<br \/>\n<!--googleoff: index--><\/p>\n<p>(*)<\/p>\n<blockquote class=\"wp-embedded-content\" data-secret=\"ND6yC69dac\"><p><a href=\"https:\/\/www.diario5.com.ar\/es\/por-que-llamamos-puto-al-miembro-de-una-patota-criminal\/\">Por qu\u00e9 llamamos \u00abputo\u00bb al miembro de una patota criminal<\/a><\/p><\/blockquote>\n<p><iframe class=\"wp-embedded-content\" sandbox=\"allow-scripts\" security=\"restricted\" style=\"position: absolute; clip: rect(1px, 1px, 1px, 1px);\" title=\"\u00abPor qu\u00e9 llamamos \u00abputo\u00bb al miembro de una patota criminal\u00bb \u2014 Diario 5\" src=\"https:\/\/www.diario5.com.ar\/por-que-llamamos-puto-al-miembro-de-una-patota-criminal\/embed\/#?secret=ND6yC69dac\" data-secret=\"ND6yC69dac\" width=\"600\" height=\"338\" frameborder=\"0\" marginwidth=\"0\" marginheight=\"0\" scrolling=\"no\"><\/iframe><\/p>\n<blockquote class=\"wp-embedded-content\" data-secret=\"qEedfOiMUS\"><p><a href=\"https:\/\/www.diario5.com.ar\/es\/nicolas-mazzolla-es-un-que-adivinaste\/\">\u00bfNicol\u00e1s Mazzolla es un qu\u00e9&#8230;? Adivinaste<\/a><\/p><\/blockquote>\n<p><iframe class=\"wp-embedded-content\" sandbox=\"allow-scripts\" security=\"restricted\" style=\"position: absolute; clip: rect(1px, 1px, 1px, 1px);\" title=\"\u00ab\u00bfNicol\u00e1s Mazzolla es un qu\u00e9&#8230;? Adivinaste\u00bb \u2014 Diario 5\" src=\"https:\/\/www.diario5.com.ar\/nicolas-mazzolla-es-un-que-adivinaste\/embed\/#?secret=qEedfOiMUS\" data-secret=\"qEedfOiMUS\" width=\"600\" height=\"338\" frameborder=\"0\" marginwidth=\"0\" marginheight=\"0\" scrolling=\"no\"><\/iframe><\/p>\n<p>&nbsp;<\/p>\n<p>&nbsp;<\/p>\n<p><img decoding=\"async\" loading=\"lazy\" class=\"alignnone size-full wp-image-663549\" src=\"https:\/\/www.diario5.com.ar\/wp-content\/uploads\/2023\/01\/esquiu20230104.jpg\" width=\"700\" height=\"920\" alt=\"4 de enero de 2023\" title=\"4 de enero de 2023\" srcset=\"https:\/\/www.diario5.com.ar\/wp-content\/uploads\/2023\/01\/esquiu20230104.jpg 700w, https:\/\/www.diario5.com.ar\/wp-content\/uploads\/2023\/01\/esquiu20230104-228x300.jpg 228w\" sizes=\"(max-width: 700px) 100vw, 700px\" \/><\/p>\n<p><img decoding=\"async\" loading=\"lazy\" class=\"alignnone size-full wp-image-663550\" src=\"https:\/\/www.diario5.com.ar\/wp-content\/uploads\/2023\/01\/buenosaires_economico20230104.jpg\" width=\"700\" height=\"829\" alt=\"4 de enero de 2023\" title=\"4 de enero de 2023\" srcset=\"https:\/\/www.diario5.com.ar\/wp-content\/uploads\/2023\/01\/buenosaires_economico20230104.jpg 700w, https:\/\/www.diario5.com.ar\/wp-content\/uploads\/2023\/01\/buenosaires_economico20230104-253x300.jpg 253w\" sizes=\"(max-width: 700px) 100vw, 700px\" \/><\/p>\n<p><img decoding=\"async\" loading=\"lazy\" class=\"alignnone size-large wp-image-663551\" src=\"https:\/\/www.diario5.com.ar\/wp-content\/uploads\/2023\/01\/ar_eldia20230104-688x1024.jpg\" width=\"688\" height=\"1024\" alt=\"4 de enero de 2023\" title=\"4 de enero de 2023\" srcset=\"https:\/\/www.diario5.com.ar\/wp-content\/uploads\/2023\/01\/ar_eldia20230104-688x1024.jpg 688w, https:\/\/www.diario5.com.ar\/wp-content\/uploads\/2023\/01\/ar_eldia20230104-202x300.jpg 202w, https:\/\/www.diario5.com.ar\/wp-content\/uploads\/2023\/01\/ar_eldia20230104.jpg 700w\" sizes=\"(max-width: 688px) 100vw, 688px\" \/><\/p>\n<p><img decoding=\"async\" loading=\"lazy\" class=\"alignnone size-full wp-image-663552\" src=\"https:\/\/www.diario5.com.ar\/wp-content\/uploads\/2023\/01\/ar_hoy20230104.jpg\" width=\"700\" height=\"914\" alt=\"4 de enero de 2023\" title=\"4 de enero de 2023\" srcset=\"https:\/\/www.diario5.com.ar\/wp-content\/uploads\/2023\/01\/ar_hoy20230104.jpg 700w, https:\/\/www.diario5.com.ar\/wp-content\/uploads\/2023\/01\/ar_hoy20230104-230x300.jpg 230w\" sizes=\"(max-width: 700px) 100vw, 700px\" \/><\/p>\n<p><img decoding=\"async\" loading=\"lazy\" class=\"alignnone size-full wp-image-663553\" src=\"https:\/\/www.diario5.com.ar\/wp-content\/uploads\/2023\/01\/ar_chubut20230104.jpg\" width=\"700\" height=\"902\" alt=\"4 de enero de 2023\" title=\"4 de enero de 2023\" srcset=\"https:\/\/www.diario5.com.ar\/wp-content\/uploads\/2023\/01\/ar_chubut20230104.jpg 700w, https:\/\/www.diario5.com.ar\/wp-content\/uploads\/2023\/01\/ar_chubut20230104-233x300.jpg 233w\" sizes=\"(max-width: 700px) 100vw, 700px\" \/><\/p>\n<p><img decoding=\"async\" loading=\"lazy\" class=\"alignnone size-full wp-image-663554\" src=\"https:\/\/www.diario5.com.ar\/wp-content\/uploads\/2023\/01\/ar_epoca20230104.jpg\" width=\"700\" height=\"909\" alt=\"4 de enero de 2023\" title=\"4 de enero de 2023\" srcset=\"https:\/\/www.diario5.com.ar\/wp-content\/uploads\/2023\/01\/ar_epoca20230104.jpg 700w, https:\/\/www.diario5.com.ar\/wp-content\/uploads\/2023\/01\/ar_epoca20230104-231x300.jpg 231w\" sizes=\"(max-width: 700px) 100vw, 700px\" \/><\/p>\n<p><img decoding=\"async\" loading=\"lazy\" class=\"alignnone size-full wp-image-663555\" src=\"https:\/\/www.diario5.com.ar\/wp-content\/uploads\/2023\/01\/ar_litoral20230104.jpg\" width=\"700\" height=\"913\" alt=\"4 de enero de 2023\" title=\"4 de enero de 2023\" srcset=\"https:\/\/www.diario5.com.ar\/wp-content\/uploads\/2023\/01\/ar_litoral20230104.jpg 700w, https:\/\/www.diario5.com.ar\/wp-content\/uploads\/2023\/01\/ar_litoral20230104-230x300.jpg 230w\" sizes=\"(max-width: 700px) 100vw, 700px\" \/><\/p>\n<p><img decoding=\"async\" loading=\"lazy\" class=\"alignnone size-full wp-image-663556\" src=\"https:\/\/www.diario5.com.ar\/wp-content\/uploads\/2023\/01\/ar_losandes20230104.jpg\" width=\"700\" height=\"964\" alt=\"4 de enero de 2023\" title=\"4 de enero de 2023\" srcset=\"https:\/\/www.diario5.com.ar\/wp-content\/uploads\/2023\/01\/ar_losandes20230104.jpg 700w, https:\/\/www.diario5.com.ar\/wp-content\/uploads\/2023\/01\/ar_losandes20230104-218x300.jpg 218w\" sizes=\"(max-width: 700px) 100vw, 700px\" \/><\/p>\n<p><img decoding=\"async\" loading=\"lazy\" class=\"alignnone size-full wp-image-663557\" src=\"https:\/\/www.diario5.com.ar\/wp-content\/uploads\/2023\/01\/ar_tribuno20230104.jpg\" width=\"700\" height=\"916\" alt=\"4 de enero de 2023\" title=\"4 de enero de 2023\" srcset=\"https:\/\/www.diario5.com.ar\/wp-content\/uploads\/2023\/01\/ar_tribuno20230104.jpg 700w, https:\/\/www.diario5.com.ar\/wp-content\/uploads\/2023\/01\/ar_tribuno20230104-229x300.jpg 229w\" sizes=\"(max-width: 700px) 100vw, 700px\" \/><\/p>\n<p><img decoding=\"async\" loading=\"lazy\" class=\"alignnone size-large wp-image-663558\" src=\"https:\/\/www.diario5.com.ar\/wp-content\/uploads\/2023\/01\/ar_rio_negro20230104-695x1024.jpg\" width=\"695\" height=\"1024\" alt=\"4 de enero de 2023\" title=\"4 de enero de 2023\" srcset=\"https:\/\/www.diario5.com.ar\/wp-content\/uploads\/2023\/01\/ar_rio_negro20230104-695x1024.jpg 695w, https:\/\/www.diario5.com.ar\/wp-content\/uploads\/2023\/01\/ar_rio_negro20230104-203x300.jpg 203w, https:\/\/www.diario5.com.ar\/wp-content\/uploads\/2023\/01\/ar_rio_negro20230104.jpg 700w\" sizes=\"(max-width: 695px) 100vw, 695px\" \/><\/p>\n<p><img decoding=\"async\" loading=\"lazy\" class=\"alignnone size-full wp-image-663559\" src=\"https:\/\/www.diario5.com.ar\/wp-content\/uploads\/2023\/01\/ciudadano20230104.jpg\" width=\"700\" height=\"942\" alt=\"4 de enero de 2023\" title=\"4 de enero de 2023\" srcset=\"https:\/\/www.diario5.com.ar\/wp-content\/uploads\/2023\/01\/ciudadano20230104.jpg 700w, https:\/\/www.diario5.com.ar\/wp-content\/uploads\/2023\/01\/ciudadano20230104-223x300.jpg 223w\" sizes=\"(max-width: 700px) 100vw, 700px\" \/><\/p>\n<p><img decoding=\"async\" loading=\"lazy\" class=\"alignnone size-large wp-image-663560\" src=\"https:\/\/www.diario5.com.ar\/wp-content\/uploads\/2023\/01\/ar_gaceta20230104-625x1024.jpg\" width=\"625\" height=\"1024\" alt=\"4 de enero de 2023\" title=\"4 de enero de 2023\" srcset=\"https:\/\/www.diario5.com.ar\/wp-content\/uploads\/2023\/01\/ar_gaceta20230104-625x1024.jpg 625w, https:\/\/www.diario5.com.ar\/wp-content\/uploads\/2023\/01\/ar_gaceta20230104-183x300.jpg 183w, https:\/\/www.diario5.com.ar\/wp-content\/uploads\/2023\/01\/ar_gaceta20230104.jpg 700w\" sizes=\"(max-width: 625px) 100vw, 625px\" \/><\/p>\n<p><img decoding=\"async\" loading=\"lazy\" class=\"alignnone size-large wp-image-663561\" src=\"https:\/\/www.diario5.com.ar\/wp-content\/uploads\/2023\/01\/nacion20230104-681x1024.jpg\" width=\"681\" height=\"1024\" alt=\"4 de enero de 2023\" title=\"4 de enero de 2023\" srcset=\"https:\/\/www.diario5.com.ar\/wp-content\/uploads\/2023\/01\/nacion20230104-681x1024.jpg 681w, https:\/\/www.diario5.com.ar\/wp-content\/uploads\/2023\/01\/nacion20230104-200x300.jpg 200w, https:\/\/www.diario5.com.ar\/wp-content\/uploads\/2023\/01\/nacion20230104.jpg 700w\" sizes=\"(max-width: 681px) 100vw, 681px\" \/><\/p>\n<p><img decoding=\"async\" loading=\"lazy\" class=\"alignnone size-full wp-image-663562\" src=\"https:\/\/www.diario5.com.ar\/wp-content\/uploads\/2023\/01\/nuevo_diario20230104.jpg\" width=\"700\" height=\"928\" alt=\"4 de enero de 2023\" title=\"4 de enero de 2023\" srcset=\"https:\/\/www.diario5.com.ar\/wp-content\/uploads\/2023\/01\/nuevo_diario20230104.jpg 700w, https:\/\/www.diario5.com.ar\/wp-content\/uploads\/2023\/01\/nuevo_diario20230104-226x300.jpg 226w\" sizes=\"(max-width: 700px) 100vw, 700px\" \/><\/p>\n<p><img decoding=\"async\" loading=\"lazy\" class=\"alignnone size-full wp-image-663563\" src=\"https:\/\/www.diario5.com.ar\/wp-content\/uploads\/2023\/01\/120230104.jpg\" width=\"500\" height=\"652\" alt=\"4 de enero de 2023\" title=\"4 de enero de 2023\" srcset=\"https:\/\/www.diario5.com.ar\/wp-content\/uploads\/2023\/01\/120230104.jpg 500w, https:\/\/www.diario5.com.ar\/wp-content\/uploads\/2023\/01\/120230104-230x300.jpg 230w\" sizes=\"(max-width: 500px) 100vw, 500px\" \/><\/p>","protected":false},"excerpt":{"rendered":"<p>\u00bfQu\u00e9 habr\u00eda sucedido si estos inservibles hubieran sido menores de edad? La respuesta es tenebrosa y por eso la evitamos. \u00bfAcaso este octeto de putos*, de 20 a\u00f1os de edad, aprendi\u00f3 a patotear cobardemente en apenas los \u00faltimos dos a\u00f1os? \u00bfestamos seguros de que cuando ten\u00edan 17 a\u00f1os eran nenes buenitos, hasta el d\u00eda en [&hellip;]<\/p>","protected":false},"author":4,"featured_media":663524,"comment_status":"open","ping_status":"open","sticky":false,"template":"","format":"standard","meta":[],"categories":[75,28,56],"tags":[],"series":[],"_links":{"self":[{"href":"https:\/\/www.diario5.com.ar\/es\/wp-json\/wp\/v2\/posts\/636479"}],"collection":[{"href":"https:\/\/www.diario5.com.ar\/es\/wp-json\/wp\/v2\/posts"}],"about":[{"href":"https:\/\/www.diario5.com.ar\/es\/wp-json\/wp\/v2\/types\/post"}],"author":[{"embeddable":true,"href":"https:\/\/www.diario5.com.ar\/es\/wp-json\/wp\/v2\/users\/4"}],"replies":[{"embeddable":true,"href":"https:\/\/www.diario5.com.ar\/es\/wp-json\/wp\/v2\/comments?post=636479"}],"version-history":[{"count":5,"href":"https:\/\/www.diario5.com.ar\/es\/wp-json\/wp\/v2\/posts\/636479\/revisions"}],"predecessor-version":[{"id":663623,"href":"https:\/\/www.diario5.com.ar\/es\/wp-json\/wp\/v2\/posts\/636479\/revisions\/663623"}],"wp:featuredmedia":[{"embeddable":true,"href":"https:\/\/www.diario5.com.ar\/es\/wp-json\/wp\/v2\/media\/663524"}],"wp:attachment":[{"href":"https:\/\/www.diario5.com.ar\/es\/wp-json\/wp\/v2\/media?parent=636479"}],"wp:term":[{"taxonomy":"category","embeddable":true,"href":"https:\/\/www.diario5.com.ar\/es\/wp-json\/wp\/v2\/categories?post=636479"},{"taxonomy":"post_tag","embeddable":true,"href":"https:\/\/www.diario5.com.ar\/es\/wp-json\/wp\/v2\/tags?post=636479"},{"taxonomy":"series","embeddable":true,"href":"https:\/\/www.diario5.com.ar\/es\/wp-json\/wp\/v2\/series?post=636479"}],"curies":[{"name":"wp","href":"https:\/\/api.w.org\/{rel}","templated":true}]}}