{"id":636452,"date":"2022-12-08T06:50:00","date_gmt":"2022-12-08T09:50:00","guid":{"rendered":"http:\/\/diario5.com.ar\/?p=636452"},"modified":"2023-07-05T23:30:21","modified_gmt":"2023-07-06T02:30:21","slug":"636452","status":"publish","type":"post","link":"https:\/\/www.diario5.com.ar\/es\/636452\/","title":{"rendered":"Homenaje a a Batato Barea"},"content":{"rendered":"<h2 class=\"sub-title-primary\"><\/h2> <div>\n<p><img decoding=\"async\" loading=\"lazy\" src=\"https:\/\/www.diario5.com.ar\/wp-content\/uploads\/2022\/12\/batato_barea._credito__gianni_mestichelli.png\" alt=\"\" width=\"1498\" height=\"1500\" \/><\/p>\n<p>Como corolario de Abasto In situ, el ciclo de obras Site Specific especialmente creadas para ser presentadas en el barrio del Abasto, el Ministerio de Cultura de la Ciudad realizar\u00e1 un homenaje a Salvador Walter Barea, m\u00e1s conocido como Batato Barea, un artista que condens\u00f3 en su obra y en su vida las expresiones m\u00e1s radicales de libertad del teatro under porte\u00f1o de los a\u00f1os 80 -a\u00f1os cruciales de la vuelta de la democracia-.<\/p>\n<p>A 31 a\u00f1os de su fallecimiento y a 40 del retorno de la democracia, la Ciudad prepara una programaci\u00f3n especial para homenajearlo en las calles del Abasto, de la que participar\u00e1n figuras como Fernando Noy, Alejandro Ros, Mar\u00eda Gra\u00f1a, Esteban Morgado, Peter Pank, Mar\u00eda Jos\u00e9 Gabin y Dami\u00e1n Dreizik, artistas que compartieron con \u00e9l su recorrido.<\/p>\n<p>La Ciudad homenajea a Batato Barea, un \u00edcono del under porte\u00f1o de los 80<\/p>\n<p>Las calles del Abasto se convertir\u00e1n una vez m\u00e1s en escenario de performances, lecturas y m\u00e1s propuestas entre las 18 y las 22:30 horas. Asimismo, espacios culturales del Abasto presentar\u00e1n programaci\u00f3n in situ, dando vida a cada rinc\u00f3n de esta zona que fue enclave art\u00edstico por aquellos tiempos de vuelta de la democracia: El Tano Cabr\u00f3n presentar\u00e1 a las 18 Bateta Marea, mientras que el Espacio Cultural SOMA presentar\u00e1 a las 18:40 A-Batat\u00e1ndonos.<\/p>\n<p>Batato Barea fue un performer, actor y clown. Muri\u00f3 muy j\u00f3ven, sin embargo, la contundencia de su vida y su obra, indivisibles entre s\u00ed, fueron el vivo testimonio de los a\u00f1os 80, marcando un camino para las generaciones venideras que representan la est\u00e9tica queer en la cultura de la Ciudad de Buenos Aires.<\/p>\n<p>Las calles del Abasto se convertir\u00e1n una vez m\u00e1s en escenario de performances, lecturas y m\u00e1s propuestas entre las 18 y las 22:30 horas<\/p>\n<p>El trabajo de Barea atraves\u00f3 continuamente las barreras de todos los \u00e1mbitos y abarc\u00f3 una amplia gama de espect\u00e1culos: unipersonales, grupales, trabajos como director o en d\u00fao\/tr\u00edo\/equipo. Particip\u00f3 en diversos grupos como Peinados Joly o el El Cl\u00fa del Claun. Desarroll\u00f3 adem\u00e1s happenings o actuaciones espont\u00e1neas, bas\u00e1ndose en textos de N\u00e9stor Perlongher, Fernando Noy, Alejandra Pizarnik y Alfonsina Storni.<\/p>\n<p>No te pod\u00e9s perder el cierre de #AbastoInSitu con El Abasto se Barea: Homenaje a Batato<br \/>\nArtistas amigos y compa\u00f1eros de Batato crear\u00e1n una instalaci\u00f3n perform\u00e1tica que celebre su vida y su po\u00e9tica, a 31 a\u00f1os de su fallecimiento<\/p>\n<p>8.12 de 18h a 23h en Zelaya y Jean Jaures. pic.twitter.com\/6gveI8ozwo<\/p>\n<p>@ BA Cultura (@datacultura) December 2, 2022<\/p>\n<p>Los espacios culturales del Abasto que fueron convocados son:<\/p>\n<p>El Zorzal (Zelaya 3006).<br \/>\nEspacio Cultural Soma (Zelaya 3122).<br \/>\nEl Tano Cabr\u00f3n (Jean Jaures 715).<\/p>\n<p>Actividades:<\/p>\n<p>Bateta Marea: 18 horas. Lectura perform\u00e1tica de poes\u00edas inspiradas en la po\u00e9tica de Batato. Lugar: El Tano Cabr\u00f3n (Jean Jaures 715).<br \/>\nA-Batat\u00e1ndonos: 18:40 horas. Poes\u00eda y m\u00fasica desde el balc\u00f3n en el Zorzal. Lugar: Espacio Cultura Soma (Anchorena y Zelaya).<br \/>\nInvocaciones, poes\u00eda y m\u00fasica: 19 horas. Fernando Noy, acompa\u00f1ado por Juan Cavalli, Maria Jos\u00e9 Gabin, Dami\u00e1n Dreizik y Peter Pank, invita a rememorar qui\u00e9n fue Batato Barea. Un relato intervenido con lecturas perform\u00e1ticas desde el balc\u00f3n de El Zorzal. Se leer\u00e1n obras de Noy, Alejandra Pizarnik, Alejandro Urdapilleta, Damian Dreizik y fragmentos de las obras de las Gambas al Ajillo, agrupaci\u00f3n de culto surgida en el Parakultural de los a\u00f1os 80. En esta invocaci\u00f3n a aquellos a\u00f1os en los que la democracia nac\u00eda, se har\u00e1 presente la inconfundible voz de Mar\u00eda Gra\u00f1a, acompa\u00f1ada por Esteban Morgado. Lugar: El Zorzal (Zelaya 3006).<br \/>\nFiesta batatesca: 20 horas. Una fiesta con DJ Ich, luces, set de maquillaje para todo el p\u00fablico, narices de payasos y una instalaci\u00f3n de globos creada especialmente por Mia Miguita Superstar. Habr\u00e1 performances y bailes de voguing creados por el Espacio Cultural Soma y la participaci\u00f3n especial de Mother Laurent Tropik\u00e1lia. Organizador: Alejandro Ros.<\/p>\n<p><a class=\"btn btn-small btn-primary\" href=\"http:\/\/www.buenosaires.gob.ar\/cultura\/homenajeinsitu\"><strong>M\u00e1s informaci\u00f3n<\/strong><\/a><\/p>\n<\/div>\n<p><!--googleon: index--><br \/>\n<img decoding=\"async\" loading=\"lazy\" class=\"alignnone size-full wp-image-662323\" title=\"Homenaje a a Batato Barea\" src=\"https:\/\/www.diario5.com.ar\/wp-content\/uploads\/2022\/12\/la_capital20221208.jpg\" alt=\"Homenaje a a Batato Barea\" width=\"700\" height=\"941\" srcset=\"https:\/\/www.diario5.com.ar\/wp-content\/uploads\/2022\/12\/la_capital20221208.jpg 700w, https:\/\/www.diario5.com.ar\/wp-content\/uploads\/2022\/12\/la_capital20221208-223x300.jpg 223w\" sizes=\"(max-width: 700px) 100vw, 700px\" \/><\/p>\n<p><img decoding=\"async\" loading=\"lazy\" class=\"alignnone size-full wp-image-662292\" title=\"Homenaje a a Batato Barea\" src=\"https:\/\/www.diario5.com.ar\/wp-content\/uploads\/2022\/12\/ar_ambito20221208.jpg\" alt=\"Homenaje a a Batato Barea\" width=\"700\" height=\"960\" srcset=\"https:\/\/www.diario5.com.ar\/wp-content\/uploads\/2022\/12\/ar_ambito20221208.jpg 700w, https:\/\/www.diario5.com.ar\/wp-content\/uploads\/2022\/12\/ar_ambito20221208-219x300.jpg 219w\" sizes=\"(max-width: 700px) 100vw, 700px\" \/><\/p>\n<p><img decoding=\"async\" loading=\"lazy\" class=\"alignnone size-full wp-image-662293\" title=\"Homenaje a a Batato Barea\" src=\"https:\/\/www.diario5.com.ar\/wp-content\/uploads\/2022\/12\/esquiu20221208.jpg\" alt=\"Homenaje a a Batato Barea\" width=\"700\" height=\"920\" srcset=\"https:\/\/www.diario5.com.ar\/wp-content\/uploads\/2022\/12\/esquiu20221208.jpg 700w, https:\/\/www.diario5.com.ar\/wp-content\/uploads\/2022\/12\/esquiu20221208-228x300.jpg 228w\" sizes=\"(max-width: 700px) 100vw, 700px\" \/><\/p>\n<p><img decoding=\"async\" loading=\"lazy\" class=\"alignnone size-full wp-image-662294\" title=\"Homenaje a a Batato Barea\" src=\"https:\/\/www.diario5.com.ar\/wp-content\/uploads\/2022\/12\/buenosaires_economico20221208.jpg\" alt=\"Homenaje a a Batato Barea\" width=\"700\" height=\"827\" srcset=\"https:\/\/www.diario5.com.ar\/wp-content\/uploads\/2022\/12\/buenosaires_economico20221208.jpg 700w, https:\/\/www.diario5.com.ar\/wp-content\/uploads\/2022\/12\/buenosaires_economico20221208-254x300.jpg 254w\" sizes=\"(max-width: 700px) 100vw, 700px\" \/><\/p>\n<p><img decoding=\"async\" loading=\"lazy\" class=\"alignnone size-full wp-image-662324\" title=\"Homenaje a a Batato Barea\" src=\"https:\/\/www.diario5.com.ar\/wp-content\/uploads\/2022\/12\/ar_eldia20221208.jpg\" alt=\"Homenaje a a Batato Barea\" width=\"699\" height=\"1024\" srcset=\"https:\/\/www.diario5.com.ar\/wp-content\/uploads\/2022\/12\/ar_eldia20221208.jpg 699w, https:\/\/www.diario5.com.ar\/wp-content\/uploads\/2022\/12\/ar_eldia20221208-205x300.jpg 205w\" sizes=\"(max-width: 699px) 100vw, 699px\" \/><\/p>\n<p><img decoding=\"async\" loading=\"lazy\" class=\"alignnone size-full wp-image-662295\" title=\"Homenaje a a Batato Barea\" src=\"https:\/\/www.diario5.com.ar\/wp-content\/uploads\/2022\/12\/ar_hoy20221208.jpg\" alt=\"Homenaje a a Batato Barea\" width=\"700\" height=\"923\" srcset=\"https:\/\/www.diario5.com.ar\/wp-content\/uploads\/2022\/12\/ar_hoy20221208.jpg 700w, https:\/\/www.diario5.com.ar\/wp-content\/uploads\/2022\/12\/ar_hoy20221208-228x300.jpg 228w\" sizes=\"(max-width: 700px) 100vw, 700px\" \/><\/p>\n<p><img decoding=\"async\" loading=\"lazy\" class=\"alignnone size-full wp-image-662296\" title=\"Homenaje a a Batato Barea\" src=\"https:\/\/www.diario5.com.ar\/wp-content\/uploads\/2022\/12\/ar_litoral20221208.jpg\" alt=\"Homenaje a a Batato Barea\" width=\"700\" height=\"917\" srcset=\"https:\/\/www.diario5.com.ar\/wp-content\/uploads\/2022\/12\/ar_litoral20221208.jpg 700w, https:\/\/www.diario5.com.ar\/wp-content\/uploads\/2022\/12\/ar_litoral20221208-229x300.jpg 229w\" sizes=\"(max-width: 700px) 100vw, 700px\" \/><\/p>\n<p><img decoding=\"async\" loading=\"lazy\" class=\"alignnone size-large wp-image-662325\" title=\"Homenaje a a Batato Barea\" src=\"https:\/\/www.diario5.com.ar\/wp-content\/uploads\/2022\/12\/ar_heraldo20221208-611x1024.jpg\" alt=\"Homenaje a a Batato Barea\" width=\"611\" height=\"1024\" srcset=\"https:\/\/www.diario5.com.ar\/wp-content\/uploads\/2022\/12\/ar_heraldo20221208-611x1024.jpg 611w, https:\/\/www.diario5.com.ar\/wp-content\/uploads\/2022\/12\/ar_heraldo20221208-179x300.jpg 179w, https:\/\/www.diario5.com.ar\/wp-content\/uploads\/2022\/12\/ar_heraldo20221208.jpg 700w\" sizes=\"(max-width: 611px) 100vw, 611px\" \/><\/p>\n<p><img decoding=\"async\" loading=\"lazy\" class=\"alignnone size-full wp-image-662297\" title=\"Homenaje a a Batato Barea\" src=\"https:\/\/www.diario5.com.ar\/wp-content\/uploads\/2022\/12\/ar_pagina1220221208.jpg\" alt=\"Homenaje a a Batato Barea\" width=\"700\" height=\"872\" srcset=\"https:\/\/www.diario5.com.ar\/wp-content\/uploads\/2022\/12\/ar_pagina1220221208.jpg 700w, https:\/\/www.diario5.com.ar\/wp-content\/uploads\/2022\/12\/ar_pagina1220221208-241x300.jpg 241w\" sizes=\"(max-width: 700px) 100vw, 700px\" \/><\/p>\n<p><img decoding=\"async\" loading=\"lazy\" class=\"alignnone size-full wp-image-662326\" title=\"Homenaje a a Batato Barea\" src=\"https:\/\/www.diario5.com.ar\/wp-content\/uploads\/2022\/12\/independiente20221208.jpg\" alt=\"Homenaje a a Batato Barea\" width=\"700\" height=\"963\" srcset=\"https:\/\/www.diario5.com.ar\/wp-content\/uploads\/2022\/12\/independiente20221208.jpg 700w, https:\/\/www.diario5.com.ar\/wp-content\/uploads\/2022\/12\/independiente20221208-218x300.jpg 218w\" sizes=\"(max-width: 700px) 100vw, 700px\" \/><\/p>\n<p><img decoding=\"async\" loading=\"lazy\" class=\"alignnone size-full wp-image-662298\" title=\"Homenaje a a Batato Barea\" src=\"https:\/\/www.diario5.com.ar\/wp-content\/uploads\/2022\/12\/ar_tribuno20221208.jpg\" alt=\"Homenaje a a Batato Barea\" width=\"700\" height=\"947\" srcset=\"https:\/\/www.diario5.com.ar\/wp-content\/uploads\/2022\/12\/ar_tribuno20221208.jpg 700w, https:\/\/www.diario5.com.ar\/wp-content\/uploads\/2022\/12\/ar_tribuno20221208-222x300.jpg 222w\" sizes=\"(max-width: 700px) 100vw, 700px\" \/><\/p>\n<p><img decoding=\"async\" loading=\"lazy\" class=\"alignnone size-full wp-image-662327\" title=\"Homenaje a a Batato Barea\" src=\"https:\/\/www.diario5.com.ar\/wp-content\/uploads\/2022\/12\/lea20221208.jpg\" alt=\"Homenaje a a Batato Barea\" width=\"700\" height=\"897\" srcset=\"https:\/\/www.diario5.com.ar\/wp-content\/uploads\/2022\/12\/lea20221208.jpg 700w, https:\/\/www.diario5.com.ar\/wp-content\/uploads\/2022\/12\/lea20221208-234x300.jpg 234w\" sizes=\"(max-width: 700px) 100vw, 700px\" \/><\/p>\n<p><img decoding=\"async\" loading=\"lazy\" class=\"alignnone size-large wp-image-662299\" title=\"Homenaje a a Batato Barea\" src=\"https:\/\/www.diario5.com.ar\/wp-content\/uploads\/2022\/12\/ar_rio_negro20221208-680x1024.jpg\" alt=\"Homenaje a a Batato Barea\" width=\"680\" height=\"1024\" srcset=\"https:\/\/www.diario5.com.ar\/wp-content\/uploads\/2022\/12\/ar_rio_negro20221208-680x1024.jpg 680w, https:\/\/www.diario5.com.ar\/wp-content\/uploads\/2022\/12\/ar_rio_negro20221208-199x300.jpg 199w, https:\/\/www.diario5.com.ar\/wp-content\/uploads\/2022\/12\/ar_rio_negro20221208.jpg 700w\" sizes=\"(max-width: 680px) 100vw, 680px\" \/><\/p>\n<p><img decoding=\"async\" loading=\"lazy\" class=\"alignnone size-large wp-image-662300\" title=\"Homenaje a a Batato Barea\" src=\"https:\/\/www.diario5.com.ar\/wp-content\/uploads\/2022\/12\/ar_diario_cuyo20221208-682x1024.jpg\" alt=\"Homenaje a a Batato Barea\" width=\"682\" height=\"1024\" srcset=\"https:\/\/www.diario5.com.ar\/wp-content\/uploads\/2022\/12\/ar_diario_cuyo20221208-682x1024.jpg 682w, https:\/\/www.diario5.com.ar\/wp-content\/uploads\/2022\/12\/ar_diario_cuyo20221208-200x300.jpg 200w, https:\/\/www.diario5.com.ar\/wp-content\/uploads\/2022\/12\/ar_diario_cuyo20221208.jpg 700w\" sizes=\"(max-width: 682px) 100vw, 682px\" \/><\/p>\n<p><img decoding=\"async\" loading=\"lazy\" class=\"alignnone size-full wp-image-662301\" title=\"Homenaje a a Batato Barea\" src=\"https:\/\/www.diario5.com.ar\/wp-content\/uploads\/2022\/12\/ar_diario_republica20221208.jpg\" alt=\"Homenaje a a Batato Barea\" width=\"700\" height=\"989\" srcset=\"https:\/\/www.diario5.com.ar\/wp-content\/uploads\/2022\/12\/ar_diario_republica20221208.jpg 700w, https:\/\/www.diario5.com.ar\/wp-content\/uploads\/2022\/12\/ar_diario_republica20221208-212x300.jpg 212w\" sizes=\"(max-width: 700px) 100vw, 700px\" \/><\/p>\n<p><img decoding=\"async\" loading=\"lazy\" class=\"alignnone size-full wp-image-662302\" title=\"Homenaje a a Batato Barea\" src=\"https:\/\/www.diario5.com.ar\/wp-content\/uploads\/2022\/12\/ciudadano20221208.jpg\" alt=\"Homenaje a a Batato Barea\" width=\"700\" height=\"942\" srcset=\"https:\/\/www.diario5.com.ar\/wp-content\/uploads\/2022\/12\/ciudadano20221208.jpg 700w, https:\/\/www.diario5.com.ar\/wp-content\/uploads\/2022\/12\/ciudadano20221208-223x300.jpg 223w\" sizes=\"(max-width: 700px) 100vw, 700px\" \/><\/p>\n<p><img decoding=\"async\" loading=\"lazy\" class=\"alignnone size-full wp-image-662328\" title=\"Homenaje a a Batato Barea\" src=\"https:\/\/www.diario5.com.ar\/wp-content\/uploads\/2022\/12\/ar_mirador_provincial20221208.jpg\" alt=\"Homenaje a a Batato Barea\" width=\"700\" height=\"929\" srcset=\"https:\/\/www.diario5.com.ar\/wp-content\/uploads\/2022\/12\/ar_mirador_provincial20221208.jpg 700w, https:\/\/www.diario5.com.ar\/wp-content\/uploads\/2022\/12\/ar_mirador_provincial20221208-226x300.jpg 226w\" sizes=\"(max-width: 700px) 100vw, 700px\" \/><\/p>\n<p><img decoding=\"async\" loading=\"lazy\" class=\"alignnone size-large wp-image-662303\" title=\"Homenaje a a Batato Barea\" src=\"https:\/\/www.diario5.com.ar\/wp-content\/uploads\/2022\/12\/ar_gaceta20221208-618x1024.jpg\" alt=\"Homenaje a a Batato Barea\" width=\"618\" height=\"1024\" srcset=\"https:\/\/www.diario5.com.ar\/wp-content\/uploads\/2022\/12\/ar_gaceta20221208-618x1024.jpg 618w, https:\/\/www.diario5.com.ar\/wp-content\/uploads\/2022\/12\/ar_gaceta20221208-181x300.jpg 181w, https:\/\/www.diario5.com.ar\/wp-content\/uploads\/2022\/12\/ar_gaceta20221208.jpg 700w\" sizes=\"(max-width: 618px) 100vw, 618px\" \/><\/p>\n<p><img decoding=\"async\" loading=\"lazy\" class=\"alignnone size-full wp-image-662304\" title=\"Homenaje a a Batato Barea\" src=\"https:\/\/www.diario5.com.ar\/wp-content\/uploads\/2022\/12\/ar_cronica20221208.jpg\" alt=\"Homenaje a a Batato Barea\" width=\"700\" height=\"826\" srcset=\"https:\/\/www.diario5.com.ar\/wp-content\/uploads\/2022\/12\/ar_cronica20221208.jpg 700w, https:\/\/www.diario5.com.ar\/wp-content\/uploads\/2022\/12\/ar_cronica20221208-254x300.jpg 254w\" sizes=\"(max-width: 700px) 100vw, 700px\" \/><\/p>\n<p><img decoding=\"async\" loading=\"lazy\" class=\"alignnone size-full wp-image-662305\" title=\"Homenaje a a Batato Barea\" src=\"https:\/\/www.diario5.com.ar\/wp-content\/uploads\/2022\/12\/ar_clarin20221208.jpg\" alt=\"Homenaje a a Batato Barea\" width=\"700\" height=\"966\" srcset=\"https:\/\/www.diario5.com.ar\/wp-content\/uploads\/2022\/12\/ar_clarin20221208.jpg 700w, https:\/\/www.diario5.com.ar\/wp-content\/uploads\/2022\/12\/ar_clarin20221208-217x300.jpg 217w\" sizes=\"(max-width: 700px) 100vw, 700px\" \/><\/p>\n<p><img decoding=\"async\" loading=\"lazy\" class=\"alignnone size-full wp-image-662306\" title=\"Homenaje a a Batato Barea\" src=\"https:\/\/www.diario5.com.ar\/wp-content\/uploads\/2022\/12\/nuevo_diario20221208.jpg\" alt=\"Homenaje a a Batato Barea\" width=\"700\" height=\"928\" srcset=\"https:\/\/www.diario5.com.ar\/wp-content\/uploads\/2022\/12\/nuevo_diario20221208.jpg 700w, https:\/\/www.diario5.com.ar\/wp-content\/uploads\/2022\/12\/nuevo_diario20221208-226x300.jpg 226w\" sizes=\"(max-width: 700px) 100vw, 700px\" \/><\/p>\n<p><img decoding=\"async\" loading=\"lazy\" class=\"alignnone size-full wp-image-662307\" title=\"Homenaje a a Batato Barea\" src=\"https:\/\/www.diario5.com.ar\/wp-content\/uploads\/2022\/12\/ar_sureno20221208.jpg\" alt=\"Homenaje a a Batato Barea\" width=\"700\" height=\"921\" srcset=\"https:\/\/www.diario5.com.ar\/wp-content\/uploads\/2022\/12\/ar_sureno20221208.jpg 700w, https:\/\/www.diario5.com.ar\/wp-content\/uploads\/2022\/12\/ar_sureno20221208-228x300.jpg 228w\" sizes=\"(max-width: 700px) 100vw, 700px\" \/><\/p>\n<p><img decoding=\"async\" loading=\"lazy\" class=\"alignnone size-full wp-image-662308\" title=\"Homenaje a a Batato Barea\" src=\"https:\/\/www.diario5.com.ar\/wp-content\/uploads\/2022\/12\/120221208.jpg\" alt=\"Homenaje a a Batato Barea\" width=\"500\" height=\"652\" srcset=\"https:\/\/www.diario5.com.ar\/wp-content\/uploads\/2022\/12\/120221208.jpg 500w, https:\/\/www.diario5.com.ar\/wp-content\/uploads\/2022\/12\/120221208-230x300.jpg 230w\" sizes=\"(max-width: 500px) 100vw, 500px\" \/><\/p>\n<p>&nbsp;<\/p>","protected":false},"excerpt":{"rendered":"<p>Como corolario de Abasto In situ, el ciclo de obras Site Specific especialmente creadas para ser presentadas en el barrio del Abasto, el Ministerio de Cultura de la Ciudad realizar\u00e1 un homenaje a Salvador Walter Barea, m\u00e1s conocido como Batato Barea, un artista que condens\u00f3 en su obra y en su vida las expresiones m\u00e1s [&hellip;]<\/p>","protected":false},"author":12,"featured_media":662278,"comment_status":"open","ping_status":"open","sticky":false,"template":"","format":"standard","meta":[],"categories":[5,56,24],"tags":[474,630],"series":[],"_links":{"self":[{"href":"https:\/\/www.diario5.com.ar\/es\/wp-json\/wp\/v2\/posts\/636452"}],"collection":[{"href":"https:\/\/www.diario5.com.ar\/es\/wp-json\/wp\/v2\/posts"}],"about":[{"href":"https:\/\/www.diario5.com.ar\/es\/wp-json\/wp\/v2\/types\/post"}],"author":[{"embeddable":true,"href":"https:\/\/www.diario5.com.ar\/es\/wp-json\/wp\/v2\/users\/12"}],"replies":[{"embeddable":true,"href":"https:\/\/www.diario5.com.ar\/es\/wp-json\/wp\/v2\/comments?post=636452"}],"version-history":[{"count":5,"href":"https:\/\/www.diario5.com.ar\/es\/wp-json\/wp\/v2\/posts\/636452\/revisions"}],"predecessor-version":[{"id":678618,"href":"https:\/\/www.diario5.com.ar\/es\/wp-json\/wp\/v2\/posts\/636452\/revisions\/678618"}],"wp:featuredmedia":[{"embeddable":true,"href":"https:\/\/www.diario5.com.ar\/es\/wp-json\/wp\/v2\/media\/662278"}],"wp:attachment":[{"href":"https:\/\/www.diario5.com.ar\/es\/wp-json\/wp\/v2\/media?parent=636452"}],"wp:term":[{"taxonomy":"category","embeddable":true,"href":"https:\/\/www.diario5.com.ar\/es\/wp-json\/wp\/v2\/categories?post=636452"},{"taxonomy":"post_tag","embeddable":true,"href":"https:\/\/www.diario5.com.ar\/es\/wp-json\/wp\/v2\/tags?post=636452"},{"taxonomy":"series","embeddable":true,"href":"https:\/\/www.diario5.com.ar\/es\/wp-json\/wp\/v2\/series?post=636452"}],"curies":[{"name":"wp","href":"https:\/\/api.w.org\/{rel}","templated":true}]}}