{"id":636413,"date":"2022-10-30T06:50:00","date_gmt":"2022-10-30T09:50:00","guid":{"rendered":"http:\/\/diario5.com.ar\/?p=636413"},"modified":"2022-10-30T15:24:50","modified_gmt":"2022-10-30T18:24:50","slug":"636413","status":"publish","type":"post","link":"https:\/\/www.diario5.com.ar\/es\/636413\/","title":{"rendered":"Todo honor y toda gloria"},"content":{"rendered":"<h2 class=\"sub-title-primary\"><\/h2> <p><img decoding=\"async\" loading=\"lazy\" class=\"alignnone wp-image-660439 size-full\" src=\"https:\/\/www.diario5.com.ar\/wp-content\/uploads\/2022\/10\/boletas_1983.jpg\" alt=\"\" width=\"720\" height=\"432\" srcset=\"https:\/\/www.diario5.com.ar\/wp-content\/uploads\/2022\/10\/boletas_1983.jpg 720w, https:\/\/www.diario5.com.ar\/wp-content\/uploads\/2022\/10\/boletas_1983-300x180.jpg 300w\" sizes=\"(max-width: 720px) 100vw, 720px\" \/><\/p>\n<p>&nbsp;<\/p>\n<p>39 a\u00f1os. Cuando hab\u00edan pasado 10 de aquel inolvidable 30 de octubre de 1983, se dec\u00eda -con buen criterio- que la democracia era como un ser humano reci\u00e9n en desarrollo. Algo asi como un beb\u00e9. Pues bien, deber\u00edamos mirarnos las caras ahora para sincerarnos en cuanto a qu\u00e9 etapa de crecimiento de la vida vida democr\u00e1tica nos encontramos<\/p>\n<p>Muchos que\u00a0 hab\u00edamos superado los veinte a\u00f1os de edad e \u00edbamos a votar por primera vez. Incluso hay personas que en ese momento ten\u00edan 28 a\u00f1os y debutaban en las urnas: Tal el caso de los nacidos desde octubre de 1955.<\/p>\n<p>En cada defensa infantil que los grupos que hoy antagonizan la pol\u00edtica argentina hacen de s\u00ed mismos, se desdibuja el significado de la recuperaci\u00f3n de un sistema en el que participamos todos, frente a lo que hab\u00eda sido que nos digitaran todos los d\u00edas y a cada paso nuestra vida y contra nuestra voluntad.<\/p>\n<p>Es dif\u00edcil decir qui\u00e9n es qui\u00e9n en este juego pero no hay duda de que hay mucho argentino poco proclive a abrir la cabeza para entender al 100% qu\u00e9 significa la convivencia democr\u00e1tica. Tambi\u00e9n resulta molesto observar a quienes se preocupan por llenarse la boca con la palabra Democracia, dejando en un rinc\u00f3n bien oscuro a la Rep\u00fablica, es decir, el esfuerzo que debemos realizar para que los tres poderes de Estado mantengan su equilibrio\u00a0 natural y no el supuesto equilibrio que entienden las bander\u00edas pol\u00edticas, cuyo efecto buscado es -claramente- un desequilibrio que les convenga.<\/p>\n<p>La otra pata de la vida institucional de la Argentina es la condici\u00f3n federal del pa\u00eds. Aqu\u00ed hay una hipocres\u00eda monumenta que tambi\u00e9n empa\u00f1a a la propia Democracia: La Ciudad de Buenos Aires, la que alguna vez fue se\u00f1alada como el centro de i\u00a1una operaci\u00f3n unitaria para el ejercicio del Poder, no es m\u00e1s eso hace m\u00e1s de 100 a\u00f1os. Los poderosos hacendados de fines del Siglo XIX y principios del S XX, se encargaron de hacer que Buenos Aires fuera un puerto para ellos, que viv\u00edan como se\u00f1ores feudales en centenares de estancias bien alejadas de la capital argentina, una ciudad que les ofrec\u00eda un extarordinario puerto para que ellos hicieran sus negocios con el mundo.<\/p>\n<p>As\u00ed y todo, hoy, desde muchos sectores que pol\u00edticamente no se sabe bien qu\u00e9 son, se sigue mascullando que losporte\u00f1os se llevan la parte del le\u00f3n de la riqueza del pa\u00eds, cuando el problema no es de distribuci\u00f3n geogr\u00e1fica sino de hegemon\u00eda de sectores que acceden al poder, una y otra vez, sean populistas de derecha o populistas progresistas.<\/p>\n<p>30 de octubre de 1983. Inolvidable triunfo de todos. Incluso de los llorones que tras perder la elecci\u00f3n conspiraron como aut\u00e9nticos enemigos del pa\u00eds, durante cinco a\u00f1os y medio en el gobierno de Alfons\u00edn hasta hacerlo tambalear, ya que su modelo, de alta generaci\u00f3n cultura c\u00edvica en la gente, pod\u00eda haber dejado afuera del juego -y para siempre- a varios de los sectores autoritarios, mentirosos, violentos, c\u00ednicos y retr\u00f3grados que lograron acceder posteriormente. Y varias veces.<\/p>\n<p><img decoding=\"async\" src=\"https:\/\/upload.wikimedia.org\/wikipedia\/commons\/0\/0b\/Boleta_elecciones_argentinas_de_1983_-_BS_AS_-_UCR.jpg\" \/><\/p>\n<p>&nbsp;<\/p>\n<p><img decoding=\"async\" loading=\"lazy\" class=\"alignnone size-medium wp-image-660462\" src=\"https:\/\/www.diario5.com.ar\/wp-content\/uploads\/2022\/10\/la_capital20221030-223x300.jpg\" width=\"223\" height=\"300\" alt=\"30 de octubre de 2022\" title=\"30 de octubre de 2022\" srcset=\"https:\/\/www.diario5.com.ar\/wp-content\/uploads\/2022\/10\/la_capital20221030-223x300.jpg 223w, https:\/\/www.diario5.com.ar\/wp-content\/uploads\/2022\/10\/la_capital20221030.jpg 700w\" sizes=\"(max-width: 223px) 100vw, 223px\" \/><\/p>\n<p><img decoding=\"async\" loading=\"lazy\" class=\"alignnone size-medium wp-image-660463\" src=\"https:\/\/www.diario5.com.ar\/wp-content\/uploads\/2022\/10\/ar_nueva_provincia20221030-215x300.jpg\" width=\"215\" height=\"300\" alt=\"30 de octubre de 2022\" title=\"30 de octubre de 2022\" srcset=\"https:\/\/www.diario5.com.ar\/wp-content\/uploads\/2022\/10\/ar_nueva_provincia20221030-215x300.jpg 215w, https:\/\/www.diario5.com.ar\/wp-content\/uploads\/2022\/10\/ar_nueva_provincia20221030.jpg 700w\" sizes=\"(max-width: 215px) 100vw, 215px\" \/><\/p>\n<p><img decoding=\"async\" loading=\"lazy\" class=\"alignnone size-medium wp-image-660441\" title=\"30 de octubre de 2022\" src=\"https:\/\/www.diario5.com.ar\/wp-content\/uploads\/2022\/10\/esquiu20221030-228x300.jpg\" alt=\"30 de octubre de 2022\" width=\"228\" height=\"300\" srcset=\"https:\/\/www.diario5.com.ar\/wp-content\/uploads\/2022\/10\/esquiu20221030-228x300.jpg 228w, https:\/\/www.diario5.com.ar\/wp-content\/uploads\/2022\/10\/esquiu20221030.jpg 700w\" sizes=\"(max-width: 228px) 100vw, 228px\" \/><\/p>\n<p>&nbsp;<\/p>\n<p><img decoding=\"async\" loading=\"lazy\" class=\"alignnone size-medium wp-image-660464\" src=\"https:\/\/www.diario5.com.ar\/wp-content\/uploads\/2022\/10\/ar_eldia20221030-198x300.jpg\" width=\"198\" height=\"300\" alt=\"30 de octubre de 2022\" title=\"30 de octubre de 2022\" srcset=\"https:\/\/www.diario5.com.ar\/wp-content\/uploads\/2022\/10\/ar_eldia20221030-198x300.jpg 198w, https:\/\/www.diario5.com.ar\/wp-content\/uploads\/2022\/10\/ar_eldia20221030-678x1024.jpg 678w, https:\/\/www.diario5.com.ar\/wp-content\/uploads\/2022\/10\/ar_eldia20221030.jpg 700w\" sizes=\"(max-width: 198px) 100vw, 198px\" \/><\/p>\n<p><img decoding=\"async\" loading=\"lazy\" class=\"alignnone size-medium wp-image-660442\" title=\"30 de octubre de 2022\" src=\"https:\/\/www.diario5.com.ar\/wp-content\/uploads\/2022\/10\/ar_hoy20221030-227x300.jpg\" alt=\"30 de octubre de 2022\" width=\"227\" height=\"300\" srcset=\"https:\/\/www.diario5.com.ar\/wp-content\/uploads\/2022\/10\/ar_hoy20221030-227x300.jpg 227w, https:\/\/www.diario5.com.ar\/wp-content\/uploads\/2022\/10\/ar_hoy20221030.jpg 700w\" sizes=\"(max-width: 227px) 100vw, 227px\" \/><\/p>\n<p>&nbsp;<\/p>\n<p><img decoding=\"async\" loading=\"lazy\" class=\"alignnone size-medium wp-image-660443\" title=\"30 de octubre de 2022\" src=\"https:\/\/www.diario5.com.ar\/wp-content\/uploads\/2022\/10\/ar_litoral20221030-230x300.jpg\" alt=\"30 de octubre de 2022\" width=\"230\" height=\"300\" srcset=\"https:\/\/www.diario5.com.ar\/wp-content\/uploads\/2022\/10\/ar_litoral20221030-230x300.jpg 230w, https:\/\/www.diario5.com.ar\/wp-content\/uploads\/2022\/10\/ar_litoral20221030.jpg 700w\" sizes=\"(max-width: 230px) 100vw, 230px\" \/><\/p>\n<p><img decoding=\"async\" loading=\"lazy\" class=\"alignnone size-medium wp-image-660444\" title=\"30 de octubre de 2022\" src=\"https:\/\/www.diario5.com.ar\/wp-content\/uploads\/2022\/10\/ar_pagina1220221030-237x300.jpg\" alt=\"30 de octubre de 2022\" width=\"237\" height=\"300\" srcset=\"https:\/\/www.diario5.com.ar\/wp-content\/uploads\/2022\/10\/ar_pagina1220221030-237x300.jpg 237w, https:\/\/www.diario5.com.ar\/wp-content\/uploads\/2022\/10\/ar_pagina1220221030.jpg 700w\" sizes=\"(max-width: 237px) 100vw, 237px\" \/><\/p>\n<p><img decoding=\"async\" loading=\"lazy\" class=\"alignnone size-medium wp-image-660445\" title=\"30 de octubre de 2022\" src=\"https:\/\/www.diario5.com.ar\/wp-content\/uploads\/2022\/10\/independiente20221030-211x300.jpg\" alt=\"30 de octubre de 2022\" width=\"211\" height=\"300\" srcset=\"https:\/\/www.diario5.com.ar\/wp-content\/uploads\/2022\/10\/independiente20221030-211x300.jpg 211w, https:\/\/www.diario5.com.ar\/wp-content\/uploads\/2022\/10\/independiente20221030.jpg 700w\" sizes=\"(max-width: 211px) 100vw, 211px\" \/><\/p>\n<p><img decoding=\"async\" loading=\"lazy\" class=\"alignnone size-medium wp-image-660446\" title=\"30 de octubre de 2022\" src=\"https:\/\/www.diario5.com.ar\/wp-content\/uploads\/2022\/10\/ar_losandes20221030-220x300.jpg\" alt=\"30 de octubre de 2022\" width=\"220\" height=\"300\" srcset=\"https:\/\/www.diario5.com.ar\/wp-content\/uploads\/2022\/10\/ar_losandes20221030-220x300.jpg 220w, https:\/\/www.diario5.com.ar\/wp-content\/uploads\/2022\/10\/ar_losandes20221030.jpg 700w\" sizes=\"(max-width: 220px) 100vw, 220px\" \/><\/p>\n<p>&nbsp;<\/p>\n<p><img decoding=\"async\" loading=\"lazy\" class=\"alignnone size-medium wp-image-660465\" src=\"https:\/\/www.diario5.com.ar\/wp-content\/uploads\/2022\/10\/ar_rio_negro20221030-199x300.jpg\" width=\"199\" height=\"300\" alt=\"30 de octubre de 2022\" title=\"30 de octubre de 2022\" srcset=\"https:\/\/www.diario5.com.ar\/wp-content\/uploads\/2022\/10\/ar_rio_negro20221030-199x300.jpg 199w, https:\/\/www.diario5.com.ar\/wp-content\/uploads\/2022\/10\/ar_rio_negro20221030-678x1024.jpg 678w, https:\/\/www.diario5.com.ar\/wp-content\/uploads\/2022\/10\/ar_rio_negro20221030.jpg 700w\" sizes=\"(max-width: 199px) 100vw, 199px\" \/><\/p>\n<p><img decoding=\"async\" loading=\"lazy\" class=\"alignnone size-medium wp-image-660447\" title=\"30 de octubre de 2022\" src=\"https:\/\/www.diario5.com.ar\/wp-content\/uploads\/2022\/10\/ar_diario_cuyo20221030-199x300.jpg\" alt=\"30 de octubre de 2022\" width=\"199\" height=\"300\" srcset=\"https:\/\/www.diario5.com.ar\/wp-content\/uploads\/2022\/10\/ar_diario_cuyo20221030-199x300.jpg 199w, https:\/\/www.diario5.com.ar\/wp-content\/uploads\/2022\/10\/ar_diario_cuyo20221030-681x1024.jpg 681w, https:\/\/www.diario5.com.ar\/wp-content\/uploads\/2022\/10\/ar_diario_cuyo20221030.jpg 700w\" sizes=\"(max-width: 199px) 100vw, 199px\" \/><\/p>\n<p><img decoding=\"async\" loading=\"lazy\" class=\"alignnone size-medium wp-image-660466\" src=\"https:\/\/www.diario5.com.ar\/wp-content\/uploads\/2022\/10\/ar_diario_republica20221030-214x300.jpg\" width=\"214\" height=\"300\" alt=\"30 de octubre de 2022\" title=\"30 de octubre de 2022\" srcset=\"https:\/\/www.diario5.com.ar\/wp-content\/uploads\/2022\/10\/ar_diario_republica20221030-214x300.jpg 214w, https:\/\/www.diario5.com.ar\/wp-content\/uploads\/2022\/10\/ar_diario_republica20221030.jpg 700w\" sizes=\"(max-width: 214px) 100vw, 214px\" \/><\/p>\n<p>&nbsp;<\/p>\n<p><img decoding=\"async\" loading=\"lazy\" class=\"alignnone size-medium wp-image-660448\" title=\"30 de octubre de 2022\" src=\"https:\/\/www.diario5.com.ar\/wp-content\/uploads\/2022\/10\/ar_gaceta20221030-183x300.jpg\" alt=\"30 de octubre de 2022\" width=\"183\" height=\"300\" srcset=\"https:\/\/www.diario5.com.ar\/wp-content\/uploads\/2022\/10\/ar_gaceta20221030-183x300.jpg 183w, https:\/\/www.diario5.com.ar\/wp-content\/uploads\/2022\/10\/ar_gaceta20221030-623x1024.jpg 623w, https:\/\/www.diario5.com.ar\/wp-content\/uploads\/2022\/10\/ar_gaceta20221030.jpg 700w\" sizes=\"(max-width: 183px) 100vw, 183px\" \/><\/p>\n<p><img decoding=\"async\" loading=\"lazy\" class=\"alignnone size-medium wp-image-660449\" title=\"30 de octubre de 2022\" src=\"https:\/\/www.diario5.com.ar\/wp-content\/uploads\/2022\/10\/ar_cronica20221030-253x300.jpg\" alt=\"30 de octubre de 2022\" width=\"253\" height=\"300\" srcset=\"https:\/\/www.diario5.com.ar\/wp-content\/uploads\/2022\/10\/ar_cronica20221030-253x300.jpg 253w, https:\/\/www.diario5.com.ar\/wp-content\/uploads\/2022\/10\/ar_cronica20221030.jpg 700w\" sizes=\"(max-width: 253px) 100vw, 253px\" \/><\/p>\n<p><img decoding=\"async\" loading=\"lazy\" class=\"alignnone size-medium wp-image-660450\" title=\"30 de octubre de 2022\" src=\"https:\/\/www.diario5.com.ar\/wp-content\/uploads\/2022\/10\/nacion20221030-198x300.jpg\" alt=\"30 de octubre de 2022\" width=\"198\" height=\"300\" srcset=\"https:\/\/www.diario5.com.ar\/wp-content\/uploads\/2022\/10\/nacion20221030-198x300.jpg 198w, https:\/\/www.diario5.com.ar\/wp-content\/uploads\/2022\/10\/nacion20221030-676x1024.jpg 676w, https:\/\/www.diario5.com.ar\/wp-content\/uploads\/2022\/10\/nacion20221030.jpg 700w\" sizes=\"(max-width: 198px) 100vw, 198px\" \/><\/p>\n<p><img decoding=\"async\" loading=\"lazy\" class=\"alignnone size-medium wp-image-660451\" title=\"30 de octubre de 2022\" src=\"https:\/\/www.diario5.com.ar\/wp-content\/uploads\/2022\/10\/nuevo_diario20221030-215x300.jpg\" alt=\"30 de octubre de 2022\" width=\"215\" height=\"300\" srcset=\"https:\/\/www.diario5.com.ar\/wp-content\/uploads\/2022\/10\/nuevo_diario20221030-215x300.jpg 215w, https:\/\/www.diario5.com.ar\/wp-content\/uploads\/2022\/10\/nuevo_diario20221030.jpg 700w\" sizes=\"(max-width: 215px) 100vw, 215px\" \/><\/p>\n<p><img decoding=\"async\" loading=\"lazy\" class=\"alignnone size-medium wp-image-660452\" title=\"30 de octubre de 2022\" src=\"https:\/\/www.diario5.com.ar\/wp-content\/uploads\/2022\/10\/120221030-230x300.jpg\" alt=\"30 de octubre de 2022\" width=\"230\" height=\"300\" srcset=\"https:\/\/www.diario5.com.ar\/wp-content\/uploads\/2022\/10\/120221030-230x300.jpg 230w, https:\/\/www.diario5.com.ar\/wp-content\/uploads\/2022\/10\/120221030.jpg 500w\" sizes=\"(max-width: 230px) 100vw, 230px\" \/><\/p>\n<p>&nbsp;<\/p>","protected":false},"excerpt":{"rendered":"<p>&nbsp; 39 a\u00f1os. Cuando hab\u00edan pasado 10 de aquel inolvidable 30 de octubre de 1983, se dec\u00eda -con buen criterio- que la democracia era como un ser humano reci\u00e9n en desarrollo. Algo asi como un beb\u00e9. Pues bien, deber\u00edamos mirarnos las caras ahora para sincerarnos en cuanto a qu\u00e9 etapa de crecimiento de la vida [&hellip;]<\/p>","protected":false},"author":4,"featured_media":660439,"comment_status":"open","ping_status":"open","sticky":false,"template":"","format":"standard","meta":[],"categories":[44,75,56],"tags":[],"series":[],"_links":{"self":[{"href":"https:\/\/www.diario5.com.ar\/es\/wp-json\/wp\/v2\/posts\/636413"}],"collection":[{"href":"https:\/\/www.diario5.com.ar\/es\/wp-json\/wp\/v2\/posts"}],"about":[{"href":"https:\/\/www.diario5.com.ar\/es\/wp-json\/wp\/v2\/types\/post"}],"author":[{"embeddable":true,"href":"https:\/\/www.diario5.com.ar\/es\/wp-json\/wp\/v2\/users\/4"}],"replies":[{"embeddable":true,"href":"https:\/\/www.diario5.com.ar\/es\/wp-json\/wp\/v2\/comments?post=636413"}],"version-history":[{"count":3,"href":"https:\/\/www.diario5.com.ar\/es\/wp-json\/wp\/v2\/posts\/636413\/revisions"}],"predecessor-version":[{"id":660467,"href":"https:\/\/www.diario5.com.ar\/es\/wp-json\/wp\/v2\/posts\/636413\/revisions\/660467"}],"wp:featuredmedia":[{"embeddable":true,"href":"https:\/\/www.diario5.com.ar\/es\/wp-json\/wp\/v2\/media\/660439"}],"wp:attachment":[{"href":"https:\/\/www.diario5.com.ar\/es\/wp-json\/wp\/v2\/media?parent=636413"}],"wp:term":[{"taxonomy":"category","embeddable":true,"href":"https:\/\/www.diario5.com.ar\/es\/wp-json\/wp\/v2\/categories?post=636413"},{"taxonomy":"post_tag","embeddable":true,"href":"https:\/\/www.diario5.com.ar\/es\/wp-json\/wp\/v2\/tags?post=636413"},{"taxonomy":"series","embeddable":true,"href":"https:\/\/www.diario5.com.ar\/es\/wp-json\/wp\/v2\/series?post=636413"}],"curies":[{"name":"wp","href":"https:\/\/api.w.org\/{rel}","templated":true}]}}