{"id":636403,"date":"2022-10-20T06:50:00","date_gmt":"2022-10-20T09:50:00","guid":{"rendered":"http:\/\/diario5.com.ar\/?p=636403"},"modified":"2022-10-20T06:59:46","modified_gmt":"2022-10-20T09:59:46","slug":"636403","status":"publish","type":"post","link":"https:\/\/www.diario5.com.ar\/es\/636403\/","title":{"rendered":"Garrahan, Guti\u00e9rrez y Elizalde"},"content":{"rendered":"<h2 class=\"sub-title-primary\">Los ilustres apellidos de los m\u00e9dicos que inspiraron los nombres de las instituciones m\u00e9dicas porte\u00f1as especializadas en la atenci\u00f3n de la infancia, sobresalen en la celebraci\u00f3n del D\u00eda del Pediatra. <\/h2> <p><img decoding=\"async\" loading=\"lazy\" class=\"alignnone size-large wp-image-659947\" src=\"https:\/\/www.diario5.com.ar\/wp-content\/uploads\/2022\/10\/Hospital_Garrahan20221020-1024x680.jpg\" width=\"1024\" height=\"680\" alt=\"Garrahan, Guti\u00e9rrez y Elizalde\" title=\"Garrahan, Guti\u00e9rrez y Elizalde\" srcset=\"https:\/\/www.diario5.com.ar\/wp-content\/uploads\/2022\/10\/Hospital_Garrahan20221020-1024x680.jpg 1024w, https:\/\/www.diario5.com.ar\/wp-content\/uploads\/2022\/10\/Hospital_Garrahan20221020-300x199.jpg 300w, https:\/\/www.diario5.com.ar\/wp-content\/uploads\/2022\/10\/Hospital_Garrahan20221020-768x510.jpg 768w, https:\/\/www.diario5.com.ar\/wp-content\/uploads\/2022\/10\/Hospital_Garrahan20221020.jpg 1280w\" sizes=\"(max-width: 1024px) 100vw, 1024px\" \/><\/p>\n<p>&nbsp;<\/p>\n<p>&nbsp;<\/p>\n<p><img decoding=\"async\" loading=\"lazy\" class=\"alignnone size-full wp-image-659948\" src=\"https:\/\/www.diario5.com.ar\/wp-content\/uploads\/2022\/10\/136473-whatsapp-20image-202021-01-25-20at-2020-43-0220221020.jpeg\" width=\"960\" height=\"540\" alt=\"Garrahan, Guti\u00e9rrez y Elizalde\" title=\"Garrahan, Guti\u00e9rrez y Elizalde\" srcset=\"https:\/\/www.diario5.com.ar\/wp-content\/uploads\/2022\/10\/136473-whatsapp-20image-202021-01-25-20at-2020-43-0220221020.jpeg 960w, https:\/\/www.diario5.com.ar\/wp-content\/uploads\/2022\/10\/136473-whatsapp-20image-202021-01-25-20at-2020-43-0220221020-300x169.jpeg 300w, https:\/\/www.diario5.com.ar\/wp-content\/uploads\/2022\/10\/136473-whatsapp-20image-202021-01-25-20at-2020-43-0220221020-768x432.jpeg 768w\" sizes=\"(max-width: 960px) 100vw, 960px\" \/><\/p>\n<p>&nbsp;<\/p>\n<p><img decoding=\"async\" loading=\"lazy\" class=\"alignnone size-full wp-image-659949\" src=\"https:\/\/www.diario5.com.ar\/wp-content\/uploads\/2022\/10\/61c87fa01064620221020.jpg\" width=\"700\" height=\"525\" alt=\"Garrahan, Guti\u00e9rrez y Elizalde\" title=\"Garrahan, Guti\u00e9rrez y Elizalde\" srcset=\"https:\/\/www.diario5.com.ar\/wp-content\/uploads\/2022\/10\/61c87fa01064620221020.jpg 700w, https:\/\/www.diario5.com.ar\/wp-content\/uploads\/2022\/10\/61c87fa01064620221020-300x225.jpg 300w\" sizes=\"(max-width: 700px) 100vw, 700px\" \/><br \/>\n<!--googleoff: index--><br \/>\n<!--googleon: index--><\/p>\n<p>Podr\u00eda ser el nombre de una empresa constructora, de un estudio jur\u00eddico o de tantas formas de sociedad. Pero son los apellidos de los m\u00e9dicos homenajeados en los nombres de los tres grandes hospitales pedi\u00e1tricos p\u00fablicos de la Ciudad de Buenos Aires.<\/p>\n<p>Las referencias sobre Pedro de Elizalde, quien fue se destac\u00f3 como director de CASA CUNA desde su fundaci\u00f3n, en 1935 hasta 1946, a pesar de su monumental importancia, son escasas. Todos repiten que cre\u00f3 la Revista Infancia (es casi imposible encontrar un ejemplar), puso en marcha la C\u00e1tedra de Pediatr\u00eda en la Facultad de Medicina de la UBA y estableci\u00f3 la <em>papiloscop\u00eda plantar adyacente al primer dedo, <\/em>una creaci\u00f3n de Dr. Carlos Urquijo como m\u00e9todo de identificaci\u00f3n de los reci\u00e9n nacidos.<\/p>\n<p>A principios del S XX, el Dr. Juan Pedro Garrahan ya era un pediatra destacado y participaba de sociedades m\u00e9dicas que lo nutr\u00edan de cada m\u00e1s conocimientos y t\u00e9cnicas, en un tiempo en el que la medicina pod\u00eda presentar avances en cualquier latitud y en nedio de guerras y migraciones ultramasivas.<\/p>\n<p>El caso del Dr. Ricardo Guti\u00e9rrez es el de un hombre perteneciente a una familia de intelectuales y artistas que -a su vez- amaban la ciencia. La medicina termin\u00f3 siendo el factor para que Guiti\u00e9rrez, escritor y poeta, pusiera una energ\u00eda personal combinada con un altruismo muy propio de los tiempos del romanticismo que influyeron en la famosa \u00abGeneraci\u00f3n del 80\u00bb, una destacada troupe de pensadores\u00a0 que establecieron las bases para un estilo muy argentino en cualnto a lo cultural. La etapa en la que vivi\u00f3 Guti\u00e9rrez lo convierte en el primer pediatra de la Argentina. Se perfeccion\u00f3 en Par\u00eds y puso la piedra fundamental de la obra del hospital que hoy lleva su nombre.<\/p>\n<p>Todos ellos supieron acerca de Armstrong. Antes del inolvidable pionero del jazz y del legendario astronauta, el apellido brill\u00f3 gracias al c\u00e9lebre impulsor de la Pediatr\u00eda George Armstrong.<\/p>\n<p class=\"aCal\"><strong>D\u00eda Internacional de la Pediatr\u00eda<\/strong><\/p>\n<div class=\"dHdt\">Hoy, 20 de octubre, se celebra el D\u00eda Internacional de la Pediatr\u00eda, que fue instituido en 1973, durante el Congreso Mundial de Pediatr\u00eda realizado en la Argentina, en conmemoraci\u00f3n de la fundaci\u00f3n de la Sociedad Argentina de Pediatr\u00eda.<\/div>\n<div class=\"diE\"><\/div>\n<div class=\"dHdt\">\n<div class=\"divfirst\"><span>El t\u00e9rmino \u201cpediatr\u00eda\u201d se deriva de dos palabras griegas, <strong>pais<\/strong> que significa ni\u00f1o e <strong>iatros<\/strong> que significa m\u00e9dico y sanador.\u00a0Como tal, pretende significar el sanador de los ni\u00f1os.<\/span><\/div>\n<div><\/div>\n<div class=\"divfirst\"><span>Hay m\u00e1s de 20 tipos diferentes de pediatras.\u00a0Para convertirse en pediatra hoy, un estudiante debe completar 11 a\u00f1os de educaci\u00f3n despu\u00e9s de graduarse de la escuela secundaria.\u00a0Los pediatras se centran en la atenci\u00f3n preventiva.<\/span><\/div>\n<div><\/div>\n<div class=\"divfirst\"><span>El primer hospital pedi\u00e1trico abri\u00f3 en Par\u00eds, Francia, en 1802. Aunque George Armstrong ha sido llamado el padre de la pediatr\u00eda moderna, muchos pediatras lo desconocen por completo como persona y sus contribuciones al cuidado infantil.\u00a0<\/span><\/div>\n<div><\/div>\n<div class=\"divfirst\"><span>George Armstrong naci\u00f3 en Escocia en 1719. Quer\u00eda ser m\u00e9dico y comenz\u00f3 la escuela de medicina en Edimburgo, pero tuvo que abandonar la escuela por razones financieras antes de recibir su t\u00edtulo de m\u00e9dico.\u00a0Sin embargo, se fue a Londres y estableci\u00f3 su pr\u00e1ctica como m\u00e9dico general.<\/span><\/div>\n<\/div>\n<p>&nbsp;<\/p>\n<p><img decoding=\"async\" src=\"https:\/\/img.kiosko.net\/2022\/10\/20\/ar\/ar_capital_rosario.jpg\" \/><\/p>\n<p><img decoding=\"async\" src=\"https:\/\/img.kiosko.net\/2022\/10\/20\/ar\/ar_nueva_provincia.jpg\" \/><\/p>\n<p><img decoding=\"async\" loading=\"lazy\" class=\"alignnone size-large wp-image-659950\" src=\"https:\/\/www.diario5.com.ar\/wp-content\/uploads\/2022\/10\/ar_ambito20221020-747x1024.jpg\" width=\"747\" height=\"1024\" alt=\"Garrahan, Guti\u00e9rrez y Elizalde\" title=\"Garrahan, Guti\u00e9rrez y Elizalde\" srcset=\"https:\/\/www.diario5.com.ar\/wp-content\/uploads\/2022\/10\/ar_ambito20221020-747x1024.jpg 747w, https:\/\/www.diario5.com.ar\/wp-content\/uploads\/2022\/10\/ar_ambito20221020-219x300.jpg 219w, https:\/\/www.diario5.com.ar\/wp-content\/uploads\/2022\/10\/ar_ambito20221020-768x1053.jpg 768w, https:\/\/www.diario5.com.ar\/wp-content\/uploads\/2022\/10\/ar_ambito20221020-1120x1536.jpg 1120w, https:\/\/www.diario5.com.ar\/wp-content\/uploads\/2022\/10\/ar_ambito20221020.jpg 1423w\" sizes=\"(max-width: 747px) 100vw, 747px\" \/><\/p>\n<p><img decoding=\"async\" loading=\"lazy\" class=\"alignnone size-large wp-image-659951\" src=\"https:\/\/www.diario5.com.ar\/wp-content\/uploads\/2022\/10\/esquiu20221020-778x1024.jpg\" width=\"778\" height=\"1024\" alt=\"Garrahan, Guti\u00e9rrez y Elizalde\" title=\"Garrahan, Guti\u00e9rrez y Elizalde\" srcset=\"https:\/\/www.diario5.com.ar\/wp-content\/uploads\/2022\/10\/esquiu20221020-778x1024.jpg 778w, https:\/\/www.diario5.com.ar\/wp-content\/uploads\/2022\/10\/esquiu20221020-228x300.jpg 228w, https:\/\/www.diario5.com.ar\/wp-content\/uploads\/2022\/10\/esquiu20221020-768x1010.jpg 768w, https:\/\/www.diario5.com.ar\/wp-content\/uploads\/2022\/10\/esquiu20221020.jpg 954w\" sizes=\"(max-width: 778px) 100vw, 778px\" \/><\/p>\n<p><img decoding=\"async\" src=\"https:\/\/img.kiosko.net\/2022\/10\/20\/ar\/ar_diario_norte.jpg\" \/><\/p>\n<p><img decoding=\"async\" src=\"https:\/\/img.kiosko.net\/2022\/10\/20\/ar\/voz_chaco.jpg\" \/><\/p>\n<p><img decoding=\"async\" src=\"https:\/\/img.kiosko.net\/2022\/10\/20\/ar\/ar_diario_madryn.jpg\" \/><\/p>\n<p><img decoding=\"async\" src=\"https:\/\/img.kiosko.net\/2022\/10\/20\/ar\/ar_laprensa.jpg\" \/><\/p>\n<p><img decoding=\"async\" loading=\"lazy\" class=\"alignnone size-large wp-image-659952\" src=\"https:\/\/www.diario5.com.ar\/wp-content\/uploads\/2022\/10\/ar_cronista20221020-701x1024.jpg\" width=\"701\" height=\"1024\" alt=\"Garrahan, Guti\u00e9rrez y Elizalde\" title=\"Garrahan, Guti\u00e9rrez y Elizalde\" srcset=\"https:\/\/www.diario5.com.ar\/wp-content\/uploads\/2022\/10\/ar_cronista20221020-701x1024.jpg 701w, https:\/\/www.diario5.com.ar\/wp-content\/uploads\/2022\/10\/ar_cronista20221020-205x300.jpg 205w, https:\/\/www.diario5.com.ar\/wp-content\/uploads\/2022\/10\/ar_cronista20221020.jpg 764w\" sizes=\"(max-width: 701px) 100vw, 701px\" \/><\/p>\n<p><img decoding=\"async\" loading=\"lazy\" class=\"alignnone size-large wp-image-659953\" src=\"https:\/\/www.diario5.com.ar\/wp-content\/uploads\/2022\/10\/buenosaires_economico20221020-860x1024.jpg\" width=\"860\" height=\"1024\" alt=\"Garrahan, Guti\u00e9rrez y Elizalde\" title=\"Garrahan, Guti\u00e9rrez y Elizalde\" srcset=\"https:\/\/www.diario5.com.ar\/wp-content\/uploads\/2022\/10\/buenosaires_economico20221020-860x1024.jpg 860w, https:\/\/www.diario5.com.ar\/wp-content\/uploads\/2022\/10\/buenosaires_economico20221020-252x300.jpg 252w, https:\/\/www.diario5.com.ar\/wp-content\/uploads\/2022\/10\/buenosaires_economico20221020-768x915.jpg 768w, https:\/\/www.diario5.com.ar\/wp-content\/uploads\/2022\/10\/buenosaires_economico20221020-1290x1536.jpg 1290w, https:\/\/www.diario5.com.ar\/wp-content\/uploads\/2022\/10\/buenosaires_economico20221020.jpg 1582w\" sizes=\"(max-width: 860px) 100vw, 860px\" \/><\/p>\n<p><img decoding=\"async\" src=\"https:\/\/img.kiosko.net\/2022\/10\/20\/ar\/ar_perfil.jpg\" \/><\/p>\n<p><img decoding=\"async\" loading=\"lazy\" class=\"alignnone size-large wp-image-659954\" src=\"https:\/\/www.diario5.com.ar\/wp-content\/uploads\/2022\/10\/ar_eldia20221020-688x1024.jpg\" width=\"688\" height=\"1024\" alt=\"Garrahan, Guti\u00e9rrez y Elizalde\" title=\"Garrahan, Guti\u00e9rrez y Elizalde\" srcset=\"https:\/\/www.diario5.com.ar\/wp-content\/uploads\/2022\/10\/ar_eldia20221020-688x1024.jpg 688w, https:\/\/www.diario5.com.ar\/wp-content\/uploads\/2022\/10\/ar_eldia20221020-202x300.jpg 202w, https:\/\/www.diario5.com.ar\/wp-content\/uploads\/2022\/10\/ar_eldia20221020-768x1143.jpg 768w, https:\/\/www.diario5.com.ar\/wp-content\/uploads\/2022\/10\/ar_eldia20221020-1032x1536.jpg 1032w, https:\/\/www.diario5.com.ar\/wp-content\/uploads\/2022\/10\/ar_eldia20221020-1376x2048.jpg 1376w, https:\/\/www.diario5.com.ar\/wp-content\/uploads\/2022\/10\/ar_eldia20221020.jpg 1612w\" sizes=\"(max-width: 688px) 100vw, 688px\" \/><\/p>\n<p><img decoding=\"async\" loading=\"lazy\" class=\"alignnone size-large wp-image-659955\" src=\"https:\/\/www.diario5.com.ar\/wp-content\/uploads\/2022\/10\/ar_hoy20221020-778x1024.jpg\" width=\"778\" height=\"1024\" alt=\"Garrahan, Guti\u00e9rrez y Elizalde\" title=\"Garrahan, Guti\u00e9rrez y Elizalde\" srcset=\"https:\/\/www.diario5.com.ar\/wp-content\/uploads\/2022\/10\/ar_hoy20221020-778x1024.jpg 778w, https:\/\/www.diario5.com.ar\/wp-content\/uploads\/2022\/10\/ar_hoy20221020-228x300.jpg 228w, https:\/\/www.diario5.com.ar\/wp-content\/uploads\/2022\/10\/ar_hoy20221020-768x1011.jpg 768w, https:\/\/www.diario5.com.ar\/wp-content\/uploads\/2022\/10\/ar_hoy20221020.jpg 960w\" sizes=\"(max-width: 778px) 100vw, 778px\" \/><\/p>\n<p><img decoding=\"async\" src=\"https:\/\/img.kiosko.net\/2022\/10\/20\/ar\/ar_democracia.jpg\" \/><\/p>\n<p><img decoding=\"async\" src=\"https:\/\/img.kiosko.net\/2022\/10\/20\/ar\/ar_chubut.jpg\" \/><\/p>\n<p><img decoding=\"async\" src=\"https:\/\/img.kiosko.net\/2022\/10\/20\/ar\/ar_epoca.jpg\" \/><\/p>\n<p><img decoding=\"async\" loading=\"lazy\" class=\"alignnone size-large wp-image-659956\" src=\"https:\/\/www.diario5.com.ar\/wp-content\/uploads\/2022\/10\/ar_litoral20221020-777x1024.jpg\" width=\"777\" height=\"1024\" alt=\"Garrahan, Guti\u00e9rrez y Elizalde\" title=\"Garrahan, Guti\u00e9rrez y Elizalde\" srcset=\"https:\/\/www.diario5.com.ar\/wp-content\/uploads\/2022\/10\/ar_litoral20221020-777x1024.jpg 777w, https:\/\/www.diario5.com.ar\/wp-content\/uploads\/2022\/10\/ar_litoral20221020-228x300.jpg 228w, https:\/\/www.diario5.com.ar\/wp-content\/uploads\/2022\/10\/ar_litoral20221020-768x1012.jpg 768w, https:\/\/www.diario5.com.ar\/wp-content\/uploads\/2022\/10\/ar_litoral20221020.jpg 1134w\" sizes=\"(max-width: 777px) 100vw, 777px\" \/><\/p>\n<p><img decoding=\"async\" src=\"https:\/\/img.kiosko.net\/2022\/10\/20\/ar\/ar_heraldo.jpg\" \/><\/p>\n<p><img decoding=\"async\" src=\"https:\/\/img.kiosko.net\/2022\/10\/20\/ar\/ar_manana_formosa.jpg\" \/><\/p>\n<p><img decoding=\"async\" src=\"https:\/\/img.kiosko.net\/2022\/10\/20\/ar\/ar_diario_pampa.jpg\" \/><\/p>\n<p><img decoding=\"async\" loading=\"lazy\" class=\"alignnone size-large wp-image-659957\" src=\"https:\/\/www.diario5.com.ar\/wp-content\/uploads\/2022\/10\/ar_pagina1220221020-815x1024.jpg\" width=\"815\" height=\"1024\" alt=\"Garrahan, Guti\u00e9rrez y Elizalde\" title=\"Garrahan, Guti\u00e9rrez y Elizalde\" srcset=\"https:\/\/www.diario5.com.ar\/wp-content\/uploads\/2022\/10\/ar_pagina1220221020-815x1024.jpg 815w, https:\/\/www.diario5.com.ar\/wp-content\/uploads\/2022\/10\/ar_pagina1220221020-239x300.jpg 239w, https:\/\/www.diario5.com.ar\/wp-content\/uploads\/2022\/10\/ar_pagina1220221020-768x965.jpg 768w, https:\/\/www.diario5.com.ar\/wp-content\/uploads\/2022\/10\/ar_pagina1220221020-1222x1536.jpg 1222w, https:\/\/www.diario5.com.ar\/wp-content\/uploads\/2022\/10\/ar_pagina1220221020.jpg 1527w\" sizes=\"(max-width: 815px) 100vw, 815px\" \/><\/p>\n<p><img decoding=\"async\" src=\"https:\/\/img.kiosko.net\/2022\/10\/20\/ar\/ar_arena.jpg\" \/><\/p>\n<p><img decoding=\"async\" src=\"https:\/\/img.kiosko.net\/2022\/10\/20\/ar\/independiente.jpg\" \/><\/p>\n<p><img decoding=\"async\" src=\"https:\/\/img.kiosko.net\/2022\/10\/20\/ar\/nueva_rioja.jpg\" \/><\/p>\n<p><img decoding=\"async\" src=\"https:\/\/img.kiosko.net\/2022\/10\/20\/ar\/ar_losandes.jpg\" \/><\/p>\n<p><img decoding=\"async\" loading=\"lazy\" class=\"alignnone size-full wp-image-659958\" src=\"https:\/\/www.diario5.com.ar\/wp-content\/uploads\/2022\/10\/ar_tribuno20221020.jpg\" width=\"764\" height=\"1018\" alt=\"Garrahan, Guti\u00e9rrez y Elizalde\" title=\"Garrahan, Guti\u00e9rrez y Elizalde\" srcset=\"https:\/\/www.diario5.com.ar\/wp-content\/uploads\/2022\/10\/ar_tribuno20221020.jpg 764w, https:\/\/www.diario5.com.ar\/wp-content\/uploads\/2022\/10\/ar_tribuno20221020-225x300.jpg 225w\" sizes=\"(max-width: 764px) 100vw, 764px\" \/><\/p>\n<p><img decoding=\"async\" src=\"https:\/\/img.kiosko.net\/2022\/10\/20\/ar\/lea.jpg\" \/><\/p>\n<p><img decoding=\"async\" loading=\"lazy\" class=\"alignnone size-large wp-image-659959\" src=\"https:\/\/www.diario5.com.ar\/wp-content\/uploads\/2022\/10\/ar_rio_negro20221020-680x1024.jpg\" width=\"680\" height=\"1024\" alt=\"Garrahan, Guti\u00e9rrez y Elizalde\" title=\"Garrahan, Guti\u00e9rrez y Elizalde\" srcset=\"https:\/\/www.diario5.com.ar\/wp-content\/uploads\/2022\/10\/ar_rio_negro20221020-680x1024.jpg 680w, https:\/\/www.diario5.com.ar\/wp-content\/uploads\/2022\/10\/ar_rio_negro20221020-199x300.jpg 199w, https:\/\/www.diario5.com.ar\/wp-content\/uploads\/2022\/10\/ar_rio_negro20221020-768x1157.jpg 768w, https:\/\/www.diario5.com.ar\/wp-content\/uploads\/2022\/10\/ar_rio_negro20221020-1019x1536.jpg 1019w, https:\/\/www.diario5.com.ar\/wp-content\/uploads\/2022\/10\/ar_rio_negro20221020.jpg 1168w\" sizes=\"(max-width: 680px) 100vw, 680px\" \/><\/p>\n<p><img decoding=\"async\" src=\"https:\/\/img.kiosko.net\/2022\/10\/20\/ar\/ar_diario_cuyo.jpg\" \/><\/p>\n<p><img decoding=\"async\" src=\"https:\/\/img.kiosko.net\/2022\/10\/20\/ar\/huarpe.jpg\" \/><\/p>\n<p><img decoding=\"async\" src=\"https:\/\/img.kiosko.net\/2022\/10\/20\/ar\/ar_diario_republica.jpg\" \/><\/p>\n<p><img decoding=\"async\" src=\"https:\/\/img.kiosko.net\/2022\/10\/20\/ar\/ar_litoral_sfe.jpg\" \/><\/p>\n<p><img decoding=\"async\" loading=\"lazy\" class=\"alignnone size-large wp-image-659960\" src=\"https:\/\/www.diario5.com.ar\/wp-content\/uploads\/2022\/10\/ciudadano20221020-765x1024.jpg\" width=\"765\" height=\"1024\" alt=\"Garrahan, Guti\u00e9rrez y Elizalde\" title=\"Garrahan, Guti\u00e9rrez y Elizalde\" srcset=\"https:\/\/www.diario5.com.ar\/wp-content\/uploads\/2022\/10\/ciudadano20221020-765x1024.jpg 765w, https:\/\/www.diario5.com.ar\/wp-content\/uploads\/2022\/10\/ciudadano20221020-224x300.jpg 224w, https:\/\/www.diario5.com.ar\/wp-content\/uploads\/2022\/10\/ciudadano20221020-768x1029.jpg 768w, https:\/\/www.diario5.com.ar\/wp-content\/uploads\/2022\/10\/ciudadano20221020.jpg 896w\" sizes=\"(max-width: 765px) 100vw, 765px\" \/><\/p>\n<p><img decoding=\"async\" src=\"https:\/\/img.kiosko.net\/2022\/10\/20\/ar\/ar_mirador_provincial.jpg\" \/><\/p>\n<p><img decoding=\"async\" loading=\"lazy\" class=\"alignnone size-large wp-image-659961\" src=\"https:\/\/www.diario5.com.ar\/wp-content\/uploads\/2022\/10\/ar_gaceta20221020-625x1024.jpg\" width=\"625\" height=\"1024\" alt=\"Garrahan, Guti\u00e9rrez y Elizalde\" title=\"Garrahan, Guti\u00e9rrez y Elizalde\" srcset=\"https:\/\/www.diario5.com.ar\/wp-content\/uploads\/2022\/10\/ar_gaceta20221020-625x1024.jpg 625w, https:\/\/www.diario5.com.ar\/wp-content\/uploads\/2022\/10\/ar_gaceta20221020-183x300.jpg 183w, https:\/\/www.diario5.com.ar\/wp-content\/uploads\/2022\/10\/ar_gaceta20221020-768x1258.jpg 768w, https:\/\/www.diario5.com.ar\/wp-content\/uploads\/2022\/10\/ar_gaceta20221020-938x1536.jpg 938w, https:\/\/www.diario5.com.ar\/wp-content\/uploads\/2022\/10\/ar_gaceta20221020-1250x2048.jpg 1250w, https:\/\/www.diario5.com.ar\/wp-content\/uploads\/2022\/10\/ar_gaceta20221020.jpg 1465w\" sizes=\"(max-width: 625px) 100vw, 625px\" \/><\/p>\n<p><img decoding=\"async\" loading=\"lazy\" class=\"alignnone size-large wp-image-659962\" src=\"https:\/\/www.diario5.com.ar\/wp-content\/uploads\/2022\/10\/ar_cronica20221020-881x1024.jpg\" width=\"881\" height=\"1024\" alt=\"Garrahan, Guti\u00e9rrez y Elizalde\" title=\"Garrahan, Guti\u00e9rrez y Elizalde\" srcset=\"https:\/\/www.diario5.com.ar\/wp-content\/uploads\/2022\/10\/ar_cronica20221020-881x1024.jpg 881w, https:\/\/www.diario5.com.ar\/wp-content\/uploads\/2022\/10\/ar_cronica20221020-258x300.jpg 258w, https:\/\/www.diario5.com.ar\/wp-content\/uploads\/2022\/10\/ar_cronica20221020-768x893.jpg 768w, https:\/\/www.diario5.com.ar\/wp-content\/uploads\/2022\/10\/ar_cronica20221020-1321x1536.jpg 1321w, https:\/\/www.diario5.com.ar\/wp-content\/uploads\/2022\/10\/ar_cronica20221020.jpg 1615w\" sizes=\"(max-width: 881px) 100vw, 881px\" \/><\/p>\n<p><img decoding=\"async\" loading=\"lazy\" class=\"alignnone size-large wp-image-659963\" src=\"https:\/\/www.diario5.com.ar\/wp-content\/uploads\/2022\/10\/ar_clarin20221020-742x1024.jpg\" width=\"742\" height=\"1024\" alt=\"Garrahan, Guti\u00e9rrez y Elizalde\" title=\"Garrahan, Guti\u00e9rrez y Elizalde\" srcset=\"https:\/\/www.diario5.com.ar\/wp-content\/uploads\/2022\/10\/ar_clarin20221020-742x1024.jpg 742w, https:\/\/www.diario5.com.ar\/wp-content\/uploads\/2022\/10\/ar_clarin20221020-217x300.jpg 217w, https:\/\/www.diario5.com.ar\/wp-content\/uploads\/2022\/10\/ar_clarin20221020-768x1060.jpg 768w, https:\/\/www.diario5.com.ar\/wp-content\/uploads\/2022\/10\/ar_clarin20221020-1113x1536.jpg 1113w, https:\/\/www.diario5.com.ar\/wp-content\/uploads\/2022\/10\/ar_clarin20221020.jpg 1472w\" sizes=\"(max-width: 742px) 100vw, 742px\" \/><\/p>\n<p><img decoding=\"async\" loading=\"lazy\" class=\"alignnone size-large wp-image-659964\" src=\"https:\/\/www.diario5.com.ar\/wp-content\/uploads\/2022\/10\/nacion20221020-675x1024.jpg\" width=\"675\" height=\"1024\" alt=\"Garrahan, Guti\u00e9rrez y Elizalde\" title=\"Garrahan, Guti\u00e9rrez y Elizalde\" srcset=\"https:\/\/www.diario5.com.ar\/wp-content\/uploads\/2022\/10\/nacion20221020-675x1024.jpg 675w, https:\/\/www.diario5.com.ar\/wp-content\/uploads\/2022\/10\/nacion20221020-198x300.jpg 198w, https:\/\/www.diario5.com.ar\/wp-content\/uploads\/2022\/10\/nacion20221020.jpg 764w\" sizes=\"(max-width: 675px) 100vw, 675px\" \/><\/p>\n<p><img decoding=\"async\" src=\"https:\/\/img.kiosko.net\/2022\/10\/20\/ar\/ar_eco.jpg\" \/><\/p>\n<p><img decoding=\"async\" loading=\"lazy\" class=\"alignnone size-large wp-image-659965\" src=\"https:\/\/www.diario5.com.ar\/wp-content\/uploads\/2022\/10\/nuevo_diario20221020-742x1024.jpg\" width=\"742\" height=\"1024\" alt=\"Garrahan, Guti\u00e9rrez y Elizalde\" title=\"Garrahan, Guti\u00e9rrez y Elizalde\" srcset=\"https:\/\/www.diario5.com.ar\/wp-content\/uploads\/2022\/10\/nuevo_diario20221020-742x1024.jpg 742w, https:\/\/www.diario5.com.ar\/wp-content\/uploads\/2022\/10\/nuevo_diario20221020-217x300.jpg 217w, https:\/\/www.diario5.com.ar\/wp-content\/uploads\/2022\/10\/nuevo_diario20221020.jpg 764w\" sizes=\"(max-width: 742px) 100vw, 742px\" \/><\/p>\n<p><img decoding=\"async\" loading=\"lazy\" class=\"alignnone size-large wp-image-659966\" src=\"https:\/\/www.diario5.com.ar\/wp-content\/uploads\/2022\/10\/ar_sureno20221020-783x1024.jpg\" width=\"783\" height=\"1024\" alt=\"Garrahan, Guti\u00e9rrez y Elizalde\" title=\"Garrahan, Guti\u00e9rrez y Elizalde\" srcset=\"https:\/\/www.diario5.com.ar\/wp-content\/uploads\/2022\/10\/ar_sureno20221020-783x1024.jpg 783w, https:\/\/www.diario5.com.ar\/wp-content\/uploads\/2022\/10\/ar_sureno20221020-229x300.jpg 229w, https:\/\/www.diario5.com.ar\/wp-content\/uploads\/2022\/10\/ar_sureno20221020-768x1004.jpg 768w, https:\/\/www.diario5.com.ar\/wp-content\/uploads\/2022\/10\/ar_sureno20221020.jpg 1038w\" sizes=\"(max-width: 783px) 100vw, 783px\" \/><\/p>\n<p><img decoding=\"async\" loading=\"lazy\" class=\"alignnone size-full wp-image-659967\" src=\"https:\/\/www.diario5.com.ar\/wp-content\/uploads\/2022\/10\/120221020.jpg\" width=\"500\" height=\"652\" alt=\"Garrahan, Guti\u00e9rrez y Elizalde\" title=\"Garrahan, Guti\u00e9rrez y Elizalde\" srcset=\"https:\/\/www.diario5.com.ar\/wp-content\/uploads\/2022\/10\/120221020.jpg 500w, https:\/\/www.diario5.com.ar\/wp-content\/uploads\/2022\/10\/120221020-230x300.jpg 230w\" sizes=\"(max-width: 500px) 100vw, 500px\" \/><\/p>\n<p>URUGUAY<br \/>\n<img decoding=\"async\" src=\"https:\/\/img.kiosko.net\/2022\/10\/20\/ar\/ar_duplicado.jpg\" \/><\/p>\n<p><img decoding=\"async\" loading=\"lazy\" class=\"alignnone size-full wp-image-659968\" src=\"https:\/\/www.diario5.com.ar\/wp-content\/uploads\/2022\/10\/uy_ladiaria20221020.jpg\" width=\"764\" height=\"923\" alt=\"Garrahan, Guti\u00e9rrez y Elizalde\" title=\"Garrahan, Guti\u00e9rrez y Elizalde\" srcset=\"https:\/\/www.diario5.com.ar\/wp-content\/uploads\/2022\/10\/uy_ladiaria20221020.jpg 764w, https:\/\/www.diario5.com.ar\/wp-content\/uploads\/2022\/10\/uy_ladiaria20221020-248x300.jpg 248w\" sizes=\"(max-width: 764px) 100vw, 764px\" \/><\/p>\n<p><img decoding=\"async\" loading=\"lazy\" class=\"alignnone size-large wp-image-659969\" src=\"https:\/\/www.diario5.com.ar\/wp-content\/uploads\/2022\/10\/uy_observador20221020-738x1024.jpg\" width=\"738\" height=\"1024\" alt=\"Garrahan, Guti\u00e9rrez y Elizalde\" title=\"Garrahan, Guti\u00e9rrez y Elizalde\" srcset=\"https:\/\/www.diario5.com.ar\/wp-content\/uploads\/2022\/10\/uy_observador20221020-738x1024.jpg 738w, https:\/\/www.diario5.com.ar\/wp-content\/uploads\/2022\/10\/uy_observador20221020-216x300.jpg 216w, https:\/\/www.diario5.com.ar\/wp-content\/uploads\/2022\/10\/uy_observador20221020.jpg 764w\" sizes=\"(max-width: 738px) 100vw, 738px\" \/><\/p>\n<p>BRASIL<br \/>\n<img decoding=\"async\" loading=\"lazy\" class=\"alignnone size-large wp-image-659970\" src=\"https:\/\/www.diario5.com.ar\/wp-content\/uploads\/2022\/10\/br_folha_spaulo20221020-588x1024.jpg\" width=\"588\" height=\"1024\" alt=\"Garrahan, Guti\u00e9rrez y Elizalde\" title=\"Garrahan, Guti\u00e9rrez y Elizalde\" srcset=\"https:\/\/www.diario5.com.ar\/wp-content\/uploads\/2022\/10\/br_folha_spaulo20221020-588x1024.jpg 588w, https:\/\/www.diario5.com.ar\/wp-content\/uploads\/2022\/10\/br_folha_spaulo20221020-172x300.jpg 172w, https:\/\/www.diario5.com.ar\/wp-content\/uploads\/2022\/10\/br_folha_spaulo20221020.jpg 764w\" sizes=\"(max-width: 588px) 100vw, 588px\" \/><\/p>\n<p><img decoding=\"async\" loading=\"lazy\" class=\"alignnone size-large wp-image-659971\" src=\"https:\/\/www.diario5.com.ar\/wp-content\/uploads\/2022\/10\/br_estado_spaulo20221020-657x1024.jpg\" width=\"657\" height=\"1024\" alt=\"Garrahan, Guti\u00e9rrez y Elizalde\" title=\"Garrahan, Guti\u00e9rrez y Elizalde\" srcset=\"https:\/\/www.diario5.com.ar\/wp-content\/uploads\/2022\/10\/br_estado_spaulo20221020-657x1024.jpg 657w, https:\/\/www.diario5.com.ar\/wp-content\/uploads\/2022\/10\/br_estado_spaulo20221020-193x300.jpg 193w, https:\/\/www.diario5.com.ar\/wp-content\/uploads\/2022\/10\/br_estado_spaulo20221020.jpg 764w\" sizes=\"(max-width: 657px) 100vw, 657px\" \/><\/p>\n<p><img decoding=\"async\" src=\"https:\/\/img.kiosko.net\/2022\/10\/20\/br\/o_dia.jpg\" \/><\/p>\n<p><img decoding=\"async\" src=\"https:\/\/img.kiosko.net\/2022\/10\/20\/br\/br_oglobo.jpg\" \/><\/p>\n<p><img decoding=\"async\" src=\"https:\/\/img.kiosko.net\/2022\/10\/20\/br\/br_correio_braziliense.jpg\" \/><\/p>\n<p><img decoding=\"async\" src=\"https:\/\/img.kiosko.net\/2022\/10\/20\/br\/br_tribuna_bahia.jpg\" \/><\/p>\n<p><img decoding=\"async\" loading=\"lazy\" class=\"alignnone size-large wp-image-659972\" src=\"https:\/\/www.diario5.com.ar\/wp-content\/uploads\/2022\/10\/br_extra20221020-578x1024.jpg\" width=\"578\" height=\"1024\" alt=\"Garrahan, Guti\u00e9rrez y Elizalde\" title=\"Garrahan, Guti\u00e9rrez y Elizalde\" srcset=\"https:\/\/www.diario5.com.ar\/wp-content\/uploads\/2022\/10\/br_extra20221020-578x1024.jpg 578w, https:\/\/www.diario5.com.ar\/wp-content\/uploads\/2022\/10\/br_extra20221020-169x300.jpg 169w, https:\/\/www.diario5.com.ar\/wp-content\/uploads\/2022\/10\/br_extra20221020.jpg 764w\" sizes=\"(max-width: 578px) 100vw, 578px\" \/><\/p>\n<p>PARAGUAY<br \/>\n<img decoding=\"async\" src=\"https:\/\/img.kiosko.net\/2022\/10\/20\/py\/abccolor.jpg\" \/><\/p>\n<p><img decoding=\"async\" loading=\"lazy\" class=\"alignnone size-large wp-image-659973\" src=\"https:\/\/www.diario5.com.ar\/wp-content\/uploads\/2022\/10\/nacion20221020-1-761x1024.jpg\" width=\"761\" height=\"1024\" alt=\"Garrahan, Guti\u00e9rrez y Elizalde\" title=\"Garrahan, Guti\u00e9rrez y Elizalde\" srcset=\"https:\/\/www.diario5.com.ar\/wp-content\/uploads\/2022\/10\/nacion20221020-1-761x1024.jpg 761w, https:\/\/www.diario5.com.ar\/wp-content\/uploads\/2022\/10\/nacion20221020-1-223x300.jpg 223w, https:\/\/www.diario5.com.ar\/wp-content\/uploads\/2022\/10\/nacion20221020-1-768x1033.jpg 768w, https:\/\/www.diario5.com.ar\/wp-content\/uploads\/2022\/10\/nacion20221020-1-1141x1536.jpg 1141w, https:\/\/www.diario5.com.ar\/wp-content\/uploads\/2022\/10\/nacion20221020-1-1522x2048.jpg 1522w, https:\/\/www.diario5.com.ar\/wp-content\/uploads\/2022\/10\/nacion20221020-1.jpg 1568w\" sizes=\"(max-width: 761px) 100vw, 761px\" \/><\/p>\n<p><img decoding=\"async\" src=\"https:\/\/img.kiosko.net\/2022\/10\/20\/py\/py_ultimahora.jpg\" \/><\/p>\n<p><img decoding=\"async\" src=\"https:\/\/img.kiosko.net\/2022\/10\/20\/py\/cronica.jpg\" \/><\/p>\n<p><img decoding=\"async\" src=\"https:\/\/img.kiosko.net\/2022\/10\/20\/py\/py_5dias.jpg\" \/><\/p>\n<p><img decoding=\"async\" src=\"https:\/\/img.kiosko.net\/2022\/10\/20\/py\/py_independiente.jpg\" \/><\/p>\n<p>CHILE<br \/>\n<img decoding=\"async\" loading=\"lazy\" class=\"alignnone size-large wp-image-659974\" src=\"https:\/\/www.diario5.com.ar\/wp-content\/uploads\/2022\/10\/cl_mercurio20221020-564x1024.jpg\" width=\"564\" height=\"1024\" alt=\"Garrahan, Guti\u00e9rrez y Elizalde\" title=\"Garrahan, Guti\u00e9rrez y Elizalde\" srcset=\"https:\/\/www.diario5.com.ar\/wp-content\/uploads\/2022\/10\/cl_mercurio20221020-564x1024.jpg 564w, https:\/\/www.diario5.com.ar\/wp-content\/uploads\/2022\/10\/cl_mercurio20221020-165x300.jpg 165w, https:\/\/www.diario5.com.ar\/wp-content\/uploads\/2022\/10\/cl_mercurio20221020.jpg 764w\" sizes=\"(max-width: 564px) 100vw, 564px\" \/><\/p>\n<p><img decoding=\"async\" loading=\"lazy\" class=\"alignnone size-full wp-image-659975\" src=\"https:\/\/www.diario5.com.ar\/wp-content\/uploads\/2022\/10\/cl_ultimas_noticias20221020.jpg\" width=\"792\" height=\"980\" alt=\"Garrahan, Guti\u00e9rrez y Elizalde\" title=\"Garrahan, Guti\u00e9rrez y Elizalde\" srcset=\"https:\/\/www.diario5.com.ar\/wp-content\/uploads\/2022\/10\/cl_ultimas_noticias20221020.jpg 792w, https:\/\/www.diario5.com.ar\/wp-content\/uploads\/2022\/10\/cl_ultimas_noticias20221020-242x300.jpg 242w, https:\/\/www.diario5.com.ar\/wp-content\/uploads\/2022\/10\/cl_ultimas_noticias20221020-768x950.jpg 768w\" sizes=\"(max-width: 792px) 100vw, 792px\" \/><\/p>\n<p><img decoding=\"async\" loading=\"lazy\" class=\"alignnone size-full wp-image-659976\" src=\"https:\/\/www.diario5.com.ar\/wp-content\/uploads\/2022\/10\/cl_diario_financiero20221020.jpg\" width=\"764\" height=\"985\" alt=\"Garrahan, Guti\u00e9rrez y Elizalde\" title=\"Garrahan, Guti\u00e9rrez y Elizalde\" srcset=\"https:\/\/www.diario5.com.ar\/wp-content\/uploads\/2022\/10\/cl_diario_financiero20221020.jpg 764w, https:\/\/www.diario5.com.ar\/wp-content\/uploads\/2022\/10\/cl_diario_financiero20221020-233x300.jpg 233w\" sizes=\"(max-width: 764px) 100vw, 764px\" \/><\/p>\n<p><img decoding=\"async\" loading=\"lazy\" class=\"alignnone size-large wp-image-659977\" src=\"https:\/\/www.diario5.com.ar\/wp-content\/uploads\/2022\/10\/estrella_iquique20221020-814x1024.jpg\" width=\"814\" height=\"1024\" alt=\"Garrahan, Guti\u00e9rrez y Elizalde\" title=\"Garrahan, Guti\u00e9rrez y Elizalde\" srcset=\"https:\/\/www.diario5.com.ar\/wp-content\/uploads\/2022\/10\/estrella_iquique20221020-814x1024.jpg 814w, https:\/\/www.diario5.com.ar\/wp-content\/uploads\/2022\/10\/estrella_iquique20221020-238x300.jpg 238w, https:\/\/www.diario5.com.ar\/wp-content\/uploads\/2022\/10\/estrella_iquique20221020-768x966.jpg 768w, https:\/\/www.diario5.com.ar\/wp-content\/uploads\/2022\/10\/estrella_iquique20221020-1221x1536.jpg 1221w, https:\/\/www.diario5.com.ar\/wp-content\/uploads\/2022\/10\/estrella_iquique20221020.jpg 1328w\" sizes=\"(max-width: 814px) 100vw, 814px\" \/><\/p>\n<p><img decoding=\"async\" loading=\"lazy\" class=\"alignnone size-large wp-image-659978\" src=\"https:\/\/www.diario5.com.ar\/wp-content\/uploads\/2022\/10\/mercurio_antofagasta20221020-691x1024.jpg\" width=\"691\" height=\"1024\" alt=\"Garrahan, Guti\u00e9rrez y Elizalde\" title=\"Garrahan, Guti\u00e9rrez y Elizalde\" srcset=\"https:\/\/www.diario5.com.ar\/wp-content\/uploads\/2022\/10\/mercurio_antofagasta20221020-691x1024.jpg 691w, https:\/\/www.diario5.com.ar\/wp-content\/uploads\/2022\/10\/mercurio_antofagasta20221020-202x300.jpg 202w, https:\/\/www.diario5.com.ar\/wp-content\/uploads\/2022\/10\/mercurio_antofagasta20221020-768x1138.jpg 768w, https:\/\/www.diario5.com.ar\/wp-content\/uploads\/2022\/10\/mercurio_antofagasta20221020-1036x1536.jpg 1036w, https:\/\/www.diario5.com.ar\/wp-content\/uploads\/2022\/10\/mercurio_antofagasta20221020.jpg 1328w\" sizes=\"(max-width: 691px) 100vw, 691px\" \/><\/p>\n<p><img decoding=\"async\" src=\"https:\/\/img.kiosko.net\/2022\/10\/20\/cl\/cl_eldia.jpg\" \/><\/p>\n<p><img decoding=\"async\" loading=\"lazy\" class=\"alignnone size-large wp-image-659979\" src=\"https:\/\/www.diario5.com.ar\/wp-content\/uploads\/2022\/10\/mercurio_valpo20221020-725x1024.jpg\" width=\"725\" height=\"1024\" alt=\"Garrahan, Guti\u00e9rrez y Elizalde\" title=\"Garrahan, Guti\u00e9rrez y Elizalde\" srcset=\"https:\/\/www.diario5.com.ar\/wp-content\/uploads\/2022\/10\/mercurio_valpo20221020-725x1024.jpg 725w, https:\/\/www.diario5.com.ar\/wp-content\/uploads\/2022\/10\/mercurio_valpo20221020-212x300.jpg 212w, https:\/\/www.diario5.com.ar\/wp-content\/uploads\/2022\/10\/mercurio_valpo20221020-768x1084.jpg 768w, https:\/\/www.diario5.com.ar\/wp-content\/uploads\/2022\/10\/mercurio_valpo20221020-1088x1536.jpg 1088w, https:\/\/www.diario5.com.ar\/wp-content\/uploads\/2022\/10\/mercurio_valpo20221020.jpg 1376w\" sizes=\"(max-width: 725px) 100vw, 725px\" \/><\/p>\n<p><img decoding=\"async\" src=\"https:\/\/img.kiosko.net\/2022\/10\/20\/cl\/estrella_valpo.jpg\" \/><\/p>\n<p><img decoding=\"async\" loading=\"lazy\" class=\"alignnone size-large wp-image-659980\" src=\"https:\/\/www.diario5.com.ar\/wp-content\/uploads\/2022\/10\/diario_concepcion20221020-792x1024.jpg\" width=\"792\" height=\"1024\" alt=\"Garrahan, Guti\u00e9rrez y Elizalde\" title=\"Garrahan, Guti\u00e9rrez y Elizalde\" srcset=\"https:\/\/www.diario5.com.ar\/wp-content\/uploads\/2022\/10\/diario_concepcion20221020-792x1024.jpg 792w, https:\/\/www.diario5.com.ar\/wp-content\/uploads\/2022\/10\/diario_concepcion20221020-232x300.jpg 232w, https:\/\/www.diario5.com.ar\/wp-content\/uploads\/2022\/10\/diario_concepcion20221020-768x993.jpg 768w, https:\/\/www.diario5.com.ar\/wp-content\/uploads\/2022\/10\/diario_concepcion20221020-1188x1536.jpg 1188w, https:\/\/www.diario5.com.ar\/wp-content\/uploads\/2022\/10\/diario_concepcion20221020.jpg 1254w\" sizes=\"(max-width: 792px) 100vw, 792px\" \/><\/p>\n<p><img decoding=\"async\" loading=\"lazy\" class=\"alignnone size-large wp-image-659981\" src=\"https:\/\/www.diario5.com.ar\/wp-content\/uploads\/2022\/10\/austral_temuco20221020-716x1024.jpg\" width=\"716\" height=\"1024\" alt=\"Garrahan, Guti\u00e9rrez y Elizalde\" title=\"Garrahan, Guti\u00e9rrez y Elizalde\" srcset=\"https:\/\/www.diario5.com.ar\/wp-content\/uploads\/2022\/10\/austral_temuco20221020-716x1024.jpg 716w, https:\/\/www.diario5.com.ar\/wp-content\/uploads\/2022\/10\/austral_temuco20221020-210x300.jpg 210w, https:\/\/www.diario5.com.ar\/wp-content\/uploads\/2022\/10\/austral_temuco20221020-768x1098.jpg 768w, https:\/\/www.diario5.com.ar\/wp-content\/uploads\/2022\/10\/austral_temuco20221020-1074x1536.jpg 1074w, https:\/\/www.diario5.com.ar\/wp-content\/uploads\/2022\/10\/austral_temuco20221020.jpg 1376w\" sizes=\"(max-width: 716px) 100vw, 716px\" \/><\/p>\n<p><img decoding=\"async\" loading=\"lazy\" class=\"alignnone size-large wp-image-659982\" src=\"https:\/\/www.diario5.com.ar\/wp-content\/uploads\/2022\/10\/estrella_arica20221020-808x1024.jpg\" width=\"808\" height=\"1024\" alt=\"Garrahan, Guti\u00e9rrez y Elizalde\" title=\"Garrahan, Guti\u00e9rrez y Elizalde\" srcset=\"https:\/\/www.diario5.com.ar\/wp-content\/uploads\/2022\/10\/estrella_arica20221020-808x1024.jpg 808w, https:\/\/www.diario5.com.ar\/wp-content\/uploads\/2022\/10\/estrella_arica20221020-237x300.jpg 237w, https:\/\/www.diario5.com.ar\/wp-content\/uploads\/2022\/10\/estrella_arica20221020-768x973.jpg 768w, https:\/\/www.diario5.com.ar\/wp-content\/uploads\/2022\/10\/estrella_arica20221020-1212x1536.jpg 1212w, https:\/\/www.diario5.com.ar\/wp-content\/uploads\/2022\/10\/estrella_arica20221020.jpg 1328w\" sizes=\"(max-width: 808px) 100vw, 808px\" \/><\/p>\n<p>COLOMBIA<br \/>\n<img decoding=\"async\" loading=\"lazy\" class=\"alignnone size-large wp-image-659983\" src=\"https:\/\/www.diario5.com.ar\/wp-content\/uploads\/2022\/10\/co_espectador20221020-726x1024.jpg\" width=\"726\" height=\"1024\" alt=\"Garrahan, Guti\u00e9rrez y Elizalde\" title=\"Garrahan, Guti\u00e9rrez y Elizalde\" srcset=\"https:\/\/www.diario5.com.ar\/wp-content\/uploads\/2022\/10\/co_espectador20221020-726x1024.jpg 726w, https:\/\/www.diario5.com.ar\/wp-content\/uploads\/2022\/10\/co_espectador20221020-213x300.jpg 213w, https:\/\/www.diario5.com.ar\/wp-content\/uploads\/2022\/10\/co_espectador20221020.jpg 764w\" sizes=\"(max-width: 726px) 100vw, 726px\" \/><\/p>\n<p><img decoding=\"async\" loading=\"lazy\" class=\"alignnone size-large wp-image-659984\" src=\"https:\/\/www.diario5.com.ar\/wp-content\/uploads\/2022\/10\/co_heraldo20221020-524x1024.jpg\" width=\"524\" height=\"1024\" alt=\"Garrahan, Guti\u00e9rrez y Elizalde\" title=\"Garrahan, Guti\u00e9rrez y Elizalde\" srcset=\"https:\/\/www.diario5.com.ar\/wp-content\/uploads\/2022\/10\/co_heraldo20221020-524x1024.jpg 524w, https:\/\/www.diario5.com.ar\/wp-content\/uploads\/2022\/10\/co_heraldo20221020-153x300.jpg 153w, https:\/\/www.diario5.com.ar\/wp-content\/uploads\/2022\/10\/co_heraldo20221020.jpg 764w\" sizes=\"(max-width: 524px) 100vw, 524px\" \/><\/p>\n<p><img decoding=\"async\" loading=\"lazy\" class=\"alignnone size-large wp-image-659985\" src=\"https:\/\/www.diario5.com.ar\/wp-content\/uploads\/2022\/10\/co_elpais20221020-557x1024.jpg\" width=\"557\" height=\"1024\" alt=\"Garrahan, Guti\u00e9rrez y Elizalde\" title=\"Garrahan, Guti\u00e9rrez y Elizalde\" srcset=\"https:\/\/www.diario5.com.ar\/wp-content\/uploads\/2022\/10\/co_elpais20221020-557x1024.jpg 557w, https:\/\/www.diario5.com.ar\/wp-content\/uploads\/2022\/10\/co_elpais20221020-163x300.jpg 163w, https:\/\/www.diario5.com.ar\/wp-content\/uploads\/2022\/10\/co_elpais20221020.jpg 764w\" sizes=\"(max-width: 557px) 100vw, 557px\" \/><\/p>\n<p><img decoding=\"async\" src=\"https:\/\/img.kiosko.net\/2022\/10\/20\/co\/co_universal.jpg\" \/><\/p>\n<p><img decoding=\"async\" src=\"https:\/\/img.kiosko.net\/2022\/10\/20\/co\/co_elcolombiano.jpg\" \/><\/p>\n<p>PERU<br \/>\n<img decoding=\"async\" src=\"https:\/\/img.kiosko.net\/2022\/10\/20\/pe\/pe_comercio.jpg\" \/><\/p>\n<p><img decoding=\"async\" src=\"https:\/\/img.kiosko.net\/2022\/10\/20\/pe\/pe_peru21.jpg\" \/><\/p>\n<p><img decoding=\"async\" src=\"https:\/\/img.kiosko.net\/2022\/10\/20\/pe\/pe_correo.jpg\" \/><\/p>\n<p><img decoding=\"async\" src=\"https:\/\/img.kiosko.net\/2022\/10\/20\/pe\/pe_expreso.jpg\" \/><\/p>\n<p><img decoding=\"async\" src=\"https:\/\/img.kiosko.net\/2022\/10\/20\/pe\/pe_ojo.jpg\" \/><\/p>\n<p><img decoding=\"async\" loading=\"lazy\" class=\"alignnone size-full wp-image-659986\" src=\"https:\/\/www.diario5.com.ar\/wp-content\/uploads\/2022\/10\/pe_gestion20221020.jpg\" width=\"764\" height=\"764\" alt=\"Garrahan, Guti\u00e9rrez y Elizalde\" title=\"Garrahan, Guti\u00e9rrez y Elizalde\" srcset=\"https:\/\/www.diario5.com.ar\/wp-content\/uploads\/2022\/10\/pe_gestion20221020.jpg 764w, https:\/\/www.diario5.com.ar\/wp-content\/uploads\/2022\/10\/pe_gestion20221020-300x300.jpg 300w, https:\/\/www.diario5.com.ar\/wp-content\/uploads\/2022\/10\/pe_gestion20221020-150x150.jpg 150w\" sizes=\"(max-width: 764px) 100vw, 764px\" \/><\/p>\n<p>BOLIVIA<br \/>\n<img decoding=\"async\" src=\"https:\/\/img.kiosko.net\/2022\/10\/20\/bo\/bo_elmundo.jpg\" \/><\/p>\n<p><img decoding=\"async\" src=\"https:\/\/img.kiosko.net\/2022\/10\/20\/bo\/bo_razon.jpg\" \/><\/p>\n<p>&nbsp;<\/p>","protected":false},"excerpt":{"rendered":"<p>Los ilustres apellidos de los m\u00e9dicos que inspiraron los nombres de las instituciones m\u00e9dicas porte\u00f1as especializadas en la atenci\u00f3n de la infancia, sobresalen en la celebraci\u00f3n del D\u00eda del Pediatra. &nbsp; &nbsp; &nbsp; Podr\u00eda ser el nombre de una empresa constructora, de un estudio jur\u00eddico o de tantas formas de sociedad. Pero son los apellidos [&hellip;]<\/p>","protected":false},"author":2,"featured_media":659947,"comment_status":"open","ping_status":"open","sticky":false,"template":"","format":"standard","meta":[],"categories":[44,22,56],"tags":[],"series":[],"_links":{"self":[{"href":"https:\/\/www.diario5.com.ar\/es\/wp-json\/wp\/v2\/posts\/636403"}],"collection":[{"href":"https:\/\/www.diario5.com.ar\/es\/wp-json\/wp\/v2\/posts"}],"about":[{"href":"https:\/\/www.diario5.com.ar\/es\/wp-json\/wp\/v2\/types\/post"}],"author":[{"embeddable":true,"href":"https:\/\/www.diario5.com.ar\/es\/wp-json\/wp\/v2\/users\/2"}],"replies":[{"embeddable":true,"href":"https:\/\/www.diario5.com.ar\/es\/wp-json\/wp\/v2\/comments?post=636403"}],"version-history":[{"count":3,"href":"https:\/\/www.diario5.com.ar\/es\/wp-json\/wp\/v2\/posts\/636403\/revisions"}],"predecessor-version":[{"id":659772,"href":"https:\/\/www.diario5.com.ar\/es\/wp-json\/wp\/v2\/posts\/636403\/revisions\/659772"}],"wp:featuredmedia":[{"embeddable":true,"href":"https:\/\/www.diario5.com.ar\/es\/wp-json\/wp\/v2\/media\/659947"}],"wp:attachment":[{"href":"https:\/\/www.diario5.com.ar\/es\/wp-json\/wp\/v2\/media?parent=636403"}],"wp:term":[{"taxonomy":"category","embeddable":true,"href":"https:\/\/www.diario5.com.ar\/es\/wp-json\/wp\/v2\/categories?post=636403"},{"taxonomy":"post_tag","embeddable":true,"href":"https:\/\/www.diario5.com.ar\/es\/wp-json\/wp\/v2\/tags?post=636403"},{"taxonomy":"series","embeddable":true,"href":"https:\/\/www.diario5.com.ar\/es\/wp-json\/wp\/v2\/series?post=636403"}],"curies":[{"name":"wp","href":"https:\/\/api.w.org\/{rel}","templated":true}]}}