{"id":636370,"date":"2022-09-17T06:51:00","date_gmt":"2022-09-17T09:51:00","guid":{"rendered":"http:\/\/diario5.com.ar\/?p=636370"},"modified":"2022-09-19T17:49:15","modified_gmt":"2022-09-19T20:49:15","slug":"636370","status":"publish","type":"post","link":"https:\/\/www.diario5.com.ar\/es\/636370\/","title":{"rendered":"Las fechas educativas de septiembre"},"content":{"rendered":"<h2 class=\"sub-title-primary\"><\/h2> <p><img decoding=\"async\" loading=\"lazy\" class=\"alignnone size-full wp-image-658438\" src=\"https:\/\/www.diario5.com.ar\/wp-content\/uploads\/2022\/09\/books20220919.jpg\" width=\"759\" height=\"422\" alt=\"Las fechas educativas de septiembre\" title=\"Las fechas educativas de septiembre\" srcset=\"https:\/\/www.diario5.com.ar\/wp-content\/uploads\/2022\/09\/books20220919.jpg 759w, https:\/\/www.diario5.com.ar\/wp-content\/uploads\/2022\/09\/books20220919-300x167.jpg 300w\" sizes=\"(max-width: 759px) 100vw, 759px\" \/><\/p>\n<p>En todo el mes de septiembre hay fechas referidas a la Educaci\u00f3n. El 11, hist\u00f3rica fecha en recordaci\u00f3n del fallecimiento de Domingo Faustino, fue el D\u00eda del Maestro, hoy es el D\u00eda del Profesor de Secundaria y el pr\u00f3ximo mi\u00e9rcoles, el de los Estudiantes.<\/p>\n<p>La fecha de hoy, como ya lo marcamos en a\u00f1os anteriores, es un homenaje a Jos\u00e9 Manuel Estrada, docente, pol\u00edtico y organizador de la vida educativa para la ense\u00f1anza media durante su gesti\u00f3n en el Colegio Nacional de\u00a0 Buenos Aires, bajo la presidencia de Nicol\u00e1s Avellaneda.<\/p>\n<p>El 19 es el D\u00eda del Preceptor (en algunos institutos, llamado \u00abBedel\u00bb.<\/p>\n<p>En cambio \u00bfPor qu\u00e9 el 21 de septiembre se estableci\u00f3 como el D\u00eda del Estudiante? Todos podr\u00edamos intuir que se trat\u00f3 de hacerlo coincidir el D\u00eda del Equinoccio de Primavera pero no es as\u00ed: Diez d\u00edas despu\u00e9s del fallecimiento de Domingo Faustino Sarmiento en el Paraguay, llegaron sus restos para ser inhumados en el Cementerio de la Recoleta. Aquella fecha, en el a\u00f1o 1888, qued\u00f3 flotando en inconsciente colectivo y cobr\u00f3 definitiva importancia cuando, en 1902, desde el Centro de Estudiantes de la Facultad de Filosof\u00eda y Letras fue propuesta como fecha para la celebraci\u00f3n \u00abpropia\u00bb, en una iniciativa de quien m\u00e1s tarde ser\u00eda el destacado arque\u00f3logo Salvador Debenedetti.<\/p>\n<p><img decoding=\"async\" loading=\"lazy\" class=\"alignnone size-large wp-image-658340\" title=\"Las fechas educativas de septiembre\" src=\"https:\/\/www.diario5.com.ar\/wp-content\/uploads\/2022\/09\/ar_nueva_provincia20220917-738x1024.jpg\" alt=\"Las fechas educativas de septiembre\" width=\"738\" height=\"1024\" srcset=\"https:\/\/www.diario5.com.ar\/wp-content\/uploads\/2022\/09\/ar_nueva_provincia20220917-738x1024.jpg 738w, https:\/\/www.diario5.com.ar\/wp-content\/uploads\/2022\/09\/ar_nueva_provincia20220917-216x300.jpg 216w, https:\/\/www.diario5.com.ar\/wp-content\/uploads\/2022\/09\/ar_nueva_provincia20220917.jpg 764w\" sizes=\"(max-width: 738px) 100vw, 738px\" \/><\/p>\n<p><img decoding=\"async\" loading=\"lazy\" class=\"alignnone size-large wp-image-658341\" title=\"Las fechas educativas de septiembre\" src=\"https:\/\/www.diario5.com.ar\/wp-content\/uploads\/2022\/09\/esquiu20220917-778x1024.jpg\" alt=\"Las fechas educativas de septiembre\" width=\"778\" height=\"1024\" srcset=\"https:\/\/www.diario5.com.ar\/wp-content\/uploads\/2022\/09\/esquiu20220917-778x1024.jpg 778w, https:\/\/www.diario5.com.ar\/wp-content\/uploads\/2022\/09\/esquiu20220917-228x300.jpg 228w, https:\/\/www.diario5.com.ar\/wp-content\/uploads\/2022\/09\/esquiu20220917-768x1010.jpg 768w, https:\/\/www.diario5.com.ar\/wp-content\/uploads\/2022\/09\/esquiu20220917.jpg 954w\" sizes=\"(max-width: 778px) 100vw, 778px\" \/><\/p>\n<p><img decoding=\"async\" loading=\"lazy\" class=\"alignnone size-large wp-image-658342\" title=\"Las fechas educativas de septiembre\" src=\"https:\/\/www.diario5.com.ar\/wp-content\/uploads\/2022\/09\/ar_diario_madryn20220917-743x1024.jpg\" alt=\"Las fechas educativas de septiembre\" width=\"743\" height=\"1024\" srcset=\"https:\/\/www.diario5.com.ar\/wp-content\/uploads\/2022\/09\/ar_diario_madryn20220917-743x1024.jpg 743w, https:\/\/www.diario5.com.ar\/wp-content\/uploads\/2022\/09\/ar_diario_madryn20220917-218x300.jpg 218w, https:\/\/www.diario5.com.ar\/wp-content\/uploads\/2022\/09\/ar_diario_madryn20220917.jpg 764w\" sizes=\"(max-width: 743px) 100vw, 743px\" \/><\/p>\n<p><img decoding=\"async\" loading=\"lazy\" class=\"alignnone size-large wp-image-658343\" title=\"Las fechas educativas de septiembre\" src=\"https:\/\/www.diario5.com.ar\/wp-content\/uploads\/2022\/09\/ar_hoy20220917-780x1024.jpg\" alt=\"Las fechas educativas de septiembre\" width=\"780\" height=\"1024\" srcset=\"https:\/\/www.diario5.com.ar\/wp-content\/uploads\/2022\/09\/ar_hoy20220917-780x1024.jpg 780w, https:\/\/www.diario5.com.ar\/wp-content\/uploads\/2022\/09\/ar_hoy20220917-228x300.jpg 228w, https:\/\/www.diario5.com.ar\/wp-content\/uploads\/2022\/09\/ar_hoy20220917-768x1009.jpg 768w, https:\/\/www.diario5.com.ar\/wp-content\/uploads\/2022\/09\/ar_hoy20220917.jpg 960w\" sizes=\"(max-width: 780px) 100vw, 780px\" \/><\/p>\n<p><img decoding=\"async\" loading=\"lazy\" class=\"alignnone size-large wp-image-658344\" title=\"Las fechas educativas de septiembre\" src=\"https:\/\/www.diario5.com.ar\/wp-content\/uploads\/2022\/09\/ar_litoral20220917-774x1024.jpg\" alt=\"Las fechas educativas de septiembre\" width=\"774\" height=\"1024\" srcset=\"https:\/\/www.diario5.com.ar\/wp-content\/uploads\/2022\/09\/ar_litoral20220917-774x1024.jpg 774w, https:\/\/www.diario5.com.ar\/wp-content\/uploads\/2022\/09\/ar_litoral20220917-227x300.jpg 227w, https:\/\/www.diario5.com.ar\/wp-content\/uploads\/2022\/09\/ar_litoral20220917-768x1016.jpg 768w, https:\/\/www.diario5.com.ar\/wp-content\/uploads\/2022\/09\/ar_litoral20220917.jpg 1126w\" sizes=\"(max-width: 774px) 100vw, 774px\" \/><\/p>\n<p><img decoding=\"async\" loading=\"lazy\" class=\"alignnone size-large wp-image-658345\" title=\"Las fechas educativas de septiembre\" src=\"https:\/\/www.diario5.com.ar\/wp-content\/uploads\/2022\/09\/ar_pagina1220220917-785x1024.jpg\" alt=\"Las fechas educativas de septiembre\" width=\"785\" height=\"1024\" srcset=\"https:\/\/www.diario5.com.ar\/wp-content\/uploads\/2022\/09\/ar_pagina1220220917-785x1024.jpg 785w, https:\/\/www.diario5.com.ar\/wp-content\/uploads\/2022\/09\/ar_pagina1220220917-230x300.jpg 230w, https:\/\/www.diario5.com.ar\/wp-content\/uploads\/2022\/09\/ar_pagina1220220917-768x1002.jpg 768w, https:\/\/www.diario5.com.ar\/wp-content\/uploads\/2022\/09\/ar_pagina1220220917-1177x1536.jpg 1177w, https:\/\/www.diario5.com.ar\/wp-content\/uploads\/2022\/09\/ar_pagina1220220917.jpg 1494w\" sizes=\"(max-width: 785px) 100vw, 785px\" \/><\/p>\n<p><img decoding=\"async\" loading=\"lazy\" class=\"alignnone size-large wp-image-658346\" title=\"Las fechas educativas de septiembre\" src=\"https:\/\/www.diario5.com.ar\/wp-content\/uploads\/2022\/09\/ar_rio_negro20220917-674x1024.jpg\" alt=\"Las fechas educativas de septiembre\" width=\"674\" height=\"1024\" srcset=\"https:\/\/www.diario5.com.ar\/wp-content\/uploads\/2022\/09\/ar_rio_negro20220917-674x1024.jpg 674w, https:\/\/www.diario5.com.ar\/wp-content\/uploads\/2022\/09\/ar_rio_negro20220917-197x300.jpg 197w, https:\/\/www.diario5.com.ar\/wp-content\/uploads\/2022\/09\/ar_rio_negro20220917-768x1167.jpg 768w, https:\/\/www.diario5.com.ar\/wp-content\/uploads\/2022\/09\/ar_rio_negro20220917-1011x1536.jpg 1011w, https:\/\/www.diario5.com.ar\/wp-content\/uploads\/2022\/09\/ar_rio_negro20220917.jpg 1184w\" sizes=\"(max-width: 674px) 100vw, 674px\" \/><\/p>\n<p><img decoding=\"async\" loading=\"lazy\" class=\"alignnone size-large wp-image-658347\" title=\"Las fechas educativas de septiembre\" src=\"https:\/\/www.diario5.com.ar\/wp-content\/uploads\/2022\/09\/ar_gaceta20220917-618x1024.jpg\" alt=\"Las fechas educativas de septiembre\" width=\"618\" height=\"1024\" srcset=\"https:\/\/www.diario5.com.ar\/wp-content\/uploads\/2022\/09\/ar_gaceta20220917-618x1024.jpg 618w, https:\/\/www.diario5.com.ar\/wp-content\/uploads\/2022\/09\/ar_gaceta20220917-181x300.jpg 181w, https:\/\/www.diario5.com.ar\/wp-content\/uploads\/2022\/09\/ar_gaceta20220917-768x1273.jpg 768w, https:\/\/www.diario5.com.ar\/wp-content\/uploads\/2022\/09\/ar_gaceta20220917-927x1536.jpg 927w, https:\/\/www.diario5.com.ar\/wp-content\/uploads\/2022\/09\/ar_gaceta20220917-1236x2048.jpg 1236w, https:\/\/www.diario5.com.ar\/wp-content\/uploads\/2022\/09\/ar_gaceta20220917.jpg 1448w\" sizes=\"(max-width: 618px) 100vw, 618px\" \/><\/p>\n<p><img decoding=\"async\" loading=\"lazy\" class=\"alignnone size-large wp-image-658348\" title=\"Las fechas educativas de septiembre\" src=\"https:\/\/www.diario5.com.ar\/wp-content\/uploads\/2022\/09\/ar_cronica20220917-867x1024.jpg\" alt=\"Las fechas educativas de septiembre\" width=\"867\" height=\"1024\" srcset=\"https:\/\/www.diario5.com.ar\/wp-content\/uploads\/2022\/09\/ar_cronica20220917-867x1024.jpg 867w, https:\/\/www.diario5.com.ar\/wp-content\/uploads\/2022\/09\/ar_cronica20220917-254x300.jpg 254w, https:\/\/www.diario5.com.ar\/wp-content\/uploads\/2022\/09\/ar_cronica20220917-768x907.jpg 768w, https:\/\/www.diario5.com.ar\/wp-content\/uploads\/2022\/09\/ar_cronica20220917-1301x1536.jpg 1301w, https:\/\/www.diario5.com.ar\/wp-content\/uploads\/2022\/09\/ar_cronica20220917.jpg 1591w\" sizes=\"(max-width: 867px) 100vw, 867px\" \/><\/p>\n<p><img decoding=\"async\" loading=\"lazy\" class=\"alignnone size-large wp-image-658349\" title=\"Las fechas educativas de septiembre\" src=\"https:\/\/www.diario5.com.ar\/wp-content\/uploads\/2022\/09\/ar_clarin20220917-749x1024.jpg\" alt=\"Las fechas educativas de septiembre\" width=\"749\" height=\"1024\" srcset=\"https:\/\/www.diario5.com.ar\/wp-content\/uploads\/2022\/09\/ar_clarin20220917-749x1024.jpg 749w, https:\/\/www.diario5.com.ar\/wp-content\/uploads\/2022\/09\/ar_clarin20220917-219x300.jpg 219w, https:\/\/www.diario5.com.ar\/wp-content\/uploads\/2022\/09\/ar_clarin20220917-768x1050.jpg 768w, https:\/\/www.diario5.com.ar\/wp-content\/uploads\/2022\/09\/ar_clarin20220917-1124x1536.jpg 1124w, https:\/\/www.diario5.com.ar\/wp-content\/uploads\/2022\/09\/ar_clarin20220917.jpg 1486w\" sizes=\"(max-width: 749px) 100vw, 749px\" \/><\/p>\n<p><img decoding=\"async\" loading=\"lazy\" class=\"alignnone size-large wp-image-658350\" title=\"Las fechas educativas de septiembre\" src=\"https:\/\/www.diario5.com.ar\/wp-content\/uploads\/2022\/09\/nuevo_diario20220917-748x1024.jpg\" alt=\"Las fechas educativas de septiembre\" width=\"748\" height=\"1024\" srcset=\"https:\/\/www.diario5.com.ar\/wp-content\/uploads\/2022\/09\/nuevo_diario20220917-748x1024.jpg 748w, https:\/\/www.diario5.com.ar\/wp-content\/uploads\/2022\/09\/nuevo_diario20220917-219x300.jpg 219w, https:\/\/www.diario5.com.ar\/wp-content\/uploads\/2022\/09\/nuevo_diario20220917.jpg 764w\" sizes=\"(max-width: 748px) 100vw, 748px\" \/><\/p>\n<p><img decoding=\"async\" loading=\"lazy\" class=\"alignnone size-full wp-image-658351\" title=\"Las fechas educativas de septiembre\" src=\"https:\/\/www.diario5.com.ar\/wp-content\/uploads\/2022\/09\/120220917.jpg\" alt=\"Las fechas educativas de septiembre\" width=\"500\" height=\"652\" srcset=\"https:\/\/www.diario5.com.ar\/wp-content\/uploads\/2022\/09\/120220917.jpg 500w, https:\/\/www.diario5.com.ar\/wp-content\/uploads\/2022\/09\/120220917-230x300.jpg 230w\" sizes=\"(max-width: 500px) 100vw, 500px\" \/><\/p>","protected":false},"excerpt":{"rendered":"<p>En todo el mes de septiembre hay fechas referidas a la Educaci\u00f3n. El 11, hist\u00f3rica fecha en recordaci\u00f3n del fallecimiento de Domingo Faustino, fue el D\u00eda del Maestro, hoy es el D\u00eda del Profesor de Secundaria y el pr\u00f3ximo mi\u00e9rcoles, el de los Estudiantes. La fecha de hoy, como ya lo marcamos en a\u00f1os anteriores, [&hellip;]<\/p>","protected":false},"author":2,"featured_media":658438,"comment_status":"open","ping_status":"open","sticky":false,"template":"","format":"standard","meta":[],"categories":[26,56],"tags":[],"series":[],"_links":{"self":[{"href":"https:\/\/www.diario5.com.ar\/es\/wp-json\/wp\/v2\/posts\/636370"}],"collection":[{"href":"https:\/\/www.diario5.com.ar\/es\/wp-json\/wp\/v2\/posts"}],"about":[{"href":"https:\/\/www.diario5.com.ar\/es\/wp-json\/wp\/v2\/types\/post"}],"author":[{"embeddable":true,"href":"https:\/\/www.diario5.com.ar\/es\/wp-json\/wp\/v2\/users\/2"}],"replies":[{"embeddable":true,"href":"https:\/\/www.diario5.com.ar\/es\/wp-json\/wp\/v2\/comments?post=636370"}],"version-history":[{"count":3,"href":"https:\/\/www.diario5.com.ar\/es\/wp-json\/wp\/v2\/posts\/636370\/revisions"}],"predecessor-version":[{"id":658439,"href":"https:\/\/www.diario5.com.ar\/es\/wp-json\/wp\/v2\/posts\/636370\/revisions\/658439"}],"wp:featuredmedia":[{"embeddable":true,"href":"https:\/\/www.diario5.com.ar\/es\/wp-json\/wp\/v2\/media\/658438"}],"wp:attachment":[{"href":"https:\/\/www.diario5.com.ar\/es\/wp-json\/wp\/v2\/media?parent=636370"}],"wp:term":[{"taxonomy":"category","embeddable":true,"href":"https:\/\/www.diario5.com.ar\/es\/wp-json\/wp\/v2\/categories?post=636370"},{"taxonomy":"post_tag","embeddable":true,"href":"https:\/\/www.diario5.com.ar\/es\/wp-json\/wp\/v2\/tags?post=636370"},{"taxonomy":"series","embeddable":true,"href":"https:\/\/www.diario5.com.ar\/es\/wp-json\/wp\/v2\/series?post=636370"}],"curies":[{"name":"wp","href":"https:\/\/api.w.org\/{rel}","templated":true}]}}