{"id":636369,"date":"2022-09-16T06:50:00","date_gmt":"2022-09-16T09:50:00","guid":{"rendered":"http:\/\/diario5.com.ar\/?p=636369"},"modified":"2022-09-16T10:33:19","modified_gmt":"2022-09-16T13:33:19","slug":"636369","status":"publish","type":"post","link":"https:\/\/www.diario5.com.ar\/es\/636369\/","title":{"rendered":"Textiles en el Museo de la Mujer"},"content":{"rendered":"<h2 class=\"sub-title-primary\"><\/h2> <p>Un grupo de artistas de t\u00e9cnicas Textiles y Artes Visuales en general realizar\u00e1n una muestra conjunta en la Ciudad de Buenos Aires, tras un per\u00edodo de exposici\u00f3n en sus propios lugares de origen, dando lugar a una interesante forma de convergencia en una de las especialidades con importantes exponentes en nuestro pa\u00eds.<\/p>\n<p>Mientras algunas de las artistas atraviesan las primeras etapas de su desarrollo t\u00e9cnico y conceptual, en la muestra tambi\u00e9n se presenta el trabajo de mujeres con gran arraigo en variantes de Textil.<\/p>\n<p>La curadora, Emilia Demichelis, de formaci\u00f3n en la UNA y con estudios complementarios en universidades argentinas y extranjeras trae una significativa experiencia en talleres, producci\u00f3n e investigaci\u00f3n, sumado a una preparaci\u00f3n como docente que revalida sus aptitudes y retroalimenta sus posibilidades art\u00edsticas y capacidad de creaci\u00f3n.<\/p>\n<p>Cada una de las participantes cuenta con alg\u00fan detalle especial entre sus trabajos art\u00edsticos. De Anal\u00eda Gordillo, Camila Di Spalatro, Cecilia Balmaceda, Helena Heinzen, Romyna C\u00e1ceres y Victoria Azcona se puede observar en diversas publicaciones previas, la vocaci\u00f3n por la belleza y el impacto visuales, tanto con sorprendentes innovaciones como con toques cl\u00e1sicos. Ellas conforman el proyecto <strong>Mujeres, Textiles y Territorios<\/strong>, en el que desarrollan, combinando el trabajo individual con la colaboraci\u00f3n colectiva, diferentes formas de interacci\u00f3n a favor de su arte.<\/p>\n<p>Todo quedar\u00e1 plasmado en la muestra <strong>La Fuerza, El Ojo, el Viento y la Marea<\/strong>, a inaugurarse el 22 de septiembre, en el Museo de la Mujer, ubicado en la incre\u00edble calle porte\u00f1a de las construcciones en espejo: Pasaje Rivarola 147.<\/p>\n<p>&nbsp;<\/p>\n<p><img decoding=\"async\" loading=\"lazy\" class=\"alignnone wp-image-658278 size-full\" src=\"https:\/\/www.diario5.com.ar\/wp-content\/uploads\/2022\/09\/textiles1.jpg\" alt=\"\" width=\"1032\" height=\"1454\" srcset=\"https:\/\/www.diario5.com.ar\/wp-content\/uploads\/2022\/09\/textiles1.jpg 1032w, https:\/\/www.diario5.com.ar\/wp-content\/uploads\/2022\/09\/textiles1-213x300.jpg 213w, https:\/\/www.diario5.com.ar\/wp-content\/uploads\/2022\/09\/textiles1-727x1024.jpg 727w, https:\/\/www.diario5.com.ar\/wp-content\/uploads\/2022\/09\/textiles1-768x1082.jpg 768w\" sizes=\"(max-width: 1032px) 100vw, 1032px\" \/><\/p>\n<p><!--googleon: index--><\/p>\n<p>&nbsp;<\/p>\n<p>&nbsp;<\/p>\n<p><img decoding=\"async\" loading=\"lazy\" src=\"https:\/\/scontent.faep28-2.fna.fbcdn.net\/v\/t39.30808-6\/241938069_2609922552487612_3284912364082583943_n.jpg?stp=cp0_dst-jpg_e15_p403x403_q65&amp;_nc_cat=103&amp;ccb=1-7&amp;_nc_sid=110474&amp;efg=eyJpIjoiYiJ9&amp;_nc_eui2=AeHS21tr5vTWDL_XmSrhhKn8IXRNvoxTslohdE2-jFOyWqym_-IMr3ROnWVjCoyPS6DVzsPDt06-ibySg7tVvYhH&amp;_nc_ohc=Txc6tIp7JBAAX_ojjk2&amp;_nc_ht=scontent.faep28-2.fna&amp;oh=00_AT9MWXY-PONPW8RpGFAUnRtlYe6iivRn8XQ1Ni2Hkg2_fQ&amp;oe=6327EFE7\" alt=\"\" width=\"403\" height=\"504\" \/><\/p>\n<p>Cecilia Balmaceda &#8211; Exposici\u00f3n en San Andr\u00e9s de Giles<\/p>\n<figure id=\"attachment_658283\" aria-describedby=\"caption-attachment-658283\" style=\"width: 300px\" class=\"wp-caption alignnone\"><img decoding=\"async\" loading=\"lazy\" class=\"wp-image-658283 size-medium\" src=\"https:\/\/www.diario5.com.ar\/wp-content\/uploads\/2022\/09\/Textiles-Romyna_Caceres-300x300.jpg\" alt=\"\" width=\"300\" height=\"300\" srcset=\"https:\/\/www.diario5.com.ar\/wp-content\/uploads\/2022\/09\/Textiles-Romyna_Caceres-300x300.jpg 300w, https:\/\/www.diario5.com.ar\/wp-content\/uploads\/2022\/09\/Textiles-Romyna_Caceres-150x150.jpg 150w, https:\/\/www.diario5.com.ar\/wp-content\/uploads\/2022\/09\/Textiles-Romyna_Caceres-768x765.jpg 768w, https:\/\/www.diario5.com.ar\/wp-content\/uploads\/2022\/09\/Textiles-Romyna_Caceres.jpg 775w\" sizes=\"(max-width: 300px) 100vw, 300px\" \/><figcaption id=\"caption-attachment-658283\" class=\"wp-caption-text\">Romyna C\u00e1ceres &#8211; Tejidos<\/figcaption><\/figure>\n<p>&nbsp;<\/p>\n<figure style=\"width: 500px\" class=\"wp-caption alignnone\"><img decoding=\"async\" loading=\"lazy\" class=\"alignnone size-full wp-image-658287\" title=\"Textiles en el Museo de la Mujer\" src=\"https:\/\/www.diario5.com.ar\/wp-content\/uploads\/2022\/09\/1_primer_premio_di_spalatro_camila_2_50020220916.jpg\" alt=\"Textiles en el Museo de la Mujer\" width=\"500\" height=\"384\" srcset=\"https:\/\/www.diario5.com.ar\/wp-content\/uploads\/2022\/09\/1_primer_premio_di_spalatro_camila_2_50020220916.jpg 500w, https:\/\/www.diario5.com.ar\/wp-content\/uploads\/2022\/09\/1_primer_premio_di_spalatro_camila_2_50020220916-300x230.jpg 300w\" sizes=\"(max-width: 500px) 100vw, 500px\" \/><figcaption class=\"wp-caption-text\">Camila Di Spalatro &#8211; \u00abTodo lo que cabe en un bolsillo\u00bb &#8211; Primer premio en certamen Peque\u00f1o Formato de Arte textil del Museo de Arte Popular Jos\u00e9 Hern\u00e1ndez, CGBA.<\/figcaption><\/figure>\n<p>&nbsp;<\/p>\n<hr \/>\n<p>&nbsp;<\/p>\n<p style=\"text-align: right;\">Diario 5 &#8211; Tapas de Hoy<\/p>\n<p><img decoding=\"async\" loading=\"lazy\" class=\"alignnone size-large wp-image-658326\" src=\"https:\/\/www.diario5.com.ar\/wp-content\/uploads\/2022\/09\/la_capital20220916-760x1024.jpg\" width=\"760\" height=\"1024\" alt=\"Textiles en el Museo de la Mujer\" title=\"Textiles en el Museo de la Mujer\" srcset=\"https:\/\/www.diario5.com.ar\/wp-content\/uploads\/2022\/09\/la_capital20220916-760x1024.jpg 760w, https:\/\/www.diario5.com.ar\/wp-content\/uploads\/2022\/09\/la_capital20220916-223x300.jpg 223w, https:\/\/www.diario5.com.ar\/wp-content\/uploads\/2022\/09\/la_capital20220916-768x1034.jpg 768w, https:\/\/www.diario5.com.ar\/wp-content\/uploads\/2022\/09\/la_capital20220916-1141x1536.jpg 1141w, https:\/\/www.diario5.com.ar\/wp-content\/uploads\/2022\/09\/la_capital20220916-1521x2048.jpg 1521w, https:\/\/www.diario5.com.ar\/wp-content\/uploads\/2022\/09\/la_capital20220916.jpg 1567w\" sizes=\"(max-width: 760px) 100vw, 760px\" \/><\/p>\n<p>&nbsp;<\/p>\n<p><img decoding=\"async\" loading=\"lazy\" class=\"alignnone size-large wp-image-658288\" title=\"Textiles en el Museo de la Mujer\" src=\"https:\/\/www.diario5.com.ar\/wp-content\/uploads\/2022\/09\/ar_ambito20220916-771x1024.jpg\" alt=\"Textiles en el Museo de la Mujer\" width=\"771\" height=\"1024\" srcset=\"https:\/\/www.diario5.com.ar\/wp-content\/uploads\/2022\/09\/ar_ambito20220916-771x1024.jpg 771w, https:\/\/www.diario5.com.ar\/wp-content\/uploads\/2022\/09\/ar_ambito20220916-226x300.jpg 226w, https:\/\/www.diario5.com.ar\/wp-content\/uploads\/2022\/09\/ar_ambito20220916-768x1021.jpg 768w, https:\/\/www.diario5.com.ar\/wp-content\/uploads\/2022\/09\/ar_ambito20220916-1156x1536.jpg 1156w, https:\/\/www.diario5.com.ar\/wp-content\/uploads\/2022\/09\/ar_ambito20220916.jpg 1493w\" sizes=\"(max-width: 771px) 100vw, 771px\" \/><\/p>\n<p><img decoding=\"async\" loading=\"lazy\" class=\"alignnone size-large wp-image-658289\" title=\"Textiles en el Museo de la Mujer\" src=\"https:\/\/www.diario5.com.ar\/wp-content\/uploads\/2022\/09\/esquiu20220916-778x1024.jpg\" alt=\"Textiles en el Museo de la Mujer\" width=\"778\" height=\"1024\" srcset=\"https:\/\/www.diario5.com.ar\/wp-content\/uploads\/2022\/09\/esquiu20220916-778x1024.jpg 778w, https:\/\/www.diario5.com.ar\/wp-content\/uploads\/2022\/09\/esquiu20220916-228x300.jpg 228w, https:\/\/www.diario5.com.ar\/wp-content\/uploads\/2022\/09\/esquiu20220916-768x1010.jpg 768w, https:\/\/www.diario5.com.ar\/wp-content\/uploads\/2022\/09\/esquiu20220916.jpg 954w\" sizes=\"(max-width: 778px) 100vw, 778px\" \/><\/p>\n<p>&nbsp;<\/p>\n<p><img decoding=\"async\" loading=\"lazy\" class=\"alignnone size-full wp-image-658290\" title=\"Textiles en el Museo de la Mujer\" src=\"https:\/\/www.diario5.com.ar\/wp-content\/uploads\/2022\/09\/voz_chaco20220916.jpg\" alt=\"Textiles en el Museo de la Mujer\" width=\"816\" height=\"944\" srcset=\"https:\/\/www.diario5.com.ar\/wp-content\/uploads\/2022\/09\/voz_chaco20220916.jpg 816w, https:\/\/www.diario5.com.ar\/wp-content\/uploads\/2022\/09\/voz_chaco20220916-259x300.jpg 259w, https:\/\/www.diario5.com.ar\/wp-content\/uploads\/2022\/09\/voz_chaco20220916-768x888.jpg 768w\" sizes=\"(max-width: 816px) 100vw, 816px\" \/><\/p>\n<p><img decoding=\"async\" loading=\"lazy\" class=\"alignnone size-large wp-image-658291\" title=\"Textiles en el Museo de la Mujer\" src=\"https:\/\/www.diario5.com.ar\/wp-content\/uploads\/2022\/09\/ar_diario_madryn20220916-735x1024.jpg\" alt=\"Textiles en el Museo de la Mujer\" width=\"735\" height=\"1024\" srcset=\"https:\/\/www.diario5.com.ar\/wp-content\/uploads\/2022\/09\/ar_diario_madryn20220916-735x1024.jpg 735w, https:\/\/www.diario5.com.ar\/wp-content\/uploads\/2022\/09\/ar_diario_madryn20220916-215x300.jpg 215w, https:\/\/www.diario5.com.ar\/wp-content\/uploads\/2022\/09\/ar_diario_madryn20220916.jpg 764w\" sizes=\"(max-width: 735px) 100vw, 735px\" \/><\/p>\n<p>&nbsp;<\/p>\n<p><img decoding=\"async\" loading=\"lazy\" class=\"alignnone size-large wp-image-658327\" src=\"https:\/\/www.diario5.com.ar\/wp-content\/uploads\/2022\/09\/ar_cronista20220916-724x1024.jpg\" width=\"724\" height=\"1024\" alt=\"Textiles en el Museo de la Mujer\" title=\"Textiles en el Museo de la Mujer\" srcset=\"https:\/\/www.diario5.com.ar\/wp-content\/uploads\/2022\/09\/ar_cronista20220916-724x1024.jpg 724w, https:\/\/www.diario5.com.ar\/wp-content\/uploads\/2022\/09\/ar_cronista20220916-212x300.jpg 212w, https:\/\/www.diario5.com.ar\/wp-content\/uploads\/2022\/09\/ar_cronista20220916.jpg 764w\" sizes=\"(max-width: 724px) 100vw, 724px\" \/><\/p>\n<p><img decoding=\"async\" loading=\"lazy\" class=\"alignnone size-large wp-image-658292\" title=\"Textiles en el Museo de la Mujer\" src=\"https:\/\/www.diario5.com.ar\/wp-content\/uploads\/2022\/09\/buenosaires_economico20220916-860x1024.jpg\" alt=\"Textiles en el Museo de la Mujer\" width=\"860\" height=\"1024\" srcset=\"https:\/\/www.diario5.com.ar\/wp-content\/uploads\/2022\/09\/buenosaires_economico20220916-860x1024.jpg 860w, https:\/\/www.diario5.com.ar\/wp-content\/uploads\/2022\/09\/buenosaires_economico20220916-252x300.jpg 252w, https:\/\/www.diario5.com.ar\/wp-content\/uploads\/2022\/09\/buenosaires_economico20220916-768x915.jpg 768w, https:\/\/www.diario5.com.ar\/wp-content\/uploads\/2022\/09\/buenosaires_economico20220916-1290x1536.jpg 1290w, https:\/\/www.diario5.com.ar\/wp-content\/uploads\/2022\/09\/buenosaires_economico20220916.jpg 1582w\" sizes=\"(max-width: 860px) 100vw, 860px\" \/><\/p>\n<p>&nbsp;<\/p>\n<p><img decoding=\"async\" loading=\"lazy\" class=\"alignnone size-large wp-image-658293\" title=\"Textiles en el Museo de la Mujer\" src=\"https:\/\/www.diario5.com.ar\/wp-content\/uploads\/2022\/09\/ar_eldia20220916-685x1024.jpg\" alt=\"Textiles en el Museo de la Mujer\" width=\"685\" height=\"1024\" srcset=\"https:\/\/www.diario5.com.ar\/wp-content\/uploads\/2022\/09\/ar_eldia20220916-685x1024.jpg 685w, https:\/\/www.diario5.com.ar\/wp-content\/uploads\/2022\/09\/ar_eldia20220916-201x300.jpg 201w, https:\/\/www.diario5.com.ar\/wp-content\/uploads\/2022\/09\/ar_eldia20220916-768x1147.jpg 768w, https:\/\/www.diario5.com.ar\/wp-content\/uploads\/2022\/09\/ar_eldia20220916-1028x1536.jpg 1028w, https:\/\/www.diario5.com.ar\/wp-content\/uploads\/2022\/09\/ar_eldia20220916-1371x2048.jpg 1371w, https:\/\/www.diario5.com.ar\/wp-content\/uploads\/2022\/09\/ar_eldia20220916.jpg 1407w\" sizes=\"(max-width: 685px) 100vw, 685px\" \/><\/p>\n<p><img decoding=\"async\" loading=\"lazy\" class=\"alignnone size-large wp-image-658294\" title=\"Textiles en el Museo de la Mujer\" src=\"https:\/\/www.diario5.com.ar\/wp-content\/uploads\/2022\/09\/ar_hoy20220916-773x1024.jpg\" alt=\"Textiles en el Museo de la Mujer\" width=\"773\" height=\"1024\" srcset=\"https:\/\/www.diario5.com.ar\/wp-content\/uploads\/2022\/09\/ar_hoy20220916-773x1024.jpg 773w, https:\/\/www.diario5.com.ar\/wp-content\/uploads\/2022\/09\/ar_hoy20220916-227x300.jpg 227w, https:\/\/www.diario5.com.ar\/wp-content\/uploads\/2022\/09\/ar_hoy20220916-768x1017.jpg 768w, https:\/\/www.diario5.com.ar\/wp-content\/uploads\/2022\/09\/ar_hoy20220916.jpg 960w\" sizes=\"(max-width: 773px) 100vw, 773px\" \/><\/p>\n<p>&nbsp;<\/p>\n<p><img decoding=\"async\" loading=\"lazy\" class=\"alignnone size-large wp-image-658295\" title=\"Textiles en el Museo de la Mujer\" src=\"https:\/\/www.diario5.com.ar\/wp-content\/uploads\/2022\/09\/ar_litoral20220916-781x1024.jpg\" alt=\"Textiles en el Museo de la Mujer\" width=\"781\" height=\"1024\" srcset=\"https:\/\/www.diario5.com.ar\/wp-content\/uploads\/2022\/09\/ar_litoral20220916-781x1024.jpg 781w, https:\/\/www.diario5.com.ar\/wp-content\/uploads\/2022\/09\/ar_litoral20220916-229x300.jpg 229w, https:\/\/www.diario5.com.ar\/wp-content\/uploads\/2022\/09\/ar_litoral20220916-768x1007.jpg 768w, https:\/\/www.diario5.com.ar\/wp-content\/uploads\/2022\/09\/ar_litoral20220916.jpg 1149w\" sizes=\"(max-width: 781px) 100vw, 781px\" \/><\/p>\n<p><img decoding=\"async\" loading=\"lazy\" class=\"alignnone size-large wp-image-658328\" src=\"https:\/\/www.diario5.com.ar\/wp-content\/uploads\/2022\/09\/ar_heraldo20220916-611x1024.jpg\" width=\"611\" height=\"1024\" alt=\"Textiles en el Museo de la Mujer\" title=\"Textiles en el Museo de la Mujer\" srcset=\"https:\/\/www.diario5.com.ar\/wp-content\/uploads\/2022\/09\/ar_heraldo20220916-611x1024.jpg 611w, https:\/\/www.diario5.com.ar\/wp-content\/uploads\/2022\/09\/ar_heraldo20220916-179x300.jpg 179w, https:\/\/www.diario5.com.ar\/wp-content\/uploads\/2022\/09\/ar_heraldo20220916.jpg 764w\" sizes=\"(max-width: 611px) 100vw, 611px\" \/><\/p>\n<p>&nbsp;<\/p>\n<p><img decoding=\"async\" loading=\"lazy\" class=\"alignnone size-large wp-image-658296\" title=\"Textiles en el Museo de la Mujer\" src=\"https:\/\/www.diario5.com.ar\/wp-content\/uploads\/2022\/09\/ar_pagina1220220916-814x1024.jpg\" alt=\"Textiles en el Museo de la Mujer\" width=\"814\" height=\"1024\" srcset=\"https:\/\/www.diario5.com.ar\/wp-content\/uploads\/2022\/09\/ar_pagina1220220916-814x1024.jpg 814w, https:\/\/www.diario5.com.ar\/wp-content\/uploads\/2022\/09\/ar_pagina1220220916-239x300.jpg 239w, https:\/\/www.diario5.com.ar\/wp-content\/uploads\/2022\/09\/ar_pagina1220220916-768x966.jpg 768w, https:\/\/www.diario5.com.ar\/wp-content\/uploads\/2022\/09\/ar_pagina1220220916-1222x1536.jpg 1222w, https:\/\/www.diario5.com.ar\/wp-content\/uploads\/2022\/09\/ar_pagina1220220916.jpg 1527w\" sizes=\"(max-width: 814px) 100vw, 814px\" \/><\/p>\n<p>&nbsp;<\/p>\n<p><img decoding=\"async\" loading=\"lazy\" class=\"alignnone size-large wp-image-658329\" src=\"https:\/\/www.diario5.com.ar\/wp-content\/uploads\/2022\/09\/ar_losandes20220916-742x1024.jpg\" width=\"742\" height=\"1024\" alt=\"Textiles en el Museo de la Mujer\" title=\"Textiles en el Museo de la Mujer\" srcset=\"https:\/\/www.diario5.com.ar\/wp-content\/uploads\/2022\/09\/ar_losandes20220916-742x1024.jpg 742w, https:\/\/www.diario5.com.ar\/wp-content\/uploads\/2022\/09\/ar_losandes20220916-217x300.jpg 217w, https:\/\/www.diario5.com.ar\/wp-content\/uploads\/2022\/09\/ar_losandes20220916.jpg 764w\" sizes=\"(max-width: 742px) 100vw, 742px\" \/><\/p>\n<p>&nbsp;<\/p>\n<p><img decoding=\"async\" loading=\"lazy\" class=\"alignnone size-large wp-image-658297\" title=\"Textiles en el Museo de la Mujer\" src=\"https:\/\/www.diario5.com.ar\/wp-content\/uploads\/2022\/09\/ar_rio_negro20220916-672x1024.jpg\" alt=\"Textiles en el Museo de la Mujer\" width=\"672\" height=\"1024\" srcset=\"https:\/\/www.diario5.com.ar\/wp-content\/uploads\/2022\/09\/ar_rio_negro20220916-672x1024.jpg 672w, https:\/\/www.diario5.com.ar\/wp-content\/uploads\/2022\/09\/ar_rio_negro20220916-197x300.jpg 197w, https:\/\/www.diario5.com.ar\/wp-content\/uploads\/2022\/09\/ar_rio_negro20220916-768x1170.jpg 768w, https:\/\/www.diario5.com.ar\/wp-content\/uploads\/2022\/09\/ar_rio_negro20220916-1008x1536.jpg 1008w, https:\/\/www.diario5.com.ar\/wp-content\/uploads\/2022\/09\/ar_rio_negro20220916.jpg 1175w\" sizes=\"(max-width: 672px) 100vw, 672px\" \/><\/p>\n<p>&nbsp;<\/p>\n<p><img decoding=\"async\" loading=\"lazy\" class=\"alignnone size-large wp-image-658330\" src=\"https:\/\/www.diario5.com.ar\/wp-content\/uploads\/2022\/09\/ar_diario_republica20220916-730x1024.jpg\" width=\"730\" height=\"1024\" alt=\"Textiles en el Museo de la Mujer\" title=\"Textiles en el Museo de la Mujer\" srcset=\"https:\/\/www.diario5.com.ar\/wp-content\/uploads\/2022\/09\/ar_diario_republica20220916-730x1024.jpg 730w, https:\/\/www.diario5.com.ar\/wp-content\/uploads\/2022\/09\/ar_diario_republica20220916-214x300.jpg 214w, https:\/\/www.diario5.com.ar\/wp-content\/uploads\/2022\/09\/ar_diario_republica20220916-768x1077.jpg 768w, https:\/\/www.diario5.com.ar\/wp-content\/uploads\/2022\/09\/ar_diario_republica20220916-1095x1536.jpg 1095w, https:\/\/www.diario5.com.ar\/wp-content\/uploads\/2022\/09\/ar_diario_republica20220916-1460x2048.jpg 1460w, https:\/\/www.diario5.com.ar\/wp-content\/uploads\/2022\/09\/ar_diario_republica20220916.jpg 1711w\" sizes=\"(max-width: 730px) 100vw, 730px\" \/><\/p>\n<p>&nbsp;<\/p>\n<p><img decoding=\"async\" loading=\"lazy\" class=\"alignnone size-large wp-image-658298\" title=\"Textiles en el Museo de la Mujer\" src=\"https:\/\/www.diario5.com.ar\/wp-content\/uploads\/2022\/09\/ciudadano20220916-765x1024.jpg\" alt=\"Textiles en el Museo de la Mujer\" width=\"765\" height=\"1024\" srcset=\"https:\/\/www.diario5.com.ar\/wp-content\/uploads\/2022\/09\/ciudadano20220916-765x1024.jpg 765w, https:\/\/www.diario5.com.ar\/wp-content\/uploads\/2022\/09\/ciudadano20220916-224x300.jpg 224w, https:\/\/www.diario5.com.ar\/wp-content\/uploads\/2022\/09\/ciudadano20220916-768x1028.jpg 768w, https:\/\/www.diario5.com.ar\/wp-content\/uploads\/2022\/09\/ciudadano20220916.jpg 896w\" sizes=\"(max-width: 765px) 100vw, 765px\" \/><\/p>\n<p>&nbsp;<\/p>\n<p><img decoding=\"async\" loading=\"lazy\" class=\"alignnone size-large wp-image-658299\" title=\"Textiles en el Museo de la Mujer\" src=\"https:\/\/www.diario5.com.ar\/wp-content\/uploads\/2022\/09\/ar_gaceta20220916-625x1024.jpg\" alt=\"Textiles en el Museo de la Mujer\" width=\"625\" height=\"1024\" srcset=\"https:\/\/www.diario5.com.ar\/wp-content\/uploads\/2022\/09\/ar_gaceta20220916-625x1024.jpg 625w, https:\/\/www.diario5.com.ar\/wp-content\/uploads\/2022\/09\/ar_gaceta20220916-183x300.jpg 183w, https:\/\/www.diario5.com.ar\/wp-content\/uploads\/2022\/09\/ar_gaceta20220916-768x1258.jpg 768w, https:\/\/www.diario5.com.ar\/wp-content\/uploads\/2022\/09\/ar_gaceta20220916-938x1536.jpg 938w, https:\/\/www.diario5.com.ar\/wp-content\/uploads\/2022\/09\/ar_gaceta20220916-1250x2048.jpg 1250w, https:\/\/www.diario5.com.ar\/wp-content\/uploads\/2022\/09\/ar_gaceta20220916.jpg 1465w\" sizes=\"(max-width: 625px) 100vw, 625px\" \/><\/p>\n<p><img decoding=\"async\" loading=\"lazy\" class=\"alignnone size-large wp-image-658300\" title=\"Textiles en el Museo de la Mujer\" src=\"https:\/\/www.diario5.com.ar\/wp-content\/uploads\/2022\/09\/ar_cronica20220916-868x1024.jpg\" alt=\"Textiles en el Museo de la Mujer\" width=\"868\" height=\"1024\" srcset=\"https:\/\/www.diario5.com.ar\/wp-content\/uploads\/2022\/09\/ar_cronica20220916-868x1024.jpg 868w, https:\/\/www.diario5.com.ar\/wp-content\/uploads\/2022\/09\/ar_cronica20220916-254x300.jpg 254w, https:\/\/www.diario5.com.ar\/wp-content\/uploads\/2022\/09\/ar_cronica20220916-768x906.jpg 768w, https:\/\/www.diario5.com.ar\/wp-content\/uploads\/2022\/09\/ar_cronica20220916-1302x1536.jpg 1302w, https:\/\/www.diario5.com.ar\/wp-content\/uploads\/2022\/09\/ar_cronica20220916.jpg 1600w\" sizes=\"(max-width: 868px) 100vw, 868px\" \/><\/p>\n<p><img decoding=\"async\" loading=\"lazy\" class=\"alignnone size-large wp-image-658301\" title=\"Textiles en el Museo de la Mujer\" src=\"https:\/\/www.diario5.com.ar\/wp-content\/uploads\/2022\/09\/ar_clarin20220916-746x1024.jpg\" alt=\"Textiles en el Museo de la Mujer\" width=\"746\" height=\"1024\" srcset=\"https:\/\/www.diario5.com.ar\/wp-content\/uploads\/2022\/09\/ar_clarin20220916-746x1024.jpg 746w, https:\/\/www.diario5.com.ar\/wp-content\/uploads\/2022\/09\/ar_clarin20220916-218x300.jpg 218w, https:\/\/www.diario5.com.ar\/wp-content\/uploads\/2022\/09\/ar_clarin20220916-768x1055.jpg 768w, https:\/\/www.diario5.com.ar\/wp-content\/uploads\/2022\/09\/ar_clarin20220916-1119x1536.jpg 1119w, https:\/\/www.diario5.com.ar\/wp-content\/uploads\/2022\/09\/ar_clarin20220916.jpg 1479w\" sizes=\"(max-width: 746px) 100vw, 746px\" \/><\/p>\n<p><img decoding=\"async\" loading=\"lazy\" class=\"alignnone size-large wp-image-658302\" title=\"Textiles en el Museo de la Mujer\" src=\"https:\/\/www.diario5.com.ar\/wp-content\/uploads\/2022\/09\/nacion20220916-681x1024.jpg\" alt=\"Textiles en el Museo de la Mujer\" width=\"681\" height=\"1024\" srcset=\"https:\/\/www.diario5.com.ar\/wp-content\/uploads\/2022\/09\/nacion20220916-681x1024.jpg 681w, https:\/\/www.diario5.com.ar\/wp-content\/uploads\/2022\/09\/nacion20220916-199x300.jpg 199w, https:\/\/www.diario5.com.ar\/wp-content\/uploads\/2022\/09\/nacion20220916.jpg 764w\" sizes=\"(max-width: 681px) 100vw, 681px\" \/><\/p>\n<p>&nbsp;<\/p>\n<p><img decoding=\"async\" loading=\"lazy\" class=\"alignnone size-large wp-image-658303\" title=\"Textiles en el Museo de la Mujer\" src=\"https:\/\/www.diario5.com.ar\/wp-content\/uploads\/2022\/09\/nuevo_diario20220916-739x1024.jpg\" alt=\"Textiles en el Museo de la Mujer\" width=\"739\" height=\"1024\" srcset=\"https:\/\/www.diario5.com.ar\/wp-content\/uploads\/2022\/09\/nuevo_diario20220916-739x1024.jpg 739w, https:\/\/www.diario5.com.ar\/wp-content\/uploads\/2022\/09\/nuevo_diario20220916-217x300.jpg 217w, https:\/\/www.diario5.com.ar\/wp-content\/uploads\/2022\/09\/nuevo_diario20220916.jpg 764w\" sizes=\"(max-width: 739px) 100vw, 739px\" \/><\/p>\n<p><img decoding=\"async\" loading=\"lazy\" class=\"alignnone size-large wp-image-658304\" title=\"Textiles en el Museo de la Mujer\" src=\"https:\/\/www.diario5.com.ar\/wp-content\/uploads\/2022\/09\/ar_sureno20220916-787x1024.jpg\" alt=\"Textiles en el Museo de la Mujer\" width=\"787\" height=\"1024\" srcset=\"https:\/\/www.diario5.com.ar\/wp-content\/uploads\/2022\/09\/ar_sureno20220916-787x1024.jpg 787w, https:\/\/www.diario5.com.ar\/wp-content\/uploads\/2022\/09\/ar_sureno20220916-230x300.jpg 230w, https:\/\/www.diario5.com.ar\/wp-content\/uploads\/2022\/09\/ar_sureno20220916-768x1000.jpg 768w, https:\/\/www.diario5.com.ar\/wp-content\/uploads\/2022\/09\/ar_sureno20220916.jpg 1038w\" sizes=\"(max-width: 787px) 100vw, 787px\" \/><\/p>\n<p><img decoding=\"async\" loading=\"lazy\" class=\"alignnone size-full wp-image-658305\" title=\"Textiles en el Museo de la Mujer\" src=\"https:\/\/www.diario5.com.ar\/wp-content\/uploads\/2022\/09\/120220916.jpg\" alt=\"Textiles en el Museo de la Mujer\" width=\"500\" height=\"652\" srcset=\"https:\/\/www.diario5.com.ar\/wp-content\/uploads\/2022\/09\/120220916.jpg 500w, https:\/\/www.diario5.com.ar\/wp-content\/uploads\/2022\/09\/120220916-230x300.jpg 230w\" sizes=\"(max-width: 500px) 100vw, 500px\" \/><\/p>\n<p>&nbsp;<\/p>","protected":false},"excerpt":{"rendered":"<p>Un grupo de artistas de t\u00e9cnicas Textiles y Artes Visuales en general realizar\u00e1n una muestra conjunta en la Ciudad de Buenos Aires, tras un per\u00edodo de exposici\u00f3n en sus propios lugares de origen, dando lugar a una interesante forma de convergencia en una de las especialidades con importantes exponentes en nuestro pa\u00eds. Mientras algunas de [&hellip;]<\/p>","protected":false},"author":9,"featured_media":658279,"comment_status":"open","ping_status":"open","sticky":false,"template":"","format":"standard","meta":[],"categories":[478,5,56],"tags":[],"series":[],"_links":{"self":[{"href":"https:\/\/www.diario5.com.ar\/es\/wp-json\/wp\/v2\/posts\/636369"}],"collection":[{"href":"https:\/\/www.diario5.com.ar\/es\/wp-json\/wp\/v2\/posts"}],"about":[{"href":"https:\/\/www.diario5.com.ar\/es\/wp-json\/wp\/v2\/types\/post"}],"author":[{"embeddable":true,"href":"https:\/\/www.diario5.com.ar\/es\/wp-json\/wp\/v2\/users\/9"}],"replies":[{"embeddable":true,"href":"https:\/\/www.diario5.com.ar\/es\/wp-json\/wp\/v2\/comments?post=636369"}],"version-history":[{"count":6,"href":"https:\/\/www.diario5.com.ar\/es\/wp-json\/wp\/v2\/posts\/636369\/revisions"}],"predecessor-version":[{"id":658331,"href":"https:\/\/www.diario5.com.ar\/es\/wp-json\/wp\/v2\/posts\/636369\/revisions\/658331"}],"wp:featuredmedia":[{"embeddable":true,"href":"https:\/\/www.diario5.com.ar\/es\/wp-json\/wp\/v2\/media\/658279"}],"wp:attachment":[{"href":"https:\/\/www.diario5.com.ar\/es\/wp-json\/wp\/v2\/media?parent=636369"}],"wp:term":[{"taxonomy":"category","embeddable":true,"href":"https:\/\/www.diario5.com.ar\/es\/wp-json\/wp\/v2\/categories?post=636369"},{"taxonomy":"post_tag","embeddable":true,"href":"https:\/\/www.diario5.com.ar\/es\/wp-json\/wp\/v2\/tags?post=636369"},{"taxonomy":"series","embeddable":true,"href":"https:\/\/www.diario5.com.ar\/es\/wp-json\/wp\/v2\/series?post=636369"}],"curies":[{"name":"wp","href":"https:\/\/api.w.org\/{rel}","templated":true}]}}