{"id":636359,"date":"2022-09-06T06:50:00","date_gmt":"2022-09-06T09:50:00","guid":{"rendered":"http:\/\/diario5.com.ar\/?p=636359"},"modified":"2022-09-06T14:02:52","modified_gmt":"2022-09-06T17:02:52","slug":"636359","status":"publish","type":"post","link":"https:\/\/www.diario5.com.ar\/es\/636359\/","title":{"rendered":"Ajustando la Memoria"},"content":{"rendered":"<h2 class=\"sub-title-primary\"><\/h2> <p>Hip\u00f3lito Yrigoyen fue el primer presidente popular de la Argentina. Fue v\u00edctima del Golpe de Estado con acci\u00f3n militar, que el 6 de septiembre de 1930 abri\u00f3 una serie de hechos similares y que -sucesivamente- fueron in crescendo hasta provocar que cada vez que los militares violaran la Constituci\u00f3n Nacional e intervinieran el gobierno, se produjera un ba\u00f1o de sangre en la Argentina que, con el \u00faltimo de estos asaltos a la institucionalidad, perpetrado 46 a\u00f1os m\u00e1s tarde, lleg\u00f3 a l\u00edmites de criminalidad insospechados, en el que el Estado se adue\u00f1ar\u00eda de la vida de las personas, eligiendo qui\u00e9n pod\u00eda conservarla y qui\u00e9n no.<\/p>\n<p>Yrigoyen naci\u00f3 en Buenos Aires en 1852. Antes de su presidencia, luch\u00f3 por elecciones libres y lider\u00f3 la Uni\u00f3n C\u00edvica Radical. En 1916, Yrigoyen fue elegido presidente.<\/p>\n<p>Don Hip\u00f3lito alcanz\u00f3 un amplio poder pol\u00edtico y fue el primero en enfrenta a los gobernadores que confund\u00edan la estructura federal de la Rep\u00fablica con feudos familiares y personales.<\/p>\n<p>Entre 1922 y 1928, Yrigoyen se mantuvo al margen de la pol\u00edtica mientras Marcelo T. de Alvear se desempe\u00f1aba como presidente.\u00a0En 1928, Yrigoyen fue reelegido presidente. El efecto de la Gran Depresi\u00f3n que barri\u00f3 con la econom\u00f1ia norteamericana, en Argentina aument\u00f3 las tensiones en todo el pa\u00eds. En 1930, un golpe de estado lo derroc\u00f3. Hubo incontables denuncias de corrupci\u00f3n contra \u00e9l y su gobierno pero algo result\u00f3 devastador contra la calumnia: El \u00abpeludo\u00bb qued\u00f3 y muri\u00f3 pobre<\/p>\n<p>El r\u00e9gimen del indigno general Jos\u00e9 F\u00e9lix Uriburu lo encarcel\u00f3 y debi\u00f3 soportar humillaciones de todo tipo en un encarcelamiento pol\u00edtico y arbitrario que, teniendo una edad avanzada, lo llev\u00f3 -obviamente- a la muerte.<\/p>\n<p>Muri\u00f3 durante la primera de las tres presidencias que conformaron la llamada \u00abD\u00e9cada Infame\u00bb, con Agust\u00edn P Justo (injusto) a la cabeza, quien le ofreci\u00f3 a la familia Yrigoyen un funeral de Estado. Con toda l\u00f3gica, la propuesta fue rechazada por tratarse uno de los actos de hipocres\u00eda m\u00e1s ostentosos de a vida pol\u00edtica argentina<\/p>\n<p>Como la memoria es un valor que debe retroalimentarse, vale la pena refrescar la posici\u00f3n gardeliana del 6 de septiembre de 1930. No es la primera vez que se comprueba que talentos inconmensurables pueden convivir con intencionalidades macabras, dentro de una misma persona.<\/p>\n<p>&nbsp;<\/p>\n<p><img decoding=\"async\" loading=\"lazy\" class=\"alignnone wp-image-657756\" src=\"https:\/\/www.diario5.com.ar\/wp-content\/uploads\/2022\/09\/gardel_golpista1.jpg\" alt=\"\" width=\"985\" height=\"2158\" srcset=\"https:\/\/www.diario5.com.ar\/wp-content\/uploads\/2022\/09\/gardel_golpista1.jpg 770w, https:\/\/www.diario5.com.ar\/wp-content\/uploads\/2022\/09\/gardel_golpista1-137x300.jpg 137w, https:\/\/www.diario5.com.ar\/wp-content\/uploads\/2022\/09\/gardel_golpista1-467x1024.jpg 467w, https:\/\/www.diario5.com.ar\/wp-content\/uploads\/2022\/09\/gardel_golpista1-768x1683.jpg 768w, https:\/\/www.diario5.com.ar\/wp-content\/uploads\/2022\/09\/gardel_golpista1-701x1536.jpg 701w\" sizes=\"(max-width: 985px) 100vw, 985px\" \/><\/p>\n<p><img decoding=\"async\" loading=\"lazy\" class=\"alignnone size-large wp-image-657816\" src=\"https:\/\/www.diario5.com.ar\/wp-content\/uploads\/2022\/09\/la_capital20220906-1-763x1024.jpg\" width=\"763\" height=\"1024\" alt=\"Ajustando la Memoria\" title=\"Ajustando la Memoria\" srcset=\"https:\/\/www.diario5.com.ar\/wp-content\/uploads\/2022\/09\/la_capital20220906-1-763x1024.jpg 763w, https:\/\/www.diario5.com.ar\/wp-content\/uploads\/2022\/09\/la_capital20220906-1-224x300.jpg 224w, https:\/\/www.diario5.com.ar\/wp-content\/uploads\/2022\/09\/la_capital20220906-1-768x1031.jpg 768w, https:\/\/www.diario5.com.ar\/wp-content\/uploads\/2022\/09\/la_capital20220906-1-1144x1536.jpg 1144w, https:\/\/www.diario5.com.ar\/wp-content\/uploads\/2022\/09\/la_capital20220906-1-1526x2048.jpg 1526w, https:\/\/www.diario5.com.ar\/wp-content\/uploads\/2022\/09\/la_capital20220906-1.jpg 1566w\" sizes=\"(max-width: 763px) 100vw, 763px\" \/><\/p>\n<p><img decoding=\"async\" loading=\"lazy\" class=\"alignnone size-large wp-image-657759\" title=\"Ajustando la Memoria\" src=\"https:\/\/www.diario5.com.ar\/wp-content\/uploads\/2022\/09\/ar_ambito20220906-746x1024.jpg\" alt=\"Ajustando la Memoria\" width=\"746\" height=\"1024\" srcset=\"https:\/\/www.diario5.com.ar\/wp-content\/uploads\/2022\/09\/ar_ambito20220906-746x1024.jpg 746w, https:\/\/www.diario5.com.ar\/wp-content\/uploads\/2022\/09\/ar_ambito20220906-219x300.jpg 219w, https:\/\/www.diario5.com.ar\/wp-content\/uploads\/2022\/09\/ar_ambito20220906-768x1054.jpg 768w, https:\/\/www.diario5.com.ar\/wp-content\/uploads\/2022\/09\/ar_ambito20220906-1120x1536.jpg 1120w, https:\/\/www.diario5.com.ar\/wp-content\/uploads\/2022\/09\/ar_ambito20220906.jpg 1422w\" sizes=\"(max-width: 746px) 100vw, 746px\" \/><\/p>\n<p><img decoding=\"async\" loading=\"lazy\" class=\"alignnone size-large wp-image-657760\" title=\"Ajustando la Memoria\" src=\"https:\/\/www.diario5.com.ar\/wp-content\/uploads\/2022\/09\/esquiu20220906-778x1024.jpg\" alt=\"Ajustando la Memoria\" width=\"778\" height=\"1024\" srcset=\"https:\/\/www.diario5.com.ar\/wp-content\/uploads\/2022\/09\/esquiu20220906-778x1024.jpg 778w, https:\/\/www.diario5.com.ar\/wp-content\/uploads\/2022\/09\/esquiu20220906-228x300.jpg 228w, https:\/\/www.diario5.com.ar\/wp-content\/uploads\/2022\/09\/esquiu20220906-768x1010.jpg 768w, https:\/\/www.diario5.com.ar\/wp-content\/uploads\/2022\/09\/esquiu20220906.jpg 954w\" sizes=\"(max-width: 778px) 100vw, 778px\" \/><\/p>\n<p><img decoding=\"async\" loading=\"lazy\" class=\"alignnone size-full wp-image-657761\" title=\"Ajustando la Memoria\" src=\"https:\/\/www.diario5.com.ar\/wp-content\/uploads\/2022\/09\/voz_chaco20220906.jpg\" alt=\"Ajustando la Memoria\" width=\"816\" height=\"944\" srcset=\"https:\/\/www.diario5.com.ar\/wp-content\/uploads\/2022\/09\/voz_chaco20220906.jpg 816w, https:\/\/www.diario5.com.ar\/wp-content\/uploads\/2022\/09\/voz_chaco20220906-259x300.jpg 259w, https:\/\/www.diario5.com.ar\/wp-content\/uploads\/2022\/09\/voz_chaco20220906-768x888.jpg 768w\" sizes=\"(max-width: 816px) 100vw, 816px\" \/><\/p>\n<p><img decoding=\"async\" loading=\"lazy\" class=\"alignnone size-large wp-image-657817\" src=\"https:\/\/www.diario5.com.ar\/wp-content\/uploads\/2022\/09\/ar_cronista20220906-1-705x1024.jpg\" width=\"705\" height=\"1024\" alt=\"Ajustando la Memoria\" title=\"Ajustando la Memoria\" srcset=\"https:\/\/www.diario5.com.ar\/wp-content\/uploads\/2022\/09\/ar_cronista20220906-1-705x1024.jpg 705w, https:\/\/www.diario5.com.ar\/wp-content\/uploads\/2022\/09\/ar_cronista20220906-1-207x300.jpg 207w, https:\/\/www.diario5.com.ar\/wp-content\/uploads\/2022\/09\/ar_cronista20220906-1.jpg 764w\" sizes=\"(max-width: 705px) 100vw, 705px\" \/><\/p>\n<p><img decoding=\"async\" loading=\"lazy\" class=\"alignnone size-large wp-image-657762\" title=\"Ajustando la Memoria\" src=\"https:\/\/www.diario5.com.ar\/wp-content\/uploads\/2022\/09\/buenosaires_economico20220906-860x1024.jpg\" alt=\"Ajustando la Memoria\" width=\"860\" height=\"1024\" srcset=\"https:\/\/www.diario5.com.ar\/wp-content\/uploads\/2022\/09\/buenosaires_economico20220906-860x1024.jpg 860w, https:\/\/www.diario5.com.ar\/wp-content\/uploads\/2022\/09\/buenosaires_economico20220906-252x300.jpg 252w, https:\/\/www.diario5.com.ar\/wp-content\/uploads\/2022\/09\/buenosaires_economico20220906-768x915.jpg 768w, https:\/\/www.diario5.com.ar\/wp-content\/uploads\/2022\/09\/buenosaires_economico20220906-1290x1536.jpg 1290w, https:\/\/www.diario5.com.ar\/wp-content\/uploads\/2022\/09\/buenosaires_economico20220906.jpg 1582w\" sizes=\"(max-width: 860px) 100vw, 860px\" \/><\/p>\n<p><img decoding=\"async\" loading=\"lazy\" class=\"alignnone size-large wp-image-657763\" title=\"Ajustando la Memoria\" src=\"https:\/\/www.diario5.com.ar\/wp-content\/uploads\/2022\/09\/ar_eldia20220906-683x1024.jpg\" alt=\"Ajustando la Memoria\" width=\"683\" height=\"1024\" srcset=\"https:\/\/www.diario5.com.ar\/wp-content\/uploads\/2022\/09\/ar_eldia20220906-683x1024.jpg 683w, https:\/\/www.diario5.com.ar\/wp-content\/uploads\/2022\/09\/ar_eldia20220906-200x300.jpg 200w, https:\/\/www.diario5.com.ar\/wp-content\/uploads\/2022\/09\/ar_eldia20220906-768x1152.jpg 768w, https:\/\/www.diario5.com.ar\/wp-content\/uploads\/2022\/09\/ar_eldia20220906-1024x1536.jpg 1024w, https:\/\/www.diario5.com.ar\/wp-content\/uploads\/2022\/09\/ar_eldia20220906-1365x2048.jpg 1365w, https:\/\/www.diario5.com.ar\/wp-content\/uploads\/2022\/09\/ar_eldia20220906.jpg 1600w\" sizes=\"(max-width: 683px) 100vw, 683px\" \/><\/p>\n<p><img decoding=\"async\" loading=\"lazy\" class=\"alignnone size-large wp-image-657764\" title=\"Ajustando la Memoria\" src=\"https:\/\/www.diario5.com.ar\/wp-content\/uploads\/2022\/09\/ar_hoy20220906-777x1024.jpg\" alt=\"Ajustando la Memoria\" width=\"777\" height=\"1024\" srcset=\"https:\/\/www.diario5.com.ar\/wp-content\/uploads\/2022\/09\/ar_hoy20220906-777x1024.jpg 777w, https:\/\/www.diario5.com.ar\/wp-content\/uploads\/2022\/09\/ar_hoy20220906-228x300.jpg 228w, https:\/\/www.diario5.com.ar\/wp-content\/uploads\/2022\/09\/ar_hoy20220906-768x1012.jpg 768w, https:\/\/www.diario5.com.ar\/wp-content\/uploads\/2022\/09\/ar_hoy20220906.jpg 960w\" sizes=\"(max-width: 777px) 100vw, 777px\" \/><\/p>\n<p><img decoding=\"async\" loading=\"lazy\" class=\"alignnone size-large wp-image-657765\" title=\"Ajustando la Memoria\" src=\"https:\/\/www.diario5.com.ar\/wp-content\/uploads\/2022\/09\/ar_litoral20220906-785x1024.jpg\" alt=\"Ajustando la Memoria\" width=\"785\" height=\"1024\" srcset=\"https:\/\/www.diario5.com.ar\/wp-content\/uploads\/2022\/09\/ar_litoral20220906-785x1024.jpg 785w, https:\/\/www.diario5.com.ar\/wp-content\/uploads\/2022\/09\/ar_litoral20220906-230x300.jpg 230w, https:\/\/www.diario5.com.ar\/wp-content\/uploads\/2022\/09\/ar_litoral20220906-768x1001.jpg 768w, https:\/\/www.diario5.com.ar\/wp-content\/uploads\/2022\/09\/ar_litoral20220906.jpg 1158w\" sizes=\"(max-width: 785px) 100vw, 785px\" \/><\/p>\n<p><img decoding=\"async\" loading=\"lazy\" class=\"alignnone size-large wp-image-657818\" src=\"https:\/\/www.diario5.com.ar\/wp-content\/uploads\/2022\/09\/ar_heraldo20220906-1-611x1024.jpg\" width=\"611\" height=\"1024\" alt=\"Ajustando la Memoria\" title=\"Ajustando la Memoria\" srcset=\"https:\/\/www.diario5.com.ar\/wp-content\/uploads\/2022\/09\/ar_heraldo20220906-1-611x1024.jpg 611w, https:\/\/www.diario5.com.ar\/wp-content\/uploads\/2022\/09\/ar_heraldo20220906-1-179x300.jpg 179w, https:\/\/www.diario5.com.ar\/wp-content\/uploads\/2022\/09\/ar_heraldo20220906-1.jpg 764w\" sizes=\"(max-width: 611px) 100vw, 611px\" \/><\/p>\n<p><img decoding=\"async\" loading=\"lazy\" class=\"alignnone size-large wp-image-657766\" title=\"Ajustando la Memoria\" src=\"https:\/\/www.diario5.com.ar\/wp-content\/uploads\/2022\/09\/ar_pagina1220220906-815x1024.jpg\" alt=\"Ajustando la Memoria\" width=\"815\" height=\"1024\" srcset=\"https:\/\/www.diario5.com.ar\/wp-content\/uploads\/2022\/09\/ar_pagina1220220906-815x1024.jpg 815w, https:\/\/www.diario5.com.ar\/wp-content\/uploads\/2022\/09\/ar_pagina1220220906-239x300.jpg 239w, https:\/\/www.diario5.com.ar\/wp-content\/uploads\/2022\/09\/ar_pagina1220220906-768x965.jpg 768w, https:\/\/www.diario5.com.ar\/wp-content\/uploads\/2022\/09\/ar_pagina1220220906-1222x1536.jpg 1222w, https:\/\/www.diario5.com.ar\/wp-content\/uploads\/2022\/09\/ar_pagina1220220906.jpg 1527w\" sizes=\"(max-width: 815px) 100vw, 815px\" \/><\/p>\n<p><img decoding=\"async\" loading=\"lazy\" class=\"alignnone size-large wp-image-657819\" src=\"https:\/\/www.diario5.com.ar\/wp-content\/uploads\/2022\/09\/independiente20220906-1-744x1024.jpg\" width=\"744\" height=\"1024\" alt=\"Ajustando la Memoria\" title=\"Ajustando la Memoria\" srcset=\"https:\/\/www.diario5.com.ar\/wp-content\/uploads\/2022\/09\/independiente20220906-1-744x1024.jpg 744w, https:\/\/www.diario5.com.ar\/wp-content\/uploads\/2022\/09\/independiente20220906-1-218x300.jpg 218w, https:\/\/www.diario5.com.ar\/wp-content\/uploads\/2022\/09\/independiente20220906-1-768x1057.jpg 768w, https:\/\/www.diario5.com.ar\/wp-content\/uploads\/2022\/09\/independiente20220906-1.jpg 814w\" sizes=\"(max-width: 744px) 100vw, 744px\" \/><\/p>\n<p><img decoding=\"async\" loading=\"lazy\" class=\"alignnone size-large wp-image-657767\" title=\"Ajustando la Memoria\" src=\"https:\/\/www.diario5.com.ar\/wp-content\/uploads\/2022\/09\/ar_losandes20220906-742x1024.jpg\" alt=\"Ajustando la Memoria\" width=\"742\" height=\"1024\" srcset=\"https:\/\/www.diario5.com.ar\/wp-content\/uploads\/2022\/09\/ar_losandes20220906-742x1024.jpg 742w, https:\/\/www.diario5.com.ar\/wp-content\/uploads\/2022\/09\/ar_losandes20220906-217x300.jpg 217w, https:\/\/www.diario5.com.ar\/wp-content\/uploads\/2022\/09\/ar_losandes20220906.jpg 764w\" sizes=\"(max-width: 742px) 100vw, 742px\" \/><\/p>\n<p><img decoding=\"async\" loading=\"lazy\" class=\"alignnone size-large wp-image-657820\" src=\"https:\/\/www.diario5.com.ar\/wp-content\/uploads\/2022\/09\/lea20220906-1-793x1024.jpg\" width=\"793\" height=\"1024\" alt=\"Ajustando la Memoria\" title=\"Ajustando la Memoria\" srcset=\"https:\/\/www.diario5.com.ar\/wp-content\/uploads\/2022\/09\/lea20220906-1-793x1024.jpg 793w, https:\/\/www.diario5.com.ar\/wp-content\/uploads\/2022\/09\/lea20220906-1-232x300.jpg 232w, https:\/\/www.diario5.com.ar\/wp-content\/uploads\/2022\/09\/lea20220906-1-768x992.jpg 768w, https:\/\/www.diario5.com.ar\/wp-content\/uploads\/2022\/09\/lea20220906-1-1189x1536.jpg 1189w, https:\/\/www.diario5.com.ar\/wp-content\/uploads\/2022\/09\/lea20220906-1-1585x2048.jpg 1585w, https:\/\/www.diario5.com.ar\/wp-content\/uploads\/2022\/09\/lea20220906-1.jpg 1858w\" sizes=\"(max-width: 793px) 100vw, 793px\" \/><\/p>\n<p><img decoding=\"async\" loading=\"lazy\" class=\"alignnone size-large wp-image-657768\" title=\"Ajustando la Memoria\" src=\"https:\/\/www.diario5.com.ar\/wp-content\/uploads\/2022\/09\/ar_rio_negro20220906-678x1024.jpg\" alt=\"Ajustando la Memoria\" width=\"678\" height=\"1024\" srcset=\"https:\/\/www.diario5.com.ar\/wp-content\/uploads\/2022\/09\/ar_rio_negro20220906-678x1024.jpg 678w, https:\/\/www.diario5.com.ar\/wp-content\/uploads\/2022\/09\/ar_rio_negro20220906-199x300.jpg 199w, https:\/\/www.diario5.com.ar\/wp-content\/uploads\/2022\/09\/ar_rio_negro20220906-768x1160.jpg 768w, https:\/\/www.diario5.com.ar\/wp-content\/uploads\/2022\/09\/ar_rio_negro20220906-1017x1536.jpg 1017w, https:\/\/www.diario5.com.ar\/wp-content\/uploads\/2022\/09\/ar_rio_negro20220906.jpg 1175w\" sizes=\"(max-width: 678px) 100vw, 678px\" \/><\/p>\n<p><img decoding=\"async\" loading=\"lazy\" class=\"alignnone size-large wp-image-657821\" src=\"https:\/\/www.diario5.com.ar\/wp-content\/uploads\/2022\/09\/ar_diario_cuyo20220906-1-677x1024.jpg\" width=\"677\" height=\"1024\" alt=\"Ajustando la Memoria\" title=\"Ajustando la Memoria\" srcset=\"https:\/\/www.diario5.com.ar\/wp-content\/uploads\/2022\/09\/ar_diario_cuyo20220906-1-677x1024.jpg 677w, https:\/\/www.diario5.com.ar\/wp-content\/uploads\/2022\/09\/ar_diario_cuyo20220906-1-198x300.jpg 198w, https:\/\/www.diario5.com.ar\/wp-content\/uploads\/2022\/09\/ar_diario_cuyo20220906-1.jpg 764w\" sizes=\"(max-width: 677px) 100vw, 677px\" \/><\/p>\n<p><img decoding=\"async\" loading=\"lazy\" class=\"alignnone size-large wp-image-657822\" src=\"https:\/\/www.diario5.com.ar\/wp-content\/uploads\/2022\/09\/ar_diario_republica20220906-1-727x1024.jpg\" width=\"727\" height=\"1024\" alt=\"Ajustando la Memoria\" title=\"Ajustando la Memoria\" srcset=\"https:\/\/www.diario5.com.ar\/wp-content\/uploads\/2022\/09\/ar_diario_republica20220906-1-727x1024.jpg 727w, https:\/\/www.diario5.com.ar\/wp-content\/uploads\/2022\/09\/ar_diario_republica20220906-1-213x300.jpg 213w, https:\/\/www.diario5.com.ar\/wp-content\/uploads\/2022\/09\/ar_diario_republica20220906-1-768x1081.jpg 768w, https:\/\/www.diario5.com.ar\/wp-content\/uploads\/2022\/09\/ar_diario_republica20220906-1-1091x1536.jpg 1091w, https:\/\/www.diario5.com.ar\/wp-content\/uploads\/2022\/09\/ar_diario_republica20220906-1-1455x2048.jpg 1455w, https:\/\/www.diario5.com.ar\/wp-content\/uploads\/2022\/09\/ar_diario_republica20220906-1.jpg 1705w\" sizes=\"(max-width: 727px) 100vw, 727px\" \/><\/p>\n<p><img decoding=\"async\" loading=\"lazy\" class=\"alignnone size-large wp-image-657823\" src=\"https:\/\/www.diario5.com.ar\/wp-content\/uploads\/2022\/09\/ar_litoral_sfe20220906-1-767x1024.jpg\" width=\"767\" height=\"1024\" alt=\"Ajustando la Memoria\" title=\"Ajustando la Memoria\" srcset=\"https:\/\/www.diario5.com.ar\/wp-content\/uploads\/2022\/09\/ar_litoral_sfe20220906-1-767x1024.jpg 767w, https:\/\/www.diario5.com.ar\/wp-content\/uploads\/2022\/09\/ar_litoral_sfe20220906-1-225x300.jpg 225w, https:\/\/www.diario5.com.ar\/wp-content\/uploads\/2022\/09\/ar_litoral_sfe20220906-1-768x1025.jpg 768w, https:\/\/www.diario5.com.ar\/wp-content\/uploads\/2022\/09\/ar_litoral_sfe20220906-1.jpg 1024w\" sizes=\"(max-width: 767px) 100vw, 767px\" \/><\/p>\n<p><img decoding=\"async\" loading=\"lazy\" class=\"alignnone size-large wp-image-657769\" title=\"Ajustando la Memoria\" src=\"https:\/\/www.diario5.com.ar\/wp-content\/uploads\/2022\/09\/ciudadano20220906-772x1024.jpg\" alt=\"Ajustando la Memoria\" width=\"772\" height=\"1024\" srcset=\"https:\/\/www.diario5.com.ar\/wp-content\/uploads\/2022\/09\/ciudadano20220906-772x1024.jpg 772w, https:\/\/www.diario5.com.ar\/wp-content\/uploads\/2022\/09\/ciudadano20220906-226x300.jpg 226w, https:\/\/www.diario5.com.ar\/wp-content\/uploads\/2022\/09\/ciudadano20220906-768x1019.jpg 768w, https:\/\/www.diario5.com.ar\/wp-content\/uploads\/2022\/09\/ciudadano20220906.jpg 928w\" sizes=\"(max-width: 772px) 100vw, 772px\" \/><\/p>\n<p><img decoding=\"async\" loading=\"lazy\" class=\"alignnone size-large wp-image-657824\" src=\"https:\/\/www.diario5.com.ar\/wp-content\/uploads\/2022\/09\/ar_mirador_provincial20220906-1-768x1024.jpg\" width=\"768\" height=\"1024\" alt=\"Ajustando la Memoria\" title=\"Ajustando la Memoria\" srcset=\"https:\/\/www.diario5.com.ar\/wp-content\/uploads\/2022\/09\/ar_mirador_provincial20220906-1-768x1025.jpg 768w, https:\/\/www.diario5.com.ar\/wp-content\/uploads\/2022\/09\/ar_mirador_provincial20220906-1-225x300.jpg 225w, https:\/\/www.diario5.com.ar\/wp-content\/uploads\/2022\/09\/ar_mirador_provincial20220906-1.jpg 1024w\" sizes=\"(max-width: 768px) 100vw, 768px\" \/><\/p>\n<p><img decoding=\"async\" loading=\"lazy\" class=\"alignnone size-large wp-image-657770\" title=\"Ajustando la Memoria\" src=\"https:\/\/www.diario5.com.ar\/wp-content\/uploads\/2022\/09\/ar_gaceta20220906-620x1024.jpg\" alt=\"Ajustando la Memoria\" width=\"620\" height=\"1024\" srcset=\"https:\/\/www.diario5.com.ar\/wp-content\/uploads\/2022\/09\/ar_gaceta20220906-620x1024.jpg 620w, https:\/\/www.diario5.com.ar\/wp-content\/uploads\/2022\/09\/ar_gaceta20220906-182x300.jpg 182w, https:\/\/www.diario5.com.ar\/wp-content\/uploads\/2022\/09\/ar_gaceta20220906-768x1268.jpg 768w, https:\/\/www.diario5.com.ar\/wp-content\/uploads\/2022\/09\/ar_gaceta20220906-931x1536.jpg 931w, https:\/\/www.diario5.com.ar\/wp-content\/uploads\/2022\/09\/ar_gaceta20220906-1241x2048.jpg 1241w, https:\/\/www.diario5.com.ar\/wp-content\/uploads\/2022\/09\/ar_gaceta20220906.jpg 1454w\" sizes=\"(max-width: 620px) 100vw, 620px\" \/><\/p>\n<p><img decoding=\"async\" loading=\"lazy\" class=\"alignnone size-large wp-image-657771\" title=\"Ajustando la Memoria\" src=\"https:\/\/www.diario5.com.ar\/wp-content\/uploads\/2022\/09\/ar_cronica20220906-868x1024.jpg\" alt=\"Ajustando la Memoria\" width=\"868\" height=\"1024\" srcset=\"https:\/\/www.diario5.com.ar\/wp-content\/uploads\/2022\/09\/ar_cronica20220906-868x1024.jpg 868w, https:\/\/www.diario5.com.ar\/wp-content\/uploads\/2022\/09\/ar_cronica20220906-254x300.jpg 254w, https:\/\/www.diario5.com.ar\/wp-content\/uploads\/2022\/09\/ar_cronica20220906-768x907.jpg 768w, https:\/\/www.diario5.com.ar\/wp-content\/uploads\/2022\/09\/ar_cronica20220906-1301x1536.jpg 1301w, https:\/\/www.diario5.com.ar\/wp-content\/uploads\/2022\/09\/ar_cronica20220906.jpg 1591w\" sizes=\"(max-width: 868px) 100vw, 868px\" \/><\/p>\n<p><img decoding=\"async\" loading=\"lazy\" class=\"alignnone size-large wp-image-657772\" title=\"Ajustando la Memoria\" src=\"https:\/\/www.diario5.com.ar\/wp-content\/uploads\/2022\/09\/ar_clarin20220906-746x1024.jpg\" alt=\"Ajustando la Memoria\" width=\"746\" height=\"1024\" srcset=\"https:\/\/www.diario5.com.ar\/wp-content\/uploads\/2022\/09\/ar_clarin20220906-746x1024.jpg 746w, https:\/\/www.diario5.com.ar\/wp-content\/uploads\/2022\/09\/ar_clarin20220906-218x300.jpg 218w, https:\/\/www.diario5.com.ar\/wp-content\/uploads\/2022\/09\/ar_clarin20220906-768x1055.jpg 768w, https:\/\/www.diario5.com.ar\/wp-content\/uploads\/2022\/09\/ar_clarin20220906-1119x1536.jpg 1119w, https:\/\/www.diario5.com.ar\/wp-content\/uploads\/2022\/09\/ar_clarin20220906.jpg 1479w\" sizes=\"(max-width: 746px) 100vw, 746px\" \/><\/p>\n<p><img decoding=\"async\" loading=\"lazy\" class=\"alignnone size-large wp-image-657773\" title=\"Ajustando la Memoria\" src=\"https:\/\/www.diario5.com.ar\/wp-content\/uploads\/2022\/09\/nacion20220906-681x1024.jpg\" alt=\"Ajustando la Memoria\" width=\"681\" height=\"1024\" srcset=\"https:\/\/www.diario5.com.ar\/wp-content\/uploads\/2022\/09\/nacion20220906-681x1024.jpg 681w, https:\/\/www.diario5.com.ar\/wp-content\/uploads\/2022\/09\/nacion20220906-199x300.jpg 199w, https:\/\/www.diario5.com.ar\/wp-content\/uploads\/2022\/09\/nacion20220906.jpg 764w\" sizes=\"(max-width: 681px) 100vw, 681px\" \/><\/p>\n<p><img decoding=\"async\" loading=\"lazy\" class=\"alignnone size-large wp-image-657774\" title=\"Ajustando la Memoria\" src=\"https:\/\/www.diario5.com.ar\/wp-content\/uploads\/2022\/09\/nuevo_diario20220906-744x1024.jpg\" alt=\"Ajustando la Memoria\" width=\"744\" height=\"1024\" srcset=\"https:\/\/www.diario5.com.ar\/wp-content\/uploads\/2022\/09\/nuevo_diario20220906-744x1024.jpg 744w, https:\/\/www.diario5.com.ar\/wp-content\/uploads\/2022\/09\/nuevo_diario20220906-218x300.jpg 218w, https:\/\/www.diario5.com.ar\/wp-content\/uploads\/2022\/09\/nuevo_diario20220906.jpg 764w\" sizes=\"(max-width: 744px) 100vw, 744px\" \/><\/p>\n<p><img decoding=\"async\" loading=\"lazy\" class=\"alignnone size-large wp-image-657775\" title=\"Ajustando la Memoria\" src=\"https:\/\/www.diario5.com.ar\/wp-content\/uploads\/2022\/09\/ar_sureno20220906-778x1024.jpg\" alt=\"Ajustando la Memoria\" width=\"778\" height=\"1024\" srcset=\"https:\/\/www.diario5.com.ar\/wp-content\/uploads\/2022\/09\/ar_sureno20220906-778x1024.jpg 778w, https:\/\/www.diario5.com.ar\/wp-content\/uploads\/2022\/09\/ar_sureno20220906-228x300.jpg 228w, https:\/\/www.diario5.com.ar\/wp-content\/uploads\/2022\/09\/ar_sureno20220906-768x1011.jpg 768w, https:\/\/www.diario5.com.ar\/wp-content\/uploads\/2022\/09\/ar_sureno20220906.jpg 1038w\" sizes=\"(max-width: 778px) 100vw, 778px\" \/><\/p>\n<p><img decoding=\"async\" loading=\"lazy\" class=\"alignnone size-full wp-image-657776\" title=\"Ajustando la Memoria\" src=\"https:\/\/www.diario5.com.ar\/wp-content\/uploads\/2022\/09\/120220906.jpg\" alt=\"Ajustando la Memoria\" width=\"500\" height=\"652\" srcset=\"https:\/\/www.diario5.com.ar\/wp-content\/uploads\/2022\/09\/120220906.jpg 500w, https:\/\/www.diario5.com.ar\/wp-content\/uploads\/2022\/09\/120220906-230x300.jpg 230w\" sizes=\"(max-width: 500px) 100vw, 500px\" \/><\/p>\n<p>&nbsp;<\/p>","protected":false},"excerpt":{"rendered":"<p>Hip\u00f3lito Yrigoyen fue el primer presidente popular de la Argentina. Fue v\u00edctima del Golpe de Estado con acci\u00f3n militar, que el 6 de septiembre de 1930 abri\u00f3 una serie de hechos similares y que -sucesivamente- fueron in crescendo hasta provocar que cada vez que los militares violaran la Constituci\u00f3n Nacional e intervinieran el gobierno, se [&hellip;]<\/p>","protected":false},"author":4,"featured_media":657827,"comment_status":"open","ping_status":"open","sticky":false,"template":"","format":"standard","meta":[],"categories":[75,161,56],"tags":[],"series":[],"_links":{"self":[{"href":"https:\/\/www.diario5.com.ar\/es\/wp-json\/wp\/v2\/posts\/636359"}],"collection":[{"href":"https:\/\/www.diario5.com.ar\/es\/wp-json\/wp\/v2\/posts"}],"about":[{"href":"https:\/\/www.diario5.com.ar\/es\/wp-json\/wp\/v2\/types\/post"}],"author":[{"embeddable":true,"href":"https:\/\/www.diario5.com.ar\/es\/wp-json\/wp\/v2\/users\/4"}],"replies":[{"embeddable":true,"href":"https:\/\/www.diario5.com.ar\/es\/wp-json\/wp\/v2\/comments?post=636359"}],"version-history":[{"count":7,"href":"https:\/\/www.diario5.com.ar\/es\/wp-json\/wp\/v2\/posts\/636359\/revisions"}],"predecessor-version":[{"id":657830,"href":"https:\/\/www.diario5.com.ar\/es\/wp-json\/wp\/v2\/posts\/636359\/revisions\/657830"}],"wp:featuredmedia":[{"embeddable":true,"href":"https:\/\/www.diario5.com.ar\/es\/wp-json\/wp\/v2\/media\/657827"}],"wp:attachment":[{"href":"https:\/\/www.diario5.com.ar\/es\/wp-json\/wp\/v2\/media?parent=636359"}],"wp:term":[{"taxonomy":"category","embeddable":true,"href":"https:\/\/www.diario5.com.ar\/es\/wp-json\/wp\/v2\/categories?post=636359"},{"taxonomy":"post_tag","embeddable":true,"href":"https:\/\/www.diario5.com.ar\/es\/wp-json\/wp\/v2\/tags?post=636359"},{"taxonomy":"series","embeddable":true,"href":"https:\/\/www.diario5.com.ar\/es\/wp-json\/wp\/v2\/series?post=636359"}],"curies":[{"name":"wp","href":"https:\/\/api.w.org\/{rel}","templated":true}]}}